{"id":3781,"date":"2026-09-03T02:43:41","date_gmt":"2026-09-03T02:43:41","guid":{"rendered":"https:\/\/www.feyalegria.org\/panama\/?p=3781"},"modified":"2026-09-03T02:46:46","modified_gmt":"2026-09-03T02:46:46","slug":"diagnostico-participativo-sobre-la-realidad-migratoria-en-darien-y-zonas-comarcales","status":"publish","type":"post","link":"https:\/\/www.feyalegria.org\/panama\/diagnostico-participativo-sobre-la-realidad-migratoria-en-darien-y-zonas-comarcales\/","title":{"rendered":"Diagn\u00f3stico participativo sobre la realidad migratoria en Dari\u00e9n y zonas comarcales"},"content":{"rendered":"<div class=\"wpb-content-wrapper\" id=\"wpb-content-root\"><p>[vc_row][vc_column]<div style=\"background-color:;height: 30px\" class=\"nicdark_section  \"><\/div>[vc_column_text]<\/p>\n<h2>Diagn\u00f3stico participativo sobre la realidad migratoria en Dari\u00e9n y zonas comarcales<\/h2>\n<p>[\/vc_column_text]<div style=\"background-color:;height: 30px\" class=\"nicdark_section  \"><\/div>[\/vc_column][\/vc_row][vc_row gap=\u00bb0px\u00bb css_animation=\u00bbnone\u00bb][vc_column width=\u00bb2\/3&#8243;][vc_single_image onclick=\u00bbimg_link_large\u00bb image=\u00bb3786&#8243; img_size=\u00bb800X500&#8243; style=\u00bbvc_box_rounded\u00bb alignment=\u00bbcenter\u00bb][vc_column_text]<\/p>\n<p style=\"text-align: right;\"><strong>Por:<\/strong> Alberto Agrazal &#8211; <em>Promotor comunitario Fe y Alegr\u00eda<\/em><\/p>\n<p>&nbsp;<\/p>\n<p>Realizamos el Diagn\u00f3stico participativo sobre los cambios en la realidad migratoria de la provincia de Dari\u00e9n y \u00e1reas comarcales, un espacio de di\u00e1logo que reuni\u00f3 a representantes de RET-UNICEF, PADF, MEDUCA, SENIAF, Congreso Local de Mash Poubor, AID FOR AIDS, Servicio Nacional de Migraci\u00f3n y Servicio Nacional de Fronteras, entre otros actores vinculados al territorio.<\/p>\n<p>El encuentro permiti\u00f3 hacer un levantamiento colectivo sobre las transformaciones de las din\u00e1micas migratorias y sus impactos en las comunidades, instituciones y organizaciones que han acompa\u00f1ado esta realidad durante los \u00faltimos a\u00f1os.<\/p>\n<p>Uno de los elementos se\u00f1alados durante la jornada por Migraci\u00f3n y SENAFRONT fue el reciente repunte de la llegada de personas, una estimaci\u00f3n hecha por los participantes de esta jornada, se calcula que alrededor de sesenta a cien personas diariasllegaron durante agosto. Este incremento gener\u00f3 momentos de saturaci\u00f3n en el albergue de San Vicente, particularmente por la llegada de personas provenientes del sur, principalmente de nacionalidad cubana y venezolana.<\/p>\n<p>Tambi\u00e9n se identific\u00f3 que parte de estas personas no llega directamente a los espacios formales de acogida, sino que es detectada o captada en puntos como Agua Fr\u00eda, Metet\u00ed y zonas m\u00e1s alejadas, lo que plantea nuevos desaf\u00edos para la identificaci\u00f3n, orientaci\u00f3n, protecci\u00f3n y derivaci\u00f3n de personas en movilidad.<\/p>\n<p>Durante el encuentro se identific\u00f3 la necesidad de retomar los espacios de articulaci\u00f3n entre los actores del territorio. La salida progresiva de diversas organizaciones que anteriormente trabajaban forma directa en la respuesta migratoria aunque han dejado capacidades instaladas, tambi\u00e9n han reducido los espacios de coordinaci\u00f3n.<\/p>\n<p>En materia de protecci\u00f3n, SENNIAF se\u00f1al\u00f3 que mantiene procesos de articulaci\u00f3n con SENAFRONT y los \u00f3rganos de justicia relacionados con ni\u00f1ez y familia, particularmente para responder ante situaciones que involucran a ni\u00f1os, ni\u00f1as y adolescentes.<\/p>\n<p>Otro elemento importante fue reconocer que muchas organizaciones que permanecen en Dari\u00e9n han transitado de una l\u00f3gica de respuesta humanitaria ante la emergencia hacia procesos de desarrollo local. Sin embargo, el posible repunte de la movilidad plantea una pregunta fundamental:<\/p>\n<p>\u00bfC\u00f3mo responder a una nueva din\u00e1mica migratoria cuando las capacidades humanitarias y los recursos disponibles ya no son los mismos?<\/p>\n<p>Desde el Congreso Local de Mash Poubor se plante\u00f3, adem\u00e1s, la necesidad de replantear el acompa\u00f1amiento a las comunidades. Durante los a\u00f1os de mayor movilidad se generaron capacidades y aprendizajes que hoy requieren ser sistematizados, fortalecidos y puestos nuevamente al servicio de las comunidades, para que su impacto trascienda el fen\u00f3meno migratorio.<\/p>\n<p><em>El diagn\u00f3stico deja as\u00ed una conclusi\u00f3n importante: Dari\u00e9n no puede ser comprendido \u00fanicamente desde la emergencia migratoria ni exclusivamente desde el postflujo. El territorio se encuentra ante una realidad cambiante que exige recuperar las capacidades construidas, fortalecer la articulaci\u00f3n y generar nuevas estrategias desde el desarrollo local, la educaci\u00f3n comunitaria, la protecci\u00f3n y los derechos humanos.<\/em><\/p>\n<p>Desde Fe y Alegr\u00eda Panam\u00e1, este proceso nos invita a seguir pregunt\u00e1ndonos hacia d\u00f3nde dirigir nuestros esfuerzos y qu\u00e9 papel puede desempe\u00f1ar la educaci\u00f3n comunitaria e intercultural para fortalecer las capacidades de las comunidades y acompa\u00f1arlas ante escenarios migratorios cambiantes.<\/p>\n<p>Conocer la realidad, escuchar al territorio y articular capacidades para transformar.[\/vc_column_text][vc_column_text]<strong>Cr\u00e9ditos Fotograf\u00edas<\/strong><\/p>\n<p><em>Mersha Valencia y Alberto Agrazal<\/em>[\/vc_column_text][\/vc_column][vc_column width=\u00bb1\/3&#8243; css=\u00bb.vc_custom_1787778194944{padding-left: 20px !important;background-color: #e4e4e4 !important;border-radius: 10px !important;}\u00bb offset=\u00bbvc_col-xl-inherit vc_col-lg-inherit vc_col-md-4 vc_col-sm-inherit\u00bb][vc_widget_sidebar sidebar_id=\u00bbnicdark_sidebar\u00bb][vc_btn title=\u00bbM\u00e1s noticias\u00bb align=\u00bbcenter\u00bb style=\u00bbcustom\u00bb custom_background=\u00bb#aa0f16&#8243; custom_text=\u00bb#ffffff\u00bb link=\u00bburl:https%3A%2F%2Fwww.feyalegria.org%2Fpanama%2Fnoticias%2F|title:Noticias\u00bb][vc_images_carousel images=\u00bb3784,3787,3783,3785&#8243; img_size=\u00bbfull\u00bb speed=\u00bb5000ms\u00bb autoplay=\u00bbyes\u00bb hide_pagination_control=\u00bbyes\u00bb hide_prev_next_buttons=\u00bbyes\u00bb wrap=\u00bbyes\u00bb css_animation=\u00bbnone\u00bb][\/vc_column][\/vc_row]<\/p>\n<\/div>","protected":false},"excerpt":{"rendered":"<div style=\"height: 263px\">\n<p align=\"justify\">Fe y Alegr\u00eda Panam\u00e1 junto a autoridades, organizaciones y congregaciones locales en Dari\u00e9n particip\u00f3 en el diagn\u00f3stico para fortalecer la educaci\u00f3n comunitaria y la articulaci\u00f3n institucional.<\/p>\n<\/div>\n","protected":false},"author":76,"featured_media":3782,"comment_status":"closed","ping_status":"closed","sticky":false,"template":"","format":"standard","meta":{"_acf_changed":false,"rs_blank_template":"","rs_page_bg_color":"","slide_template_v7":"","footnotes":""},"categories":[183],"tags":[551,438,563,414,547,536,420],"post_folder":[],"class_list":["post-3781","post","type-post","status-publish","format-standard","has-post-thumbnail","hentry","category-noticias","tag-comarca","tag-darien","tag-dialogo","tag-fe-y-alegria","tag-movilidad-humana","tag-ninas-y-adolescentes","tag-panama"],"acf":[],"yoast_head":"<!-- This site is optimized with the Yoast SEO plugin v28.3 - https:\/\/yoast.com\/product\/yoast-seo-wordpress\/ -->\n<title>Diagn\u00f3stico participativo sobre la realidad migratoria en Dari\u00e9n y zonas comarcales - #SomosFeyAlegria en Panam\u00e1 %<\/title>\n<meta name=\"description\" content=\"Fe y Alegr\u00eda Panam\u00e1 junto a autoridades, organizaciones y congregaciones locales en Dari\u00e9n particip\u00f3 en el diagn\u00f3stico para fortalecer la educaci\u00f3n comunitaria y la articulaci\u00f3n institucional.\" \/>\n<meta name=\"robots\" content=\"index, follow, max-snippet:-1, max-image-preview:large, max-video-preview:-1\" \/>\n<link rel=\"canonical\" href=\"https:\/\/www.feyalegria.org\/panama\/diagnostico-participativo-sobre-la-realidad-migratoria-en-darien-y-zonas-comarcales\/\" \/>\n<meta property=\"og:locale\" content=\"es_ES\" \/>\n<meta property=\"og:type\" content=\"article\" \/>\n<meta property=\"og:title\" content=\"Diagn\u00f3stico participativo sobre la realidad migratoria en Dari\u00e9n y zonas comarcales - #SomosFeyAlegria en Panam\u00e1 %\" \/>\n<meta property=\"og:description\" content=\"Fe y Alegr\u00eda Panam\u00e1 junto a autoridades, organizaciones y congregaciones locales en Dari\u00e9n particip\u00f3 en el diagn\u00f3stico para fortalecer la educaci\u00f3n comunitaria y la articulaci\u00f3n institucional.\" \/>\n<meta property=\"og:url\" content=\"https:\/\/www.feyalegria.org\/panama\/diagnostico-participativo-sobre-la-realidad-migratoria-en-darien-y-zonas-comarcales\/\" \/>\n<meta property=\"og:site_name\" content=\"#SomosFeyAlegria en Panam\u00e1\" \/>\n<meta property=\"article:published_time\" content=\"2026-09-03T02:43:41+00:00\" \/>\n<meta property=\"article:modified_time\" content=\"2026-09-03T02:46:46+00:00\" \/>\n<meta property=\"og:image\" content=\"https:\/\/d3pugrm67vf9n7.cloudfront.net\/wp-content\/uploads\/sites\/24\/2026\/08\/28184234\/Diagnostico-participativo-4-e1787942576383.jpeg\" \/>\n\t<meta property=\"og:image:width\" content=\"1280\" \/>\n\t<meta property=\"og:image:height\" content=\"780\" \/>\n\t<meta property=\"og:image:type\" content=\"image\/jpeg\" \/>\n<meta name=\"author\" content=\"adminpa01\" \/>\n<meta name=\"twitter:card\" content=\"summary_large_image\" \/>\n<meta name=\"twitter:label1\" content=\"Escrito por\" \/>\n\t<meta name=\"twitter:data1\" content=\"adminpa01\" \/>\n\t<meta name=\"twitter:label2\" content=\"Tiempo de lectura\" \/>\n\t<meta name=\"twitter:data2\" content=\"3 minutos\" \/>\n<script type=\"application\/ld+json\" class=\"yoast-schema-graph\">{\"@context\":\"https:\\\/\\\/schema.org\",\"@graph\":[{\"@type\":\"Article\",\"@id\":\"https:\\\/\\\/www.feyalegria.org\\\/panama\\\/diagnostico-participativo-sobre-la-realidad-migratoria-en-darien-y-zonas-comarcales\\\/#article\",\"isPartOf\":{\"@id\":\"https:\\\/\\\/www.feyalegria.org\\\/panama\\\/diagnostico-participativo-sobre-la-realidad-migratoria-en-darien-y-zonas-comarcales\\\/\"},\"author\":{\"name\":\"adminpa01\",\"@id\":\"https:\\\/\\\/www.feyalegria.org\\\/panama\\\/#\\\/schema\\\/person\\\/abe1815c6baf9b135c44ee466d134e9e\"},\"headline\":\"Diagn\u00f3stico participativo sobre la realidad migratoria en Dari\u00e9n y zonas comarcales\",\"datePublished\":\"2026-09-03T02:43:41+00:00\",\"dateModified\":\"2026-09-03T02:46:46+00:00\",\"mainEntityOfPage\":{\"@id\":\"https:\\\/\\\/www.feyalegria.org\\\/panama\\\/diagnostico-participativo-sobre-la-realidad-migratoria-en-darien-y-zonas-comarcales\\\/\"},\"wordCount\":757,\"image\":{\"@id\":\"https:\\\/\\\/www.feyalegria.org\\\/panama\\\/diagnostico-participativo-sobre-la-realidad-migratoria-en-darien-y-zonas-comarcales\\\/#primaryimage\"},\"thumbnailUrl\":\"https:\\\/\\\/d3pugrm67vf9n7.cloudfront.net\\\/wp-content\\\/uploads\\\/sites\\\/24\\\/2026\\\/08\\\/28184234\\\/Diagnostico-participativo-4-e1787942576383.jpeg\",\"keywords\":[\"comarca\",\"Dari\u00e9n\",\"Dialogo\",\"Fe y Alegr\u00eda\",\"Movilidad humana\",\"ni\u00f1as y adolescentes\",\"Panam\u00e1\"],\"articleSection\":[\"Noticias\"],\"inLanguage\":\"es\"},{\"@type\":\"WebPage\",\"@id\":\"https:\\\/\\\/www.feyalegria.org\\\/panama\\\/diagnostico-participativo-sobre-la-realidad-migratoria-en-darien-y-zonas-comarcales\\\/\",\"url\":\"https:\\\/\\\/www.feyalegria.org\\\/panama\\\/diagnostico-participativo-sobre-la-realidad-migratoria-en-darien-y-zonas-comarcales\\\/\",\"name\":\"Diagn\u00f3stico participativo sobre la realidad migratoria en Dari\u00e9n y zonas comarcales - #SomosFeyAlegria en Panam\u00e1 %\",\"isPartOf\":{\"@id\":\"https:\\\/\\\/www.feyalegria.org\\\/panama\\\/#website\"},\"primaryImageOfPage\":{\"@id\":\"https:\\\/\\\/www.feyalegria.org\\\/panama\\\/diagnostico-participativo-sobre-la-realidad-migratoria-en-darien-y-zonas-comarcales\\\/#primaryimage\"},\"image\":{\"@id\":\"https:\\\/\\\/www.feyalegria.org\\\/panama\\\/diagnostico-participativo-sobre-la-realidad-migratoria-en-darien-y-zonas-comarcales\\\/#primaryimage\"},\"thumbnailUrl\":\"https:\\\/\\\/d3pugrm67vf9n7.cloudfront.net\\\/wp-content\\\/uploads\\\/sites\\\/24\\\/2026\\\/08\\\/28184234\\\/Diagnostico-participativo-4-e1787942576383.jpeg\",\"datePublished\":\"2026-09-03T02:43:41+00:00\",\"dateModified\":\"2026-09-03T02:46:46+00:00\",\"author\":{\"@id\":\"https:\\\/\\\/www.feyalegria.org\\\/panama\\\/#\\\/schema\\\/person\\\/abe1815c6baf9b135c44ee466d134e9e\"},\"description\":\"Fe y Alegr\u00eda Panam\u00e1 junto a autoridades, organizaciones y congregaciones locales en Dari\u00e9n particip\u00f3 en el diagn\u00f3stico para fortalecer la educaci\u00f3n comunitaria y la articulaci\u00f3n institucional.\",\"breadcrumb\":{\"@id\":\"https:\\\/\\\/www.feyalegria.org\\\/panama\\\/diagnostico-participativo-sobre-la-realidad-migratoria-en-darien-y-zonas-comarcales\\\/#breadcrumb\"},\"inLanguage\":\"es\",\"potentialAction\":[{\"@type\":\"ReadAction\",\"target\":[\"https:\\\/\\\/www.feyalegria.org\\\/panama\\\/diagnostico-participativo-sobre-la-realidad-migratoria-en-darien-y-zonas-comarcales\\\/\"]}]},{\"@type\":\"ImageObject\",\"inLanguage\":\"es\",\"@id\":\"https:\\\/\\\/www.feyalegria.org\\\/panama\\\/diagnostico-participativo-sobre-la-realidad-migratoria-en-darien-y-zonas-comarcales\\\/#primaryimage\",\"url\":\"https:\\\/\\\/d3pugrm67vf9n7.cloudfront.net\\\/wp-content\\\/uploads\\\/sites\\\/24\\\/2026\\\/08\\\/28184234\\\/Diagnostico-participativo-4-e1787942576383.jpeg\",\"contentUrl\":\"https:\\\/\\\/d3pugrm67vf9n7.cloudfront.net\\\/wp-content\\\/uploads\\\/sites\\\/24\\\/2026\\\/08\\\/28184234\\\/Diagnostico-participativo-4-e1787942576383.jpeg\",\"width\":1280,\"height\":780},{\"@type\":\"BreadcrumbList\",\"@id\":\"https:\\\/\\\/www.feyalegria.org\\\/panama\\\/diagnostico-participativo-sobre-la-realidad-migratoria-en-darien-y-zonas-comarcales\\\/#breadcrumb\",\"itemListElement\":[{\"@type\":\"ListItem\",\"position\":1,\"name\":\"Home\",\"item\":\"https:\\\/\\\/www.feyalegria.org\\\/panama\\\/\"},{\"@type\":\"ListItem\",\"position\":2,\"name\":\"Diagn\u00f3stico participativo sobre la realidad migratoria en Dari\u00e9n y zonas comarcales\"}]},{\"@type\":\"WebSite\",\"@id\":\"https:\\\/\\\/www.feyalegria.org\\\/panama\\\/#website\",\"url\":\"https:\\\/\\\/www.feyalegria.org\\\/panama\\\/\",\"name\":\"#SomosFeyAlegria en Panam\u00e1\",\"description\":\"\",\"potentialAction\":[{\"@type\":\"SearchAction\",\"target\":{\"@type\":\"EntryPoint\",\"urlTemplate\":\"https:\\\/\\\/www.feyalegria.org\\\/panama\\\/?s={search_term_string}\"},\"query-input\":{\"@type\":\"PropertyValueSpecification\",\"valueRequired\":true,\"valueName\":\"search_term_string\"}}],\"inLanguage\":\"es\"},{\"@type\":\"Person\",\"@id\":\"https:\\\/\\\/www.feyalegria.org\\\/panama\\\/#\\\/schema\\\/person\\\/abe1815c6baf9b135c44ee466d134e9e\",\"name\":\"adminpa01\",\"url\":\"https:\\\/\\\/www.feyalegria.org\\\/panama\\\/author\\\/adminpa01\\\/\"}]}<\/script>\n<!-- \/ Yoast SEO plugin. -->","yoast_head_json":{"title":"Diagn\u00f3stico participativo sobre la realidad migratoria en Dari\u00e9n y zonas comarcales - #SomosFeyAlegria en Panam\u00e1 %","description":"Fe y Alegr\u00eda Panam\u00e1 junto a autoridades, organizaciones y congregaciones locales en Dari\u00e9n particip\u00f3 en el diagn\u00f3stico para fortalecer la educaci\u00f3n comunitaria y la articulaci\u00f3n institucional.","robots":{"index":"index","follow":"follow","max-snippet":"max-snippet:-1","max-image-preview":"max-image-preview:large","max-video-preview":"max-video-preview:-1"},"canonical":"https:\/\/www.feyalegria.org\/panama\/diagnostico-participativo-sobre-la-realidad-migratoria-en-darien-y-zonas-comarcales\/","og_locale":"es_ES","og_type":"article","og_title":"Diagn\u00f3stico participativo sobre la realidad migratoria en Dari\u00e9n y zonas comarcales - #SomosFeyAlegria en Panam\u00e1 %","og_description":"Fe y Alegr\u00eda Panam\u00e1 junto a autoridades, organizaciones y congregaciones locales en Dari\u00e9n particip\u00f3 en el diagn\u00f3stico para fortalecer la educaci\u00f3n comunitaria y la articulaci\u00f3n institucional.","og_url":"https:\/\/www.feyalegria.org\/panama\/diagnostico-participativo-sobre-la-realidad-migratoria-en-darien-y-zonas-comarcales\/","og_site_name":"#SomosFeyAlegria en Panam\u00e1","article_published_time":"2026-09-03T02:43:41+00:00","article_modified_time":"2026-09-03T02:46:46+00:00","og_image":[{"width":1280,"height":780,"url":"https:\/\/d3pugrm67vf9n7.cloudfront.net\/wp-content\/uploads\/sites\/24\/2026\/08\/28184234\/Diagnostico-participativo-4-e1787942576383.jpeg","type":"image\/jpeg"}],"author":"adminpa01","twitter_card":"summary_large_image","twitter_misc":{"Escrito por":"adminpa01","Tiempo de lectura":"3 minutos"},"schema":{"@context":"https:\/\/schema.org","@graph":[{"@type":"Article","@id":"https:\/\/www.feyalegria.org\/panama\/diagnostico-participativo-sobre-la-realidad-migratoria-en-darien-y-zonas-comarcales\/#article","isPartOf":{"@id":"https:\/\/www.feyalegria.org\/panama\/diagnostico-participativo-sobre-la-realidad-migratoria-en-darien-y-zonas-comarcales\/"},"author":{"name":"adminpa01","@id":"https:\/\/www.feyalegria.org\/panama\/#\/schema\/person\/abe1815c6baf9b135c44ee466d134e9e"},"headline":"Diagn\u00f3stico participativo sobre la realidad migratoria en Dari\u00e9n y zonas comarcales","datePublished":"2026-09-03T02:43:41+00:00","dateModified":"2026-09-03T02:46:46+00:00","mainEntityOfPage":{"@id":"https:\/\/www.feyalegria.org\/panama\/diagnostico-participativo-sobre-la-realidad-migratoria-en-darien-y-zonas-comarcales\/"},"wordCount":757,"image":{"@id":"https:\/\/www.feyalegria.org\/panama\/diagnostico-participativo-sobre-la-realidad-migratoria-en-darien-y-zonas-comarcales\/#primaryimage"},"thumbnailUrl":"https:\/\/d3pugrm67vf9n7.cloudfront.net\/wp-content\/uploads\/sites\/24\/2026\/08\/28184234\/Diagnostico-participativo-4-e1787942576383.jpeg","keywords":["comarca","Dari\u00e9n","Dialogo","Fe y Alegr\u00eda","Movilidad humana","ni\u00f1as y adolescentes","Panam\u00e1"],"articleSection":["Noticias"],"inLanguage":"es"},{"@type":"WebPage","@id":"https:\/\/www.feyalegria.org\/panama\/diagnostico-participativo-sobre-la-realidad-migratoria-en-darien-y-zonas-comarcales\/","url":"https:\/\/www.feyalegria.org\/panama\/diagnostico-participativo-sobre-la-realidad-migratoria-en-darien-y-zonas-comarcales\/","name":"Diagn\u00f3stico participativo sobre la realidad migratoria en Dari\u00e9n y zonas comarcales - #SomosFeyAlegria en Panam\u00e1 %","isPartOf":{"@id":"https:\/\/www.feyalegria.org\/panama\/#website"},"primaryImageOfPage":{"@id":"https:\/\/www.feyalegria.org\/panama\/diagnostico-participativo-sobre-la-realidad-migratoria-en-darien-y-zonas-comarcales\/#primaryimage"},"image":{"@id":"https:\/\/www.feyalegria.org\/panama\/diagnostico-participativo-sobre-la-realidad-migratoria-en-darien-y-zonas-comarcales\/#primaryimage"},"thumbnailUrl":"https:\/\/d3pugrm67vf9n7.cloudfront.net\/wp-content\/uploads\/sites\/24\/2026\/08\/28184234\/Diagnostico-participativo-4-e1787942576383.jpeg","datePublished":"2026-09-03T02:43:41+00:00","dateModified":"2026-09-03T02:46:46+00:00","author":{"@id":"https:\/\/www.feyalegria.org\/panama\/#\/schema\/person\/abe1815c6baf9b135c44ee466d134e9e"},"description":"Fe y Alegr\u00eda Panam\u00e1 junto a autoridades, organizaciones y congregaciones locales en Dari\u00e9n particip\u00f3 en el diagn\u00f3stico para fortalecer la educaci\u00f3n comunitaria y la articulaci\u00f3n institucional.","breadcrumb":{"@id":"https:\/\/www.feyalegria.org\/panama\/diagnostico-participativo-sobre-la-realidad-migratoria-en-darien-y-zonas-comarcales\/#breadcrumb"},"inLanguage":"es","potentialAction":[{"@type":"ReadAction","target":["https:\/\/www.feyalegria.org\/panama\/diagnostico-participativo-sobre-la-realidad-migratoria-en-darien-y-zonas-comarcales\/"]}]},{"@type":"ImageObject","inLanguage":"es","@id":"https:\/\/www.feyalegria.org\/panama\/diagnostico-participativo-sobre-la-realidad-migratoria-en-darien-y-zonas-comarcales\/#primaryimage","url":"https:\/\/d3pugrm67vf9n7.cloudfront.net\/wp-content\/uploads\/sites\/24\/2026\/08\/28184234\/Diagnostico-participativo-4-e1787942576383.jpeg","contentUrl":"https:\/\/d3pugrm67vf9n7.cloudfront.net\/wp-content\/uploads\/sites\/24\/2026\/08\/28184234\/Diagnostico-participativo-4-e1787942576383.jpeg","width":1280,"height":780},{"@type":"BreadcrumbList","@id":"https:\/\/www.feyalegria.org\/panama\/diagnostico-participativo-sobre-la-realidad-migratoria-en-darien-y-zonas-comarcales\/#breadcrumb","itemListElement":[{"@type":"ListItem","position":1,"name":"Home","item":"https:\/\/www.feyalegria.org\/panama\/"},{"@type":"ListItem","position":2,"name":"Diagn\u00f3stico participativo sobre la realidad migratoria en Dari\u00e9n y zonas comarcales"}]},{"@type":"WebSite","@id":"https:\/\/www.feyalegria.org\/panama\/#website","url":"https:\/\/www.feyalegria.org\/panama\/","name":"#SomosFeyAlegria en Panam\u00e1","description":"","potentialAction":[{"@type":"SearchAction","target":{"@type":"EntryPoint","urlTemplate":"https:\/\/www.feyalegria.org\/panama\/?s={search_term_string}"},"query-input":{"@type":"PropertyValueSpecification","valueRequired":true,"valueName":"search_term_string"}}],"inLanguage":"es"},{"@type":"Person","@id":"https:\/\/www.feyalegria.org\/panama\/#\/schema\/person\/abe1815c6baf9b135c44ee466d134e9e","name":"adminpa01","url":"https:\/\/www.feyalegria.org\/panama\/author\/adminpa01\/"}]}},"_links":{"self":[{"href":"https:\/\/www.feyalegria.org\/panama\/wp-json\/wp\/v2\/posts\/3781","targetHints":{"allow":["GET"]}}],"collection":[{"href":"https:\/\/www.feyalegria.org\/panama\/wp-json\/wp\/v2\/posts"}],"about":[{"href":"https:\/\/www.feyalegria.org\/panama\/wp-json\/wp\/v2\/types\/post"}],"author":[{"embeddable":true,"href":"https:\/\/www.feyalegria.org\/panama\/wp-json\/wp\/v2\/users\/76"}],"replies":[{"embeddable":true,"href":"https:\/\/www.feyalegria.org\/panama\/wp-json\/wp\/v2\/comments?post=3781"}],"version-history":[{"count":4,"href":"https:\/\/www.feyalegria.org\/panama\/wp-json\/wp\/v2\/posts\/3781\/revisions"}],"predecessor-version":[{"id":3792,"href":"https:\/\/www.feyalegria.org\/panama\/wp-json\/wp\/v2\/posts\/3781\/revisions\/3792"}],"wp:featuredmedia":[{"embeddable":true,"href":"https:\/\/www.feyalegria.org\/panama\/wp-json\/wp\/v2\/media\/3782"}],"wp:attachment":[{"href":"https:\/\/www.feyalegria.org\/panama\/wp-json\/wp\/v2\/media?parent=3781"}],"wp:term":[{"taxonomy":"category","embeddable":true,"href":"https:\/\/www.feyalegria.org\/panama\/wp-json\/wp\/v2\/categories?post=3781"},{"taxonomy":"post_tag","embeddable":true,"href":"https:\/\/www.feyalegria.org\/panama\/wp-json\/wp\/v2\/tags?post=3781"},{"taxonomy":"post_folder","embeddable":true,"href":"https:\/\/www.feyalegria.org\/panama\/wp-json\/wp\/v2\/post_folder?post=3781"}],"curies":[{"name":"wp","href":"https:\/\/api.w.org\/{rel}","templated":true}]}}