{"id":12175,"date":"2026-02-09T09:50:44","date_gmt":"2026-02-09T14:50:44","guid":{"rendered":"https:\/\/www.feyalegria.org\/paraguay\/?p=12175"},"modified":"2026-02-09T09:52:51","modified_gmt":"2026-02-09T14:52:51","slug":"nombramiento-de-nueva-directora-general","status":"publish","type":"post","link":"https:\/\/www.feyalegria.org\/paraguay\/nombramiento-de-nueva-directora-general\/","title":{"rendered":"Nombramiento de nueva Directora General"},"content":{"rendered":"<div class=\"wpb-content-wrapper\"><p>[vc_row][vc_column]<div style=\"background-color:;height: 40px\" class=\"nicdark_section  \"><\/div>[vc_column_text css=\u00bb\u00bb]<\/p>\n<h1 style=\"text-align: left;\"><span data-olk-copy-source=\"MessageBody\">Nombramiento de nueva Directora General<\/span><\/h1>\n<p>[\/vc_column_text][vc_single_image image=\u00bb12176&#8243; img_size=\u00bbfull\u00bb add_caption=\u00bbyes\u00bb alignment=\u00bbcenter\u00bb css=\u00bb\u00bb][vc_column_text css=\u00bb\u00bb]<span style=\"font-family: 'Fira Sans', 'sans-serif'; font-size: 18px;\">El viernes 06 de febrero del 2026, el provincial de la Compa\u00f1\u00eda de Jes\u00fas en Paraguay, P. M\u00e1ximo Mendoza, SJ, anunci\u00f3 a la <strong>Dra. Nicolasa Ortiz Maldonado<\/strong> como <strong>nueva Directora General<\/strong> de la instituci\u00f3n, quien asumir\u00e1 oficialmente el pr\u00f3ximo 31 de marzo del corriente.<\/span><\/p>\n<p>&nbsp;<\/p>\n<p><span style=\"font-size: 18px;\">Nicolasa forma parte de la vida institucional de Fe y Alegr\u00eda desde hace varios a\u00f1os. Hasta la fecha, se ha desempe\u00f1ado como Coordinadora del Departamento de Educaci\u00f3n y Promoci\u00f3n Social, desde donde ha contribuido al acompa\u00f1amiento de procesos pedag\u00f3gicos y comunitarios en distintos territorios del pa\u00eds.<\/span><\/p>\n<p>&nbsp;<\/p>\n<p><span style=\"font-size: 18px;\">Es Doctora en Educaci\u00f3n y especialista en neuropsicolog\u00eda infantil y neurociencias, con una s\u00f3lida trayectoria en pedagog\u00eda popular, pol\u00edticas p\u00fablicas educativas y gesti\u00f3n institucional. Su experiencia en el \u00e1mbito p\u00fablico y dentro del Movimiento Fe y Alegr\u00eda ha aportado al fortalecimiento de los centros educativos, tanto urbanos como rurales.<\/span><\/p>\n<p>&nbsp;<\/p>\n<p><span style=\"font-size: 18px;\">Agradecemos profundamente a la Hna. Nancy Raquel Fretes, ODN, por los a\u00f1os de servicio, entrega y compromiso al frente de la Direcci\u00f3n General de Fe y Alegr\u00eda Paraguay. Su liderazgo ha sido clave para el fortalecimiento institucional y para sostener, incluso en contextos desafiantes, la misi\u00f3n socioeducativa que nos anima.<\/span><\/p>\n<p>&nbsp;<\/p>\n<p><span style=\"font-size: 18px;\">Confiamos en que esta nueva etapa permitir\u00e1 seguir consolidando el proyecto de Fe y Alegr\u00eda Paraguay, en articulaci\u00f3n con ustedes, caminando juntos al servicio del derecho a una educaci\u00f3n transformadora y de calidad.<\/span>[\/vc_column_text][\/vc_column][\/vc_row][vc_row][vc_column][vc_single_image image=\u00bb12177&#8243; img_size=\u00bbfull\u00bb css=\u00bb\u00bb][\/vc_column][\/vc_row]<\/p>\n<\/div>","protected":false},"excerpt":{"rendered":"<p>El 08 de agosto de 2025 se realiz\u00f3 la premiaci\u00f3n del Concurso Nacional de Lectura, Escritura y Oralidad \u00d1e\u2019\u1ebdry en el Departamento de San Pedro, donde estudiantes de Fe y Alegr\u00eda se llevaron tres premios a nivel distrital.<\/p>\n","protected":false},"author":59,"featured_media":12176,"comment_status":"closed","ping_status":"open","sticky":false,"template":"","format":"standard","meta":{"_acf_changed":false,"footnotes":""},"categories":[118],"tags":[222,136],"post_folder":[],"class_list":["post-12175","post","type-post","status-publish","format-standard","has-post-thumbnail","hentry","category-sin-categoria-es","tag-comunicado-es","tag-direccion"],"acf":[],"yoast_head":"<!-- This site is optimized with the Yoast SEO plugin v27.5 - https:\/\/yoast.com\/product\/yoast-seo-wordpress\/ -->\n<title>Nombramiento de nueva Directora General - #SomosFeyAlegria en Paraguay<\/title>\n<meta name=\"description\" content=\"La Dra. Nicolasa Ortiz Maldonado fue nombrada como nueva directora general de Fe y Alegr\u00eda en Paraguay.\" \/>\n<meta name=\"robots\" content=\"index, follow, max-snippet:-1, max-image-preview:large, max-video-preview:-1\" \/>\n<link rel=\"canonical\" href=\"https:\/\/www.feyalegria.org\/paraguay\/nombramiento-de-nueva-directora-general\/\" \/>\n<meta property=\"og:locale\" content=\"es_ES\" \/>\n<meta property=\"og:type\" content=\"article\" \/>\n<meta property=\"og:title\" content=\"Nombramiento de nueva Directora General - #SomosFeyAlegria en Paraguay\" \/>\n<meta property=\"og:description\" content=\"La Dra. Nicolasa Ortiz Maldonado fue nombrada como nueva directora general de Fe y Alegr\u00eda en Paraguay.\" \/>\n<meta property=\"og:url\" content=\"https:\/\/www.feyalegria.org\/paraguay\/nombramiento-de-nueva-directora-general\/\" \/>\n<meta property=\"og:site_name\" content=\"#SomosFeyAlegria en Paraguay\" \/>\n<meta property=\"article:published_time\" content=\"2026-02-09T14:50:44+00:00\" \/>\n<meta property=\"article:modified_time\" content=\"2026-02-09T14:52:51+00:00\" \/>\n<meta property=\"og:image\" content=\"https:\/\/d3pugrm67vf9n7.cloudfront.net\/wp-content\/uploads\/sites\/33\/2026\/02\/09093739\/IMG_0005-scaled.jpg\" \/>\n\t<meta property=\"og:image:width\" content=\"2560\" \/>\n\t<meta property=\"og:image:height\" content=\"1707\" \/>\n\t<meta property=\"og:image:type\" content=\"image\/jpeg\" \/>\n<meta name=\"author\" content=\"adminpy02\" \/>\n<meta name=\"twitter:card\" content=\"summary_large_image\" \/>\n<meta name=\"twitter:label1\" content=\"Escrito por\" \/>\n\t<meta name=\"twitter:data1\" content=\"adminpy02\" \/>\n\t<meta name=\"twitter:label2\" content=\"Tiempo de lectura\" \/>\n\t<meta name=\"twitter:data2\" content=\"2 minutos\" \/>\n<script type=\"application\/ld+json\" class=\"yoast-schema-graph\">{\"@context\":\"https:\\\/\\\/schema.org\",\"@graph\":[{\"@type\":\"Article\",\"@id\":\"https:\\\/\\\/www.feyalegria.org\\\/paraguay\\\/nombramiento-de-nueva-directora-general\\\/#article\",\"isPartOf\":{\"@id\":\"https:\\\/\\\/www.feyalegria.org\\\/paraguay\\\/nombramiento-de-nueva-directora-general\\\/\"},\"author\":{\"name\":\"adminpy02\",\"@id\":\"https:\\\/\\\/www.feyalegria.org\\\/paraguay\\\/#\\\/schema\\\/person\\\/7fea417e524e0392fdd3a5a7d233e141\"},\"headline\":\"Nombramiento de nueva Directora General\",\"datePublished\":\"2026-02-09T14:50:44+00:00\",\"dateModified\":\"2026-02-09T14:52:51+00:00\",\"mainEntityOfPage\":{\"@id\":\"https:\\\/\\\/www.feyalegria.org\\\/paraguay\\\/nombramiento-de-nueva-directora-general\\\/\"},\"wordCount\":319,\"image\":{\"@id\":\"https:\\\/\\\/www.feyalegria.org\\\/paraguay\\\/nombramiento-de-nueva-directora-general\\\/#primaryimage\"},\"thumbnailUrl\":\"https:\\\/\\\/d3pugrm67vf9n7.cloudfront.net\\\/wp-content\\\/uploads\\\/sites\\\/33\\\/2026\\\/02\\\/09093739\\\/IMG_0005-scaled.jpg\",\"keywords\":[\"comunicado\",\"direcci\u00f3n\"],\"inLanguage\":\"es\"},{\"@type\":\"WebPage\",\"@id\":\"https:\\\/\\\/www.feyalegria.org\\\/paraguay\\\/nombramiento-de-nueva-directora-general\\\/\",\"url\":\"https:\\\/\\\/www.feyalegria.org\\\/paraguay\\\/nombramiento-de-nueva-directora-general\\\/\",\"name\":\"Nombramiento de nueva Directora General - #SomosFeyAlegria en Paraguay\",\"isPartOf\":{\"@id\":\"https:\\\/\\\/www.feyalegria.org\\\/paraguay\\\/#website\"},\"primaryImageOfPage\":{\"@id\":\"https:\\\/\\\/www.feyalegria.org\\\/paraguay\\\/nombramiento-de-nueva-directora-general\\\/#primaryimage\"},\"image\":{\"@id\":\"https:\\\/\\\/www.feyalegria.org\\\/paraguay\\\/nombramiento-de-nueva-directora-general\\\/#primaryimage\"},\"thumbnailUrl\":\"https:\\\/\\\/d3pugrm67vf9n7.cloudfront.net\\\/wp-content\\\/uploads\\\/sites\\\/33\\\/2026\\\/02\\\/09093739\\\/IMG_0005-scaled.jpg\",\"datePublished\":\"2026-02-09T14:50:44+00:00\",\"dateModified\":\"2026-02-09T14:52:51+00:00\",\"author\":{\"@id\":\"https:\\\/\\\/www.feyalegria.org\\\/paraguay\\\/#\\\/schema\\\/person\\\/7fea417e524e0392fdd3a5a7d233e141\"},\"description\":\"La Dra. Nicolasa Ortiz Maldonado fue nombrada como nueva directora general de Fe y Alegr\u00eda en Paraguay.\",\"breadcrumb\":{\"@id\":\"https:\\\/\\\/www.feyalegria.org\\\/paraguay\\\/nombramiento-de-nueva-directora-general\\\/#breadcrumb\"},\"inLanguage\":\"es\",\"potentialAction\":[{\"@type\":\"ReadAction\",\"target\":[\"https:\\\/\\\/www.feyalegria.org\\\/paraguay\\\/nombramiento-de-nueva-directora-general\\\/\"]}]},{\"@type\":\"ImageObject\",\"inLanguage\":\"es\",\"@id\":\"https:\\\/\\\/www.feyalegria.org\\\/paraguay\\\/nombramiento-de-nueva-directora-general\\\/#primaryimage\",\"url\":\"https:\\\/\\\/d3pugrm67vf9n7.cloudfront.net\\\/wp-content\\\/uploads\\\/sites\\\/33\\\/2026\\\/02\\\/09093739\\\/IMG_0005-scaled.jpg\",\"contentUrl\":\"https:\\\/\\\/d3pugrm67vf9n7.cloudfront.net\\\/wp-content\\\/uploads\\\/sites\\\/33\\\/2026\\\/02\\\/09093739\\\/IMG_0005-scaled.jpg\",\"width\":2560,\"height\":1707},{\"@type\":\"BreadcrumbList\",\"@id\":\"https:\\\/\\\/www.feyalegria.org\\\/paraguay\\\/nombramiento-de-nueva-directora-general\\\/#breadcrumb\",\"itemListElement\":[{\"@type\":\"ListItem\",\"position\":1,\"name\":\"Home\",\"item\":\"https:\\\/\\\/www.feyalegria.org\\\/paraguay\\\/\"},{\"@type\":\"ListItem\",\"position\":2,\"name\":\"Nombramiento de nueva Directora General\"}]},{\"@type\":\"WebSite\",\"@id\":\"https:\\\/\\\/www.feyalegria.org\\\/paraguay\\\/#website\",\"url\":\"https:\\\/\\\/www.feyalegria.org\\\/paraguay\\\/\",\"name\":\"#SomosFeyAlegria en Paraguay\",\"description\":\"Movimiento de Educaci\u00f3n Popular y Promoci\u00f3n Social\",\"potentialAction\":[{\"@type\":\"SearchAction\",\"target\":{\"@type\":\"EntryPoint\",\"urlTemplate\":\"https:\\\/\\\/www.feyalegria.org\\\/paraguay\\\/?s={search_term_string}\"},\"query-input\":{\"@type\":\"PropertyValueSpecification\",\"valueRequired\":true,\"valueName\":\"search_term_string\"}}],\"inLanguage\":\"es\"},{\"@type\":\"Person\",\"@id\":\"https:\\\/\\\/www.feyalegria.org\\\/paraguay\\\/#\\\/schema\\\/person\\\/7fea417e524e0392fdd3a5a7d233e141\",\"name\":\"adminpy02\",\"url\":\"https:\\\/\\\/www.feyalegria.org\\\/paraguay\\\/author\\\/adminpy02\\\/\"}]}<\/script>\n<!-- \/ Yoast SEO plugin. -->","yoast_head_json":{"title":"Nombramiento de nueva Directora General - #SomosFeyAlegria en Paraguay","description":"La Dra. Nicolasa Ortiz Maldonado fue nombrada como nueva directora general de Fe y Alegr\u00eda en Paraguay.","robots":{"index":"index","follow":"follow","max-snippet":"max-snippet:-1","max-image-preview":"max-image-preview:large","max-video-preview":"max-video-preview:-1"},"canonical":"https:\/\/www.feyalegria.org\/paraguay\/nombramiento-de-nueva-directora-general\/","og_locale":"es_ES","og_type":"article","og_title":"Nombramiento de nueva Directora General - #SomosFeyAlegria en Paraguay","og_description":"La Dra. Nicolasa Ortiz Maldonado fue nombrada como nueva directora general de Fe y Alegr\u00eda en Paraguay.","og_url":"https:\/\/www.feyalegria.org\/paraguay\/nombramiento-de-nueva-directora-general\/","og_site_name":"#SomosFeyAlegria en Paraguay","article_published_time":"2026-02-09T14:50:44+00:00","article_modified_time":"2026-02-09T14:52:51+00:00","og_image":[{"width":2560,"height":1707,"url":"https:\/\/d3pugrm67vf9n7.cloudfront.net\/wp-content\/uploads\/sites\/33\/2026\/02\/09093739\/IMG_0005-scaled.jpg","type":"image\/jpeg"}],"author":"adminpy02","twitter_card":"summary_large_image","twitter_misc":{"Escrito por":"adminpy02","Tiempo de lectura":"2 minutos"},"schema":{"@context":"https:\/\/schema.org","@graph":[{"@type":"Article","@id":"https:\/\/www.feyalegria.org\/paraguay\/nombramiento-de-nueva-directora-general\/#article","isPartOf":{"@id":"https:\/\/www.feyalegria.org\/paraguay\/nombramiento-de-nueva-directora-general\/"},"author":{"name":"adminpy02","@id":"https:\/\/www.feyalegria.org\/paraguay\/#\/schema\/person\/7fea417e524e0392fdd3a5a7d233e141"},"headline":"Nombramiento de nueva Directora General","datePublished":"2026-02-09T14:50:44+00:00","dateModified":"2026-02-09T14:52:51+00:00","mainEntityOfPage":{"@id":"https:\/\/www.feyalegria.org\/paraguay\/nombramiento-de-nueva-directora-general\/"},"wordCount":319,"image":{"@id":"https:\/\/www.feyalegria.org\/paraguay\/nombramiento-de-nueva-directora-general\/#primaryimage"},"thumbnailUrl":"https:\/\/d3pugrm67vf9n7.cloudfront.net\/wp-content\/uploads\/sites\/33\/2026\/02\/09093739\/IMG_0005-scaled.jpg","keywords":["comunicado","direcci\u00f3n"],"inLanguage":"es"},{"@type":"WebPage","@id":"https:\/\/www.feyalegria.org\/paraguay\/nombramiento-de-nueva-directora-general\/","url":"https:\/\/www.feyalegria.org\/paraguay\/nombramiento-de-nueva-directora-general\/","name":"Nombramiento de nueva Directora General - #SomosFeyAlegria en Paraguay","isPartOf":{"@id":"https:\/\/www.feyalegria.org\/paraguay\/#website"},"primaryImageOfPage":{"@id":"https:\/\/www.feyalegria.org\/paraguay\/nombramiento-de-nueva-directora-general\/#primaryimage"},"image":{"@id":"https:\/\/www.feyalegria.org\/paraguay\/nombramiento-de-nueva-directora-general\/#primaryimage"},"thumbnailUrl":"https:\/\/d3pugrm67vf9n7.cloudfront.net\/wp-content\/uploads\/sites\/33\/2026\/02\/09093739\/IMG_0005-scaled.jpg","datePublished":"2026-02-09T14:50:44+00:00","dateModified":"2026-02-09T14:52:51+00:00","author":{"@id":"https:\/\/www.feyalegria.org\/paraguay\/#\/schema\/person\/7fea417e524e0392fdd3a5a7d233e141"},"description":"La Dra. Nicolasa Ortiz Maldonado fue nombrada como nueva directora general de Fe y Alegr\u00eda en Paraguay.","breadcrumb":{"@id":"https:\/\/www.feyalegria.org\/paraguay\/nombramiento-de-nueva-directora-general\/#breadcrumb"},"inLanguage":"es","potentialAction":[{"@type":"ReadAction","target":["https:\/\/www.feyalegria.org\/paraguay\/nombramiento-de-nueva-directora-general\/"]}]},{"@type":"ImageObject","inLanguage":"es","@id":"https:\/\/www.feyalegria.org\/paraguay\/nombramiento-de-nueva-directora-general\/#primaryimage","url":"https:\/\/d3pugrm67vf9n7.cloudfront.net\/wp-content\/uploads\/sites\/33\/2026\/02\/09093739\/IMG_0005-scaled.jpg","contentUrl":"https:\/\/d3pugrm67vf9n7.cloudfront.net\/wp-content\/uploads\/sites\/33\/2026\/02\/09093739\/IMG_0005-scaled.jpg","width":2560,"height":1707},{"@type":"BreadcrumbList","@id":"https:\/\/www.feyalegria.org\/paraguay\/nombramiento-de-nueva-directora-general\/#breadcrumb","itemListElement":[{"@type":"ListItem","position":1,"name":"Home","item":"https:\/\/www.feyalegria.org\/paraguay\/"},{"@type":"ListItem","position":2,"name":"Nombramiento de nueva Directora General"}]},{"@type":"WebSite","@id":"https:\/\/www.feyalegria.org\/paraguay\/#website","url":"https:\/\/www.feyalegria.org\/paraguay\/","name":"#SomosFeyAlegria en Paraguay","description":"Movimiento de Educaci\u00f3n Popular y Promoci\u00f3n Social","potentialAction":[{"@type":"SearchAction","target":{"@type":"EntryPoint","urlTemplate":"https:\/\/www.feyalegria.org\/paraguay\/?s={search_term_string}"},"query-input":{"@type":"PropertyValueSpecification","valueRequired":true,"valueName":"search_term_string"}}],"inLanguage":"es"},{"@type":"Person","@id":"https:\/\/www.feyalegria.org\/paraguay\/#\/schema\/person\/7fea417e524e0392fdd3a5a7d233e141","name":"adminpy02","url":"https:\/\/www.feyalegria.org\/paraguay\/author\/adminpy02\/"}]}},"_links":{"self":[{"href":"https:\/\/www.feyalegria.org\/paraguay\/wp-json\/wp\/v2\/posts\/12175","targetHints":{"allow":["GET"]}}],"collection":[{"href":"https:\/\/www.feyalegria.org\/paraguay\/wp-json\/wp\/v2\/posts"}],"about":[{"href":"https:\/\/www.feyalegria.org\/paraguay\/wp-json\/wp\/v2\/types\/post"}],"author":[{"embeddable":true,"href":"https:\/\/www.feyalegria.org\/paraguay\/wp-json\/wp\/v2\/users\/59"}],"replies":[{"embeddable":true,"href":"https:\/\/www.feyalegria.org\/paraguay\/wp-json\/wp\/v2\/comments?post=12175"}],"version-history":[{"count":2,"href":"https:\/\/www.feyalegria.org\/paraguay\/wp-json\/wp\/v2\/posts\/12175\/revisions"}],"predecessor-version":[{"id":12179,"href":"https:\/\/www.feyalegria.org\/paraguay\/wp-json\/wp\/v2\/posts\/12175\/revisions\/12179"}],"wp:featuredmedia":[{"embeddable":true,"href":"https:\/\/www.feyalegria.org\/paraguay\/wp-json\/wp\/v2\/media\/12176"}],"wp:attachment":[{"href":"https:\/\/www.feyalegria.org\/paraguay\/wp-json\/wp\/v2\/media?parent=12175"}],"wp:term":[{"taxonomy":"category","embeddable":true,"href":"https:\/\/www.feyalegria.org\/paraguay\/wp-json\/wp\/v2\/categories?post=12175"},{"taxonomy":"post_tag","embeddable":true,"href":"https:\/\/www.feyalegria.org\/paraguay\/wp-json\/wp\/v2\/tags?post=12175"},{"taxonomy":"post_folder","embeddable":true,"href":"https:\/\/www.feyalegria.org\/paraguay\/wp-json\/wp\/v2\/post_folder?post=12175"}],"curies":[{"name":"wp","href":"https:\/\/api.w.org\/{rel}","templated":true}]}}