{"id":1691,"date":"2013-01-25T19:48:28","date_gmt":"2013-01-25T19:48:28","guid":{"rendered":"https:\/\/feyalegria.org.py\/?p=1691"},"modified":"2023-02-09T17:59:39","modified_gmt":"2023-02-09T22:59:39","slug":"orquesta-de-instrumentos-reciclados-de-cateura-presente-en-fe-y-alegria","status":"publish","type":"post","link":"https:\/\/www.feyalegria.org\/paraguay\/orquesta-de-instrumentos-reciclados-de-cateura-presente-en-fe-y-alegria\/","title":{"rendered":"Orquesta de Instrumentos Reciclados de Cateura presente en Fe y Alegr\u00eda"},"content":{"rendered":"<div class=\"wpb-content-wrapper\"><p>[vc_row][vc_column][vc_column_text]Estuvieron presentes en el programa Nuestros Derechos, que conduce el compa\u00f1ero Javier Ben\u00edtez, \u00a0que se emite por la 1300 AM Radio Fe y Alegr\u00eda La educativa del Paraguay<br \/>\nEsta agrupaci\u00f3n est\u00e1 conformada por j\u00f3venes y ni\u00f1os de la comunidad de Cateura, Asunci\u00f3n, as\u00ed como por algunos j\u00f3venes de otras comunidades cercanas, interesados en vivir la experiencia de conformar esta Orquesta. La caracter\u00edstica distintiva del grupo es la interpretaci\u00f3n de obras musicales con instrumentos reciclados, fabricados a partir de Residuos S\u00f3lidos Domiciliarios, en el Taller de Luter\u00eda que posee el grupo en Cateura, donde j\u00f3venes lutieres y padres de familia, (ex gancheros) tuvieron la ingeniosa idea de emplear restos de \u00abbasura\u00bb para elaborar instrumentos que emitieran sonidos musicales. Los instrumentos que ejecutan imitan a violines, violas, cellos, contrabajos, guitarras, flautas, saxofones e instrumentos de percusi\u00f3n, pero construidos con basura.<br \/>\nNos deleitaron con varias interpretaciones y en amena charla entre otras expresiones rescatamos esta de Favio Ch\u00e1vez, Director de la orquesta \u00abEl Mundo nos env\u00eda su basura, nosotros le devolvemos M\u00fasica\u00bb<\/p>\n<p>[\/vc_column_text][vc_single_image image=\u00bb8849&#8243; img_size=\u00bblarge\u00bb alignment=\u00bbcenter\u00bb][\/vc_column][\/vc_row]<\/p>\n<\/div>","protected":false},"excerpt":{"rendered":"<p>[vc_row][vc_column][vc_column_text]Estuvieron presentes en el programa Nuestros Derechos, que conduce el compa\u00f1ero Javier Ben\u00edtez, \u00a0que se emite por la 1300 AM Radio Fe y Alegr\u00eda La educativa del Paraguay Esta agrupaci\u00f3n est\u00e1 conformada por j\u00f3venes y ni\u00f1os de la comunidad de Cateura, Asunci\u00f3n, as\u00ed como por algunos j\u00f3venes de otras comunidades cercanas, interesados en vivir la<\/p>\n","protected":false},"author":2,"featured_media":8849,"comment_status":"closed","ping_status":"closed","sticky":false,"template":"","format":"standard","meta":{"_acf_changed":false,"footnotes":""},"categories":[77],"tags":[],"post_folder":[],"class_list":["post-1691","post","type-post","status-publish","format-standard","has-post-thumbnail","hentry","category-noticias"],"acf":[],"yoast_head":"<!-- This site is optimized with the Yoast SEO plugin v27.5 - https:\/\/yoast.com\/product\/yoast-seo-wordpress\/ -->\n<title>Orquesta de Instrumentos Reciclados de Cateura presente en Fe y Alegr\u00eda - #SomosFeyAlegria en Paraguay<\/title>\n<meta name=\"robots\" content=\"index, follow, max-snippet:-1, max-image-preview:large, max-video-preview:-1\" \/>\n<link rel=\"canonical\" href=\"https:\/\/www.feyalegria.org\/paraguay\/orquesta-de-instrumentos-reciclados-de-cateura-presente-en-fe-y-alegria\/\" \/>\n<meta property=\"og:locale\" content=\"es_ES\" \/>\n<meta property=\"og:type\" content=\"article\" \/>\n<meta property=\"og:title\" content=\"Orquesta de Instrumentos Reciclados de Cateura presente en Fe y Alegr\u00eda - #SomosFeyAlegria en Paraguay\" \/>\n<meta property=\"og:description\" content=\"[vc_row][vc_column][vc_column_text]Estuvieron presentes en el programa Nuestros Derechos, que conduce el compa\u00f1ero Javier Ben\u00edtez, \u00a0que se emite por la 1300 AM Radio Fe y Alegr\u00eda La educativa del Paraguay Esta agrupaci\u00f3n est\u00e1 conformada por j\u00f3venes y ni\u00f1os de la comunidad de Cateura, Asunci\u00f3n, as\u00ed como por algunos j\u00f3venes de otras comunidades cercanas, interesados en vivir la\" \/>\n<meta property=\"og:url\" content=\"https:\/\/www.feyalegria.org\/paraguay\/orquesta-de-instrumentos-reciclados-de-cateura-presente-en-fe-y-alegria\/\" \/>\n<meta property=\"og:site_name\" content=\"#SomosFeyAlegria en Paraguay\" \/>\n<meta property=\"article:published_time\" content=\"2013-01-25T19:48:28+00:00\" \/>\n<meta property=\"article:modified_time\" content=\"2023-02-09T22:59:39+00:00\" \/>\n<meta property=\"og:image\" content=\"https:\/\/d3pugrm67vf9n7.cloudfront.net\/wp-content\/uploads\/sites\/33\/2023\/02\/02102154\/IMG_7765.jpg\" \/>\n\t<meta property=\"og:image:width\" content=\"2256\" \/>\n\t<meta property=\"og:image:height\" content=\"1504\" \/>\n\t<meta property=\"og:image:type\" content=\"image\/jpeg\" \/>\n<meta name=\"author\" content=\"adminfya\" \/>\n<meta name=\"twitter:card\" content=\"summary_large_image\" \/>\n<meta name=\"twitter:label1\" content=\"Escrito por\" \/>\n\t<meta name=\"twitter:data1\" content=\"adminfya\" \/>\n\t<meta name=\"twitter:label2\" content=\"Tiempo de lectura\" \/>\n\t<meta name=\"twitter:data2\" content=\"1 minuto\" \/>\n<script type=\"application\/ld+json\" class=\"yoast-schema-graph\">{\"@context\":\"https:\\\/\\\/schema.org\",\"@graph\":[{\"@type\":\"Article\",\"@id\":\"https:\\\/\\\/www.feyalegria.org\\\/paraguay\\\/orquesta-de-instrumentos-reciclados-de-cateura-presente-en-fe-y-alegria\\\/#article\",\"isPartOf\":{\"@id\":\"https:\\\/\\\/www.feyalegria.org\\\/paraguay\\\/orquesta-de-instrumentos-reciclados-de-cateura-presente-en-fe-y-alegria\\\/\"},\"author\":{\"name\":\"adminfya\",\"@id\":\"https:\\\/\\\/www.feyalegria.org\\\/paraguay\\\/#\\\/schema\\\/person\\\/f113dd05751b9243bcc4b62d8f55bc4b\"},\"headline\":\"Orquesta de Instrumentos Reciclados de Cateura presente en Fe y Alegr\u00eda\",\"datePublished\":\"2013-01-25T19:48:28+00:00\",\"dateModified\":\"2023-02-09T22:59:39+00:00\",\"mainEntityOfPage\":{\"@id\":\"https:\\\/\\\/www.feyalegria.org\\\/paraguay\\\/orquesta-de-instrumentos-reciclados-de-cateura-presente-en-fe-y-alegria\\\/\"},\"wordCount\":220,\"image\":{\"@id\":\"https:\\\/\\\/www.feyalegria.org\\\/paraguay\\\/orquesta-de-instrumentos-reciclados-de-cateura-presente-en-fe-y-alegria\\\/#primaryimage\"},\"thumbnailUrl\":\"https:\\\/\\\/d3pugrm67vf9n7.cloudfront.net\\\/wp-content\\\/uploads\\\/sites\\\/33\\\/2023\\\/02\\\/02102154\\\/IMG_7765.jpg\",\"articleSection\":[\"Noticias\"],\"inLanguage\":\"es\"},{\"@type\":\"WebPage\",\"@id\":\"https:\\\/\\\/www.feyalegria.org\\\/paraguay\\\/orquesta-de-instrumentos-reciclados-de-cateura-presente-en-fe-y-alegria\\\/\",\"url\":\"https:\\\/\\\/www.feyalegria.org\\\/paraguay\\\/orquesta-de-instrumentos-reciclados-de-cateura-presente-en-fe-y-alegria\\\/\",\"name\":\"Orquesta de Instrumentos Reciclados de Cateura presente en Fe y Alegr\u00eda - #SomosFeyAlegria en Paraguay\",\"isPartOf\":{\"@id\":\"https:\\\/\\\/www.feyalegria.org\\\/paraguay\\\/#website\"},\"primaryImageOfPage\":{\"@id\":\"https:\\\/\\\/www.feyalegria.org\\\/paraguay\\\/orquesta-de-instrumentos-reciclados-de-cateura-presente-en-fe-y-alegria\\\/#primaryimage\"},\"image\":{\"@id\":\"https:\\\/\\\/www.feyalegria.org\\\/paraguay\\\/orquesta-de-instrumentos-reciclados-de-cateura-presente-en-fe-y-alegria\\\/#primaryimage\"},\"thumbnailUrl\":\"https:\\\/\\\/d3pugrm67vf9n7.cloudfront.net\\\/wp-content\\\/uploads\\\/sites\\\/33\\\/2023\\\/02\\\/02102154\\\/IMG_7765.jpg\",\"datePublished\":\"2013-01-25T19:48:28+00:00\",\"dateModified\":\"2023-02-09T22:59:39+00:00\",\"author\":{\"@id\":\"https:\\\/\\\/www.feyalegria.org\\\/paraguay\\\/#\\\/schema\\\/person\\\/f113dd05751b9243bcc4b62d8f55bc4b\"},\"breadcrumb\":{\"@id\":\"https:\\\/\\\/www.feyalegria.org\\\/paraguay\\\/orquesta-de-instrumentos-reciclados-de-cateura-presente-en-fe-y-alegria\\\/#breadcrumb\"},\"inLanguage\":\"es\",\"potentialAction\":[{\"@type\":\"ReadAction\",\"target\":[\"https:\\\/\\\/www.feyalegria.org\\\/paraguay\\\/orquesta-de-instrumentos-reciclados-de-cateura-presente-en-fe-y-alegria\\\/\"]}]},{\"@type\":\"ImageObject\",\"inLanguage\":\"es\",\"@id\":\"https:\\\/\\\/www.feyalegria.org\\\/paraguay\\\/orquesta-de-instrumentos-reciclados-de-cateura-presente-en-fe-y-alegria\\\/#primaryimage\",\"url\":\"https:\\\/\\\/d3pugrm67vf9n7.cloudfront.net\\\/wp-content\\\/uploads\\\/sites\\\/33\\\/2023\\\/02\\\/02102154\\\/IMG_7765.jpg\",\"contentUrl\":\"https:\\\/\\\/d3pugrm67vf9n7.cloudfront.net\\\/wp-content\\\/uploads\\\/sites\\\/33\\\/2023\\\/02\\\/02102154\\\/IMG_7765.jpg\",\"width\":2256,\"height\":1504},{\"@type\":\"BreadcrumbList\",\"@id\":\"https:\\\/\\\/www.feyalegria.org\\\/paraguay\\\/orquesta-de-instrumentos-reciclados-de-cateura-presente-en-fe-y-alegria\\\/#breadcrumb\",\"itemListElement\":[{\"@type\":\"ListItem\",\"position\":1,\"name\":\"Home\",\"item\":\"https:\\\/\\\/www.feyalegria.org\\\/paraguay\\\/\"},{\"@type\":\"ListItem\",\"position\":2,\"name\":\"Orquesta de Instrumentos Reciclados de Cateura presente en Fe y Alegr\u00eda\"}]},{\"@type\":\"WebSite\",\"@id\":\"https:\\\/\\\/www.feyalegria.org\\\/paraguay\\\/#website\",\"url\":\"https:\\\/\\\/www.feyalegria.org\\\/paraguay\\\/\",\"name\":\"#SomosFeyAlegria en Paraguay\",\"description\":\"Movimiento de Educaci\u00f3n Popular y Promoci\u00f3n Social\",\"potentialAction\":[{\"@type\":\"SearchAction\",\"target\":{\"@type\":\"EntryPoint\",\"urlTemplate\":\"https:\\\/\\\/www.feyalegria.org\\\/paraguay\\\/?s={search_term_string}\"},\"query-input\":{\"@type\":\"PropertyValueSpecification\",\"valueRequired\":true,\"valueName\":\"search_term_string\"}}],\"inLanguage\":\"es\"},{\"@type\":\"Person\",\"@id\":\"https:\\\/\\\/www.feyalegria.org\\\/paraguay\\\/#\\\/schema\\\/person\\\/f113dd05751b9243bcc4b62d8f55bc4b\",\"name\":\"adminfya\",\"url\":\"https:\\\/\\\/www.feyalegria.org\\\/paraguay\\\/author\\\/adminfya\\\/\"}]}<\/script>\n<!-- \/ Yoast SEO plugin. -->","yoast_head_json":{"title":"Orquesta de Instrumentos Reciclados de Cateura presente en Fe y Alegr\u00eda - #SomosFeyAlegria en Paraguay","robots":{"index":"index","follow":"follow","max-snippet":"max-snippet:-1","max-image-preview":"max-image-preview:large","max-video-preview":"max-video-preview:-1"},"canonical":"https:\/\/www.feyalegria.org\/paraguay\/orquesta-de-instrumentos-reciclados-de-cateura-presente-en-fe-y-alegria\/","og_locale":"es_ES","og_type":"article","og_title":"Orquesta de Instrumentos Reciclados de Cateura presente en Fe y Alegr\u00eda - #SomosFeyAlegria en Paraguay","og_description":"[vc_row][vc_column][vc_column_text]Estuvieron presentes en el programa Nuestros Derechos, que conduce el compa\u00f1ero Javier Ben\u00edtez, \u00a0que se emite por la 1300 AM Radio Fe y Alegr\u00eda La educativa del Paraguay Esta agrupaci\u00f3n est\u00e1 conformada por j\u00f3venes y ni\u00f1os de la comunidad de Cateura, Asunci\u00f3n, as\u00ed como por algunos j\u00f3venes de otras comunidades cercanas, interesados en vivir la","og_url":"https:\/\/www.feyalegria.org\/paraguay\/orquesta-de-instrumentos-reciclados-de-cateura-presente-en-fe-y-alegria\/","og_site_name":"#SomosFeyAlegria en Paraguay","article_published_time":"2013-01-25T19:48:28+00:00","article_modified_time":"2023-02-09T22:59:39+00:00","og_image":[{"width":2256,"height":1504,"url":"https:\/\/d3pugrm67vf9n7.cloudfront.net\/wp-content\/uploads\/sites\/33\/2023\/02\/02102154\/IMG_7765.jpg","type":"image\/jpeg"}],"author":"adminfya","twitter_card":"summary_large_image","twitter_misc":{"Escrito por":"adminfya","Tiempo de lectura":"1 minuto"},"schema":{"@context":"https:\/\/schema.org","@graph":[{"@type":"Article","@id":"https:\/\/www.feyalegria.org\/paraguay\/orquesta-de-instrumentos-reciclados-de-cateura-presente-en-fe-y-alegria\/#article","isPartOf":{"@id":"https:\/\/www.feyalegria.org\/paraguay\/orquesta-de-instrumentos-reciclados-de-cateura-presente-en-fe-y-alegria\/"},"author":{"name":"adminfya","@id":"https:\/\/www.feyalegria.org\/paraguay\/#\/schema\/person\/f113dd05751b9243bcc4b62d8f55bc4b"},"headline":"Orquesta de Instrumentos Reciclados de Cateura presente en Fe y Alegr\u00eda","datePublished":"2013-01-25T19:48:28+00:00","dateModified":"2023-02-09T22:59:39+00:00","mainEntityOfPage":{"@id":"https:\/\/www.feyalegria.org\/paraguay\/orquesta-de-instrumentos-reciclados-de-cateura-presente-en-fe-y-alegria\/"},"wordCount":220,"image":{"@id":"https:\/\/www.feyalegria.org\/paraguay\/orquesta-de-instrumentos-reciclados-de-cateura-presente-en-fe-y-alegria\/#primaryimage"},"thumbnailUrl":"https:\/\/d3pugrm67vf9n7.cloudfront.net\/wp-content\/uploads\/sites\/33\/2023\/02\/02102154\/IMG_7765.jpg","articleSection":["Noticias"],"inLanguage":"es"},{"@type":"WebPage","@id":"https:\/\/www.feyalegria.org\/paraguay\/orquesta-de-instrumentos-reciclados-de-cateura-presente-en-fe-y-alegria\/","url":"https:\/\/www.feyalegria.org\/paraguay\/orquesta-de-instrumentos-reciclados-de-cateura-presente-en-fe-y-alegria\/","name":"Orquesta de Instrumentos Reciclados de Cateura presente en Fe y Alegr\u00eda - #SomosFeyAlegria en Paraguay","isPartOf":{"@id":"https:\/\/www.feyalegria.org\/paraguay\/#website"},"primaryImageOfPage":{"@id":"https:\/\/www.feyalegria.org\/paraguay\/orquesta-de-instrumentos-reciclados-de-cateura-presente-en-fe-y-alegria\/#primaryimage"},"image":{"@id":"https:\/\/www.feyalegria.org\/paraguay\/orquesta-de-instrumentos-reciclados-de-cateura-presente-en-fe-y-alegria\/#primaryimage"},"thumbnailUrl":"https:\/\/d3pugrm67vf9n7.cloudfront.net\/wp-content\/uploads\/sites\/33\/2023\/02\/02102154\/IMG_7765.jpg","datePublished":"2013-01-25T19:48:28+00:00","dateModified":"2023-02-09T22:59:39+00:00","author":{"@id":"https:\/\/www.feyalegria.org\/paraguay\/#\/schema\/person\/f113dd05751b9243bcc4b62d8f55bc4b"},"breadcrumb":{"@id":"https:\/\/www.feyalegria.org\/paraguay\/orquesta-de-instrumentos-reciclados-de-cateura-presente-en-fe-y-alegria\/#breadcrumb"},"inLanguage":"es","potentialAction":[{"@type":"ReadAction","target":["https:\/\/www.feyalegria.org\/paraguay\/orquesta-de-instrumentos-reciclados-de-cateura-presente-en-fe-y-alegria\/"]}]},{"@type":"ImageObject","inLanguage":"es","@id":"https:\/\/www.feyalegria.org\/paraguay\/orquesta-de-instrumentos-reciclados-de-cateura-presente-en-fe-y-alegria\/#primaryimage","url":"https:\/\/d3pugrm67vf9n7.cloudfront.net\/wp-content\/uploads\/sites\/33\/2023\/02\/02102154\/IMG_7765.jpg","contentUrl":"https:\/\/d3pugrm67vf9n7.cloudfront.net\/wp-content\/uploads\/sites\/33\/2023\/02\/02102154\/IMG_7765.jpg","width":2256,"height":1504},{"@type":"BreadcrumbList","@id":"https:\/\/www.feyalegria.org\/paraguay\/orquesta-de-instrumentos-reciclados-de-cateura-presente-en-fe-y-alegria\/#breadcrumb","itemListElement":[{"@type":"ListItem","position":1,"name":"Home","item":"https:\/\/www.feyalegria.org\/paraguay\/"},{"@type":"ListItem","position":2,"name":"Orquesta de Instrumentos Reciclados de Cateura presente en Fe y Alegr\u00eda"}]},{"@type":"WebSite","@id":"https:\/\/www.feyalegria.org\/paraguay\/#website","url":"https:\/\/www.feyalegria.org\/paraguay\/","name":"#SomosFeyAlegria en Paraguay","description":"Movimiento de Educaci\u00f3n Popular y Promoci\u00f3n Social","potentialAction":[{"@type":"SearchAction","target":{"@type":"EntryPoint","urlTemplate":"https:\/\/www.feyalegria.org\/paraguay\/?s={search_term_string}"},"query-input":{"@type":"PropertyValueSpecification","valueRequired":true,"valueName":"search_term_string"}}],"inLanguage":"es"},{"@type":"Person","@id":"https:\/\/www.feyalegria.org\/paraguay\/#\/schema\/person\/f113dd05751b9243bcc4b62d8f55bc4b","name":"adminfya","url":"https:\/\/www.feyalegria.org\/paraguay\/author\/adminfya\/"}]}},"_links":{"self":[{"href":"https:\/\/www.feyalegria.org\/paraguay\/wp-json\/wp\/v2\/posts\/1691","targetHints":{"allow":["GET"]}}],"collection":[{"href":"https:\/\/www.feyalegria.org\/paraguay\/wp-json\/wp\/v2\/posts"}],"about":[{"href":"https:\/\/www.feyalegria.org\/paraguay\/wp-json\/wp\/v2\/types\/post"}],"author":[{"embeddable":true,"href":"https:\/\/www.feyalegria.org\/paraguay\/wp-json\/wp\/v2\/users\/2"}],"replies":[{"embeddable":true,"href":"https:\/\/www.feyalegria.org\/paraguay\/wp-json\/wp\/v2\/comments?post=1691"}],"version-history":[{"count":0,"href":"https:\/\/www.feyalegria.org\/paraguay\/wp-json\/wp\/v2\/posts\/1691\/revisions"}],"wp:featuredmedia":[{"embeddable":true,"href":"https:\/\/www.feyalegria.org\/paraguay\/wp-json\/wp\/v2\/media\/8849"}],"wp:attachment":[{"href":"https:\/\/www.feyalegria.org\/paraguay\/wp-json\/wp\/v2\/media?parent=1691"}],"wp:term":[{"taxonomy":"category","embeddable":true,"href":"https:\/\/www.feyalegria.org\/paraguay\/wp-json\/wp\/v2\/categories?post=1691"},{"taxonomy":"post_tag","embeddable":true,"href":"https:\/\/www.feyalegria.org\/paraguay\/wp-json\/wp\/v2\/tags?post=1691"},{"taxonomy":"post_folder","embeddable":true,"href":"https:\/\/www.feyalegria.org\/paraguay\/wp-json\/wp\/v2\/post_folder?post=1691"}],"curies":[{"name":"wp","href":"https:\/\/api.w.org\/{rel}","templated":true}]}}