 {"id":4291,"date":"2019-12-07T20:17:38","date_gmt":"2019-12-07T20:17:38","guid":{"rendered":"https:\/\/feyalegria.org.py\/?p=4291"},"modified":"2023-02-13T07:24:35","modified_gmt":"2023-02-13T12:24:35","slug":"pai-melia-gran-propulsor-de-la-educacion-bilingue-intercultural-en-fe-y-alegria","status":"publish","type":"post","link":"https:\/\/www.feyalegria.org\/paraguay\/pai-melia-gran-propulsor-de-la-educacion-bilingue-intercultural-en-fe-y-alegria\/","title":{"rendered":"PA&#8217;I MELI\u00c1 GRAN PROPULSOR DE LA EDUCACI\u00d3N BILING\u00dcE INTERCULTURAL EN FE Y ALEGR\u00cdA"},"content":{"rendered":"<p>En\u00a0mayo\u00a0de 1992 se realiz\u00f3 el primer Seminario sobre Educaci\u00f3n Biling\u00fce Intercultural, bajo la direcci\u00f3n del P. Bartomeu Meli\u00e1, SJ. En\u00a0julio\u00a0del mismo a\u00f1o se ultimaron los detalles para la implementaci\u00f3n de los distintos programas educativos y comenzaron: el Programa Rural de Educaci\u00f3n Biling\u00fce Intercultural (PREBI) y el Programa de Escuelas Suburbanas. Ambos programas dirigieron su atenci\u00f3n a los ni\u00f1os y j\u00f3venes de los sectores rurales y suburbanos, ofreciendo educaci\u00f3n escolar b\u00e1sica, en la modalidad presencial.<br \/>\nEl Programa Rural de Educaci\u00f3n Biling\u00fce Intercultural por Radio (PREBIR) emiti\u00f3 sus primeras clases radiales a partir de\u00a0enero de 1993, ofreciendo Educaci\u00f3n General B\u00e1sica a j\u00f3venes y adultos de \u00e1reas rurales.<br \/>\nNuestro agradecimiento al P. Bartomeu Meli\u00e1, SJ.por su gran aporte a la Educaci\u00f3n Biling\u00fce Intercultural en Fe y Alegr\u00eda.<\/p>\n<p><strong>SEMBLANZA<\/strong><br \/>\nNaci\u00f3, el 7 de diciembre de 1932, en Porreres (Baleares), Espa\u00f1a. Ingres\u00f3 a la Compa\u00f1\u00eda el 15 de octubre de 1949. Fue ordenad sacerdote en 1964. Ya sacerdote, se radic\u00f3 en Paraguay en 1954, donde inici\u00f3 sus estudios de la lengua y de la cultura guaran\u00ed; teniendo al padre Antonio Guasch como su primer profesor.<br \/>\nEn 1969, obtuvo un doctorado en la Universidad de Estrasburgo, con la tesis: La creaci\u00f3n de un lenguaje cristiano en las misiones de los guaran\u00edes en el Paraguay, torn\u00e1ndose disc\u00edpulo y colaborador de Le\u00f3n Cadogan (1899-1973).<br \/>\nExprofesor de etnolog\u00eda y de cultura guaran\u00ed en la Universidad Cat\u00f3lica de Asunci\u00f3n, y fue presidente del Centro de Estudios Antropol\u00f3gicos de esa misma universidad. Director de las revistas Suplemento Antropol\u00f3gico y de Estudios Paraguayos, hasta 1976, cuando fue obligado por la dictadura stronista a salir del pa\u00eds luego de repudiar p\u00fablicamente la masacre sistem\u00e1tica de los Ache-Guayaki.<br \/>\nEn Brasil desde 1977, altern\u00f3 investigaciones cient\u00edficas con un trabajo de indigenista primeramente entre los Enawene-naw\u00e9 de Mato Grosso do Sul, de reciente contacto de la selva amaz\u00f3nica, donde es adoptado por una familia de este pueblo, tambi\u00e9n en el Brasil se relaciona con otros pueblos ind\u00edgenas conociendo y aprendiendo sus lenguas y culturas.<br \/>\nTras el derrocamiento de la dictadura, vuelve al Paraguay junto con otros jesuitas expulsados en el a\u00f1o 1989. Altern\u00f3 sus trabajos de campo entre los guaran\u00edes; con investigaciones en etnohistoria y en etnolingu\u00edstica.<br \/>\nParticip\u00f3 activamente de diversos programas de educaci\u00f3n intercultural biling\u00fce, tanto en Paraguay como en Bolivia, Brasil y Argentina. Recibi\u00f3 varios premios y reconocimientos por su defensa a los pueblos Guaran\u00edes de Argentina, Brasil, Bolivia y Paraguay y por la Defensa del idioma Guaran\u00ed.<br \/>\nEscribi\u00f3 m\u00e1s de 30 libros y public\u00f3 una incontable cantidad de art\u00edculos e investigaciones. Sus trabajos de investigaci\u00f3n son reconocidos en todo el mundo, cuyo legado formar\u00e1 parte de la historia y los libros de la Compa\u00f1\u00eda de Jes\u00fas.<br \/>\n<strong>Los Jesuitas del Paraguay agradecemos a Dios por la vida y el testimonio de nuestro querido compa\u00f1ero Bartomeu, Am\u00e9n.<\/strong><br \/>\n<strong>CURRICULUM VITAE<\/strong><br \/>\n<strong>Estudios<\/strong><\/p>\n<ul>\n<li>Bachillerato. Colegio de Montesi\u00f3n. Palma de Mallorca, Espa\u00f1a. 1949.<\/li>\n<li>Estudios de la lengua guaran\u00ed e historia paraguaya. Paraguar\u00ed y Asunci\u00f3n. 1954-1958.<\/li>\n<li>Licenciatura en Filosof\u00eda. Facult\u00e9 de Philosophie. Vals-pr\u00e8s-Le Puy. Francia. 1961.<\/li>\n<li>Licenciatura en Teolog\u00eda. Facultad de Teolog\u00eda. Granada, Espa\u00f1a. 1965.<\/li>\n<li>Docteur en Sciences Religieuses. Universit\u00e9 de Strasbourg, France. 1969.<\/li>\n<\/ul>\n<p><strong>\u00a0<\/strong><br \/>\n<strong>Algunos cargos importantes:<\/strong><\/p>\n<ul>\n<li>Miembro de la\u00a0<strong>Soci\u00e9t\u00e9 des Am\u00e9ricanistes<\/strong>\u00a0de Paris (1968).<\/li>\n<li>Director de la revista\u00a0<strong>Acci\u00f3n<\/strong>, de Asunci\u00f3n (1969-1975; 1993-99).<\/li>\n<li>Profesor de etnograf\u00eda en la Facultad de Filosof\u00eda y Ciencias de la Educaci\u00f3n, Universidad Cat\u00f3lica \u201cNuestra Se\u00f1ora de la Asunci\u00f3n\u201d (1969-1976).<\/li>\n<li>Presidente del Centro de Estudios Antropol\u00f3gicos, Asunci\u00f3n, y Director de la revista\u00a0<strong>Suplemento Antropol\u00f3gico<\/strong>\u00a0(1970-76). Actualmente presidente honorario del mismo Centro.<\/li>\n<li>Miembro fundador y primer director de la revista\u00a0<strong>Estudios Paraguayos,<\/strong>\u00a0Asunci\u00f3n (1971-76).<\/li>\n<li>Director del Centro de Investigaci\u00f3n y Acci\u00f3n Social (CIAS), Asunci\u00f3n (1971-1976).<\/li>\n<li>Director del\u00a0<strong>Centro de Estudios Paraguayos \u201cAntonio Guasch\u201d<\/strong>\u00a0(1996-1999)<\/li>\n<li>Secretario del Departamento de Misiones de la Conferencia Episcopal Paraguaya (1971-1976).<\/li>\n<li>Trabajos de campo con los En\u00e1 Wen\u00e9 Naw\u00e9, del r\u00edo Juruena, en Mato Grosso, Brasil (1977-1982).<\/li>\n<li>Miembro de la Asocia\u00e7\u00e3o Brasileira de Antropologia (ABA).<\/li>\n<li>Miembro de la\u00a0<strong>Comisi\u00f3n Nacional de Biling\u00fcismo<\/strong>. Presidencia de la Rep\u00fablica, Ministerio de Educaci\u00f3n y Culto: Decreto N\u00ba 6588, Asunci\u00f3n 15 de noviembre 1994; Decreto N\u00ba 6698, Asunci\u00f3n, 21 de noviembre 1994.<\/li>\n<li>Asesor principal para el\u00a0<strong>II Censo Nacional Ind\u00edgena de 2002<\/strong>, de la Direcci\u00f3n General de Estad\u00edstica, Encuestas y Censos. Secretar\u00eda de Planificaci\u00f3n de la Rep\u00fablica del Paraguay.<\/li>\n<\/ul>\n<p><strong>\u00a0<\/strong><br \/>\n<strong>Distinciones<\/strong><\/p>\n<ul>\n<li><strong>Orden Nacional del M\u00e9rito<\/strong>\u00a0en el grado de\u00a0<strong>Gran Oficial<\/strong>, 14 de mayo 1997. Paraguay (Decreto 17.220).<\/li>\n<li><strong>Medalla UNESCO<\/strong>\u00a050 Aniversario de a Declaraci\u00f3n Universal de los Derechos Humanos y Diploma de Honor al M\u00e9rito. 24 septiembre 2001.<\/li>\n<li>Premi\u00a0<strong>Ramon Llull de les Lletres<\/strong>, del Govern de les Illes Balears, 15 de febrero de 2002.<\/li>\n<li>Premi Institut\u00a0<strong>Linguapax<\/strong>\u00a0(Unesco), Barcelona, abril de 2002.<\/li>\n<li><strong>Cruz de Oficial\u00a0<\/strong>de la<strong>\u00a0Orden de Isabel la Cat\u00f3lica<\/strong>, por resoluci\u00f3n de S.M. don Juan Carlos I, rey de Espa\u00f1a, de 6 de diciembre de 2003. Dado el 15 de enero de 2004.<\/li>\n<li><strong>Premio Nacional de Ciencia 2004<\/strong>, del Congreso de la Naci\u00f3n paraguaya por la obra\u00a0<strong>La lengua Guaran\u00ed en el Paraguay Colonial<\/strong>\u00a0(Oficio del Sr. Presidente de la C\u00e1mara de Senadores, Sr. Miguel Carrizosa Galiano, 3 de noviembre de 2004).<\/li>\n<li><strong>Nacionalidad Honoraria<\/strong>. Rep\u00fablica del Paraguay. Poder Legislativo, Ley N\u00ba 2584.<\/li>\n<li>Profesor\u00a0<strong>Honoris Causa<\/strong>, de la Universidade Regional Integrada do Alto Uruguai e das Miss\u00f5es. Rio Grande do Sul, Brasil.<\/li>\n<li><strong>Medalla de Oro,<\/strong>\u00a0del Ayuntamiento de Porreres. 31 de mayo 2008.<\/li>\n<li><strong>Hijo Dilecto de la Ciudad de Asunci\u00f3n<\/strong>, Resoluci\u00f3n N\u00ba 3.542\/09. 11 de marzo de 2009.<\/li>\n<li><strong>Premio Bartolom\u00e9 de las Casas<\/strong>, Ministerio de Asuntos Exteriores y Cooperaci\u00f3n, y Casa de Am\u00e9rica. Recibido de manos de Su Alteza Real, el Pr\u00edncipe de Asturias, en el Palacio de la Zarzuela, Madrid, el 7 de septiembre de 2011.<\/li>\n<li><strong>Doctor Honoris Causa<\/strong>, t\u00edtulo otorgado por la Universidad Nacional de Asunci\u00f3n, con auspicio de la Facultad de Arquitectura, Dise\u00f1o y Arte, el 22 de noviembre de 2011.<\/li>\n<li><strong>Doctor Honoris Causa<\/strong>, t\u00edtulo otorgado por la Universidad Nacional de la Universidad N\u00aa S\u00aa de la Asunci\u00f3n, Paraguay<\/li>\n<li><strong>Doctor Honoris Causa<\/strong>, t\u00edtulo otorgado por la Universidad Nacional de Misiones, Posadas, Argentina.<\/li>\n<li><strong>Doctor Honoris Causa<\/strong>, t\u00edtulo otorgado por la Universidad Pontificia de Comillas-ICAI-ICADE, Madrid, 18 abril 2018.<\/li>\n<\/ul>\n<p><strong>\u00a0<\/strong><br \/>\n<strong>Lenguas habladas:<\/strong><\/p>\n<ul>\n<li>Catal\u00e1n (lengua materna y propia)<\/li>\n<li>Castellano (numerosas publicaciones, libros y art\u00edculos).<\/li>\n<li>Guaran\u00ed (incluyendo las variedades \u201chist\u00f3rica\u201d, mby\u00e1, pa\u00ef-tavyter\u00e4, avakat\u00fa y guaran\u00ed-chiriguano, paraguayo,).<\/li>\n<li>Franc\u00e9s (tesis y art\u00edculos publicados).<\/li>\n<li>Portugu\u00e9s (libros y art\u00edculos publicados).<\/li>\n<li>Alem\u00e1n (art\u00edculos publicados).<\/li>\n<li>Italiano (art\u00edculos publicados)<\/li>\n<li>Ingl\u00e9s.<\/li>\n<li>Lat\u00edn<\/li>\n<\/ul>\n","protected":false},"excerpt":{"rendered":"<p>En\u00a0mayo\u00a0de 1992 se realiz\u00f3 el primer Seminario sobre Educaci\u00f3n Biling\u00fce Intercultural, bajo la direcci\u00f3n del P. Bartomeu Meli\u00e1, SJ. En\u00a0julio\u00a0del mismo a\u00f1o se ultimaron los detalles para la implementaci\u00f3n de los distintos programas educativos y comenzaron: el Programa Rural de Educaci\u00f3n Biling\u00fce Intercultural (PREBI) y el Programa de Escuelas Suburbanas. Ambos programas dirigieron su atenci\u00f3n<\/p>\n","protected":false},"author":2,"featured_media":10103,"comment_status":"closed","ping_status":"closed","sticky":false,"template":"","format":"standard","meta":{"_acf_changed":false,"footnotes":""},"categories":[77],"tags":[],"post_folder":[],"class_list":["post-4291","post","type-post","status-publish","format-standard","has-post-thumbnail","hentry","category-noticias"],"acf":[],"yoast_head":"<!-- This site is optimized with the Yoast SEO plugin v27.5 - https:\/\/yoast.com\/product\/yoast-seo-wordpress\/ -->\n<title>PA&#039;I MELI\u00c1 GRAN PROPULSOR DE LA EDUCACI\u00d3N BILING\u00dcE INTERCULTURAL EN FE Y ALEGR\u00cdA - #SomosFeyAlegria en Paraguay<\/title>\n<meta name=\"robots\" content=\"index, follow, max-snippet:-1, max-image-preview:large, max-video-preview:-1\" \/>\n<link rel=\"canonical\" href=\"https:\/\/www.feyalegria.org\/paraguay\/pai-melia-gran-propulsor-de-la-educacion-bilingue-intercultural-en-fe-y-alegria\/\" \/>\n<meta property=\"og:locale\" content=\"es_ES\" \/>\n<meta property=\"og:type\" content=\"article\" \/>\n<meta property=\"og:title\" content=\"PA&#039;I MELI\u00c1 GRAN PROPULSOR DE LA EDUCACI\u00d3N BILING\u00dcE INTERCULTURAL EN FE Y ALEGR\u00cdA - #SomosFeyAlegria en Paraguay\" \/>\n<meta property=\"og:description\" content=\"En\u00a0mayo\u00a0de 1992 se realiz\u00f3 el primer Seminario sobre Educaci\u00f3n Biling\u00fce Intercultural, bajo la direcci\u00f3n del P. Bartomeu Meli\u00e1, SJ. En\u00a0julio\u00a0del mismo a\u00f1o se ultimaron los detalles para la implementaci\u00f3n de los distintos programas educativos y comenzaron: el Programa Rural de Educaci\u00f3n Biling\u00fce Intercultural (PREBI) y el Programa de Escuelas Suburbanas. Ambos programas dirigieron su atenci\u00f3n\" \/>\n<meta property=\"og:url\" content=\"https:\/\/www.feyalegria.org\/paraguay\/pai-melia-gran-propulsor-de-la-educacion-bilingue-intercultural-en-fe-y-alegria\/\" \/>\n<meta property=\"og:site_name\" content=\"#SomosFeyAlegria en Paraguay\" \/>\n<meta property=\"article:published_time\" content=\"2019-12-07T20:17:38+00:00\" \/>\n<meta property=\"article:modified_time\" content=\"2023-02-13T12:24:35+00:00\" \/>\n<meta property=\"og:image\" content=\"https:\/\/d3pugrm67vf9n7.cloudfront.net\/wp-content\/uploads\/sites\/33\/2019\/12\/13072101\/pai-Meli%C3%A1n.jpeg\" \/>\n\t<meta property=\"og:image:width\" content=\"565\" \/>\n\t<meta property=\"og:image:height\" content=\"395\" \/>\n\t<meta property=\"og:image:type\" content=\"image\/jpeg\" \/>\n<meta name=\"author\" content=\"adminfya\" \/>\n<meta name=\"twitter:card\" content=\"summary_large_image\" \/>\n<meta name=\"twitter:label1\" content=\"Escrito por\" \/>\n\t<meta name=\"twitter:data1\" content=\"adminfya\" \/>\n\t<meta name=\"twitter:label2\" content=\"Tiempo de lectura\" \/>\n\t<meta name=\"twitter:data2\" content=\"6 minutos\" \/>\n<script type=\"application\/ld+json\" class=\"yoast-schema-graph\">{\"@context\":\"https:\\\/\\\/schema.org\",\"@graph\":[{\"@type\":\"Article\",\"@id\":\"https:\\\/\\\/www.feyalegria.org\\\/paraguay\\\/pai-melia-gran-propulsor-de-la-educacion-bilingue-intercultural-en-fe-y-alegria\\\/#article\",\"isPartOf\":{\"@id\":\"https:\\\/\\\/www.feyalegria.org\\\/paraguay\\\/pai-melia-gran-propulsor-de-la-educacion-bilingue-intercultural-en-fe-y-alegria\\\/\"},\"author\":{\"name\":\"adminfya\",\"@id\":\"https:\\\/\\\/www.feyalegria.org\\\/paraguay\\\/#\\\/schema\\\/person\\\/f113dd05751b9243bcc4b62d8f55bc4b\"},\"headline\":\"PA&#8217;I MELI\u00c1 GRAN PROPULSOR DE LA EDUCACI\u00d3N BILING\u00dcE INTERCULTURAL EN FE Y ALEGR\u00cdA\",\"datePublished\":\"2019-12-07T20:17:38+00:00\",\"dateModified\":\"2023-02-13T12:24:35+00:00\",\"mainEntityOfPage\":{\"@id\":\"https:\\\/\\\/www.feyalegria.org\\\/paraguay\\\/pai-melia-gran-propulsor-de-la-educacion-bilingue-intercultural-en-fe-y-alegria\\\/\"},\"wordCount\":1147,\"image\":{\"@id\":\"https:\\\/\\\/www.feyalegria.org\\\/paraguay\\\/pai-melia-gran-propulsor-de-la-educacion-bilingue-intercultural-en-fe-y-alegria\\\/#primaryimage\"},\"thumbnailUrl\":\"https:\\\/\\\/d3pugrm67vf9n7.cloudfront.net\\\/wp-content\\\/uploads\\\/sites\\\/33\\\/2019\\\/12\\\/13072101\\\/pai-Meli%C3%A1n.jpeg\",\"articleSection\":[\"Noticias\"],\"inLanguage\":\"es\"},{\"@type\":\"WebPage\",\"@id\":\"https:\\\/\\\/www.feyalegria.org\\\/paraguay\\\/pai-melia-gran-propulsor-de-la-educacion-bilingue-intercultural-en-fe-y-alegria\\\/\",\"url\":\"https:\\\/\\\/www.feyalegria.org\\\/paraguay\\\/pai-melia-gran-propulsor-de-la-educacion-bilingue-intercultural-en-fe-y-alegria\\\/\",\"name\":\"PA'I MELI\u00c1 GRAN PROPULSOR DE LA EDUCACI\u00d3N BILING\u00dcE INTERCULTURAL EN FE Y ALEGR\u00cdA - #SomosFeyAlegria en Paraguay\",\"isPartOf\":{\"@id\":\"https:\\\/\\\/www.feyalegria.org\\\/paraguay\\\/#website\"},\"primaryImageOfPage\":{\"@id\":\"https:\\\/\\\/www.feyalegria.org\\\/paraguay\\\/pai-melia-gran-propulsor-de-la-educacion-bilingue-intercultural-en-fe-y-alegria\\\/#primaryimage\"},\"image\":{\"@id\":\"https:\\\/\\\/www.feyalegria.org\\\/paraguay\\\/pai-melia-gran-propulsor-de-la-educacion-bilingue-intercultural-en-fe-y-alegria\\\/#primaryimage\"},\"thumbnailUrl\":\"https:\\\/\\\/d3pugrm67vf9n7.cloudfront.net\\\/wp-content\\\/uploads\\\/sites\\\/33\\\/2019\\\/12\\\/13072101\\\/pai-Meli%C3%A1n.jpeg\",\"datePublished\":\"2019-12-07T20:17:38+00:00\",\"dateModified\":\"2023-02-13T12:24:35+00:00\",\"author\":{\"@id\":\"https:\\\/\\\/www.feyalegria.org\\\/paraguay\\\/#\\\/schema\\\/person\\\/f113dd05751b9243bcc4b62d8f55bc4b\"},\"breadcrumb\":{\"@id\":\"https:\\\/\\\/www.feyalegria.org\\\/paraguay\\\/pai-melia-gran-propulsor-de-la-educacion-bilingue-intercultural-en-fe-y-alegria\\\/#breadcrumb\"},\"inLanguage\":\"es\",\"potentialAction\":[{\"@type\":\"ReadAction\",\"target\":[\"https:\\\/\\\/www.feyalegria.org\\\/paraguay\\\/pai-melia-gran-propulsor-de-la-educacion-bilingue-intercultural-en-fe-y-alegria\\\/\"]}]},{\"@type\":\"ImageObject\",\"inLanguage\":\"es\",\"@id\":\"https:\\\/\\\/www.feyalegria.org\\\/paraguay\\\/pai-melia-gran-propulsor-de-la-educacion-bilingue-intercultural-en-fe-y-alegria\\\/#primaryimage\",\"url\":\"https:\\\/\\\/d3pugrm67vf9n7.cloudfront.net\\\/wp-content\\\/uploads\\\/sites\\\/33\\\/2019\\\/12\\\/13072101\\\/pai-Meli%C3%A1n.jpeg\",\"contentUrl\":\"https:\\\/\\\/d3pugrm67vf9n7.cloudfront.net\\\/wp-content\\\/uploads\\\/sites\\\/33\\\/2019\\\/12\\\/13072101\\\/pai-Meli%C3%A1n.jpeg\",\"width\":565,\"height\":395},{\"@type\":\"BreadcrumbList\",\"@id\":\"https:\\\/\\\/www.feyalegria.org\\\/paraguay\\\/pai-melia-gran-propulsor-de-la-educacion-bilingue-intercultural-en-fe-y-alegria\\\/#breadcrumb\",\"itemListElement\":[{\"@type\":\"ListItem\",\"position\":1,\"name\":\"Home\",\"item\":\"https:\\\/\\\/www.feyalegria.org\\\/paraguay\\\/\"},{\"@type\":\"ListItem\",\"position\":2,\"name\":\"PA&#8217;I MELI\u00c1 GRAN PROPULSOR DE LA EDUCACI\u00d3N BILING\u00dcE INTERCULTURAL EN FE Y ALEGR\u00cdA\"}]},{\"@type\":\"WebSite\",\"@id\":\"https:\\\/\\\/www.feyalegria.org\\\/paraguay\\\/#website\",\"url\":\"https:\\\/\\\/www.feyalegria.org\\\/paraguay\\\/\",\"name\":\"#SomosFeyAlegria en Paraguay\",\"description\":\"Movimiento de Educaci\u00f3n Popular y Promoci\u00f3n Social\",\"potentialAction\":[{\"@type\":\"SearchAction\",\"target\":{\"@type\":\"EntryPoint\",\"urlTemplate\":\"https:\\\/\\\/www.feyalegria.org\\\/paraguay\\\/?s={search_term_string}\"},\"query-input\":{\"@type\":\"PropertyValueSpecification\",\"valueRequired\":true,\"valueName\":\"search_term_string\"}}],\"inLanguage\":\"es\"},{\"@type\":\"Person\",\"@id\":\"https:\\\/\\\/www.feyalegria.org\\\/paraguay\\\/#\\\/schema\\\/person\\\/f113dd05751b9243bcc4b62d8f55bc4b\",\"name\":\"adminfya\",\"url\":\"https:\\\/\\\/www.feyalegria.org\\\/paraguay\\\/author\\\/adminfya\\\/\"}]}<\/script>\n<!-- \/ Yoast SEO plugin. -->","yoast_head_json":{"title":"PA'I MELI\u00c1 GRAN PROPULSOR DE LA EDUCACI\u00d3N BILING\u00dcE INTERCULTURAL EN FE Y ALEGR\u00cdA - #SomosFeyAlegria en Paraguay","robots":{"index":"index","follow":"follow","max-snippet":"max-snippet:-1","max-image-preview":"max-image-preview:large","max-video-preview":"max-video-preview:-1"},"canonical":"https:\/\/www.feyalegria.org\/paraguay\/pai-melia-gran-propulsor-de-la-educacion-bilingue-intercultural-en-fe-y-alegria\/","og_locale":"es_ES","og_type":"article","og_title":"PA'I MELI\u00c1 GRAN PROPULSOR DE LA EDUCACI\u00d3N BILING\u00dcE INTERCULTURAL EN FE Y ALEGR\u00cdA - #SomosFeyAlegria en Paraguay","og_description":"En\u00a0mayo\u00a0de 1992 se realiz\u00f3 el primer Seminario sobre Educaci\u00f3n Biling\u00fce Intercultural, bajo la direcci\u00f3n del P. Bartomeu Meli\u00e1, SJ. En\u00a0julio\u00a0del mismo a\u00f1o se ultimaron los detalles para la implementaci\u00f3n de los distintos programas educativos y comenzaron: el Programa Rural de Educaci\u00f3n Biling\u00fce Intercultural (PREBI) y el Programa de Escuelas Suburbanas. Ambos programas dirigieron su atenci\u00f3n","og_url":"https:\/\/www.feyalegria.org\/paraguay\/pai-melia-gran-propulsor-de-la-educacion-bilingue-intercultural-en-fe-y-alegria\/","og_site_name":"#SomosFeyAlegria en Paraguay","article_published_time":"2019-12-07T20:17:38+00:00","article_modified_time":"2023-02-13T12:24:35+00:00","og_image":[{"width":565,"height":395,"url":"https:\/\/d3pugrm67vf9n7.cloudfront.net\/wp-content\/uploads\/sites\/33\/2019\/12\/13072101\/pai-Meli%C3%A1n.jpeg","type":"image\/jpeg"}],"author":"adminfya","twitter_card":"summary_large_image","twitter_misc":{"Escrito por":"adminfya","Tiempo de lectura":"6 minutos"},"schema":{"@context":"https:\/\/schema.org","@graph":[{"@type":"Article","@id":"https:\/\/www.feyalegria.org\/paraguay\/pai-melia-gran-propulsor-de-la-educacion-bilingue-intercultural-en-fe-y-alegria\/#article","isPartOf":{"@id":"https:\/\/www.feyalegria.org\/paraguay\/pai-melia-gran-propulsor-de-la-educacion-bilingue-intercultural-en-fe-y-alegria\/"},"author":{"name":"adminfya","@id":"https:\/\/www.feyalegria.org\/paraguay\/#\/schema\/person\/f113dd05751b9243bcc4b62d8f55bc4b"},"headline":"PA&#8217;I MELI\u00c1 GRAN PROPULSOR DE LA EDUCACI\u00d3N BILING\u00dcE INTERCULTURAL EN FE Y ALEGR\u00cdA","datePublished":"2019-12-07T20:17:38+00:00","dateModified":"2023-02-13T12:24:35+00:00","mainEntityOfPage":{"@id":"https:\/\/www.feyalegria.org\/paraguay\/pai-melia-gran-propulsor-de-la-educacion-bilingue-intercultural-en-fe-y-alegria\/"},"wordCount":1147,"image":{"@id":"https:\/\/www.feyalegria.org\/paraguay\/pai-melia-gran-propulsor-de-la-educacion-bilingue-intercultural-en-fe-y-alegria\/#primaryimage"},"thumbnailUrl":"https:\/\/d3pugrm67vf9n7.cloudfront.net\/wp-content\/uploads\/sites\/33\/2019\/12\/13072101\/pai-Meli%C3%A1n.jpeg","articleSection":["Noticias"],"inLanguage":"es"},{"@type":"WebPage","@id":"https:\/\/www.feyalegria.org\/paraguay\/pai-melia-gran-propulsor-de-la-educacion-bilingue-intercultural-en-fe-y-alegria\/","url":"https:\/\/www.feyalegria.org\/paraguay\/pai-melia-gran-propulsor-de-la-educacion-bilingue-intercultural-en-fe-y-alegria\/","name":"PA'I MELI\u00c1 GRAN PROPULSOR DE LA EDUCACI\u00d3N BILING\u00dcE INTERCULTURAL EN FE Y ALEGR\u00cdA - #SomosFeyAlegria en Paraguay","isPartOf":{"@id":"https:\/\/www.feyalegria.org\/paraguay\/#website"},"primaryImageOfPage":{"@id":"https:\/\/www.feyalegria.org\/paraguay\/pai-melia-gran-propulsor-de-la-educacion-bilingue-intercultural-en-fe-y-alegria\/#primaryimage"},"image":{"@id":"https:\/\/www.feyalegria.org\/paraguay\/pai-melia-gran-propulsor-de-la-educacion-bilingue-intercultural-en-fe-y-alegria\/#primaryimage"},"thumbnailUrl":"https:\/\/d3pugrm67vf9n7.cloudfront.net\/wp-content\/uploads\/sites\/33\/2019\/12\/13072101\/pai-Meli%C3%A1n.jpeg","datePublished":"2019-12-07T20:17:38+00:00","dateModified":"2023-02-13T12:24:35+00:00","author":{"@id":"https:\/\/www.feyalegria.org\/paraguay\/#\/schema\/person\/f113dd05751b9243bcc4b62d8f55bc4b"},"breadcrumb":{"@id":"https:\/\/www.feyalegria.org\/paraguay\/pai-melia-gran-propulsor-de-la-educacion-bilingue-intercultural-en-fe-y-alegria\/#breadcrumb"},"inLanguage":"es","potentialAction":[{"@type":"ReadAction","target":["https:\/\/www.feyalegria.org\/paraguay\/pai-melia-gran-propulsor-de-la-educacion-bilingue-intercultural-en-fe-y-alegria\/"]}]},{"@type":"ImageObject","inLanguage":"es","@id":"https:\/\/www.feyalegria.org\/paraguay\/pai-melia-gran-propulsor-de-la-educacion-bilingue-intercultural-en-fe-y-alegria\/#primaryimage","url":"https:\/\/d3pugrm67vf9n7.cloudfront.net\/wp-content\/uploads\/sites\/33\/2019\/12\/13072101\/pai-Meli%C3%A1n.jpeg","contentUrl":"https:\/\/d3pugrm67vf9n7.cloudfront.net\/wp-content\/uploads\/sites\/33\/2019\/12\/13072101\/pai-Meli%C3%A1n.jpeg","width":565,"height":395},{"@type":"BreadcrumbList","@id":"https:\/\/www.feyalegria.org\/paraguay\/pai-melia-gran-propulsor-de-la-educacion-bilingue-intercultural-en-fe-y-alegria\/#breadcrumb","itemListElement":[{"@type":"ListItem","position":1,"name":"Home","item":"https:\/\/www.feyalegria.org\/paraguay\/"},{"@type":"ListItem","position":2,"name":"PA&#8217;I MELI\u00c1 GRAN PROPULSOR DE LA EDUCACI\u00d3N BILING\u00dcE INTERCULTURAL EN FE Y ALEGR\u00cdA"}]},{"@type":"WebSite","@id":"https:\/\/www.feyalegria.org\/paraguay\/#website","url":"https:\/\/www.feyalegria.org\/paraguay\/","name":"#SomosFeyAlegria en Paraguay","description":"Movimiento de Educaci\u00f3n Popular y Promoci\u00f3n Social","potentialAction":[{"@type":"SearchAction","target":{"@type":"EntryPoint","urlTemplate":"https:\/\/www.feyalegria.org\/paraguay\/?s={search_term_string}"},"query-input":{"@type":"PropertyValueSpecification","valueRequired":true,"valueName":"search_term_string"}}],"inLanguage":"es"},{"@type":"Person","@id":"https:\/\/www.feyalegria.org\/paraguay\/#\/schema\/person\/f113dd05751b9243bcc4b62d8f55bc4b","name":"adminfya","url":"https:\/\/www.feyalegria.org\/paraguay\/author\/adminfya\/"}]}},"_links":{"self":[{"href":"https:\/\/www.feyalegria.org\/paraguay\/wp-json\/wp\/v2\/posts\/4291","targetHints":{"allow":["GET"]}}],"collection":[{"href":"https:\/\/www.feyalegria.org\/paraguay\/wp-json\/wp\/v2\/posts"}],"about":[{"href":"https:\/\/www.feyalegria.org\/paraguay\/wp-json\/wp\/v2\/types\/post"}],"author":[{"embeddable":true,"href":"https:\/\/www.feyalegria.org\/paraguay\/wp-json\/wp\/v2\/users\/2"}],"replies":[{"embeddable":true,"href":"https:\/\/www.feyalegria.org\/paraguay\/wp-json\/wp\/v2\/comments?post=4291"}],"version-history":[{"count":0,"href":"https:\/\/www.feyalegria.org\/paraguay\/wp-json\/wp\/v2\/posts\/4291\/revisions"}],"wp:featuredmedia":[{"embeddable":true,"href":"https:\/\/www.feyalegria.org\/paraguay\/wp-json\/wp\/v2\/media\/10103"}],"wp:attachment":[{"href":"https:\/\/www.feyalegria.org\/paraguay\/wp-json\/wp\/v2\/media?parent=4291"}],"wp:term":[{"taxonomy":"category","embeddable":true,"href":"https:\/\/www.feyalegria.org\/paraguay\/wp-json\/wp\/v2\/categories?post=4291"},{"taxonomy":"post_tag","embeddable":true,"href":"https:\/\/www.feyalegria.org\/paraguay\/wp-json\/wp\/v2\/tags?post=4291"},{"taxonomy":"post_folder","embeddable":true,"href":"https:\/\/www.feyalegria.org\/paraguay\/wp-json\/wp\/v2\/post_folder?post=4291"}],"curies":[{"name":"wp","href":"https:\/\/api.w.org\/{rel}","templated":true}]}}