 {"id":4696,"date":"2020-05-15T16:46:00","date_gmt":"2020-05-15T16:46:00","guid":{"rendered":"https:\/\/feyalegria.org.py\/?p=4696"},"modified":"2023-02-10T08:37:05","modified_gmt":"2023-02-10T13:37:05","slug":"feliz-dia-a-todas-las-madres-del-paraguay","status":"publish","type":"post","link":"https:\/\/www.feyalegria.org\/paraguay\/feliz-dia-a-todas-las-madres-del-paraguay\/","title":{"rendered":"\u00a1Feliz d\u00eda a todas las Madres del Paraguay!"},"content":{"rendered":"<div class=\"wpb-content-wrapper\"><p>[vc_row][vc_column][vc_column_text]En nuestro pa\u00eds esta celebraci\u00f3n se realiza el 15 de mayo, la misma est\u00e1 relacionada a la gesta de la independencia celebrada el 14 y 15 de mayo como fiesta de la \u201cMadre Patria\u201d, posteriormente dichas festividades se conmemoran por separado. Seg\u00fan algunos historiadores, en Paraguay se recuerda el 15 de mayo en homenaje a Juana de Lara, quien junto con los pr\u00f3ceres de la libertad de nuestra naci\u00f3n fue protagonista de la independencia de nuestra patria. Pero algunos historiadores descartan la relaci\u00f3n de la conmemoraci\u00f3n del d\u00eda de la Madre con Juana de Lara, de hecho, la misma fue declarada Pr\u00f3cer Nacional en el a\u00f1o 2010 de la Ley 4.082\/2010.<br \/>\nSin embargo, los historiadores afirman que antes se buscaba asentar las fechas por proximidad de otras fechas, como, por ejemplo, el d\u00eda del maestro, que es v\u00edspera del d\u00eda del Trabajador\u00bb.<br \/>\nLa conmemoraci\u00f3n de este d\u00eda, es muy especial para varias familias paraguayas pues es un motivo para la reuni\u00f3n familiar.<br \/>\n<strong>\u00bfPor qu\u00e9 se celebra el d\u00eda de la madre?<\/strong><br \/>\nLa conmemoraci\u00f3n del D\u00eda de las Madres se inici\u00f3 en la antigua Grecia, all\u00ed se le rend\u00eda ceremonia a la madre de los Dioses Zeus, Poseid\u00f3n y Hades, cuyo nombre era Rea. A esta celebraci\u00f3n los romanos lo denominaron Hilaria. En el templo de Cibeles durante tres d\u00edas realizaban ofrendas y cada el 15 de marzo celebran este d\u00eda.\u00a0En la mayor\u00eda de los pa\u00edses del mundo el d\u00eda de la Madre se celebra en el mes de mayo.<br \/>\nPero en realidad, \u00bfde d\u00f3nde viene la conmemoraci\u00f3n que se realiza en esta fecha?<br \/>\nEl 8 de diciembre la tradici\u00f3n cristiana ya celebraba a Mar\u00eda la madre de Jes\u00fas, pero en esta fecha la fiesta no era un d\u00eda de la madre, sino m\u00e1s bien ese d\u00eda dedicaban a venerar a la Virgen de la Inmaculada Concepci\u00f3n.<br \/>\nEn cambio, el d\u00eda de la Madre sin ce\u00f1o religioso surgi\u00f3 en el siglo XX, cuando Woodrow Wilson en ese entonces presidente de los Estados Unidos, proclam\u00f3 como fiesta nacional cada segundo domingo del mes de mayo para celebrar a las madres, hasta hoy d\u00eda se mantiene eso en ese pa\u00eds.<br \/>\nEl Congreso de EE. UU (1914) gracias a la constancia de la escritora Julia Ward se aprob\u00f3 ese d\u00eda festivo.<br \/>\nFuente:\u00a0<a href=\"https:\/\/www.mec.edu.py\/index.php\/es\/recursos-educativos\/otros-recursos\/articulos-de-interes\/91-15-de-mayo-dia-de-la-madre-paraguaya\">https:\/\/www.mec.edu.py\/index.php\/es\/recursos-educativos\/otros-recursos\/articulos-de-interes\/91-15-de-mayo-dia-de-la-madre-paraguaya<\/a><br \/>\nEn todo caso desde Fe y Alegr\u00eda Paraguay rendimos un peque\u00f1o homenaje a quienes en tiempos dif\u00edciles de cuarentena tambi\u00e9n ayudan a sus hijos a seguir estudiando con los contenidos educativos que mandan los maestros de la Escuela.<br \/>\n<a href=\"https:\/\/d3pugrm67vf9n7.cloudfront.net\/wp-content\/uploads\/sites\/33\/2020\/05\/10083540\/dia-de-la-madre-300x300-1.png\"><img loading=\"lazy\" decoding=\"async\" class=\"alignleft wp-image-4697 size-medium\" src=\"https:\/\/feyalegria.org.py\/wp-content\/uploads\/2020\/05\/dia-de-la-madre-300x300.png\" alt=\"\" width=\"300\" height=\"300\" \/><\/a>[\/vc_column_text][\/vc_column][\/vc_row]<\/p>\n<\/div>","protected":false},"excerpt":{"rendered":"<p>[vc_row][vc_column][vc_column_text]En nuestro pa\u00eds esta celebraci\u00f3n se realiza el 15 de mayo, la misma est\u00e1 relacionada a la gesta de la independencia celebrada el 14 y 15 de mayo como fiesta de la \u201cMadre Patria\u201d, posteriormente dichas festividades se conmemoran por separado. Seg\u00fan algunos historiadores, en Paraguay se recuerda el 15 de mayo en homenaje a<\/p>\n","protected":false},"author":2,"featured_media":9809,"comment_status":"closed","ping_status":"closed","sticky":false,"template":"","format":"standard","meta":{"_acf_changed":false,"footnotes":""},"categories":[77],"tags":[],"post_folder":[],"class_list":["post-4696","post","type-post","status-publish","format-standard","has-post-thumbnail","hentry","category-noticias"],"acf":[],"yoast_head":"<!-- This site is optimized with the Yoast SEO plugin v27.4 - https:\/\/yoast.com\/product\/yoast-seo-wordpress\/ -->\n<title>\u00a1Feliz d\u00eda a todas las Madres del Paraguay! - #SomosFeyAlegria en Paraguay<\/title>\n<meta name=\"robots\" content=\"index, follow, max-snippet:-1, max-image-preview:large, max-video-preview:-1\" \/>\n<link rel=\"canonical\" href=\"https:\/\/www.feyalegria.org\/paraguay\/feliz-dia-a-todas-las-madres-del-paraguay\/\" \/>\n<meta property=\"og:locale\" content=\"es_ES\" \/>\n<meta property=\"og:type\" content=\"article\" \/>\n<meta property=\"og:title\" content=\"\u00a1Feliz d\u00eda a todas las Madres del Paraguay! - #SomosFeyAlegria en Paraguay\" \/>\n<meta property=\"og:description\" content=\"[vc_row][vc_column][vc_column_text]En nuestro pa\u00eds esta celebraci\u00f3n se realiza el 15 de mayo, la misma est\u00e1 relacionada a la gesta de la independencia celebrada el 14 y 15 de mayo como fiesta de la \u201cMadre Patria\u201d, posteriormente dichas festividades se conmemoran por separado. Seg\u00fan algunos historiadores, en Paraguay se recuerda el 15 de mayo en homenaje a\" \/>\n<meta property=\"og:url\" content=\"https:\/\/www.feyalegria.org\/paraguay\/feliz-dia-a-todas-las-madres-del-paraguay\/\" \/>\n<meta property=\"og:site_name\" content=\"#SomosFeyAlegria en Paraguay\" \/>\n<meta property=\"article:published_time\" content=\"2020-05-15T16:46:00+00:00\" \/>\n<meta property=\"article:modified_time\" content=\"2023-02-10T13:37:05+00:00\" \/>\n<meta property=\"og:image\" content=\"https:\/\/d3pugrm67vf9n7.cloudfront.net\/wp-content\/uploads\/sites\/33\/2020\/05\/10083540\/dia-de-la-madre-300x300-1.png\" \/>\n\t<meta property=\"og:image:width\" content=\"300\" \/>\n\t<meta property=\"og:image:height\" content=\"300\" \/>\n\t<meta property=\"og:image:type\" content=\"image\/png\" \/>\n<meta name=\"author\" content=\"adminfya\" \/>\n<meta name=\"twitter:card\" content=\"summary_large_image\" \/>\n<meta name=\"twitter:label1\" content=\"Escrito por\" \/>\n\t<meta name=\"twitter:data1\" content=\"adminfya\" \/>\n\t<meta name=\"twitter:label2\" content=\"Tiempo de lectura\" \/>\n\t<meta name=\"twitter:data2\" content=\"2 minutos\" \/>\n<script type=\"application\/ld+json\" class=\"yoast-schema-graph\">{\"@context\":\"https:\\\/\\\/schema.org\",\"@graph\":[{\"@type\":\"Article\",\"@id\":\"https:\\\/\\\/www.feyalegria.org\\\/paraguay\\\/feliz-dia-a-todas-las-madres-del-paraguay\\\/#article\",\"isPartOf\":{\"@id\":\"https:\\\/\\\/www.feyalegria.org\\\/paraguay\\\/feliz-dia-a-todas-las-madres-del-paraguay\\\/\"},\"author\":{\"name\":\"adminfya\",\"@id\":\"https:\\\/\\\/www.feyalegria.org\\\/paraguay\\\/#\\\/schema\\\/person\\\/f113dd05751b9243bcc4b62d8f55bc4b\"},\"headline\":\"\u00a1Feliz d\u00eda a todas las Madres del Paraguay!\",\"datePublished\":\"2020-05-15T16:46:00+00:00\",\"dateModified\":\"2023-02-10T13:37:05+00:00\",\"mainEntityOfPage\":{\"@id\":\"https:\\\/\\\/www.feyalegria.org\\\/paraguay\\\/feliz-dia-a-todas-las-madres-del-paraguay\\\/\"},\"wordCount\":489,\"image\":{\"@id\":\"https:\\\/\\\/www.feyalegria.org\\\/paraguay\\\/feliz-dia-a-todas-las-madres-del-paraguay\\\/#primaryimage\"},\"thumbnailUrl\":\"https:\\\/\\\/d3pugrm67vf9n7.cloudfront.net\\\/wp-content\\\/uploads\\\/sites\\\/33\\\/2020\\\/05\\\/10083540\\\/dia-de-la-madre-300x300-1.png\",\"articleSection\":[\"Noticias\"],\"inLanguage\":\"es\"},{\"@type\":\"WebPage\",\"@id\":\"https:\\\/\\\/www.feyalegria.org\\\/paraguay\\\/feliz-dia-a-todas-las-madres-del-paraguay\\\/\",\"url\":\"https:\\\/\\\/www.feyalegria.org\\\/paraguay\\\/feliz-dia-a-todas-las-madres-del-paraguay\\\/\",\"name\":\"\u00a1Feliz d\u00eda a todas las Madres del Paraguay! - #SomosFeyAlegria en Paraguay\",\"isPartOf\":{\"@id\":\"https:\\\/\\\/www.feyalegria.org\\\/paraguay\\\/#website\"},\"primaryImageOfPage\":{\"@id\":\"https:\\\/\\\/www.feyalegria.org\\\/paraguay\\\/feliz-dia-a-todas-las-madres-del-paraguay\\\/#primaryimage\"},\"image\":{\"@id\":\"https:\\\/\\\/www.feyalegria.org\\\/paraguay\\\/feliz-dia-a-todas-las-madres-del-paraguay\\\/#primaryimage\"},\"thumbnailUrl\":\"https:\\\/\\\/d3pugrm67vf9n7.cloudfront.net\\\/wp-content\\\/uploads\\\/sites\\\/33\\\/2020\\\/05\\\/10083540\\\/dia-de-la-madre-300x300-1.png\",\"datePublished\":\"2020-05-15T16:46:00+00:00\",\"dateModified\":\"2023-02-10T13:37:05+00:00\",\"author\":{\"@id\":\"https:\\\/\\\/www.feyalegria.org\\\/paraguay\\\/#\\\/schema\\\/person\\\/f113dd05751b9243bcc4b62d8f55bc4b\"},\"breadcrumb\":{\"@id\":\"https:\\\/\\\/www.feyalegria.org\\\/paraguay\\\/feliz-dia-a-todas-las-madres-del-paraguay\\\/#breadcrumb\"},\"inLanguage\":\"es\",\"potentialAction\":[{\"@type\":\"ReadAction\",\"target\":[\"https:\\\/\\\/www.feyalegria.org\\\/paraguay\\\/feliz-dia-a-todas-las-madres-del-paraguay\\\/\"]}]},{\"@type\":\"ImageObject\",\"inLanguage\":\"es\",\"@id\":\"https:\\\/\\\/www.feyalegria.org\\\/paraguay\\\/feliz-dia-a-todas-las-madres-del-paraguay\\\/#primaryimage\",\"url\":\"https:\\\/\\\/d3pugrm67vf9n7.cloudfront.net\\\/wp-content\\\/uploads\\\/sites\\\/33\\\/2020\\\/05\\\/10083540\\\/dia-de-la-madre-300x300-1.png\",\"contentUrl\":\"https:\\\/\\\/d3pugrm67vf9n7.cloudfront.net\\\/wp-content\\\/uploads\\\/sites\\\/33\\\/2020\\\/05\\\/10083540\\\/dia-de-la-madre-300x300-1.png\",\"width\":300,\"height\":300},{\"@type\":\"BreadcrumbList\",\"@id\":\"https:\\\/\\\/www.feyalegria.org\\\/paraguay\\\/feliz-dia-a-todas-las-madres-del-paraguay\\\/#breadcrumb\",\"itemListElement\":[{\"@type\":\"ListItem\",\"position\":1,\"name\":\"Home\",\"item\":\"https:\\\/\\\/www.feyalegria.org\\\/paraguay\\\/\"},{\"@type\":\"ListItem\",\"position\":2,\"name\":\"\u00a1Feliz d\u00eda a todas las Madres del Paraguay!\"}]},{\"@type\":\"WebSite\",\"@id\":\"https:\\\/\\\/www.feyalegria.org\\\/paraguay\\\/#website\",\"url\":\"https:\\\/\\\/www.feyalegria.org\\\/paraguay\\\/\",\"name\":\"#SomosFeyAlegria en Paraguay\",\"description\":\"Movimiento de Educaci\u00f3n Popular y Promoci\u00f3n Social\",\"potentialAction\":[{\"@type\":\"SearchAction\",\"target\":{\"@type\":\"EntryPoint\",\"urlTemplate\":\"https:\\\/\\\/www.feyalegria.org\\\/paraguay\\\/?s={search_term_string}\"},\"query-input\":{\"@type\":\"PropertyValueSpecification\",\"valueRequired\":true,\"valueName\":\"search_term_string\"}}],\"inLanguage\":\"es\"},{\"@type\":\"Person\",\"@id\":\"https:\\\/\\\/www.feyalegria.org\\\/paraguay\\\/#\\\/schema\\\/person\\\/f113dd05751b9243bcc4b62d8f55bc4b\",\"name\":\"adminfya\",\"url\":\"https:\\\/\\\/www.feyalegria.org\\\/paraguay\\\/author\\\/adminfya\\\/\"}]}<\/script>\n<!-- \/ Yoast SEO plugin. -->","yoast_head_json":{"title":"\u00a1Feliz d\u00eda a todas las Madres del Paraguay! - #SomosFeyAlegria en Paraguay","robots":{"index":"index","follow":"follow","max-snippet":"max-snippet:-1","max-image-preview":"max-image-preview:large","max-video-preview":"max-video-preview:-1"},"canonical":"https:\/\/www.feyalegria.org\/paraguay\/feliz-dia-a-todas-las-madres-del-paraguay\/","og_locale":"es_ES","og_type":"article","og_title":"\u00a1Feliz d\u00eda a todas las Madres del Paraguay! - #SomosFeyAlegria en Paraguay","og_description":"[vc_row][vc_column][vc_column_text]En nuestro pa\u00eds esta celebraci\u00f3n se realiza el 15 de mayo, la misma est\u00e1 relacionada a la gesta de la independencia celebrada el 14 y 15 de mayo como fiesta de la \u201cMadre Patria\u201d, posteriormente dichas festividades se conmemoran por separado. Seg\u00fan algunos historiadores, en Paraguay se recuerda el 15 de mayo en homenaje a","og_url":"https:\/\/www.feyalegria.org\/paraguay\/feliz-dia-a-todas-las-madres-del-paraguay\/","og_site_name":"#SomosFeyAlegria en Paraguay","article_published_time":"2020-05-15T16:46:00+00:00","article_modified_time":"2023-02-10T13:37:05+00:00","og_image":[{"width":300,"height":300,"url":"https:\/\/d3pugrm67vf9n7.cloudfront.net\/wp-content\/uploads\/sites\/33\/2020\/05\/10083540\/dia-de-la-madre-300x300-1.png","type":"image\/png"}],"author":"adminfya","twitter_card":"summary_large_image","twitter_misc":{"Escrito por":"adminfya","Tiempo de lectura":"2 minutos"},"schema":{"@context":"https:\/\/schema.org","@graph":[{"@type":"Article","@id":"https:\/\/www.feyalegria.org\/paraguay\/feliz-dia-a-todas-las-madres-del-paraguay\/#article","isPartOf":{"@id":"https:\/\/www.feyalegria.org\/paraguay\/feliz-dia-a-todas-las-madres-del-paraguay\/"},"author":{"name":"adminfya","@id":"https:\/\/www.feyalegria.org\/paraguay\/#\/schema\/person\/f113dd05751b9243bcc4b62d8f55bc4b"},"headline":"\u00a1Feliz d\u00eda a todas las Madres del Paraguay!","datePublished":"2020-05-15T16:46:00+00:00","dateModified":"2023-02-10T13:37:05+00:00","mainEntityOfPage":{"@id":"https:\/\/www.feyalegria.org\/paraguay\/feliz-dia-a-todas-las-madres-del-paraguay\/"},"wordCount":489,"image":{"@id":"https:\/\/www.feyalegria.org\/paraguay\/feliz-dia-a-todas-las-madres-del-paraguay\/#primaryimage"},"thumbnailUrl":"https:\/\/d3pugrm67vf9n7.cloudfront.net\/wp-content\/uploads\/sites\/33\/2020\/05\/10083540\/dia-de-la-madre-300x300-1.png","articleSection":["Noticias"],"inLanguage":"es"},{"@type":"WebPage","@id":"https:\/\/www.feyalegria.org\/paraguay\/feliz-dia-a-todas-las-madres-del-paraguay\/","url":"https:\/\/www.feyalegria.org\/paraguay\/feliz-dia-a-todas-las-madres-del-paraguay\/","name":"\u00a1Feliz d\u00eda a todas las Madres del Paraguay! - #SomosFeyAlegria en Paraguay","isPartOf":{"@id":"https:\/\/www.feyalegria.org\/paraguay\/#website"},"primaryImageOfPage":{"@id":"https:\/\/www.feyalegria.org\/paraguay\/feliz-dia-a-todas-las-madres-del-paraguay\/#primaryimage"},"image":{"@id":"https:\/\/www.feyalegria.org\/paraguay\/feliz-dia-a-todas-las-madres-del-paraguay\/#primaryimage"},"thumbnailUrl":"https:\/\/d3pugrm67vf9n7.cloudfront.net\/wp-content\/uploads\/sites\/33\/2020\/05\/10083540\/dia-de-la-madre-300x300-1.png","datePublished":"2020-05-15T16:46:00+00:00","dateModified":"2023-02-10T13:37:05+00:00","author":{"@id":"https:\/\/www.feyalegria.org\/paraguay\/#\/schema\/person\/f113dd05751b9243bcc4b62d8f55bc4b"},"breadcrumb":{"@id":"https:\/\/www.feyalegria.org\/paraguay\/feliz-dia-a-todas-las-madres-del-paraguay\/#breadcrumb"},"inLanguage":"es","potentialAction":[{"@type":"ReadAction","target":["https:\/\/www.feyalegria.org\/paraguay\/feliz-dia-a-todas-las-madres-del-paraguay\/"]}]},{"@type":"ImageObject","inLanguage":"es","@id":"https:\/\/www.feyalegria.org\/paraguay\/feliz-dia-a-todas-las-madres-del-paraguay\/#primaryimage","url":"https:\/\/d3pugrm67vf9n7.cloudfront.net\/wp-content\/uploads\/sites\/33\/2020\/05\/10083540\/dia-de-la-madre-300x300-1.png","contentUrl":"https:\/\/d3pugrm67vf9n7.cloudfront.net\/wp-content\/uploads\/sites\/33\/2020\/05\/10083540\/dia-de-la-madre-300x300-1.png","width":300,"height":300},{"@type":"BreadcrumbList","@id":"https:\/\/www.feyalegria.org\/paraguay\/feliz-dia-a-todas-las-madres-del-paraguay\/#breadcrumb","itemListElement":[{"@type":"ListItem","position":1,"name":"Home","item":"https:\/\/www.feyalegria.org\/paraguay\/"},{"@type":"ListItem","position":2,"name":"\u00a1Feliz d\u00eda a todas las Madres del Paraguay!"}]},{"@type":"WebSite","@id":"https:\/\/www.feyalegria.org\/paraguay\/#website","url":"https:\/\/www.feyalegria.org\/paraguay\/","name":"#SomosFeyAlegria en Paraguay","description":"Movimiento de Educaci\u00f3n Popular y Promoci\u00f3n Social","potentialAction":[{"@type":"SearchAction","target":{"@type":"EntryPoint","urlTemplate":"https:\/\/www.feyalegria.org\/paraguay\/?s={search_term_string}"},"query-input":{"@type":"PropertyValueSpecification","valueRequired":true,"valueName":"search_term_string"}}],"inLanguage":"es"},{"@type":"Person","@id":"https:\/\/www.feyalegria.org\/paraguay\/#\/schema\/person\/f113dd05751b9243bcc4b62d8f55bc4b","name":"adminfya","url":"https:\/\/www.feyalegria.org\/paraguay\/author\/adminfya\/"}]}},"_links":{"self":[{"href":"https:\/\/www.feyalegria.org\/paraguay\/wp-json\/wp\/v2\/posts\/4696","targetHints":{"allow":["GET"]}}],"collection":[{"href":"https:\/\/www.feyalegria.org\/paraguay\/wp-json\/wp\/v2\/posts"}],"about":[{"href":"https:\/\/www.feyalegria.org\/paraguay\/wp-json\/wp\/v2\/types\/post"}],"author":[{"embeddable":true,"href":"https:\/\/www.feyalegria.org\/paraguay\/wp-json\/wp\/v2\/users\/2"}],"replies":[{"embeddable":true,"href":"https:\/\/www.feyalegria.org\/paraguay\/wp-json\/wp\/v2\/comments?post=4696"}],"version-history":[{"count":0,"href":"https:\/\/www.feyalegria.org\/paraguay\/wp-json\/wp\/v2\/posts\/4696\/revisions"}],"wp:featuredmedia":[{"embeddable":true,"href":"https:\/\/www.feyalegria.org\/paraguay\/wp-json\/wp\/v2\/media\/9809"}],"wp:attachment":[{"href":"https:\/\/www.feyalegria.org\/paraguay\/wp-json\/wp\/v2\/media?parent=4696"}],"wp:term":[{"taxonomy":"category","embeddable":true,"href":"https:\/\/www.feyalegria.org\/paraguay\/wp-json\/wp\/v2\/categories?post=4696"},{"taxonomy":"post_tag","embeddable":true,"href":"https:\/\/www.feyalegria.org\/paraguay\/wp-json\/wp\/v2\/tags?post=4696"},{"taxonomy":"post_folder","embeddable":true,"href":"https:\/\/www.feyalegria.org\/paraguay\/wp-json\/wp\/v2\/post_folder?post=4696"}],"curies":[{"name":"wp","href":"https:\/\/api.w.org\/{rel}","templated":true}]}}