{"id":6879,"date":"2021-03-22T23:28:20","date_gmt":"2021-03-23T02:28:20","guid":{"rendered":"https:\/\/feyalegria.org.py\/?p=6879"},"modified":"2021-03-22T23:28:20","modified_gmt":"2021-03-23T02:28:20","slug":"eco-aldea-indigena-mision-guarani","status":"publish","type":"post","link":"https:\/\/www.feyalegria.org\/paraguay\/eco-aldea-indigena-mision-guarani\/","title":{"rendered":"ECO-ALDEA-IND\u00cdGENA &#8211; Misi\u00f3n Guaran\u00ed"},"content":{"rendered":"<h1>ECO-ALDEA-IND\u00cdGENA &#8211; Misi\u00f3n Guaran\u00ed<\/h1>\n<p>Fe y Alegr\u00eda apoya a la formaci\u00f3n de los j\u00f3venes ind\u00edgenas, ofreciendo posibilidades de acceso y acompa\u00f1amiento en lo <em>acad\u00e9mico y t\u00e9cnico<\/em>, desde la educaci\u00f3n inicial b\u00e1sica hasta el grado universitario.<\/p>\n<p>Este proyecto pretende dar continuidad y sostenibilidad a los esfuerzos que se fueron dando en los \u00faltimos a\u00f1os a este emprendimiento de trabajo con los ind\u00edgenas.<\/p>\n<p>Como estrategia de intervenci\u00f3n se desarrolla las siguientes l\u00edneas de acciones:<\/p>\n<ol>\n<li>Construcci\u00f3n y constituci\u00f3n de la granja autosustentable con modelo de producci\u00f3n sostenible con enfoque agroecol\u00f3gico<\/li>\n<\/ol>\n<p>Logros alcanzados:<\/p>\n<p>&#8211;\u00a0\u00a0\u00a0\u00a0\u00a0\u00a0\u00a0\u00a0\u00a0 Huerta estilo familiar como modelo, tiene un dise\u00f1o circular de 20 m de di\u00e1metro, con el fin de controlar la erosi\u00f3n debido a las condiciones del terreno, econom\u00eda en el espacio y con la intenci\u00f3n de fomentar el trabajo colaborativo con los j\u00f3venes.<\/p>\n<p>&#8211;\u00a0\u00a0\u00a0\u00a0\u00a0\u00a0\u00a0\u00a0\u00a0 Dise\u00f1o e implantaci\u00f3n del bosque comestible, la agroforester\u00eda y la restauraci\u00f3n forestal, con una dimensi\u00f3n de 1,25 ha y est\u00e1 dividida en tres sub parcelas: A-parcela 1- 0.25 Ha Bosque comestible, B- parcela 2-0.50 Ha Agroforester\u00eda, C- parcela 3- 0.28 Ha Restauraci\u00f3n forestal.<\/p>\n<p>&#8211;\u00a0\u00a0\u00a0\u00a0\u00a0\u00a0\u00a0\u00a0\u00a0 Cr\u00eda de lombrices para la producci\u00f3n de humus y la elaboraci\u00f3n de Bocashi, un compost de r\u00e1pida descomposici\u00f3n que ser\u00e1n utilizados en los diferentes cultivos dentro de la granja para reemplazar el uso de fertilizantes minerales comerciales. Adem\u00e1s, para el control de plagas, se realizaron varios insecticidas a base de aj\u00ed, ajo, cebolla y t\u00e1rtago para la sanidad vegetal; es un desaf\u00edo especialmente, el control de hormigas<\/p>\n<p>Queda pendiente la suinocultura, la piscicultura, la apicultura y la producci\u00f3n de ganado mayor y menor, para una mayor diversificaci\u00f3n de productos en la granja<\/p>\n<ol>\n<li>Construcci\u00f3n de la ECO-ALDEA<\/li>\n<\/ol>\n<p>La construcci\u00f3n de un albergue y sala de estudios realizada permite a los j\u00f3venes ind\u00edgenas disponer un lugar propio para los espacios formativos. El dise\u00f1o fue armado por un equipo de arquitectos y estudiantes de arquitectura e implementado por un plantel de profesionales. Se encuentra ubicado estrat\u00e9gicamente en una zona de contacto directo con el bosque.<\/p>\n<ol>\n<li>Educaci\u00f3n<\/li>\n<\/ol>\n<p>Busca acompa\u00f1ar el proceso de formaci\u00f3n continuada e interdisciplinar de los j\u00f3venes ind\u00edgenas contemplando las siguientes actividades : refuerzo escolar para logren terminar con los estudios acad\u00e9micos, tallado en madera, piedra y pintura que promuevan su creatividad, becas de estudios a los que desean continuar en el sistema escolar hasta llegar al grado universitario.<\/p>\n<p><\/p>\n<p>\t\t\t\t<a data-elementor-open-lightbox=\"yes\" data-elementor-lightbox-slideshow=\"fd8ec0d\" data-elementor-lightbox-title=\"ECO-ALDEA-IND\u00cdGENA - Misi\u00f3n Guaran\u00ed - PORTADA\" href=\"https:\/\/feyalegria.org.py\/wp-content\/uploads\/2021\/03\/ECO-ALDEA-INDIGENA-Mision-Guarani-PORTADA.jpg\"><\/p>\n<figure><img decoding=\"async\" src=\"https:\/\/feyalegria.org.py\/wp-content\/uploads\/2021\/03\/ECO-ALDEA-INDIGENA-Mision-Guarani-PORTADA-300x200.jpg\" alt=\"ECO-ALDEA-IND\u00cdGENA - Misi\u00f3n Guaran\u00ed - PORTADA\" \/><\/figure>\n<p><\/a><a data-elementor-open-lightbox=\"yes\" data-elementor-lightbox-slideshow=\"fd8ec0d\" data-elementor-lightbox-title=\"ECO-ALDEA-IND\u00cdGENA - Misi\u00f3n Guaran\u00ed (1)\" href=\"https:\/\/feyalegria.org.py\/wp-content\/uploads\/2021\/03\/ECO-ALDEA-INDIGENA-Mision-Guarani-1.jpg\"><\/p>\n<figure><img decoding=\"async\" src=\"https:\/\/feyalegria.org.py\/wp-content\/uploads\/2021\/03\/ECO-ALDEA-INDIGENA-Mision-Guarani-1-300x200.jpg\" alt=\"ECO-ALDEA-IND\u00cdGENA - Misi\u00f3n Guaran\u00ed (1)\" \/><\/figure>\n<p><\/a><a data-elementor-open-lightbox=\"yes\" data-elementor-lightbox-slideshow=\"fd8ec0d\" data-elementor-lightbox-title=\"ECO-ALDEA-IND\u00cdGENA - Misi\u00f3n Guaran\u00ed (2)\" href=\"https:\/\/feyalegria.org.py\/wp-content\/uploads\/2021\/03\/ECO-ALDEA-INDIGENA-Mision-Guarani-2.jpg\"><\/p>\n<figure><img decoding=\"async\" src=\"https:\/\/feyalegria.org.py\/wp-content\/uploads\/2021\/03\/ECO-ALDEA-INDIGENA-Mision-Guarani-2-300x200.jpg\" alt=\"ECO-ALDEA-IND\u00cdGENA - Misi\u00f3n Guaran\u00ed (2)\" \/><\/figure>\n<p><\/a><a data-elementor-open-lightbox=\"yes\" data-elementor-lightbox-slideshow=\"fd8ec0d\" data-elementor-lightbox-title=\"ECO-ALDEA-IND\u00cdGENA - Misi\u00f3n Guaran\u00ed (3)\" href=\"https:\/\/feyalegria.org.py\/wp-content\/uploads\/2021\/03\/ECO-ALDEA-INDIGENA-Mision-Guarani-3.jpg\"><\/p>\n<figure><img decoding=\"async\" src=\"https:\/\/feyalegria.org.py\/wp-content\/uploads\/2021\/03\/ECO-ALDEA-INDIGENA-Mision-Guarani-3-300x200.jpg\" alt=\"ECO-ALDEA-IND\u00cdGENA - Misi\u00f3n Guaran\u00ed (3)\" \/><\/figure>\n<p><\/a><a data-elementor-open-lightbox=\"yes\" data-elementor-lightbox-slideshow=\"fd8ec0d\" data-elementor-lightbox-title=\"ECO-ALDEA-IND\u00cdGENA - Misi\u00f3n Guaran\u00ed (4)\" href=\"https:\/\/feyalegria.org.py\/wp-content\/uploads\/2021\/03\/ECO-ALDEA-INDIGENA-Mision-Guarani-4.jpg\"><\/p>\n<figure><img decoding=\"async\" src=\"https:\/\/feyalegria.org.py\/wp-content\/uploads\/2021\/03\/ECO-ALDEA-INDIGENA-Mision-Guarani-4-300x200.jpg\" alt=\"ECO-ALDEA-IND\u00cdGENA - Misi\u00f3n Guaran\u00ed (4)\" \/><\/figure>\n<p><\/a><a data-elementor-open-lightbox=\"yes\" data-elementor-lightbox-slideshow=\"fd8ec0d\" data-elementor-lightbox-title=\"ECO-ALDEA-IND\u00cdGENA - Misi\u00f3n Guaran\u00ed (5)\" href=\"https:\/\/feyalegria.org.py\/wp-content\/uploads\/2021\/03\/ECO-ALDEA-INDIGENA-Mision-Guarani-5.jpg\"><\/p>\n<figure><img decoding=\"async\" src=\"https:\/\/feyalegria.org.py\/wp-content\/uploads\/2021\/03\/ECO-ALDEA-INDIGENA-Mision-Guarani-5-300x200.jpg\" alt=\"ECO-ALDEA-IND\u00cdGENA - Misi\u00f3n Guaran\u00ed (5)\" \/><\/figure>\n<p><\/a><br \/>\n\t\t\t\t\t\tAnterior<br \/>\n\t\t\t\t\t\tSiguiente<\/p>\n","protected":false},"excerpt":{"rendered":"<p>ECO-ALDEA-IND\u00cdGENA &#8211; Misi\u00f3n Guaran\u00ed Fe y Alegr\u00eda apoya a la formaci\u00f3n de los j\u00f3venes ind\u00edgenas, ofreciendo posibilidades de acceso y acompa\u00f1amiento en lo acad\u00e9mico y t\u00e9cnico, desde la educaci\u00f3n inicial b\u00e1sica hasta el grado universitario. Este proyecto pretende dar continuidad y sostenibilidad a los esfuerzos que se fueron dando en los \u00faltimos a\u00f1os a este<\/p>\n","protected":false},"author":2,"featured_media":6880,"comment_status":"open","ping_status":"closed","sticky":false,"template":"","format":"standard","meta":{"_acf_changed":false,"rs_blank_template":"","rs_page_bg_color":"","slide_template_v7":"","footnotes":""},"categories":[113],"tags":[],"post_folder":[],"class_list":["post-6879","post","type-post","status-publish","format-standard","has-post-thumbnail","hentry","category-proyectos"],"acf":[],"yoast_head":"<!-- This site is optimized with the Yoast SEO plugin v28.3 - https:\/\/yoast.com\/product\/yoast-seo-wordpress\/ -->\n<title>ECO-ALDEA-IND\u00cdGENA - Misi\u00f3n Guaran\u00ed - #SomosFeyAlegria en Paraguay<\/title>\n<meta name=\"robots\" content=\"index, follow, max-snippet:-1, max-image-preview:large, max-video-preview:-1\" \/>\n<link rel=\"canonical\" href=\"https:\/\/www.feyalegria.org\/paraguay\/eco-aldea-indigena-mision-guarani\/\" \/>\n<meta property=\"og:locale\" content=\"es_ES\" \/>\n<meta property=\"og:type\" content=\"article\" \/>\n<meta property=\"og:title\" content=\"ECO-ALDEA-IND\u00cdGENA - Misi\u00f3n Guaran\u00ed - #SomosFeyAlegria en Paraguay\" \/>\n<meta property=\"og:description\" content=\"ECO-ALDEA-IND\u00cdGENA &#8211; Misi\u00f3n Guaran\u00ed Fe y Alegr\u00eda apoya a la formaci\u00f3n de los j\u00f3venes ind\u00edgenas, ofreciendo posibilidades de acceso y acompa\u00f1amiento en lo acad\u00e9mico y t\u00e9cnico, desde la educaci\u00f3n inicial b\u00e1sica hasta el grado universitario. Este proyecto pretende dar continuidad y sostenibilidad a los esfuerzos que se fueron dando en los \u00faltimos a\u00f1os a este\" \/>\n<meta property=\"og:url\" content=\"https:\/\/www.feyalegria.org\/paraguay\/eco-aldea-indigena-mision-guarani\/\" \/>\n<meta property=\"og:site_name\" content=\"#SomosFeyAlegria en Paraguay\" \/>\n<meta property=\"article:published_time\" content=\"2021-03-23T02:28:20+00:00\" \/>\n<meta name=\"author\" content=\"adminfya\" \/>\n<meta name=\"twitter:card\" content=\"summary_large_image\" \/>\n<meta name=\"twitter:label1\" content=\"Escrito por\" \/>\n\t<meta name=\"twitter:data1\" content=\"adminfya\" \/>\n\t<meta name=\"twitter:label2\" content=\"Tiempo de lectura\" \/>\n\t<meta name=\"twitter:data2\" content=\"3 minutos\" \/>\n<script type=\"application\/ld+json\" class=\"yoast-schema-graph\">{\"@context\":\"https:\\\/\\\/schema.org\",\"@graph\":[{\"@type\":\"Article\",\"@id\":\"https:\\\/\\\/www.feyalegria.org\\\/paraguay\\\/eco-aldea-indigena-mision-guarani\\\/#article\",\"isPartOf\":{\"@id\":\"https:\\\/\\\/www.feyalegria.org\\\/paraguay\\\/eco-aldea-indigena-mision-guarani\\\/\"},\"author\":{\"name\":\"adminfya\",\"@id\":\"https:\\\/\\\/www.feyalegria.org\\\/paraguay\\\/#\\\/schema\\\/person\\\/f113dd05751b9243bcc4b62d8f55bc4b\"},\"headline\":\"ECO-ALDEA-IND\u00cdGENA &#8211; Misi\u00f3n Guaran\u00ed\",\"datePublished\":\"2021-03-23T02:28:20+00:00\",\"mainEntityOfPage\":{\"@id\":\"https:\\\/\\\/www.feyalegria.org\\\/paraguay\\\/eco-aldea-indigena-mision-guarani\\\/\"},\"wordCount\":443,\"commentCount\":0,\"image\":{\"@id\":\"https:\\\/\\\/www.feyalegria.org\\\/paraguay\\\/eco-aldea-indigena-mision-guarani\\\/#primaryimage\"},\"thumbnailUrl\":\"\",\"articleSection\":[\"Proyectos\"],\"inLanguage\":\"es\",\"potentialAction\":[{\"@type\":\"CommentAction\",\"name\":\"Comment\",\"target\":[\"https:\\\/\\\/www.feyalegria.org\\\/paraguay\\\/eco-aldea-indigena-mision-guarani\\\/#respond\"]}]},{\"@type\":\"WebPage\",\"@id\":\"https:\\\/\\\/www.feyalegria.org\\\/paraguay\\\/eco-aldea-indigena-mision-guarani\\\/\",\"url\":\"https:\\\/\\\/www.feyalegria.org\\\/paraguay\\\/eco-aldea-indigena-mision-guarani\\\/\",\"name\":\"ECO-ALDEA-IND\u00cdGENA - Misi\u00f3n Guaran\u00ed - #SomosFeyAlegria en Paraguay\",\"isPartOf\":{\"@id\":\"https:\\\/\\\/www.feyalegria.org\\\/paraguay\\\/#website\"},\"primaryImageOfPage\":{\"@id\":\"https:\\\/\\\/www.feyalegria.org\\\/paraguay\\\/eco-aldea-indigena-mision-guarani\\\/#primaryimage\"},\"image\":{\"@id\":\"https:\\\/\\\/www.feyalegria.org\\\/paraguay\\\/eco-aldea-indigena-mision-guarani\\\/#primaryimage\"},\"thumbnailUrl\":\"\",\"datePublished\":\"2021-03-23T02:28:20+00:00\",\"author\":{\"@id\":\"https:\\\/\\\/www.feyalegria.org\\\/paraguay\\\/#\\\/schema\\\/person\\\/f113dd05751b9243bcc4b62d8f55bc4b\"},\"breadcrumb\":{\"@id\":\"https:\\\/\\\/www.feyalegria.org\\\/paraguay\\\/eco-aldea-indigena-mision-guarani\\\/#breadcrumb\"},\"inLanguage\":\"es\",\"potentialAction\":[{\"@type\":\"ReadAction\",\"target\":[\"https:\\\/\\\/www.feyalegria.org\\\/paraguay\\\/eco-aldea-indigena-mision-guarani\\\/\"]}]},{\"@type\":\"ImageObject\",\"inLanguage\":\"es\",\"@id\":\"https:\\\/\\\/www.feyalegria.org\\\/paraguay\\\/eco-aldea-indigena-mision-guarani\\\/#primaryimage\",\"url\":\"\",\"contentUrl\":\"\"},{\"@type\":\"BreadcrumbList\",\"@id\":\"https:\\\/\\\/www.feyalegria.org\\\/paraguay\\\/eco-aldea-indigena-mision-guarani\\\/#breadcrumb\",\"itemListElement\":[{\"@type\":\"ListItem\",\"position\":1,\"name\":\"Home\",\"item\":\"https:\\\/\\\/www.feyalegria.org\\\/paraguay\\\/\"},{\"@type\":\"ListItem\",\"position\":2,\"name\":\"ECO-ALDEA-IND\u00cdGENA &#8211; Misi\u00f3n Guaran\u00ed\"}]},{\"@type\":\"WebSite\",\"@id\":\"https:\\\/\\\/www.feyalegria.org\\\/paraguay\\\/#website\",\"url\":\"https:\\\/\\\/www.feyalegria.org\\\/paraguay\\\/\",\"name\":\"#SomosFeyAlegria en Paraguay\",\"description\":\"Movimiento de Educaci\u00f3n Popular y Promoci\u00f3n Social\",\"potentialAction\":[{\"@type\":\"SearchAction\",\"target\":{\"@type\":\"EntryPoint\",\"urlTemplate\":\"https:\\\/\\\/www.feyalegria.org\\\/paraguay\\\/?s={search_term_string}\"},\"query-input\":{\"@type\":\"PropertyValueSpecification\",\"valueRequired\":true,\"valueName\":\"search_term_string\"}}],\"inLanguage\":\"es\"},{\"@type\":\"Person\",\"@id\":\"https:\\\/\\\/www.feyalegria.org\\\/paraguay\\\/#\\\/schema\\\/person\\\/f113dd05751b9243bcc4b62d8f55bc4b\",\"name\":\"adminfya\",\"url\":\"https:\\\/\\\/www.feyalegria.org\\\/paraguay\\\/author\\\/adminfya\\\/\"}]}<\/script>\n<!-- \/ Yoast SEO plugin. -->","yoast_head_json":{"title":"ECO-ALDEA-IND\u00cdGENA - Misi\u00f3n Guaran\u00ed - #SomosFeyAlegria en Paraguay","robots":{"index":"index","follow":"follow","max-snippet":"max-snippet:-1","max-image-preview":"max-image-preview:large","max-video-preview":"max-video-preview:-1"},"canonical":"https:\/\/www.feyalegria.org\/paraguay\/eco-aldea-indigena-mision-guarani\/","og_locale":"es_ES","og_type":"article","og_title":"ECO-ALDEA-IND\u00cdGENA - Misi\u00f3n Guaran\u00ed - #SomosFeyAlegria en Paraguay","og_description":"ECO-ALDEA-IND\u00cdGENA &#8211; Misi\u00f3n Guaran\u00ed Fe y Alegr\u00eda apoya a la formaci\u00f3n de los j\u00f3venes ind\u00edgenas, ofreciendo posibilidades de acceso y acompa\u00f1amiento en lo acad\u00e9mico y t\u00e9cnico, desde la educaci\u00f3n inicial b\u00e1sica hasta el grado universitario. Este proyecto pretende dar continuidad y sostenibilidad a los esfuerzos que se fueron dando en los \u00faltimos a\u00f1os a este","og_url":"https:\/\/www.feyalegria.org\/paraguay\/eco-aldea-indigena-mision-guarani\/","og_site_name":"#SomosFeyAlegria en Paraguay","article_published_time":"2021-03-23T02:28:20+00:00","author":"adminfya","twitter_card":"summary_large_image","twitter_misc":{"Escrito por":"adminfya","Tiempo de lectura":"3 minutos"},"schema":{"@context":"https:\/\/schema.org","@graph":[{"@type":"Article","@id":"https:\/\/www.feyalegria.org\/paraguay\/eco-aldea-indigena-mision-guarani\/#article","isPartOf":{"@id":"https:\/\/www.feyalegria.org\/paraguay\/eco-aldea-indigena-mision-guarani\/"},"author":{"name":"adminfya","@id":"https:\/\/www.feyalegria.org\/paraguay\/#\/schema\/person\/f113dd05751b9243bcc4b62d8f55bc4b"},"headline":"ECO-ALDEA-IND\u00cdGENA &#8211; Misi\u00f3n Guaran\u00ed","datePublished":"2021-03-23T02:28:20+00:00","mainEntityOfPage":{"@id":"https:\/\/www.feyalegria.org\/paraguay\/eco-aldea-indigena-mision-guarani\/"},"wordCount":443,"commentCount":0,"image":{"@id":"https:\/\/www.feyalegria.org\/paraguay\/eco-aldea-indigena-mision-guarani\/#primaryimage"},"thumbnailUrl":"","articleSection":["Proyectos"],"inLanguage":"es","potentialAction":[{"@type":"CommentAction","name":"Comment","target":["https:\/\/www.feyalegria.org\/paraguay\/eco-aldea-indigena-mision-guarani\/#respond"]}]},{"@type":"WebPage","@id":"https:\/\/www.feyalegria.org\/paraguay\/eco-aldea-indigena-mision-guarani\/","url":"https:\/\/www.feyalegria.org\/paraguay\/eco-aldea-indigena-mision-guarani\/","name":"ECO-ALDEA-IND\u00cdGENA - Misi\u00f3n Guaran\u00ed - #SomosFeyAlegria en Paraguay","isPartOf":{"@id":"https:\/\/www.feyalegria.org\/paraguay\/#website"},"primaryImageOfPage":{"@id":"https:\/\/www.feyalegria.org\/paraguay\/eco-aldea-indigena-mision-guarani\/#primaryimage"},"image":{"@id":"https:\/\/www.feyalegria.org\/paraguay\/eco-aldea-indigena-mision-guarani\/#primaryimage"},"thumbnailUrl":"","datePublished":"2021-03-23T02:28:20+00:00","author":{"@id":"https:\/\/www.feyalegria.org\/paraguay\/#\/schema\/person\/f113dd05751b9243bcc4b62d8f55bc4b"},"breadcrumb":{"@id":"https:\/\/www.feyalegria.org\/paraguay\/eco-aldea-indigena-mision-guarani\/#breadcrumb"},"inLanguage":"es","potentialAction":[{"@type":"ReadAction","target":["https:\/\/www.feyalegria.org\/paraguay\/eco-aldea-indigena-mision-guarani\/"]}]},{"@type":"ImageObject","inLanguage":"es","@id":"https:\/\/www.feyalegria.org\/paraguay\/eco-aldea-indigena-mision-guarani\/#primaryimage","url":"","contentUrl":""},{"@type":"BreadcrumbList","@id":"https:\/\/www.feyalegria.org\/paraguay\/eco-aldea-indigena-mision-guarani\/#breadcrumb","itemListElement":[{"@type":"ListItem","position":1,"name":"Home","item":"https:\/\/www.feyalegria.org\/paraguay\/"},{"@type":"ListItem","position":2,"name":"ECO-ALDEA-IND\u00cdGENA &#8211; Misi\u00f3n Guaran\u00ed"}]},{"@type":"WebSite","@id":"https:\/\/www.feyalegria.org\/paraguay\/#website","url":"https:\/\/www.feyalegria.org\/paraguay\/","name":"#SomosFeyAlegria en Paraguay","description":"Movimiento de Educaci\u00f3n Popular y Promoci\u00f3n Social","potentialAction":[{"@type":"SearchAction","target":{"@type":"EntryPoint","urlTemplate":"https:\/\/www.feyalegria.org\/paraguay\/?s={search_term_string}"},"query-input":{"@type":"PropertyValueSpecification","valueRequired":true,"valueName":"search_term_string"}}],"inLanguage":"es"},{"@type":"Person","@id":"https:\/\/www.feyalegria.org\/paraguay\/#\/schema\/person\/f113dd05751b9243bcc4b62d8f55bc4b","name":"adminfya","url":"https:\/\/www.feyalegria.org\/paraguay\/author\/adminfya\/"}]}},"_links":{"self":[{"href":"https:\/\/www.feyalegria.org\/paraguay\/wp-json\/wp\/v2\/posts\/6879","targetHints":{"allow":["GET"]}}],"collection":[{"href":"https:\/\/www.feyalegria.org\/paraguay\/wp-json\/wp\/v2\/posts"}],"about":[{"href":"https:\/\/www.feyalegria.org\/paraguay\/wp-json\/wp\/v2\/types\/post"}],"author":[{"embeddable":true,"href":"https:\/\/www.feyalegria.org\/paraguay\/wp-json\/wp\/v2\/users\/2"}],"replies":[{"embeddable":true,"href":"https:\/\/www.feyalegria.org\/paraguay\/wp-json\/wp\/v2\/comments?post=6879"}],"version-history":[{"count":0,"href":"https:\/\/www.feyalegria.org\/paraguay\/wp-json\/wp\/v2\/posts\/6879\/revisions"}],"wp:attachment":[{"href":"https:\/\/www.feyalegria.org\/paraguay\/wp-json\/wp\/v2\/media?parent=6879"}],"wp:term":[{"taxonomy":"category","embeddable":true,"href":"https:\/\/www.feyalegria.org\/paraguay\/wp-json\/wp\/v2\/categories?post=6879"},{"taxonomy":"post_tag","embeddable":true,"href":"https:\/\/www.feyalegria.org\/paraguay\/wp-json\/wp\/v2\/tags?post=6879"},{"taxonomy":"post_folder","embeddable":true,"href":"https:\/\/www.feyalegria.org\/paraguay\/wp-json\/wp\/v2\/post_folder?post=6879"}],"curies":[{"name":"wp","href":"https:\/\/api.w.org\/{rel}","templated":true}]}}