 {"id":1779,"date":"2020-07-22T16:11:27","date_gmt":"2020-07-22T21:11:27","guid":{"rendered":"https:\/\/www.feyalegria.org\/peru\/?p=1779"},"modified":"2020-08-26T20:04:37","modified_gmt":"2020-08-27T01:04:37","slug":"reunion-virtual-de-directores-y-promotores-2","status":"publish","type":"post","link":"https:\/\/www.feyalegria.org\/peru\/reunion-virtual-de-directores-y-promotores-2\/","title":{"rendered":"Reuni\u00f3n virtual de directores y promotores"},"content":{"rendered":"<div class=\"wpb-content-wrapper\"><p>[vc_row][vc_column][vc_separator color=\u00bbmulled_wine\u00bb style=\u00bbshadow\u00bb][\/vc_column][\/vc_row][vc_row enable_first_overlay=\u00bbtrue\u00bb first_overlay_opacity=\u00bb1&#8243; first_background_color=\u00bb#df5461&#8243;][vc_column width=\u00bb2\/3&#8243;][vc_single_image image=\u00bb1780&#8243; img_size=\u00bbfull\u00bb add_caption=\u00bbyes\u00bb alignment=\u00bbcenter\u00bb onclick=\u00bbimg_link_large\u00bb][vc_row_inner][vc_column_inner css=\u00bb.vc_custom_1598372130448{margin-top: -35px !important;}\u00bb][vc_column_text]<\/p>\n<p>\n&nbsp;<\/p>\n<p align=\"justify\">Del 24 de junio al 22 de julio se llev\u00f3 a cabo la Reuni\u00f3n Virtual de directores y promotores de Fe y Alegr\u00eda del Per\u00fa, evento convocado por la direcci\u00f3n general de Fe y Alegr\u00eda para compartir preocupaciones y avances en este periodo de confinamiento y as\u00ed fortalecer nuestro compromiso con una educaci\u00f3n p\u00fablica de calidad con equidad e inclusi\u00f3n.<\/p>\n<p>&nbsp;<\/p>\n<p align=\"justify\">El encuentro, desarrollado en ocho sesiones virtuales -organizadas seg\u00fan la ubicaci\u00f3n geogr\u00e1fica de las Instituciones Educativas-, sirvi\u00f3 tambi\u00e9n para presentar a los directores y promotores la ruta propuesta para la elaboraci\u00f3n del nuevo Plan Estrat\u00e9gico Institucional (PEI) y recoger aportes para su elaboraci\u00f3n.<\/p>\n<p>[\/vc_column_text][\/vc_column_inner][\/vc_row_inner][\/vc_column][vc_column width=\u00bb1\/3&#8243; css=\u00bb.vc_custom_1598395418937{padding-top: 30px !important;padding-left: 20px !important;background-color: #f3f3f3 !important;border-radius: 10px !important;}\u00bb][vc_widget_sidebar sidebar_id=\u00bbnicdark_sidebar\u00bb][vc_btn title=\u00bbM\u00e1s noticias\u00bb style=\u00bbcustom\u00bb custom_background=\u00bb#cc0000&#8243; custom_text=\u00bb#ffffff\u00bb shape=\u00bbround\u00bb align=\u00bbcenter\u00bb link=\u00bburl:https%3A%2F%2Fwww.feyalegria.org%2Fperu%2Fnovedades%2F|title:Novedades\u00bb][\/vc_column][\/vc_row]<\/p>\n<\/div>","protected":false},"excerpt":{"rendered":"<div style=\"height: 240px\"> Del 24 de junio al 22 de julio se llev\u00f3 a cabo la Reuni\u00f3n Virtual de directores y promotores de Fe y Alegr\u00eda del Per\u00fa, evento convocado para compartir preocupaciones y avances en este periodo de confinamiento.<\/div>\n","protected":false},"author":20,"featured_media":1780,"comment_status":"closed","ping_status":"closed","sticky":false,"template":"","format":"standard","meta":{"_acf_changed":false,"footnotes":""},"categories":[9],"tags":[],"post_folder":[],"class_list":["post-1779","post","type-post","status-publish","format-standard","has-post-thumbnail","hentry","category-noticias"],"acf":[],"yoast_head":"<!-- This site is optimized with the Yoast SEO plugin v27.4 - https:\/\/yoast.com\/product\/yoast-seo-wordpress\/ -->\n<title>Reuni\u00f3n virtual de directores y promotores - #SomosFeyAlegria en Per\u00fa<\/title>\n<meta name=\"robots\" content=\"noindex, follow, max-snippet:-1, max-image-preview:large, max-video-preview:-1\" \/>\n<meta property=\"og:locale\" content=\"es_ES\" \/>\n<meta property=\"og:type\" content=\"article\" \/>\n<meta property=\"og:title\" content=\"Reuni\u00f3n virtual de directores y promotores - #SomosFeyAlegria en Per\u00fa\" \/>\n<meta property=\"og:description\" content=\"Del 24 de junio al 22 de julio se llev\u00f3 a cabo la Reuni\u00f3n Virtual de directores y promotores de Fe y Alegr\u00eda del Per\u00fa, evento convocado para compartir preocupaciones y avances en este periodo de confinamiento.\" \/>\n<meta property=\"og:url\" content=\"https:\/\/www.feyalegria.org\/peru\/reunion-virtual-de-directores-y-promotores-2\/\" \/>\n<meta property=\"og:site_name\" content=\"#SomosFeyAlegria en Per\u00fa\" \/>\n<meta property=\"article:published_time\" content=\"2020-07-22T21:11:27+00:00\" \/>\n<meta property=\"article:modified_time\" content=\"2020-08-27T01:04:37+00:00\" \/>\n<meta property=\"og:image\" content=\"https:\/\/d3pugrm67vf9n7.cloudfront.net\/wp-content\/uploads\/sites\/7\/2020\/08\/26163013\/001-Reunion-promotores.jpg\" \/>\n\t<meta property=\"og:image:width\" content=\"800\" \/>\n\t<meta property=\"og:image:height\" content=\"533\" \/>\n\t<meta property=\"og:image:type\" content=\"image\/jpeg\" \/>\n<meta name=\"author\" content=\"adminpefya01\" \/>\n<meta name=\"twitter:card\" content=\"summary_large_image\" \/>\n<meta name=\"twitter:label1\" content=\"Escrito por\" \/>\n\t<meta name=\"twitter:data1\" content=\"adminpefya01\" \/>\n\t<meta name=\"twitter:label2\" content=\"Tiempo de lectura\" \/>\n\t<meta name=\"twitter:data2\" content=\"1 minuto\" \/>\n<script type=\"application\/ld+json\" class=\"yoast-schema-graph\">{\"@context\":\"https:\\\/\\\/schema.org\",\"@graph\":[{\"@type\":\"Article\",\"@id\":\"https:\\\/\\\/www.feyalegria.org\\\/peru\\\/reunion-virtual-de-directores-y-promotores-2\\\/#article\",\"isPartOf\":{\"@id\":\"https:\\\/\\\/www.feyalegria.org\\\/peru\\\/reunion-virtual-de-directores-y-promotores-2\\\/\"},\"author\":{\"name\":\"adminpefya01\",\"@id\":\"https:\\\/\\\/www.feyalegria.org\\\/peru\\\/#\\\/schema\\\/person\\\/47298f14fdde36b788fa7e2388626a19\"},\"headline\":\"Reuni\u00f3n virtual de directores y promotores\",\"datePublished\":\"2020-07-22T21:11:27+00:00\",\"dateModified\":\"2020-08-27T01:04:37+00:00\",\"mainEntityOfPage\":{\"@id\":\"https:\\\/\\\/www.feyalegria.org\\\/peru\\\/reunion-virtual-de-directores-y-promotores-2\\\/\"},\"wordCount\":260,\"image\":{\"@id\":\"https:\\\/\\\/www.feyalegria.org\\\/peru\\\/reunion-virtual-de-directores-y-promotores-2\\\/#primaryimage\"},\"thumbnailUrl\":\"https:\\\/\\\/d3pugrm67vf9n7.cloudfront.net\\\/wp-content\\\/uploads\\\/sites\\\/7\\\/2020\\\/08\\\/26163013\\\/001-Reunion-promotores.jpg\",\"articleSection\":[\"Noticias\"],\"inLanguage\":\"es\"},{\"@type\":\"WebPage\",\"@id\":\"https:\\\/\\\/www.feyalegria.org\\\/peru\\\/reunion-virtual-de-directores-y-promotores-2\\\/\",\"url\":\"https:\\\/\\\/www.feyalegria.org\\\/peru\\\/reunion-virtual-de-directores-y-promotores-2\\\/\",\"name\":\"Reuni\u00f3n virtual de directores y promotores - #SomosFeyAlegria en Per\u00fa\",\"isPartOf\":{\"@id\":\"https:\\\/\\\/www.feyalegria.org\\\/peru\\\/#website\"},\"primaryImageOfPage\":{\"@id\":\"https:\\\/\\\/www.feyalegria.org\\\/peru\\\/reunion-virtual-de-directores-y-promotores-2\\\/#primaryimage\"},\"image\":{\"@id\":\"https:\\\/\\\/www.feyalegria.org\\\/peru\\\/reunion-virtual-de-directores-y-promotores-2\\\/#primaryimage\"},\"thumbnailUrl\":\"https:\\\/\\\/d3pugrm67vf9n7.cloudfront.net\\\/wp-content\\\/uploads\\\/sites\\\/7\\\/2020\\\/08\\\/26163013\\\/001-Reunion-promotores.jpg\",\"datePublished\":\"2020-07-22T21:11:27+00:00\",\"dateModified\":\"2020-08-27T01:04:37+00:00\",\"author\":{\"@id\":\"https:\\\/\\\/www.feyalegria.org\\\/peru\\\/#\\\/schema\\\/person\\\/47298f14fdde36b788fa7e2388626a19\"},\"breadcrumb\":{\"@id\":\"https:\\\/\\\/www.feyalegria.org\\\/peru\\\/reunion-virtual-de-directores-y-promotores-2\\\/#breadcrumb\"},\"inLanguage\":\"es\",\"potentialAction\":[{\"@type\":\"ReadAction\",\"target\":[\"https:\\\/\\\/www.feyalegria.org\\\/peru\\\/reunion-virtual-de-directores-y-promotores-2\\\/\"]}]},{\"@type\":\"ImageObject\",\"inLanguage\":\"es\",\"@id\":\"https:\\\/\\\/www.feyalegria.org\\\/peru\\\/reunion-virtual-de-directores-y-promotores-2\\\/#primaryimage\",\"url\":\"https:\\\/\\\/d3pugrm67vf9n7.cloudfront.net\\\/wp-content\\\/uploads\\\/sites\\\/7\\\/2020\\\/08\\\/26163013\\\/001-Reunion-promotores.jpg\",\"contentUrl\":\"https:\\\/\\\/d3pugrm67vf9n7.cloudfront.net\\\/wp-content\\\/uploads\\\/sites\\\/7\\\/2020\\\/08\\\/26163013\\\/001-Reunion-promotores.jpg\",\"width\":800,\"height\":533},{\"@type\":\"BreadcrumbList\",\"@id\":\"https:\\\/\\\/www.feyalegria.org\\\/peru\\\/reunion-virtual-de-directores-y-promotores-2\\\/#breadcrumb\",\"itemListElement\":[{\"@type\":\"ListItem\",\"position\":1,\"name\":\"Home\",\"item\":\"https:\\\/\\\/www.feyalegria.org\\\/peru\\\/\"},{\"@type\":\"ListItem\",\"position\":2,\"name\":\"Reuni\u00f3n virtual de directores y promotores\"}]},{\"@type\":\"WebSite\",\"@id\":\"https:\\\/\\\/www.feyalegria.org\\\/peru\\\/#website\",\"url\":\"https:\\\/\\\/www.feyalegria.org\\\/peru\\\/\",\"name\":\"#SomosFeyAlegria en Per\u00fa\",\"description\":\"Movimiento de Educaci\u00f3n Popular y Promoci\u00f3n Social\",\"potentialAction\":[{\"@type\":\"SearchAction\",\"target\":{\"@type\":\"EntryPoint\",\"urlTemplate\":\"https:\\\/\\\/www.feyalegria.org\\\/peru\\\/?s={search_term_string}\"},\"query-input\":{\"@type\":\"PropertyValueSpecification\",\"valueRequired\":true,\"valueName\":\"search_term_string\"}}],\"inLanguage\":\"es\"},{\"@type\":\"Person\",\"@id\":\"https:\\\/\\\/www.feyalegria.org\\\/peru\\\/#\\\/schema\\\/person\\\/47298f14fdde36b788fa7e2388626a19\",\"name\":\"adminpefya01\",\"url\":\"https:\\\/\\\/www.feyalegria.org\\\/peru\\\/author\\\/adminpefya01\\\/\"}]}<\/script>\n<!-- \/ Yoast SEO plugin. -->","yoast_head_json":{"title":"Reuni\u00f3n virtual de directores y promotores - #SomosFeyAlegria en Per\u00fa","robots":{"index":"noindex","follow":"follow","max-snippet":"max-snippet:-1","max-image-preview":"max-image-preview:large","max-video-preview":"max-video-preview:-1"},"og_locale":"es_ES","og_type":"article","og_title":"Reuni\u00f3n virtual de directores y promotores - #SomosFeyAlegria en Per\u00fa","og_description":"Del 24 de junio al 22 de julio se llev\u00f3 a cabo la Reuni\u00f3n Virtual de directores y promotores de Fe y Alegr\u00eda del Per\u00fa, evento convocado para compartir preocupaciones y avances en este periodo de confinamiento.","og_url":"https:\/\/www.feyalegria.org\/peru\/reunion-virtual-de-directores-y-promotores-2\/","og_site_name":"#SomosFeyAlegria en Per\u00fa","article_published_time":"2020-07-22T21:11:27+00:00","article_modified_time":"2020-08-27T01:04:37+00:00","og_image":[{"width":800,"height":533,"url":"https:\/\/d3pugrm67vf9n7.cloudfront.net\/wp-content\/uploads\/sites\/7\/2020\/08\/26163013\/001-Reunion-promotores.jpg","type":"image\/jpeg"}],"author":"adminpefya01","twitter_card":"summary_large_image","twitter_misc":{"Escrito por":"adminpefya01","Tiempo de lectura":"1 minuto"},"schema":{"@context":"https:\/\/schema.org","@graph":[{"@type":"Article","@id":"https:\/\/www.feyalegria.org\/peru\/reunion-virtual-de-directores-y-promotores-2\/#article","isPartOf":{"@id":"https:\/\/www.feyalegria.org\/peru\/reunion-virtual-de-directores-y-promotores-2\/"},"author":{"name":"adminpefya01","@id":"https:\/\/www.feyalegria.org\/peru\/#\/schema\/person\/47298f14fdde36b788fa7e2388626a19"},"headline":"Reuni\u00f3n virtual de directores y promotores","datePublished":"2020-07-22T21:11:27+00:00","dateModified":"2020-08-27T01:04:37+00:00","mainEntityOfPage":{"@id":"https:\/\/www.feyalegria.org\/peru\/reunion-virtual-de-directores-y-promotores-2\/"},"wordCount":260,"image":{"@id":"https:\/\/www.feyalegria.org\/peru\/reunion-virtual-de-directores-y-promotores-2\/#primaryimage"},"thumbnailUrl":"https:\/\/d3pugrm67vf9n7.cloudfront.net\/wp-content\/uploads\/sites\/7\/2020\/08\/26163013\/001-Reunion-promotores.jpg","articleSection":["Noticias"],"inLanguage":"es"},{"@type":"WebPage","@id":"https:\/\/www.feyalegria.org\/peru\/reunion-virtual-de-directores-y-promotores-2\/","url":"https:\/\/www.feyalegria.org\/peru\/reunion-virtual-de-directores-y-promotores-2\/","name":"Reuni\u00f3n virtual de directores y promotores - #SomosFeyAlegria en Per\u00fa","isPartOf":{"@id":"https:\/\/www.feyalegria.org\/peru\/#website"},"primaryImageOfPage":{"@id":"https:\/\/www.feyalegria.org\/peru\/reunion-virtual-de-directores-y-promotores-2\/#primaryimage"},"image":{"@id":"https:\/\/www.feyalegria.org\/peru\/reunion-virtual-de-directores-y-promotores-2\/#primaryimage"},"thumbnailUrl":"https:\/\/d3pugrm67vf9n7.cloudfront.net\/wp-content\/uploads\/sites\/7\/2020\/08\/26163013\/001-Reunion-promotores.jpg","datePublished":"2020-07-22T21:11:27+00:00","dateModified":"2020-08-27T01:04:37+00:00","author":{"@id":"https:\/\/www.feyalegria.org\/peru\/#\/schema\/person\/47298f14fdde36b788fa7e2388626a19"},"breadcrumb":{"@id":"https:\/\/www.feyalegria.org\/peru\/reunion-virtual-de-directores-y-promotores-2\/#breadcrumb"},"inLanguage":"es","potentialAction":[{"@type":"ReadAction","target":["https:\/\/www.feyalegria.org\/peru\/reunion-virtual-de-directores-y-promotores-2\/"]}]},{"@type":"ImageObject","inLanguage":"es","@id":"https:\/\/www.feyalegria.org\/peru\/reunion-virtual-de-directores-y-promotores-2\/#primaryimage","url":"https:\/\/d3pugrm67vf9n7.cloudfront.net\/wp-content\/uploads\/sites\/7\/2020\/08\/26163013\/001-Reunion-promotores.jpg","contentUrl":"https:\/\/d3pugrm67vf9n7.cloudfront.net\/wp-content\/uploads\/sites\/7\/2020\/08\/26163013\/001-Reunion-promotores.jpg","width":800,"height":533},{"@type":"BreadcrumbList","@id":"https:\/\/www.feyalegria.org\/peru\/reunion-virtual-de-directores-y-promotores-2\/#breadcrumb","itemListElement":[{"@type":"ListItem","position":1,"name":"Home","item":"https:\/\/www.feyalegria.org\/peru\/"},{"@type":"ListItem","position":2,"name":"Reuni\u00f3n virtual de directores y promotores"}]},{"@type":"WebSite","@id":"https:\/\/www.feyalegria.org\/peru\/#website","url":"https:\/\/www.feyalegria.org\/peru\/","name":"#SomosFeyAlegria en Per\u00fa","description":"Movimiento de Educaci\u00f3n Popular y Promoci\u00f3n Social","potentialAction":[{"@type":"SearchAction","target":{"@type":"EntryPoint","urlTemplate":"https:\/\/www.feyalegria.org\/peru\/?s={search_term_string}"},"query-input":{"@type":"PropertyValueSpecification","valueRequired":true,"valueName":"search_term_string"}}],"inLanguage":"es"},{"@type":"Person","@id":"https:\/\/www.feyalegria.org\/peru\/#\/schema\/person\/47298f14fdde36b788fa7e2388626a19","name":"adminpefya01","url":"https:\/\/www.feyalegria.org\/peru\/author\/adminpefya01\/"}]}},"_links":{"self":[{"href":"https:\/\/www.feyalegria.org\/peru\/wp-json\/wp\/v2\/posts\/1779","targetHints":{"allow":["GET"]}}],"collection":[{"href":"https:\/\/www.feyalegria.org\/peru\/wp-json\/wp\/v2\/posts"}],"about":[{"href":"https:\/\/www.feyalegria.org\/peru\/wp-json\/wp\/v2\/types\/post"}],"author":[{"embeddable":true,"href":"https:\/\/www.feyalegria.org\/peru\/wp-json\/wp\/v2\/users\/20"}],"replies":[{"embeddable":true,"href":"https:\/\/www.feyalegria.org\/peru\/wp-json\/wp\/v2\/comments?post=1779"}],"version-history":[{"count":0,"href":"https:\/\/www.feyalegria.org\/peru\/wp-json\/wp\/v2\/posts\/1779\/revisions"}],"wp:featuredmedia":[{"embeddable":true,"href":"https:\/\/www.feyalegria.org\/peru\/wp-json\/wp\/v2\/media\/1780"}],"wp:attachment":[{"href":"https:\/\/www.feyalegria.org\/peru\/wp-json\/wp\/v2\/media?parent=1779"}],"wp:term":[{"taxonomy":"category","embeddable":true,"href":"https:\/\/www.feyalegria.org\/peru\/wp-json\/wp\/v2\/categories?post=1779"},{"taxonomy":"post_tag","embeddable":true,"href":"https:\/\/www.feyalegria.org\/peru\/wp-json\/wp\/v2\/tags?post=1779"},{"taxonomy":"post_folder","embeddable":true,"href":"https:\/\/www.feyalegria.org\/peru\/wp-json\/wp\/v2\/post_folder?post=1779"}],"curies":[{"name":"wp","href":"https:\/\/api.w.org\/{rel}","templated":true}]}}