 {"id":2905,"date":"2020-12-09T15:44:06","date_gmt":"2020-12-09T20:44:06","guid":{"rendered":"https:\/\/www.feyalegria.org\/peru\/?p=2905"},"modified":"2020-12-09T16:17:22","modified_gmt":"2020-12-09T21:17:22","slug":"fe-y-alegria-participo-en-conversatorio-sobre-desafios-de-la-educacion","status":"publish","type":"post","link":"https:\/\/www.feyalegria.org\/peru\/fe-y-alegria-participo-en-conversatorio-sobre-desafios-de-la-educacion\/","title":{"rendered":"Fe y Alegr\u00eda particip\u00f3 en Conversatorio sobre desaf\u00edos de la educaci\u00f3n"},"content":{"rendered":"<div class=\"wpb-content-wrapper\"><p>[vc_row][vc_column][vc_separator color=\u00bbmulled_wine\u00bb style=\u00bbshadow\u00bb][\/vc_column][\/vc_row][vc_row enable_first_overlay=\u00bbtrue\u00bb first_overlay_opacity=\u00bb1&#8243; first_background_color=\u00bb#df5461&#8243;][vc_column width=\u00bb2\/3&#8243;][vc_single_image image=\u00bb2906&#8243; img_size=\u00bbfull\u00bb add_caption=\u00bbyes\u00bb alignment=\u00bbcenter\u00bb onclick=\u00bbimg_link_large\u00bb][vc_row_inner][vc_column_inner css=\u00bb.vc_custom_1598372130448{margin-top: -35px !important;}\u00bb][vc_column_text]<\/p>\n<p>\n&nbsp;<\/p>\n<p align=\"justify\">El Consorcio Ignaciano de Educaci\u00f3n del Per\u00fa (CONSIGNA) organiz\u00f3 el 25 de noviembre el conversatorio virtual \u00abLos aprendizajes y desaf\u00edos de la educaci\u00f3n en tiempos de pandemia\u00bb, en el que participaron el director global de Educaci\u00f3n del Banco Mundial y exministro de educaci\u00f3n Jaime Saavedra y la directora de planificaci\u00f3n, investigaci\u00f3n e innovaci\u00f3n de Fe y Alegr\u00eda del Per\u00fa Susana Helfer.<\/p>\n<p>&nbsp;<\/p>\n<p align=\"justify\">En su ponencia, Jaime Saavedra se refiri\u00f3 a la pandemia como la peor crisis de la educaci\u00f3n del siglo. \u201cNecesitamos construir sistemas educativos m\u00e1s equitativos, m\u00e1s justos y m\u00e1s eficaces\u201d, indic\u00f3.<\/p>\n<p>&nbsp;<\/p>\n<p align=\"justify\">El  exministro de educaci\u00f3n se\u00f1al\u00f3 cuatro grandes lecciones que deja esta crisis: la urgencia de cerrar la brecha digital, para lo cual se debe construir un ecosistema educativo mucho m\u00e1s complejo; entender la escuela como un espacio social en el que se forman habilidades para la vida; valorar el rol de los padres y madres de familia como actores clave en la educaci\u00f3n de sus hijos, y fortalecer el ambiente del hogar.<\/p>\n<p>&nbsp;<\/p>\n<p align=\"justify\">Susana Helfer se\u00f1al\u00f3 que para lograr construir escuelas equitativas y eficaces, adem\u00e1s de los actores educativos (competencias docentes, curriculum, materiales y  gesti\u00f3n) se requiere de los actores pol\u00edticos, en este caso el Gobierno.<\/p>\n<p>&nbsp;<\/p>\n<p align=\"justify\">Helfer manifest\u00f3 que la pandemia ha agudizado los problemas que ya exist\u00edan en educaci\u00f3n, entre ellos, pobreza de aprendizajes y la deserci\u00f3n escolar, por lo que se requieren soluciones urgentes. \u201cAs\u00ed como le hemos dado un gran sentido de urgencia al tema salud y a la reactivaci\u00f3n econ\u00f3mica, nos debe quedar en claro la necesidad de reactivar la educaci\u00f3n\u201d.<\/p>\n<p>&nbsp;<\/p>\n<p align=\"justify\">Ver el video del conversatorio aqu\u00ed: <a href=\"https:\/\/www.facebook.com\/upacifico\/videos\/136781417883150\/\" rel=\"noopener noreferrer\" target=\"_blank\"><strong>https:\/\/bit.ly\/ConversatorioConsigna<\/strong><\/a><\/p>\n<p>&nbsp;<\/p>\n<p>[\/vc_column_text][\/vc_column_inner][\/vc_row_inner][\/vc_column][vc_column width=\u00bb1\/3&#8243; css=\u00bb.vc_custom_1598395418937{padding-top: 30px !important;padding-left: 20px !important;background-color: #f3f3f3 !important;border-radius: 10px !important;}\u00bb][vc_widget_sidebar sidebar_id=\u00bbnicdark_sidebar\u00bb][vc_btn title=\u00bbM\u00e1s noticias\u00bb style=\u00bbcustom\u00bb custom_background=\u00bb#cc0000&#8243; custom_text=\u00bb#ffffff\u00bb shape=\u00bbround\u00bb align=\u00bbcenter\u00bb link=\u00bburl:https%3A%2F%2Fwww.feyalegria.org%2Fperu%2Fnovedades%2F|title:Novedades\u00bb][\/vc_column][\/vc_row]<\/p>\n<\/div>","protected":false},"excerpt":{"rendered":"<div style=\"height: 240px\">El Consorcio Ignaciano de Educaci\u00f3n del Per\u00fa (CONSIGNA) organiz\u00f3 el 25 de noviembre el conversatorio virtual \u00abLos aprendizajes y desaf\u00edos de la educaci\u00f3n en tiempos de pandemia\u00bb, en el que particip\u00f3 la directora de planificaci\u00f3n, investigaci\u00f3n e innovaci\u00f3n de Fe y Alegr\u00eda del Per\u00fa Susana Helfer.<\/div>\n","protected":false},"author":20,"featured_media":2907,"comment_status":"closed","ping_status":"closed","sticky":false,"template":"","format":"standard","meta":{"_acf_changed":false,"footnotes":""},"categories":[9],"tags":[],"post_folder":[],"class_list":["post-2905","post","type-post","status-publish","format-standard","has-post-thumbnail","hentry","category-noticias"],"acf":[],"yoast_head":"<!-- This site is optimized with the Yoast SEO plugin v27.4 - https:\/\/yoast.com\/product\/yoast-seo-wordpress\/ -->\n<title>Fe y Alegr\u00eda particip\u00f3 en Conversatorio sobre desaf\u00edos de la educaci\u00f3n - #SomosFeyAlegria en Per\u00fa<\/title>\n<meta name=\"robots\" content=\"noindex, follow, max-snippet:-1, max-image-preview:large, max-video-preview:-1\" \/>\n<meta property=\"og:locale\" content=\"es_ES\" \/>\n<meta property=\"og:type\" content=\"article\" \/>\n<meta property=\"og:title\" content=\"Fe y Alegr\u00eda particip\u00f3 en Conversatorio sobre desaf\u00edos de la educaci\u00f3n - #SomosFeyAlegria en Per\u00fa\" \/>\n<meta property=\"og:description\" content=\"El Consorcio Ignaciano de Educaci\u00f3n del Per\u00fa (CONSIGNA) organiz\u00f3 el 25 de noviembre el conversatorio virtual &quot;Los aprendizajes y desaf\u00edos de la educaci\u00f3n en tiempos de pandemia&quot;, en el que particip\u00f3 la directora de planificaci\u00f3n, investigaci\u00f3n e innovaci\u00f3n de Fe y Alegr\u00eda del Per\u00fa Susana Helfer.\" \/>\n<meta property=\"og:url\" content=\"https:\/\/www.feyalegria.org\/peru\/fe-y-alegria-participo-en-conversatorio-sobre-desafios-de-la-educacion\/\" \/>\n<meta property=\"og:site_name\" content=\"#SomosFeyAlegria en Per\u00fa\" \/>\n<meta property=\"article:published_time\" content=\"2020-12-09T20:44:06+00:00\" \/>\n<meta property=\"article:modified_time\" content=\"2020-12-09T21:17:22+00:00\" \/>\n<meta property=\"og:image\" content=\"https:\/\/d3pugrm67vf9n7.cloudfront.net\/wp-content\/uploads\/sites\/7\/2020\/12\/09150957\/01-Conversatorio-consigna-cuadrado.jpg\" \/>\n\t<meta property=\"og:image:width\" content=\"533\" \/>\n\t<meta property=\"og:image:height\" content=\"533\" \/>\n\t<meta property=\"og:image:type\" content=\"image\/jpeg\" \/>\n<meta name=\"author\" content=\"adminpefya01\" \/>\n<meta name=\"twitter:card\" content=\"summary_large_image\" \/>\n<meta name=\"twitter:label1\" content=\"Escrito por\" \/>\n\t<meta name=\"twitter:data1\" content=\"adminpefya01\" \/>\n\t<meta name=\"twitter:label2\" content=\"Tiempo de lectura\" \/>\n\t<meta name=\"twitter:data2\" content=\"2 minutos\" \/>\n<script type=\"application\/ld+json\" class=\"yoast-schema-graph\">{\"@context\":\"https:\\\/\\\/schema.org\",\"@graph\":[{\"@type\":\"Article\",\"@id\":\"https:\\\/\\\/www.feyalegria.org\\\/peru\\\/fe-y-alegria-participo-en-conversatorio-sobre-desafios-de-la-educacion\\\/#article\",\"isPartOf\":{\"@id\":\"https:\\\/\\\/www.feyalegria.org\\\/peru\\\/fe-y-alegria-participo-en-conversatorio-sobre-desafios-de-la-educacion\\\/\"},\"author\":{\"name\":\"adminpefya01\",\"@id\":\"https:\\\/\\\/www.feyalegria.org\\\/peru\\\/#\\\/schema\\\/person\\\/47298f14fdde36b788fa7e2388626a19\"},\"headline\":\"Fe y Alegr\u00eda particip\u00f3 en Conversatorio sobre desaf\u00edos de la educaci\u00f3n\",\"datePublished\":\"2020-12-09T20:44:06+00:00\",\"dateModified\":\"2020-12-09T21:17:22+00:00\",\"mainEntityOfPage\":{\"@id\":\"https:\\\/\\\/www.feyalegria.org\\\/peru\\\/fe-y-alegria-participo-en-conversatorio-sobre-desafios-de-la-educacion\\\/\"},\"wordCount\":449,\"image\":{\"@id\":\"https:\\\/\\\/www.feyalegria.org\\\/peru\\\/fe-y-alegria-participo-en-conversatorio-sobre-desafios-de-la-educacion\\\/#primaryimage\"},\"thumbnailUrl\":\"https:\\\/\\\/d3pugrm67vf9n7.cloudfront.net\\\/wp-content\\\/uploads\\\/sites\\\/7\\\/2020\\\/12\\\/09150957\\\/01-Conversatorio-consigna-cuadrado.jpg\",\"articleSection\":[\"Noticias\"],\"inLanguage\":\"es\"},{\"@type\":\"WebPage\",\"@id\":\"https:\\\/\\\/www.feyalegria.org\\\/peru\\\/fe-y-alegria-participo-en-conversatorio-sobre-desafios-de-la-educacion\\\/\",\"url\":\"https:\\\/\\\/www.feyalegria.org\\\/peru\\\/fe-y-alegria-participo-en-conversatorio-sobre-desafios-de-la-educacion\\\/\",\"name\":\"Fe y Alegr\u00eda particip\u00f3 en Conversatorio sobre desaf\u00edos de la educaci\u00f3n - #SomosFeyAlegria en Per\u00fa\",\"isPartOf\":{\"@id\":\"https:\\\/\\\/www.feyalegria.org\\\/peru\\\/#website\"},\"primaryImageOfPage\":{\"@id\":\"https:\\\/\\\/www.feyalegria.org\\\/peru\\\/fe-y-alegria-participo-en-conversatorio-sobre-desafios-de-la-educacion\\\/#primaryimage\"},\"image\":{\"@id\":\"https:\\\/\\\/www.feyalegria.org\\\/peru\\\/fe-y-alegria-participo-en-conversatorio-sobre-desafios-de-la-educacion\\\/#primaryimage\"},\"thumbnailUrl\":\"https:\\\/\\\/d3pugrm67vf9n7.cloudfront.net\\\/wp-content\\\/uploads\\\/sites\\\/7\\\/2020\\\/12\\\/09150957\\\/01-Conversatorio-consigna-cuadrado.jpg\",\"datePublished\":\"2020-12-09T20:44:06+00:00\",\"dateModified\":\"2020-12-09T21:17:22+00:00\",\"author\":{\"@id\":\"https:\\\/\\\/www.feyalegria.org\\\/peru\\\/#\\\/schema\\\/person\\\/47298f14fdde36b788fa7e2388626a19\"},\"breadcrumb\":{\"@id\":\"https:\\\/\\\/www.feyalegria.org\\\/peru\\\/fe-y-alegria-participo-en-conversatorio-sobre-desafios-de-la-educacion\\\/#breadcrumb\"},\"inLanguage\":\"es\",\"potentialAction\":[{\"@type\":\"ReadAction\",\"target\":[\"https:\\\/\\\/www.feyalegria.org\\\/peru\\\/fe-y-alegria-participo-en-conversatorio-sobre-desafios-de-la-educacion\\\/\"]}]},{\"@type\":\"ImageObject\",\"inLanguage\":\"es\",\"@id\":\"https:\\\/\\\/www.feyalegria.org\\\/peru\\\/fe-y-alegria-participo-en-conversatorio-sobre-desafios-de-la-educacion\\\/#primaryimage\",\"url\":\"https:\\\/\\\/d3pugrm67vf9n7.cloudfront.net\\\/wp-content\\\/uploads\\\/sites\\\/7\\\/2020\\\/12\\\/09150957\\\/01-Conversatorio-consigna-cuadrado.jpg\",\"contentUrl\":\"https:\\\/\\\/d3pugrm67vf9n7.cloudfront.net\\\/wp-content\\\/uploads\\\/sites\\\/7\\\/2020\\\/12\\\/09150957\\\/01-Conversatorio-consigna-cuadrado.jpg\",\"width\":533,\"height\":533},{\"@type\":\"BreadcrumbList\",\"@id\":\"https:\\\/\\\/www.feyalegria.org\\\/peru\\\/fe-y-alegria-participo-en-conversatorio-sobre-desafios-de-la-educacion\\\/#breadcrumb\",\"itemListElement\":[{\"@type\":\"ListItem\",\"position\":1,\"name\":\"Home\",\"item\":\"https:\\\/\\\/www.feyalegria.org\\\/peru\\\/\"},{\"@type\":\"ListItem\",\"position\":2,\"name\":\"Fe y Alegr\u00eda particip\u00f3 en Conversatorio sobre desaf\u00edos de la educaci\u00f3n\"}]},{\"@type\":\"WebSite\",\"@id\":\"https:\\\/\\\/www.feyalegria.org\\\/peru\\\/#website\",\"url\":\"https:\\\/\\\/www.feyalegria.org\\\/peru\\\/\",\"name\":\"#SomosFeyAlegria en Per\u00fa\",\"description\":\"Movimiento de Educaci\u00f3n Popular y Promoci\u00f3n Social\",\"potentialAction\":[{\"@type\":\"SearchAction\",\"target\":{\"@type\":\"EntryPoint\",\"urlTemplate\":\"https:\\\/\\\/www.feyalegria.org\\\/peru\\\/?s={search_term_string}\"},\"query-input\":{\"@type\":\"PropertyValueSpecification\",\"valueRequired\":true,\"valueName\":\"search_term_string\"}}],\"inLanguage\":\"es\"},{\"@type\":\"Person\",\"@id\":\"https:\\\/\\\/www.feyalegria.org\\\/peru\\\/#\\\/schema\\\/person\\\/47298f14fdde36b788fa7e2388626a19\",\"name\":\"adminpefya01\",\"url\":\"https:\\\/\\\/www.feyalegria.org\\\/peru\\\/author\\\/adminpefya01\\\/\"}]}<\/script>\n<!-- \/ Yoast SEO plugin. -->","yoast_head_json":{"title":"Fe y Alegr\u00eda particip\u00f3 en Conversatorio sobre desaf\u00edos de la educaci\u00f3n - #SomosFeyAlegria en Per\u00fa","robots":{"index":"noindex","follow":"follow","max-snippet":"max-snippet:-1","max-image-preview":"max-image-preview:large","max-video-preview":"max-video-preview:-1"},"og_locale":"es_ES","og_type":"article","og_title":"Fe y Alegr\u00eda particip\u00f3 en Conversatorio sobre desaf\u00edos de la educaci\u00f3n - #SomosFeyAlegria en Per\u00fa","og_description":"El Consorcio Ignaciano de Educaci\u00f3n del Per\u00fa (CONSIGNA) organiz\u00f3 el 25 de noviembre el conversatorio virtual \"Los aprendizajes y desaf\u00edos de la educaci\u00f3n en tiempos de pandemia\", en el que particip\u00f3 la directora de planificaci\u00f3n, investigaci\u00f3n e innovaci\u00f3n de Fe y Alegr\u00eda del Per\u00fa Susana Helfer.","og_url":"https:\/\/www.feyalegria.org\/peru\/fe-y-alegria-participo-en-conversatorio-sobre-desafios-de-la-educacion\/","og_site_name":"#SomosFeyAlegria en Per\u00fa","article_published_time":"2020-12-09T20:44:06+00:00","article_modified_time":"2020-12-09T21:17:22+00:00","og_image":[{"width":533,"height":533,"url":"https:\/\/d3pugrm67vf9n7.cloudfront.net\/wp-content\/uploads\/sites\/7\/2020\/12\/09150957\/01-Conversatorio-consigna-cuadrado.jpg","type":"image\/jpeg"}],"author":"adminpefya01","twitter_card":"summary_large_image","twitter_misc":{"Escrito por":"adminpefya01","Tiempo de lectura":"2 minutos"},"schema":{"@context":"https:\/\/schema.org","@graph":[{"@type":"Article","@id":"https:\/\/www.feyalegria.org\/peru\/fe-y-alegria-participo-en-conversatorio-sobre-desafios-de-la-educacion\/#article","isPartOf":{"@id":"https:\/\/www.feyalegria.org\/peru\/fe-y-alegria-participo-en-conversatorio-sobre-desafios-de-la-educacion\/"},"author":{"name":"adminpefya01","@id":"https:\/\/www.feyalegria.org\/peru\/#\/schema\/person\/47298f14fdde36b788fa7e2388626a19"},"headline":"Fe y Alegr\u00eda particip\u00f3 en Conversatorio sobre desaf\u00edos de la educaci\u00f3n","datePublished":"2020-12-09T20:44:06+00:00","dateModified":"2020-12-09T21:17:22+00:00","mainEntityOfPage":{"@id":"https:\/\/www.feyalegria.org\/peru\/fe-y-alegria-participo-en-conversatorio-sobre-desafios-de-la-educacion\/"},"wordCount":449,"image":{"@id":"https:\/\/www.feyalegria.org\/peru\/fe-y-alegria-participo-en-conversatorio-sobre-desafios-de-la-educacion\/#primaryimage"},"thumbnailUrl":"https:\/\/d3pugrm67vf9n7.cloudfront.net\/wp-content\/uploads\/sites\/7\/2020\/12\/09150957\/01-Conversatorio-consigna-cuadrado.jpg","articleSection":["Noticias"],"inLanguage":"es"},{"@type":"WebPage","@id":"https:\/\/www.feyalegria.org\/peru\/fe-y-alegria-participo-en-conversatorio-sobre-desafios-de-la-educacion\/","url":"https:\/\/www.feyalegria.org\/peru\/fe-y-alegria-participo-en-conversatorio-sobre-desafios-de-la-educacion\/","name":"Fe y Alegr\u00eda particip\u00f3 en Conversatorio sobre desaf\u00edos de la educaci\u00f3n - #SomosFeyAlegria en Per\u00fa","isPartOf":{"@id":"https:\/\/www.feyalegria.org\/peru\/#website"},"primaryImageOfPage":{"@id":"https:\/\/www.feyalegria.org\/peru\/fe-y-alegria-participo-en-conversatorio-sobre-desafios-de-la-educacion\/#primaryimage"},"image":{"@id":"https:\/\/www.feyalegria.org\/peru\/fe-y-alegria-participo-en-conversatorio-sobre-desafios-de-la-educacion\/#primaryimage"},"thumbnailUrl":"https:\/\/d3pugrm67vf9n7.cloudfront.net\/wp-content\/uploads\/sites\/7\/2020\/12\/09150957\/01-Conversatorio-consigna-cuadrado.jpg","datePublished":"2020-12-09T20:44:06+00:00","dateModified":"2020-12-09T21:17:22+00:00","author":{"@id":"https:\/\/www.feyalegria.org\/peru\/#\/schema\/person\/47298f14fdde36b788fa7e2388626a19"},"breadcrumb":{"@id":"https:\/\/www.feyalegria.org\/peru\/fe-y-alegria-participo-en-conversatorio-sobre-desafios-de-la-educacion\/#breadcrumb"},"inLanguage":"es","potentialAction":[{"@type":"ReadAction","target":["https:\/\/www.feyalegria.org\/peru\/fe-y-alegria-participo-en-conversatorio-sobre-desafios-de-la-educacion\/"]}]},{"@type":"ImageObject","inLanguage":"es","@id":"https:\/\/www.feyalegria.org\/peru\/fe-y-alegria-participo-en-conversatorio-sobre-desafios-de-la-educacion\/#primaryimage","url":"https:\/\/d3pugrm67vf9n7.cloudfront.net\/wp-content\/uploads\/sites\/7\/2020\/12\/09150957\/01-Conversatorio-consigna-cuadrado.jpg","contentUrl":"https:\/\/d3pugrm67vf9n7.cloudfront.net\/wp-content\/uploads\/sites\/7\/2020\/12\/09150957\/01-Conversatorio-consigna-cuadrado.jpg","width":533,"height":533},{"@type":"BreadcrumbList","@id":"https:\/\/www.feyalegria.org\/peru\/fe-y-alegria-participo-en-conversatorio-sobre-desafios-de-la-educacion\/#breadcrumb","itemListElement":[{"@type":"ListItem","position":1,"name":"Home","item":"https:\/\/www.feyalegria.org\/peru\/"},{"@type":"ListItem","position":2,"name":"Fe y Alegr\u00eda particip\u00f3 en Conversatorio sobre desaf\u00edos de la educaci\u00f3n"}]},{"@type":"WebSite","@id":"https:\/\/www.feyalegria.org\/peru\/#website","url":"https:\/\/www.feyalegria.org\/peru\/","name":"#SomosFeyAlegria en Per\u00fa","description":"Movimiento de Educaci\u00f3n Popular y Promoci\u00f3n Social","potentialAction":[{"@type":"SearchAction","target":{"@type":"EntryPoint","urlTemplate":"https:\/\/www.feyalegria.org\/peru\/?s={search_term_string}"},"query-input":{"@type":"PropertyValueSpecification","valueRequired":true,"valueName":"search_term_string"}}],"inLanguage":"es"},{"@type":"Person","@id":"https:\/\/www.feyalegria.org\/peru\/#\/schema\/person\/47298f14fdde36b788fa7e2388626a19","name":"adminpefya01","url":"https:\/\/www.feyalegria.org\/peru\/author\/adminpefya01\/"}]}},"_links":{"self":[{"href":"https:\/\/www.feyalegria.org\/peru\/wp-json\/wp\/v2\/posts\/2905","targetHints":{"allow":["GET"]}}],"collection":[{"href":"https:\/\/www.feyalegria.org\/peru\/wp-json\/wp\/v2\/posts"}],"about":[{"href":"https:\/\/www.feyalegria.org\/peru\/wp-json\/wp\/v2\/types\/post"}],"author":[{"embeddable":true,"href":"https:\/\/www.feyalegria.org\/peru\/wp-json\/wp\/v2\/users\/20"}],"replies":[{"embeddable":true,"href":"https:\/\/www.feyalegria.org\/peru\/wp-json\/wp\/v2\/comments?post=2905"}],"version-history":[{"count":0,"href":"https:\/\/www.feyalegria.org\/peru\/wp-json\/wp\/v2\/posts\/2905\/revisions"}],"wp:featuredmedia":[{"embeddable":true,"href":"https:\/\/www.feyalegria.org\/peru\/wp-json\/wp\/v2\/media\/2907"}],"wp:attachment":[{"href":"https:\/\/www.feyalegria.org\/peru\/wp-json\/wp\/v2\/media?parent=2905"}],"wp:term":[{"taxonomy":"category","embeddable":true,"href":"https:\/\/www.feyalegria.org\/peru\/wp-json\/wp\/v2\/categories?post=2905"},{"taxonomy":"post_tag","embeddable":true,"href":"https:\/\/www.feyalegria.org\/peru\/wp-json\/wp\/v2\/tags?post=2905"},{"taxonomy":"post_folder","embeddable":true,"href":"https:\/\/www.feyalegria.org\/peru\/wp-json\/wp\/v2\/post_folder?post=2905"}],"curies":[{"name":"wp","href":"https:\/\/api.w.org\/{rel}","templated":true}]}}