 {"id":2954,"date":"2021-01-21T15:54:06","date_gmt":"2021-01-21T20:54:06","guid":{"rendered":"https:\/\/www.feyalegria.org\/peru\/?p=2954"},"modified":"2021-01-21T16:01:18","modified_gmt":"2021-01-21T21:01:18","slug":"conectandonos-con-alegria-2","status":"publish","type":"post","link":"https:\/\/www.feyalegria.org\/peru\/conectandonos-con-alegria-2\/","title":{"rendered":"Conect\u00e1ndonos con alegr\u00eda"},"content":{"rendered":"<div class=\"wpb-content-wrapper\"><p>[vc_row][vc_column][vc_separator color=\u00bbmulled_wine\u00bb style=\u00bbshadow\u00bb][\/vc_column][\/vc_row][vc_row enable_first_overlay=\u00bbtrue\u00bb first_overlay_opacity=\u00bb1&#8243; first_background_color=\u00bb#df5461&#8243;][vc_column width=\u00bb2\/3&#8243;][vc_single_image image=\u00bb2955&#8243; img_size=\u00bbfull\u00bb add_caption=\u00bbyes\u00bb alignment=\u00bbcenter\u00bb onclick=\u00bbimg_link_large\u00bb][vc_row_inner][vc_column_inner css=\u00bb.vc_custom_1598372130448{margin-top: -35px !important;}\u00bb][vc_column_text]<\/p>\n<p>\n&nbsp;<\/p>\n<p align=\"justify\">Fe y Alegr\u00eda viene desarrollando la campa\u00f1a \u201cConect\u00e1ndonos con alegr\u00eda\u201d, que busca facilitar 5,555 tablets a estudiantes de nuestras Instituciones Educativas, y de esta manera contribuir a mejorar sus aprendizajes y reforzar sus competencias digitales. Queremos cumplir este reto para el inicio de clases, a mediados de marzo.<\/p>\n<p>&nbsp;<\/p>\n<p align=\"justify\">En este 2021, a\u00f1o del Bicentenario de la Rep\u00fablica, Fe y Alegr\u00eda cumple 55 a\u00f1os de mejora de la calidad de la educaci\u00f3n p\u00fablica en nuestro pa\u00eds, innovando los procesos de aprendizaje, capacitando personal docente y directivo, y fundamentalmente, enfocando su acci\u00f3n educativa en la poblaci\u00f3n vulnerable de las zonas de menor desarrollo del territorio nacional.<\/p>\n<p>&nbsp;<\/p>\n<p align=\"justify\">Gracias al aporte de diversas empresas, personas e instituciones, hasta el momento se han conseguido 2,143 tablets, las que han sido distribuidas en las Instituciones Educativas de Fe y Alegr\u00eda,ubicadas en diversas regiones del pa\u00eds, priorizando las \u00e1reas rurales.<\/p>\n<p>&nbsp;<\/p>\n<p align=\"justify\">Las tablets contienen programas, aplicaciones y recursos educativos\u00a0seleccionados con criterios pedag\u00f3gicos de acuerdo al nivel educativo del estudiante, material desarrollado por el equipo pedag\u00f3gico de Fe y Alegr\u00eda que se suma al programa del Estado Aprendo en Casa, adem\u00e1s de accesorios que permitan su uso seguro.<\/p>\n<p>&nbsp;<\/p>\n<p align=\"justify\">Asimismo, los docentes contar\u00e1n con la asesor\u00eda pedag\u00f3gica para el uso de los contenidos\u00a0educativos en su labor educativa. Estos dispositivos tecnol\u00f3gicos ser\u00e1n un elemento clave que contribuir\u00e1 en acortar las brechas digitales.<\/p>\n<p>&nbsp;<\/p>\n<p align=\"justify\">Si desea colaborar con la campa\u00f1a, puede hacerlo en las siguientes cuentas del Banco de Cr\u00e9dito del Per\u00fa:<\/p>\n<p>&nbsp;<\/p>\n<p align=\"justify\"><strong>Cta. Ahorros en soles<\/strong><br \/>193-16096985-0-79<br \/>CCI: 00219311609698507912<\/p>\n<p>&nbsp;<\/p>\n<p><strong>Cta. Ahorros en d\u00f3lares<\/strong><br \/>193-10092043-1-82<br \/>CCI: 00219311009204318219<\/p>\n<p>&nbsp;<\/p>\n<p>[\/vc_column_text][\/vc_column_inner][\/vc_row_inner][\/vc_column][vc_column width=\u00bb1\/3&#8243; css=\u00bb.vc_custom_1598395418937{padding-top: 30px !important;padding-left: 20px !important;background-color: #f3f3f3 !important;border-radius: 10px !important;}\u00bb][vc_widget_sidebar sidebar_id=\u00bbnicdark_sidebar\u00bb][vc_btn title=\u00bbM\u00e1s noticias\u00bb style=\u00bbcustom\u00bb custom_background=\u00bb#cc0000&#8243; custom_text=\u00bb#ffffff\u00bb shape=\u00bbround\u00bb align=\u00bbcenter\u00bb link=\u00bburl:https%3A%2F%2Fwww.feyalegria.org%2Fperu%2Fnovedades%2F|title:Novedades\u00bb][\/vc_column][\/vc_row]<\/p>\n<\/div>","protected":false},"excerpt":{"rendered":"<div style=\"height: 240px\">En el marco de su 55 aniversario, Fe y Alegr\u00eda del Per\u00fa viene desarrollando la campa\u00f1a \u201cConect\u00e1ndonos con alegr\u00eda\u201d, que busca facilitar 5,555 tablets a estudiantes de nuestras Instituciones Educativas, y de esta manera contribuir a mejorar sus aprendizajes.<\/div>\n","protected":false},"author":20,"featured_media":2956,"comment_status":"closed","ping_status":"closed","sticky":false,"template":"","format":"standard","meta":{"_acf_changed":false,"footnotes":""},"categories":[9],"tags":[],"post_folder":[],"class_list":["post-2954","post","type-post","status-publish","format-standard","has-post-thumbnail","hentry","category-noticias"],"acf":[],"yoast_head":"<!-- This site is optimized with the Yoast SEO plugin v27.4 - https:\/\/yoast.com\/product\/yoast-seo-wordpress\/ -->\n<title>Conect\u00e1ndonos con alegr\u00eda - #SomosFeyAlegria en Per\u00fa<\/title>\n<meta name=\"robots\" content=\"noindex, follow, max-snippet:-1, max-image-preview:large, max-video-preview:-1\" \/>\n<meta property=\"og:locale\" content=\"es_ES\" \/>\n<meta property=\"og:type\" content=\"article\" \/>\n<meta property=\"og:title\" content=\"Conect\u00e1ndonos con alegr\u00eda - #SomosFeyAlegria en Per\u00fa\" \/>\n<meta property=\"og:description\" content=\"En el marco de su 55 aniversario, Fe y Alegr\u00eda del Per\u00fa viene desarrollando la campa\u00f1a \u201cConect\u00e1ndonos con alegr\u00eda\u201d, que busca facilitar 5,555 tablets a estudiantes de nuestras Instituciones Educativas, y de esta manera contribuir a mejorar sus aprendizajes.\" \/>\n<meta property=\"og:url\" content=\"https:\/\/www.feyalegria.org\/peru\/conectandonos-con-alegria-2\/\" \/>\n<meta property=\"og:site_name\" content=\"#SomosFeyAlegria en Per\u00fa\" \/>\n<meta property=\"article:published_time\" content=\"2021-01-21T20:54:06+00:00\" \/>\n<meta property=\"article:modified_time\" content=\"2021-01-21T21:01:18+00:00\" \/>\n<meta property=\"og:image\" content=\"https:\/\/d3pugrm67vf9n7.cloudfront.net\/wp-content\/uploads\/sites\/7\/2020\/12\/21153347\/5555-web-cuadrado.jpg\" \/>\n\t<meta property=\"og:image:width\" content=\"533\" \/>\n\t<meta property=\"og:image:height\" content=\"533\" \/>\n\t<meta property=\"og:image:type\" content=\"image\/jpeg\" \/>\n<meta name=\"author\" content=\"adminpefya01\" \/>\n<meta name=\"twitter:card\" content=\"summary_large_image\" \/>\n<meta name=\"twitter:label1\" content=\"Escrito por\" \/>\n\t<meta name=\"twitter:data1\" content=\"adminpefya01\" \/>\n\t<meta name=\"twitter:label2\" content=\"Tiempo de lectura\" \/>\n\t<meta name=\"twitter:data2\" content=\"2 minutos\" \/>\n<script type=\"application\/ld+json\" class=\"yoast-schema-graph\">{\"@context\":\"https:\\\/\\\/schema.org\",\"@graph\":[{\"@type\":\"Article\",\"@id\":\"https:\\\/\\\/www.feyalegria.org\\\/peru\\\/conectandonos-con-alegria-2\\\/#article\",\"isPartOf\":{\"@id\":\"https:\\\/\\\/www.feyalegria.org\\\/peru\\\/conectandonos-con-alegria-2\\\/\"},\"author\":{\"name\":\"adminpefya01\",\"@id\":\"https:\\\/\\\/www.feyalegria.org\\\/peru\\\/#\\\/schema\\\/person\\\/47298f14fdde36b788fa7e2388626a19\"},\"headline\":\"Conect\u00e1ndonos con alegr\u00eda\",\"datePublished\":\"2021-01-21T20:54:06+00:00\",\"dateModified\":\"2021-01-21T21:01:18+00:00\",\"mainEntityOfPage\":{\"@id\":\"https:\\\/\\\/www.feyalegria.org\\\/peru\\\/conectandonos-con-alegria-2\\\/\"},\"wordCount\":431,\"image\":{\"@id\":\"https:\\\/\\\/www.feyalegria.org\\\/peru\\\/conectandonos-con-alegria-2\\\/#primaryimage\"},\"thumbnailUrl\":\"https:\\\/\\\/d3pugrm67vf9n7.cloudfront.net\\\/wp-content\\\/uploads\\\/sites\\\/7\\\/2020\\\/12\\\/21153347\\\/5555-web-cuadrado.jpg\",\"articleSection\":[\"Noticias\"],\"inLanguage\":\"es\"},{\"@type\":\"WebPage\",\"@id\":\"https:\\\/\\\/www.feyalegria.org\\\/peru\\\/conectandonos-con-alegria-2\\\/\",\"url\":\"https:\\\/\\\/www.feyalegria.org\\\/peru\\\/conectandonos-con-alegria-2\\\/\",\"name\":\"Conect\u00e1ndonos con alegr\u00eda - #SomosFeyAlegria en Per\u00fa\",\"isPartOf\":{\"@id\":\"https:\\\/\\\/www.feyalegria.org\\\/peru\\\/#website\"},\"primaryImageOfPage\":{\"@id\":\"https:\\\/\\\/www.feyalegria.org\\\/peru\\\/conectandonos-con-alegria-2\\\/#primaryimage\"},\"image\":{\"@id\":\"https:\\\/\\\/www.feyalegria.org\\\/peru\\\/conectandonos-con-alegria-2\\\/#primaryimage\"},\"thumbnailUrl\":\"https:\\\/\\\/d3pugrm67vf9n7.cloudfront.net\\\/wp-content\\\/uploads\\\/sites\\\/7\\\/2020\\\/12\\\/21153347\\\/5555-web-cuadrado.jpg\",\"datePublished\":\"2021-01-21T20:54:06+00:00\",\"dateModified\":\"2021-01-21T21:01:18+00:00\",\"author\":{\"@id\":\"https:\\\/\\\/www.feyalegria.org\\\/peru\\\/#\\\/schema\\\/person\\\/47298f14fdde36b788fa7e2388626a19\"},\"breadcrumb\":{\"@id\":\"https:\\\/\\\/www.feyalegria.org\\\/peru\\\/conectandonos-con-alegria-2\\\/#breadcrumb\"},\"inLanguage\":\"es\",\"potentialAction\":[{\"@type\":\"ReadAction\",\"target\":[\"https:\\\/\\\/www.feyalegria.org\\\/peru\\\/conectandonos-con-alegria-2\\\/\"]}]},{\"@type\":\"ImageObject\",\"inLanguage\":\"es\",\"@id\":\"https:\\\/\\\/www.feyalegria.org\\\/peru\\\/conectandonos-con-alegria-2\\\/#primaryimage\",\"url\":\"https:\\\/\\\/d3pugrm67vf9n7.cloudfront.net\\\/wp-content\\\/uploads\\\/sites\\\/7\\\/2020\\\/12\\\/21153347\\\/5555-web-cuadrado.jpg\",\"contentUrl\":\"https:\\\/\\\/d3pugrm67vf9n7.cloudfront.net\\\/wp-content\\\/uploads\\\/sites\\\/7\\\/2020\\\/12\\\/21153347\\\/5555-web-cuadrado.jpg\",\"width\":533,\"height\":533},{\"@type\":\"BreadcrumbList\",\"@id\":\"https:\\\/\\\/www.feyalegria.org\\\/peru\\\/conectandonos-con-alegria-2\\\/#breadcrumb\",\"itemListElement\":[{\"@type\":\"ListItem\",\"position\":1,\"name\":\"Home\",\"item\":\"https:\\\/\\\/www.feyalegria.org\\\/peru\\\/\"},{\"@type\":\"ListItem\",\"position\":2,\"name\":\"Conect\u00e1ndonos con alegr\u00eda\"}]},{\"@type\":\"WebSite\",\"@id\":\"https:\\\/\\\/www.feyalegria.org\\\/peru\\\/#website\",\"url\":\"https:\\\/\\\/www.feyalegria.org\\\/peru\\\/\",\"name\":\"#SomosFeyAlegria en Per\u00fa\",\"description\":\"Movimiento de Educaci\u00f3n Popular y Promoci\u00f3n Social\",\"potentialAction\":[{\"@type\":\"SearchAction\",\"target\":{\"@type\":\"EntryPoint\",\"urlTemplate\":\"https:\\\/\\\/www.feyalegria.org\\\/peru\\\/?s={search_term_string}\"},\"query-input\":{\"@type\":\"PropertyValueSpecification\",\"valueRequired\":true,\"valueName\":\"search_term_string\"}}],\"inLanguage\":\"es\"},{\"@type\":\"Person\",\"@id\":\"https:\\\/\\\/www.feyalegria.org\\\/peru\\\/#\\\/schema\\\/person\\\/47298f14fdde36b788fa7e2388626a19\",\"name\":\"adminpefya01\",\"url\":\"https:\\\/\\\/www.feyalegria.org\\\/peru\\\/author\\\/adminpefya01\\\/\"}]}<\/script>\n<!-- \/ Yoast SEO plugin. -->","yoast_head_json":{"title":"Conect\u00e1ndonos con alegr\u00eda - #SomosFeyAlegria en Per\u00fa","robots":{"index":"noindex","follow":"follow","max-snippet":"max-snippet:-1","max-image-preview":"max-image-preview:large","max-video-preview":"max-video-preview:-1"},"og_locale":"es_ES","og_type":"article","og_title":"Conect\u00e1ndonos con alegr\u00eda - #SomosFeyAlegria en Per\u00fa","og_description":"En el marco de su 55 aniversario, Fe y Alegr\u00eda del Per\u00fa viene desarrollando la campa\u00f1a \u201cConect\u00e1ndonos con alegr\u00eda\u201d, que busca facilitar 5,555 tablets a estudiantes de nuestras Instituciones Educativas, y de esta manera contribuir a mejorar sus aprendizajes.","og_url":"https:\/\/www.feyalegria.org\/peru\/conectandonos-con-alegria-2\/","og_site_name":"#SomosFeyAlegria en Per\u00fa","article_published_time":"2021-01-21T20:54:06+00:00","article_modified_time":"2021-01-21T21:01:18+00:00","og_image":[{"width":533,"height":533,"url":"https:\/\/d3pugrm67vf9n7.cloudfront.net\/wp-content\/uploads\/sites\/7\/2020\/12\/21153347\/5555-web-cuadrado.jpg","type":"image\/jpeg"}],"author":"adminpefya01","twitter_card":"summary_large_image","twitter_misc":{"Escrito por":"adminpefya01","Tiempo de lectura":"2 minutos"},"schema":{"@context":"https:\/\/schema.org","@graph":[{"@type":"Article","@id":"https:\/\/www.feyalegria.org\/peru\/conectandonos-con-alegria-2\/#article","isPartOf":{"@id":"https:\/\/www.feyalegria.org\/peru\/conectandonos-con-alegria-2\/"},"author":{"name":"adminpefya01","@id":"https:\/\/www.feyalegria.org\/peru\/#\/schema\/person\/47298f14fdde36b788fa7e2388626a19"},"headline":"Conect\u00e1ndonos con alegr\u00eda","datePublished":"2021-01-21T20:54:06+00:00","dateModified":"2021-01-21T21:01:18+00:00","mainEntityOfPage":{"@id":"https:\/\/www.feyalegria.org\/peru\/conectandonos-con-alegria-2\/"},"wordCount":431,"image":{"@id":"https:\/\/www.feyalegria.org\/peru\/conectandonos-con-alegria-2\/#primaryimage"},"thumbnailUrl":"https:\/\/d3pugrm67vf9n7.cloudfront.net\/wp-content\/uploads\/sites\/7\/2020\/12\/21153347\/5555-web-cuadrado.jpg","articleSection":["Noticias"],"inLanguage":"es"},{"@type":"WebPage","@id":"https:\/\/www.feyalegria.org\/peru\/conectandonos-con-alegria-2\/","url":"https:\/\/www.feyalegria.org\/peru\/conectandonos-con-alegria-2\/","name":"Conect\u00e1ndonos con alegr\u00eda - #SomosFeyAlegria en Per\u00fa","isPartOf":{"@id":"https:\/\/www.feyalegria.org\/peru\/#website"},"primaryImageOfPage":{"@id":"https:\/\/www.feyalegria.org\/peru\/conectandonos-con-alegria-2\/#primaryimage"},"image":{"@id":"https:\/\/www.feyalegria.org\/peru\/conectandonos-con-alegria-2\/#primaryimage"},"thumbnailUrl":"https:\/\/d3pugrm67vf9n7.cloudfront.net\/wp-content\/uploads\/sites\/7\/2020\/12\/21153347\/5555-web-cuadrado.jpg","datePublished":"2021-01-21T20:54:06+00:00","dateModified":"2021-01-21T21:01:18+00:00","author":{"@id":"https:\/\/www.feyalegria.org\/peru\/#\/schema\/person\/47298f14fdde36b788fa7e2388626a19"},"breadcrumb":{"@id":"https:\/\/www.feyalegria.org\/peru\/conectandonos-con-alegria-2\/#breadcrumb"},"inLanguage":"es","potentialAction":[{"@type":"ReadAction","target":["https:\/\/www.feyalegria.org\/peru\/conectandonos-con-alegria-2\/"]}]},{"@type":"ImageObject","inLanguage":"es","@id":"https:\/\/www.feyalegria.org\/peru\/conectandonos-con-alegria-2\/#primaryimage","url":"https:\/\/d3pugrm67vf9n7.cloudfront.net\/wp-content\/uploads\/sites\/7\/2020\/12\/21153347\/5555-web-cuadrado.jpg","contentUrl":"https:\/\/d3pugrm67vf9n7.cloudfront.net\/wp-content\/uploads\/sites\/7\/2020\/12\/21153347\/5555-web-cuadrado.jpg","width":533,"height":533},{"@type":"BreadcrumbList","@id":"https:\/\/www.feyalegria.org\/peru\/conectandonos-con-alegria-2\/#breadcrumb","itemListElement":[{"@type":"ListItem","position":1,"name":"Home","item":"https:\/\/www.feyalegria.org\/peru\/"},{"@type":"ListItem","position":2,"name":"Conect\u00e1ndonos con alegr\u00eda"}]},{"@type":"WebSite","@id":"https:\/\/www.feyalegria.org\/peru\/#website","url":"https:\/\/www.feyalegria.org\/peru\/","name":"#SomosFeyAlegria en Per\u00fa","description":"Movimiento de Educaci\u00f3n Popular y Promoci\u00f3n Social","potentialAction":[{"@type":"SearchAction","target":{"@type":"EntryPoint","urlTemplate":"https:\/\/www.feyalegria.org\/peru\/?s={search_term_string}"},"query-input":{"@type":"PropertyValueSpecification","valueRequired":true,"valueName":"search_term_string"}}],"inLanguage":"es"},{"@type":"Person","@id":"https:\/\/www.feyalegria.org\/peru\/#\/schema\/person\/47298f14fdde36b788fa7e2388626a19","name":"adminpefya01","url":"https:\/\/www.feyalegria.org\/peru\/author\/adminpefya01\/"}]}},"_links":{"self":[{"href":"https:\/\/www.feyalegria.org\/peru\/wp-json\/wp\/v2\/posts\/2954","targetHints":{"allow":["GET"]}}],"collection":[{"href":"https:\/\/www.feyalegria.org\/peru\/wp-json\/wp\/v2\/posts"}],"about":[{"href":"https:\/\/www.feyalegria.org\/peru\/wp-json\/wp\/v2\/types\/post"}],"author":[{"embeddable":true,"href":"https:\/\/www.feyalegria.org\/peru\/wp-json\/wp\/v2\/users\/20"}],"replies":[{"embeddable":true,"href":"https:\/\/www.feyalegria.org\/peru\/wp-json\/wp\/v2\/comments?post=2954"}],"version-history":[{"count":0,"href":"https:\/\/www.feyalegria.org\/peru\/wp-json\/wp\/v2\/posts\/2954\/revisions"}],"wp:featuredmedia":[{"embeddable":true,"href":"https:\/\/www.feyalegria.org\/peru\/wp-json\/wp\/v2\/media\/2956"}],"wp:attachment":[{"href":"https:\/\/www.feyalegria.org\/peru\/wp-json\/wp\/v2\/media?parent=2954"}],"wp:term":[{"taxonomy":"category","embeddable":true,"href":"https:\/\/www.feyalegria.org\/peru\/wp-json\/wp\/v2\/categories?post=2954"},{"taxonomy":"post_tag","embeddable":true,"href":"https:\/\/www.feyalegria.org\/peru\/wp-json\/wp\/v2\/tags?post=2954"},{"taxonomy":"post_folder","embeddable":true,"href":"https:\/\/www.feyalegria.org\/peru\/wp-json\/wp\/v2\/post_folder?post=2954"}],"curies":[{"name":"wp","href":"https:\/\/api.w.org\/{rel}","templated":true}]}}