 {"id":5116,"date":"2021-12-02T12:45:18","date_gmt":"2021-12-02T17:45:18","guid":{"rendered":"https:\/\/www.feyalegria.org\/congo\/?p=5116"},"modified":"2021-12-02T21:12:55","modified_gmt":"2021-12-03T02:12:55","slug":"educar-para-acabar-con-todas-las-pandemias","status":"publish","type":"post","link":"https:\/\/www.feyalegria.org\/rdcongo\/educar-para-acabar-con-todas-las-pandemias\/","title":{"rendered":"Educar para acabar con todas las pandemias"},"content":{"rendered":"<div class=\"wpb-content-wrapper\"><p>[vc_row content_placement=\u00bbmiddle\u00bb][vc_column width=\u00bb2\/3&#8243;][vc_column_text]Fe y Alegr\u00eda est\u00e1 muy comprometida con una educaci\u00f3n de calidad para todos y todas. Es cierto que esa tarea requiere el compromiso responsable de los maestros, que son los principales actores de la educaci\u00f3n de los ni\u00f1os y que, sin embargo, realizan su tarea con unas condiciones salariales muy pobres. A la dif\u00edcil situaci\u00f3n salarial, debido a que la educaci\u00f3n de Fe y Alegr\u00eda es gratuita, se sum\u00f3 la pandemia. Desde marzo de 2020, todos los maestros del pa\u00eds, como el resto de los ciudadanos, se han visto obligados a permanecer confinados en sus hogares sin tener una actividad que les permita sobrevivir y mantener a sus familias y sin contar con la ayuda necesaria del Estado, lo que ha profundizado los niveles del hambre y la miseria. Como resultado, todos los maestros han dejado de ir a la escuela, abriendo, as\u00ed, el camino al desempleo forzoso, cuyas consecuencias sociales todav\u00eda son complejas y muy dif\u00edciles de soportar.[\/vc_column_text][\/vc_column][vc_column width=\u00bb1\/3&#8243;][vc_single_image image=\u00bb5118&#8243; img_size=\u00bblarge\u00bb alignment=\u00bbcenter\u00bb style=\u00bbvc_box_rounded\u00bb][\/vc_column][\/vc_row][vc_row][vc_column][vc_column_text]En t\u00e9rminos generales, el tiempo de confinamiento, si bien ha sido doloroso, ha tra\u00eddo, tambi\u00e9n, beneficios, pues les ha permitido a los maestros autoformarse y fortalecer<br \/>\nla relaci\u00f3n familiar. El hecho de permanecer juntos todo el tiempo permiti\u00f3 desarrollar otras maneras \u00fatiles para la vida en com\u00fan.<br \/>\nAdem\u00e1s, este momento ayud\u00f3 a mirar a la otra persona de una manera diferente. Igualmente, fue una oportunidad para pensar a\u00fan m\u00e1s en los estudiantes y hacer esfuerzos mayores para garantizarles el derecho a la educaci\u00f3n, teniendo en cuenta las medidas sanitarias de prevenci\u00f3n. Esto nos motiv\u00f3 a recurrir a la radio como un<br \/>\nmedio para alfabetizar y formar, generador de conciencia y tambi\u00e9n nos ayud\u00f3 a pasar el encierro de un modo m\u00e1s agradable. La mayor\u00eda de los programas comenzaron con<br \/>\nel objetivo de generar conciencia en la gente para que asumieran, en serio, las medidas preventivas. Luego, vimos y utilizamos sus potencialidades formativas, tanto para los alumnos como para los docentes, formaci\u00f3n que debemos profundizar, dado que tenemos muchas carencias pedag\u00f3gicas.<br \/>\nEn nuestro pa\u00eds, debemos enfatizar mucho la importancia de la educaci\u00f3n como medio para elevar la calidad de vida, pues son muchos los alumnos \u2013y sobre todo alumnas\u2013 que no van a la escuela. Esto supone un trabajo sistem\u00e1tico con las familias para convencerles de la importancia de la educaci\u00f3n. Junto a garantizar a todos y todas el derecho a la educaci\u00f3n, y para avanzar en su calidad, tenemos el reto de mejorar la infraestructura, pues nuestras escuelas son muy pobres&#8230; no tienen, ni siquiera, bancos.<br \/>\nDebemos, tambi\u00e9n, orientar la educaci\u00f3n a capacitarlos para el trabajo y la productividad para que puedan mejorar sus vidas y salir de la pobreza extrema.<br \/>\nEl director nacional de Fe y Alegr\u00eda Congo, P. Alfred Kiteso, S. J., insiste en que la Federaci\u00f3n debe motorizar una campa\u00f1a vigorosa a nivel mundial sobre la necesidad de<br \/>\ngarantizar a todos y todas educaci\u00f3n, como base para un desarrollo humano sustentable que combata la miseria, pues algunos pa\u00edses africanos est\u00e1n acostumbrados a<br \/>\nconvivir con diversas pandemias, ahora de la COVID-19, pero, tambi\u00e9n, de la malaria y \u00e9bola, entre otras.[\/vc_column_text][\/vc_column][\/vc_row]<\/p>\n<\/div>","protected":false},"excerpt":{"rendered":"<div style=\"height: 265px\">Fe y Alegr\u00eda est\u00e1 muy comprometida con una educaci\u00f3n de calidad para todos y todas. Es cierto que esa tarea requiere el compromiso responsable de los maestros, que son los principales actores de la educaci\u00f3n de los ni\u00f1os y que, sin embargo, realizan su tarea con unas condiciones salariales muy pobres. A la dif\u00edcil situaci\u00f3n salarial, debido a que la educaci\u00f3n&#8230;<\/div>\n","protected":false},"author":2,"featured_media":5118,"comment_status":"closed","ping_status":"closed","sticky":false,"template":"","format":"standard","meta":{"_acf_changed":false,"footnotes":""},"categories":[1],"tags":[],"post_folder":[],"class_list":["post-5116","post","type-post","status-publish","format-standard","has-post-thumbnail","hentry","category-sin-categoria"],"acf":[],"yoast_head":"<!-- This site is optimized with the Yoast SEO plugin v27.4 - https:\/\/yoast.com\/product\/yoast-seo-wordpress\/ -->\n<title>Educar para acabar con todas las pandemias - #SomosFeyAlegria en la Rep\u00fablica Democr\u00e1tica del Congo<\/title>\n<meta name=\"robots\" content=\"index, follow, max-snippet:-1, max-image-preview:large, max-video-preview:-1\" \/>\n<link rel=\"canonical\" href=\"https:\/\/www.feyalegria.org\/rdcongo\/educar-para-acabar-con-todas-las-pandemias\/\" \/>\n<meta property=\"og:locale\" content=\"es_ES\" \/>\n<meta property=\"og:type\" content=\"article\" \/>\n<meta property=\"og:title\" content=\"Educar para acabar con todas las pandemias - #SomosFeyAlegria en la Rep\u00fablica Democr\u00e1tica del Congo\" \/>\n<meta property=\"og:description\" content=\"Fe y Alegr\u00eda est\u00e1 muy comprometida con una educaci\u00f3n de calidad para todos y todas. Es cierto que esa tarea requiere el compromiso responsable de los maestros, que son los principales actores de la educaci\u00f3n de los ni\u00f1os y que, sin embargo, realizan su tarea con unas condiciones salariales muy pobres. A la dif\u00edcil situaci\u00f3n salarial, debido a que la educaci\u00f3n...\" \/>\n<meta property=\"og:url\" content=\"https:\/\/www.feyalegria.org\/rdcongo\/educar-para-acabar-con-todas-las-pandemias\/\" \/>\n<meta property=\"og:site_name\" content=\"#SomosFeyAlegria en la Rep\u00fablica Democr\u00e1tica del Congo\" \/>\n<meta property=\"article:published_time\" content=\"2021-12-02T17:45:18+00:00\" \/>\n<meta property=\"article:modified_time\" content=\"2021-12-03T02:12:55+00:00\" \/>\n<meta property=\"og:image\" content=\"https:\/\/d3pugrm67vf9n7.cloudfront.net\/wp-content\/uploads\/sites\/20\/2021\/12\/02124358\/Educar-para-acabar-con-todas-las-pandemias.jpg\" \/>\n\t<meta property=\"og:image:width\" content=\"954\" \/>\n\t<meta property=\"og:image:height\" content=\"404\" \/>\n\t<meta property=\"og:image:type\" content=\"image\/jpeg\" \/>\n<meta name=\"author\" content=\"adminfya\" \/>\n<meta name=\"twitter:card\" content=\"summary_large_image\" \/>\n<meta name=\"twitter:label1\" content=\"Escrito por\" \/>\n\t<meta name=\"twitter:data1\" content=\"adminfya\" \/>\n\t<meta name=\"twitter:label2\" content=\"Tiempo de lectura\" \/>\n\t<meta name=\"twitter:data2\" content=\"3 minutos\" \/>\n<script type=\"application\/ld+json\" class=\"yoast-schema-graph\">{\"@context\":\"https:\\\/\\\/schema.org\",\"@graph\":[{\"@type\":\"Article\",\"@id\":\"https:\\\/\\\/www.feyalegria.org\\\/rdcongo\\\/educar-para-acabar-con-todas-las-pandemias\\\/#article\",\"isPartOf\":{\"@id\":\"https:\\\/\\\/www.feyalegria.org\\\/rdcongo\\\/educar-para-acabar-con-todas-las-pandemias\\\/\"},\"author\":{\"name\":\"adminfya\",\"@id\":\"https:\\\/\\\/www.feyalegria.org\\\/rdcongo\\\/#\\\/schema\\\/person\\\/f113dd05751b9243bcc4b62d8f55bc4b\"},\"headline\":\"Educar para acabar con todas las pandemias\",\"datePublished\":\"2021-12-02T17:45:18+00:00\",\"dateModified\":\"2021-12-03T02:12:55+00:00\",\"mainEntityOfPage\":{\"@id\":\"https:\\\/\\\/www.feyalegria.org\\\/rdcongo\\\/educar-para-acabar-con-todas-las-pandemias\\\/\"},\"wordCount\":607,\"image\":{\"@id\":\"https:\\\/\\\/www.feyalegria.org\\\/rdcongo\\\/educar-para-acabar-con-todas-las-pandemias\\\/#primaryimage\"},\"thumbnailUrl\":\"https:\\\/\\\/d3pugrm67vf9n7.cloudfront.net\\\/wp-content\\\/uploads\\\/sites\\\/20\\\/2021\\\/12\\\/02124358\\\/Educar-para-acabar-con-todas-las-pandemias.jpg\",\"inLanguage\":\"es\"},{\"@type\":\"WebPage\",\"@id\":\"https:\\\/\\\/www.feyalegria.org\\\/rdcongo\\\/educar-para-acabar-con-todas-las-pandemias\\\/\",\"url\":\"https:\\\/\\\/www.feyalegria.org\\\/rdcongo\\\/educar-para-acabar-con-todas-las-pandemias\\\/\",\"name\":\"Educar para acabar con todas las pandemias - #SomosFeyAlegria en la Rep\u00fablica Democr\u00e1tica del Congo\",\"isPartOf\":{\"@id\":\"https:\\\/\\\/www.feyalegria.org\\\/rdcongo\\\/#website\"},\"primaryImageOfPage\":{\"@id\":\"https:\\\/\\\/www.feyalegria.org\\\/rdcongo\\\/educar-para-acabar-con-todas-las-pandemias\\\/#primaryimage\"},\"image\":{\"@id\":\"https:\\\/\\\/www.feyalegria.org\\\/rdcongo\\\/educar-para-acabar-con-todas-las-pandemias\\\/#primaryimage\"},\"thumbnailUrl\":\"https:\\\/\\\/d3pugrm67vf9n7.cloudfront.net\\\/wp-content\\\/uploads\\\/sites\\\/20\\\/2021\\\/12\\\/02124358\\\/Educar-para-acabar-con-todas-las-pandemias.jpg\",\"datePublished\":\"2021-12-02T17:45:18+00:00\",\"dateModified\":\"2021-12-03T02:12:55+00:00\",\"author\":{\"@id\":\"https:\\\/\\\/www.feyalegria.org\\\/rdcongo\\\/#\\\/schema\\\/person\\\/f113dd05751b9243bcc4b62d8f55bc4b\"},\"breadcrumb\":{\"@id\":\"https:\\\/\\\/www.feyalegria.org\\\/rdcongo\\\/educar-para-acabar-con-todas-las-pandemias\\\/#breadcrumb\"},\"inLanguage\":\"es\",\"potentialAction\":[{\"@type\":\"ReadAction\",\"target\":[\"https:\\\/\\\/www.feyalegria.org\\\/rdcongo\\\/educar-para-acabar-con-todas-las-pandemias\\\/\"]}]},{\"@type\":\"ImageObject\",\"inLanguage\":\"es\",\"@id\":\"https:\\\/\\\/www.feyalegria.org\\\/rdcongo\\\/educar-para-acabar-con-todas-las-pandemias\\\/#primaryimage\",\"url\":\"https:\\\/\\\/d3pugrm67vf9n7.cloudfront.net\\\/wp-content\\\/uploads\\\/sites\\\/20\\\/2021\\\/12\\\/02124358\\\/Educar-para-acabar-con-todas-las-pandemias.jpg\",\"contentUrl\":\"https:\\\/\\\/d3pugrm67vf9n7.cloudfront.net\\\/wp-content\\\/uploads\\\/sites\\\/20\\\/2021\\\/12\\\/02124358\\\/Educar-para-acabar-con-todas-las-pandemias.jpg\",\"width\":954,\"height\":404},{\"@type\":\"BreadcrumbList\",\"@id\":\"https:\\\/\\\/www.feyalegria.org\\\/rdcongo\\\/educar-para-acabar-con-todas-las-pandemias\\\/#breadcrumb\",\"itemListElement\":[{\"@type\":\"ListItem\",\"position\":1,\"name\":\"Home\",\"item\":\"https:\\\/\\\/www.feyalegria.org\\\/rdcongo\\\/\"},{\"@type\":\"ListItem\",\"position\":2,\"name\":\"Educar para acabar con todas las pandemias\"}]},{\"@type\":\"WebSite\",\"@id\":\"https:\\\/\\\/www.feyalegria.org\\\/rdcongo\\\/#website\",\"url\":\"https:\\\/\\\/www.feyalegria.org\\\/rdcongo\\\/\",\"name\":\"#SomosFeyAlegria en la Rep\u00fablica Democr\u00e1tica del Congo\",\"description\":\"Movimiento de Educaci\u00f3n Popular y Promoci\u00f3n Social\",\"potentialAction\":[{\"@type\":\"SearchAction\",\"target\":{\"@type\":\"EntryPoint\",\"urlTemplate\":\"https:\\\/\\\/www.feyalegria.org\\\/rdcongo\\\/?s={search_term_string}\"},\"query-input\":{\"@type\":\"PropertyValueSpecification\",\"valueRequired\":true,\"valueName\":\"search_term_string\"}}],\"inLanguage\":\"es\"},{\"@type\":\"Person\",\"@id\":\"https:\\\/\\\/www.feyalegria.org\\\/rdcongo\\\/#\\\/schema\\\/person\\\/f113dd05751b9243bcc4b62d8f55bc4b\",\"name\":\"adminfya\",\"url\":\"https:\\\/\\\/www.feyalegria.org\\\/rdcongo\\\/author\\\/adminfya\\\/\"}]}<\/script>\n<!-- \/ Yoast SEO plugin. -->","yoast_head_json":{"title":"Educar para acabar con todas las pandemias - #SomosFeyAlegria en la Rep\u00fablica Democr\u00e1tica del Congo","robots":{"index":"index","follow":"follow","max-snippet":"max-snippet:-1","max-image-preview":"max-image-preview:large","max-video-preview":"max-video-preview:-1"},"canonical":"https:\/\/www.feyalegria.org\/rdcongo\/educar-para-acabar-con-todas-las-pandemias\/","og_locale":"es_ES","og_type":"article","og_title":"Educar para acabar con todas las pandemias - #SomosFeyAlegria en la Rep\u00fablica Democr\u00e1tica del Congo","og_description":"Fe y Alegr\u00eda est\u00e1 muy comprometida con una educaci\u00f3n de calidad para todos y todas. Es cierto que esa tarea requiere el compromiso responsable de los maestros, que son los principales actores de la educaci\u00f3n de los ni\u00f1os y que, sin embargo, realizan su tarea con unas condiciones salariales muy pobres. A la dif\u00edcil situaci\u00f3n salarial, debido a que la educaci\u00f3n...","og_url":"https:\/\/www.feyalegria.org\/rdcongo\/educar-para-acabar-con-todas-las-pandemias\/","og_site_name":"#SomosFeyAlegria en la Rep\u00fablica Democr\u00e1tica del Congo","article_published_time":"2021-12-02T17:45:18+00:00","article_modified_time":"2021-12-03T02:12:55+00:00","og_image":[{"width":954,"height":404,"url":"https:\/\/d3pugrm67vf9n7.cloudfront.net\/wp-content\/uploads\/sites\/20\/2021\/12\/02124358\/Educar-para-acabar-con-todas-las-pandemias.jpg","type":"image\/jpeg"}],"author":"adminfya","twitter_card":"summary_large_image","twitter_misc":{"Escrito por":"adminfya","Tiempo de lectura":"3 minutos"},"schema":{"@context":"https:\/\/schema.org","@graph":[{"@type":"Article","@id":"https:\/\/www.feyalegria.org\/rdcongo\/educar-para-acabar-con-todas-las-pandemias\/#article","isPartOf":{"@id":"https:\/\/www.feyalegria.org\/rdcongo\/educar-para-acabar-con-todas-las-pandemias\/"},"author":{"name":"adminfya","@id":"https:\/\/www.feyalegria.org\/rdcongo\/#\/schema\/person\/f113dd05751b9243bcc4b62d8f55bc4b"},"headline":"Educar para acabar con todas las pandemias","datePublished":"2021-12-02T17:45:18+00:00","dateModified":"2021-12-03T02:12:55+00:00","mainEntityOfPage":{"@id":"https:\/\/www.feyalegria.org\/rdcongo\/educar-para-acabar-con-todas-las-pandemias\/"},"wordCount":607,"image":{"@id":"https:\/\/www.feyalegria.org\/rdcongo\/educar-para-acabar-con-todas-las-pandemias\/#primaryimage"},"thumbnailUrl":"https:\/\/d3pugrm67vf9n7.cloudfront.net\/wp-content\/uploads\/sites\/20\/2021\/12\/02124358\/Educar-para-acabar-con-todas-las-pandemias.jpg","inLanguage":"es"},{"@type":"WebPage","@id":"https:\/\/www.feyalegria.org\/rdcongo\/educar-para-acabar-con-todas-las-pandemias\/","url":"https:\/\/www.feyalegria.org\/rdcongo\/educar-para-acabar-con-todas-las-pandemias\/","name":"Educar para acabar con todas las pandemias - #SomosFeyAlegria en la Rep\u00fablica Democr\u00e1tica del Congo","isPartOf":{"@id":"https:\/\/www.feyalegria.org\/rdcongo\/#website"},"primaryImageOfPage":{"@id":"https:\/\/www.feyalegria.org\/rdcongo\/educar-para-acabar-con-todas-las-pandemias\/#primaryimage"},"image":{"@id":"https:\/\/www.feyalegria.org\/rdcongo\/educar-para-acabar-con-todas-las-pandemias\/#primaryimage"},"thumbnailUrl":"https:\/\/d3pugrm67vf9n7.cloudfront.net\/wp-content\/uploads\/sites\/20\/2021\/12\/02124358\/Educar-para-acabar-con-todas-las-pandemias.jpg","datePublished":"2021-12-02T17:45:18+00:00","dateModified":"2021-12-03T02:12:55+00:00","author":{"@id":"https:\/\/www.feyalegria.org\/rdcongo\/#\/schema\/person\/f113dd05751b9243bcc4b62d8f55bc4b"},"breadcrumb":{"@id":"https:\/\/www.feyalegria.org\/rdcongo\/educar-para-acabar-con-todas-las-pandemias\/#breadcrumb"},"inLanguage":"es","potentialAction":[{"@type":"ReadAction","target":["https:\/\/www.feyalegria.org\/rdcongo\/educar-para-acabar-con-todas-las-pandemias\/"]}]},{"@type":"ImageObject","inLanguage":"es","@id":"https:\/\/www.feyalegria.org\/rdcongo\/educar-para-acabar-con-todas-las-pandemias\/#primaryimage","url":"https:\/\/d3pugrm67vf9n7.cloudfront.net\/wp-content\/uploads\/sites\/20\/2021\/12\/02124358\/Educar-para-acabar-con-todas-las-pandemias.jpg","contentUrl":"https:\/\/d3pugrm67vf9n7.cloudfront.net\/wp-content\/uploads\/sites\/20\/2021\/12\/02124358\/Educar-para-acabar-con-todas-las-pandemias.jpg","width":954,"height":404},{"@type":"BreadcrumbList","@id":"https:\/\/www.feyalegria.org\/rdcongo\/educar-para-acabar-con-todas-las-pandemias\/#breadcrumb","itemListElement":[{"@type":"ListItem","position":1,"name":"Home","item":"https:\/\/www.feyalegria.org\/rdcongo\/"},{"@type":"ListItem","position":2,"name":"Educar para acabar con todas las pandemias"}]},{"@type":"WebSite","@id":"https:\/\/www.feyalegria.org\/rdcongo\/#website","url":"https:\/\/www.feyalegria.org\/rdcongo\/","name":"#SomosFeyAlegria en la Rep\u00fablica Democr\u00e1tica del Congo","description":"Movimiento de Educaci\u00f3n Popular y Promoci\u00f3n Social","potentialAction":[{"@type":"SearchAction","target":{"@type":"EntryPoint","urlTemplate":"https:\/\/www.feyalegria.org\/rdcongo\/?s={search_term_string}"},"query-input":{"@type":"PropertyValueSpecification","valueRequired":true,"valueName":"search_term_string"}}],"inLanguage":"es"},{"@type":"Person","@id":"https:\/\/www.feyalegria.org\/rdcongo\/#\/schema\/person\/f113dd05751b9243bcc4b62d8f55bc4b","name":"adminfya","url":"https:\/\/www.feyalegria.org\/rdcongo\/author\/adminfya\/"}]}},"_links":{"self":[{"href":"https:\/\/www.feyalegria.org\/rdcongo\/wp-json\/wp\/v2\/posts\/5116","targetHints":{"allow":["GET"]}}],"collection":[{"href":"https:\/\/www.feyalegria.org\/rdcongo\/wp-json\/wp\/v2\/posts"}],"about":[{"href":"https:\/\/www.feyalegria.org\/rdcongo\/wp-json\/wp\/v2\/types\/post"}],"author":[{"embeddable":true,"href":"https:\/\/www.feyalegria.org\/rdcongo\/wp-json\/wp\/v2\/users\/2"}],"replies":[{"embeddable":true,"href":"https:\/\/www.feyalegria.org\/rdcongo\/wp-json\/wp\/v2\/comments?post=5116"}],"version-history":[{"count":0,"href":"https:\/\/www.feyalegria.org\/rdcongo\/wp-json\/wp\/v2\/posts\/5116\/revisions"}],"wp:featuredmedia":[{"embeddable":true,"href":"https:\/\/www.feyalegria.org\/rdcongo\/wp-json\/wp\/v2\/media\/5118"}],"wp:attachment":[{"href":"https:\/\/www.feyalegria.org\/rdcongo\/wp-json\/wp\/v2\/media?parent=5116"}],"wp:term":[{"taxonomy":"category","embeddable":true,"href":"https:\/\/www.feyalegria.org\/rdcongo\/wp-json\/wp\/v2\/categories?post=5116"},{"taxonomy":"post_tag","embeddable":true,"href":"https:\/\/www.feyalegria.org\/rdcongo\/wp-json\/wp\/v2\/tags?post=5116"},{"taxonomy":"post_folder","embeddable":true,"href":"https:\/\/www.feyalegria.org\/rdcongo\/wp-json\/wp\/v2\/post_folder?post=5116"}],"curies":[{"name":"wp","href":"https:\/\/api.w.org\/{rel}","templated":true}]}}