{"id":1763,"date":"2020-04-06T15:05:06","date_gmt":"2020-04-06T20:05:06","guid":{"rendered":"https:\/\/www.feyalegria.org\/uruguay\/?p=1763"},"modified":"2023-09-19T06:24:38","modified_gmt":"2023-09-19T11:24:38","slug":"la-escuela-rural-para-la-nueva-normalidad","status":"publish","type":"post","link":"https:\/\/www.feyalegria.org\/uruguay\/la-escuela-rural-para-la-nueva-normalidad\/","title":{"rendered":"No pierdan la Fe y protejan la Alegr\u00eda"},"content":{"rendered":"<div class=\"wpb-content-wrapper\"><p>[vc_row enable_first_overlay=\u00bbtrue\u00bb first_overlay_opacity=\u00bb1&#8243; first_background_color=\u00bb#df5461&#8243;][vc_column width=\u00bb2\/3&#8243;][vc_single_image image=\u00bb2455&#8243; img_size=\u00bbfull\u00bb add_caption=\u00bbyes\u00bb alignment=\u00bbcenter\u00bb onclick=\u00bbimg_link_large\u00bb][vc_row_inner][vc_column_inner css=\u00bb.vc_custom_1598372130448{margin-top: -35px !important;}\u00bb][vc_column_text]<\/p>\n<p>&nbsp;<\/p>\n<p align=\"justify\">Quedarse en casa cuando sea posible, cuidarnos y cuidar a los nuestros, dar lo mejor de nosotros y hacer algo por otros. Esta vez son las peque\u00f1as acciones de humanidad las que van a salvarnos.<\/p>\n<p>&nbsp;<\/p>\n<p align=\"justify\">Estos d\u00edas nos hemos encontrado con la generosidad y el compromiso de much\u00edsimas personas. Algunos que a\u00fan sin conocernos, se han puesto a disposici\u00f3n para dar una mano. Hay cientos de integrantes de nuestros equipos educativos trabajando para acompa\u00f1ar a las familias que necesitan m\u00e1s apoyo entreg\u00e1ndoles canastas de alimentos y limpieza, preparando actividades para mandarles a los ni\u00f1os y escuchando para encontrar las mejores respuestas. Lo hacen con la alegr\u00eda de servir. A diario les llegan mensajes conmovedores de madres agradecidas y de otras que les avisan que esta semana no van a necesitar aceite y les piden que lo dejen para otra familia. \u00bfSe acuerdan de la pel\u00edcula Cadena de Favores? Aquel ni\u00f1o, que crea un sistema de buenas acciones que se multiplican, nos inspira hoy.<\/p>\n<p>&nbsp;<\/p>\n<p align=\"justify\">Esta crisis deja a los m\u00e1s vulnerables expuestos al peor escenario, por eso los invitamos a seguir trabajando por una educaci\u00f3n que transforme las desigualdades.<\/p>\n<p>&nbsp;<\/p>\n<p align=\"justify\">En medio de la tristeza por quienes est\u00e1n sufriendo y la preocupaci\u00f3n por c\u00f3mo seguiremos despu\u00e9s, tenemos la esperanza. Confiamos. Nos sobran las se\u00f1ales.<\/p>\n<p>&nbsp;<\/p>\n<p align=\"justify\">Cu\u00eddense mucho, no pierdan la Fe y protejan la Alegr\u00eda.[\/vc_column_text][\/vc_column_inner][\/vc_row_inner][\/vc_column][vc_column width=\u00bb1\/3&#8243; css=\u00bb.vc_custom_1598395418937{padding-top: 30px !important;padding-left: 20px !important;background-color: #f3f3f3 !important;border-radius: 10px !important;}\u00bb][vc_widget_sidebar sidebar_id=\u00bbnicdark_sidebar\u00bb][vc_btn title=\u00bbM\u00e1s noticias\u00bb style=\u00bbcustom\u00bb custom_background=\u00bb#aa0f16&#8243; custom_text=\u00bb#ffffff\u00bb align=\u00bbcenter\u00bb link=\u00bburl:https%3A%2F%2Fwww.feyalegria.org%2Furuguay%2Fnoticias%2F|title:Novedades\u00bb][\/vc_column][\/vc_row][vc_row][vc_column][vc_column_text]<\/p>\n<p>[\/vc_column_text][\/vc_column][\/vc_row]<\/p>\n<\/div>","protected":false},"excerpt":{"rendered":"<div style=\"height: 264px\"> Quedarse en casa cuando sea posible, cuidarnos y cuidar a los nuestros, dar lo mejor de nosotros y hacer algo por otros. Esta vez son las peque\u00f1as acciones de humanidad las que van a salvarnos.<\/div>\n","protected":false},"author":20,"featured_media":2455,"comment_status":"closed","ping_status":"closed","sticky":false,"template":"","format":"standard","meta":{"_acf_changed":false,"footnotes":""},"categories":[1],"tags":[],"post_folder":[],"class_list":["post-1763","post","type-post","status-publish","format-standard","has-post-thumbnail","hentry","category-sin-categoria"],"acf":[],"yoast_head":"<!-- This site is optimized with the Yoast SEO plugin v27.5 - https:\/\/yoast.com\/product\/yoast-seo-wordpress\/ -->\n<title>No pierdan la Fe y protejan la Alegr\u00eda - #SomosFeyAlegria en Uruguay<\/title>\n<meta name=\"robots\" content=\"index, follow, max-snippet:-1, max-image-preview:large, max-video-preview:-1\" \/>\n<link rel=\"canonical\" href=\"https:\/\/www.feyalegria.org\/uruguay\/la-escuela-rural-para-la-nueva-normalidad\/\" \/>\n<meta property=\"og:locale\" content=\"es_ES\" \/>\n<meta property=\"og:type\" content=\"article\" \/>\n<meta property=\"og:title\" content=\"No pierdan la Fe y protejan la Alegr\u00eda - #SomosFeyAlegria en Uruguay\" \/>\n<meta property=\"og:description\" content=\"Quedarse en casa cuando sea posible, cuidarnos y cuidar a los nuestros, dar lo mejor de nosotros y hacer algo por otros. Esta vez son las peque\u00f1as acciones de humanidad las que van a salvarnos.\" \/>\n<meta property=\"og:url\" content=\"https:\/\/www.feyalegria.org\/uruguay\/la-escuela-rural-para-la-nueva-normalidad\/\" \/>\n<meta property=\"og:site_name\" content=\"#SomosFeyAlegria en Uruguay\" \/>\n<meta property=\"article:published_time\" content=\"2020-04-06T20:05:06+00:00\" \/>\n<meta property=\"article:modified_time\" content=\"2023-09-19T11:24:38+00:00\" \/>\n<meta property=\"og:image\" content=\"https:\/\/d3pugrm67vf9n7.cloudfront.net\/wp-content\/uploads\/sites\/16\/2020\/08\/07212843\/IMG-solidaria-.jpg\" \/>\n\t<meta property=\"og:image:width\" content=\"800\" \/>\n\t<meta property=\"og:image:height\" content=\"601\" \/>\n\t<meta property=\"og:image:type\" content=\"image\/jpeg\" \/>\n<meta name=\"author\" content=\"adminpefya01\" \/>\n<meta name=\"twitter:card\" content=\"summary_large_image\" \/>\n<meta name=\"twitter:label1\" content=\"Escrito por\" \/>\n\t<meta name=\"twitter:data1\" content=\"adminpefya01\" \/>\n\t<meta name=\"twitter:label2\" content=\"Tiempo de lectura\" \/>\n\t<meta name=\"twitter:data2\" content=\"2 minutos\" \/>\n<script type=\"application\/ld+json\" class=\"yoast-schema-graph\">{\"@context\":\"https:\\\/\\\/schema.org\",\"@graph\":[{\"@type\":\"Article\",\"@id\":\"https:\\\/\\\/www.feyalegria.org\\\/uruguay\\\/la-escuela-rural-para-la-nueva-normalidad\\\/#article\",\"isPartOf\":{\"@id\":\"https:\\\/\\\/www.feyalegria.org\\\/uruguay\\\/la-escuela-rural-para-la-nueva-normalidad\\\/\"},\"author\":{\"name\":\"adminpefya01\",\"@id\":\"https:\\\/\\\/www.feyalegria.org\\\/uruguay\\\/#\\\/schema\\\/person\\\/47298f14fdde36b788fa7e2388626a19\"},\"headline\":\"No pierdan la Fe y protejan la Alegr\u00eda\",\"datePublished\":\"2020-04-06T20:05:06+00:00\",\"dateModified\":\"2023-09-19T11:24:38+00:00\",\"mainEntityOfPage\":{\"@id\":\"https:\\\/\\\/www.feyalegria.org\\\/uruguay\\\/la-escuela-rural-para-la-nueva-normalidad\\\/\"},\"wordCount\":391,\"image\":{\"@id\":\"https:\\\/\\\/www.feyalegria.org\\\/uruguay\\\/la-escuela-rural-para-la-nueva-normalidad\\\/#primaryimage\"},\"thumbnailUrl\":\"https:\\\/\\\/d3pugrm67vf9n7.cloudfront.net\\\/wp-content\\\/uploads\\\/sites\\\/16\\\/2020\\\/08\\\/07212843\\\/IMG-solidaria-.jpg\",\"inLanguage\":\"es\"},{\"@type\":\"WebPage\",\"@id\":\"https:\\\/\\\/www.feyalegria.org\\\/uruguay\\\/la-escuela-rural-para-la-nueva-normalidad\\\/\",\"url\":\"https:\\\/\\\/www.feyalegria.org\\\/uruguay\\\/la-escuela-rural-para-la-nueva-normalidad\\\/\",\"name\":\"No pierdan la Fe y protejan la Alegr\u00eda - #SomosFeyAlegria en Uruguay\",\"isPartOf\":{\"@id\":\"https:\\\/\\\/www.feyalegria.org\\\/uruguay\\\/#website\"},\"primaryImageOfPage\":{\"@id\":\"https:\\\/\\\/www.feyalegria.org\\\/uruguay\\\/la-escuela-rural-para-la-nueva-normalidad\\\/#primaryimage\"},\"image\":{\"@id\":\"https:\\\/\\\/www.feyalegria.org\\\/uruguay\\\/la-escuela-rural-para-la-nueva-normalidad\\\/#primaryimage\"},\"thumbnailUrl\":\"https:\\\/\\\/d3pugrm67vf9n7.cloudfront.net\\\/wp-content\\\/uploads\\\/sites\\\/16\\\/2020\\\/08\\\/07212843\\\/IMG-solidaria-.jpg\",\"datePublished\":\"2020-04-06T20:05:06+00:00\",\"dateModified\":\"2023-09-19T11:24:38+00:00\",\"author\":{\"@id\":\"https:\\\/\\\/www.feyalegria.org\\\/uruguay\\\/#\\\/schema\\\/person\\\/47298f14fdde36b788fa7e2388626a19\"},\"breadcrumb\":{\"@id\":\"https:\\\/\\\/www.feyalegria.org\\\/uruguay\\\/la-escuela-rural-para-la-nueva-normalidad\\\/#breadcrumb\"},\"inLanguage\":\"es\",\"potentialAction\":[{\"@type\":\"ReadAction\",\"target\":[\"https:\\\/\\\/www.feyalegria.org\\\/uruguay\\\/la-escuela-rural-para-la-nueva-normalidad\\\/\"]}]},{\"@type\":\"ImageObject\",\"inLanguage\":\"es\",\"@id\":\"https:\\\/\\\/www.feyalegria.org\\\/uruguay\\\/la-escuela-rural-para-la-nueva-normalidad\\\/#primaryimage\",\"url\":\"https:\\\/\\\/d3pugrm67vf9n7.cloudfront.net\\\/wp-content\\\/uploads\\\/sites\\\/16\\\/2020\\\/08\\\/07212843\\\/IMG-solidaria-.jpg\",\"contentUrl\":\"https:\\\/\\\/d3pugrm67vf9n7.cloudfront.net\\\/wp-content\\\/uploads\\\/sites\\\/16\\\/2020\\\/08\\\/07212843\\\/IMG-solidaria-.jpg\",\"width\":800,\"height\":601},{\"@type\":\"BreadcrumbList\",\"@id\":\"https:\\\/\\\/www.feyalegria.org\\\/uruguay\\\/la-escuela-rural-para-la-nueva-normalidad\\\/#breadcrumb\",\"itemListElement\":[{\"@type\":\"ListItem\",\"position\":1,\"name\":\"Home\",\"item\":\"https:\\\/\\\/www.feyalegria.org\\\/uruguay\\\/\"},{\"@type\":\"ListItem\",\"position\":2,\"name\":\"No pierdan la Fe y protejan la Alegr\u00eda\"}]},{\"@type\":\"WebSite\",\"@id\":\"https:\\\/\\\/www.feyalegria.org\\\/uruguay\\\/#website\",\"url\":\"https:\\\/\\\/www.feyalegria.org\\\/uruguay\\\/\",\"name\":\"#SomosFeyAlegria en Uruguay\",\"description\":\"Movimiento de Educaci\u00f3n Popular y Promoci\u00f3n Social\",\"potentialAction\":[{\"@type\":\"SearchAction\",\"target\":{\"@type\":\"EntryPoint\",\"urlTemplate\":\"https:\\\/\\\/www.feyalegria.org\\\/uruguay\\\/?s={search_term_string}\"},\"query-input\":{\"@type\":\"PropertyValueSpecification\",\"valueRequired\":true,\"valueName\":\"search_term_string\"}}],\"inLanguage\":\"es\"},{\"@type\":\"Person\",\"@id\":\"https:\\\/\\\/www.feyalegria.org\\\/uruguay\\\/#\\\/schema\\\/person\\\/47298f14fdde36b788fa7e2388626a19\",\"name\":\"adminpefya01\",\"url\":\"https:\\\/\\\/www.feyalegria.org\\\/uruguay\\\/author\\\/adminpefya01\\\/\"}]}<\/script>\n<!-- \/ Yoast SEO plugin. -->","yoast_head_json":{"title":"No pierdan la Fe y protejan la Alegr\u00eda - #SomosFeyAlegria en Uruguay","robots":{"index":"index","follow":"follow","max-snippet":"max-snippet:-1","max-image-preview":"max-image-preview:large","max-video-preview":"max-video-preview:-1"},"canonical":"https:\/\/www.feyalegria.org\/uruguay\/la-escuela-rural-para-la-nueva-normalidad\/","og_locale":"es_ES","og_type":"article","og_title":"No pierdan la Fe y protejan la Alegr\u00eda - #SomosFeyAlegria en Uruguay","og_description":"Quedarse en casa cuando sea posible, cuidarnos y cuidar a los nuestros, dar lo mejor de nosotros y hacer algo por otros. Esta vez son las peque\u00f1as acciones de humanidad las que van a salvarnos.","og_url":"https:\/\/www.feyalegria.org\/uruguay\/la-escuela-rural-para-la-nueva-normalidad\/","og_site_name":"#SomosFeyAlegria en Uruguay","article_published_time":"2020-04-06T20:05:06+00:00","article_modified_time":"2023-09-19T11:24:38+00:00","og_image":[{"width":800,"height":601,"url":"https:\/\/d3pugrm67vf9n7.cloudfront.net\/wp-content\/uploads\/sites\/16\/2020\/08\/07212843\/IMG-solidaria-.jpg","type":"image\/jpeg"}],"author":"adminpefya01","twitter_card":"summary_large_image","twitter_misc":{"Escrito por":"adminpefya01","Tiempo de lectura":"2 minutos"},"schema":{"@context":"https:\/\/schema.org","@graph":[{"@type":"Article","@id":"https:\/\/www.feyalegria.org\/uruguay\/la-escuela-rural-para-la-nueva-normalidad\/#article","isPartOf":{"@id":"https:\/\/www.feyalegria.org\/uruguay\/la-escuela-rural-para-la-nueva-normalidad\/"},"author":{"name":"adminpefya01","@id":"https:\/\/www.feyalegria.org\/uruguay\/#\/schema\/person\/47298f14fdde36b788fa7e2388626a19"},"headline":"No pierdan la Fe y protejan la Alegr\u00eda","datePublished":"2020-04-06T20:05:06+00:00","dateModified":"2023-09-19T11:24:38+00:00","mainEntityOfPage":{"@id":"https:\/\/www.feyalegria.org\/uruguay\/la-escuela-rural-para-la-nueva-normalidad\/"},"wordCount":391,"image":{"@id":"https:\/\/www.feyalegria.org\/uruguay\/la-escuela-rural-para-la-nueva-normalidad\/#primaryimage"},"thumbnailUrl":"https:\/\/d3pugrm67vf9n7.cloudfront.net\/wp-content\/uploads\/sites\/16\/2020\/08\/07212843\/IMG-solidaria-.jpg","inLanguage":"es"},{"@type":"WebPage","@id":"https:\/\/www.feyalegria.org\/uruguay\/la-escuela-rural-para-la-nueva-normalidad\/","url":"https:\/\/www.feyalegria.org\/uruguay\/la-escuela-rural-para-la-nueva-normalidad\/","name":"No pierdan la Fe y protejan la Alegr\u00eda - #SomosFeyAlegria en Uruguay","isPartOf":{"@id":"https:\/\/www.feyalegria.org\/uruguay\/#website"},"primaryImageOfPage":{"@id":"https:\/\/www.feyalegria.org\/uruguay\/la-escuela-rural-para-la-nueva-normalidad\/#primaryimage"},"image":{"@id":"https:\/\/www.feyalegria.org\/uruguay\/la-escuela-rural-para-la-nueva-normalidad\/#primaryimage"},"thumbnailUrl":"https:\/\/d3pugrm67vf9n7.cloudfront.net\/wp-content\/uploads\/sites\/16\/2020\/08\/07212843\/IMG-solidaria-.jpg","datePublished":"2020-04-06T20:05:06+00:00","dateModified":"2023-09-19T11:24:38+00:00","author":{"@id":"https:\/\/www.feyalegria.org\/uruguay\/#\/schema\/person\/47298f14fdde36b788fa7e2388626a19"},"breadcrumb":{"@id":"https:\/\/www.feyalegria.org\/uruguay\/la-escuela-rural-para-la-nueva-normalidad\/#breadcrumb"},"inLanguage":"es","potentialAction":[{"@type":"ReadAction","target":["https:\/\/www.feyalegria.org\/uruguay\/la-escuela-rural-para-la-nueva-normalidad\/"]}]},{"@type":"ImageObject","inLanguage":"es","@id":"https:\/\/www.feyalegria.org\/uruguay\/la-escuela-rural-para-la-nueva-normalidad\/#primaryimage","url":"https:\/\/d3pugrm67vf9n7.cloudfront.net\/wp-content\/uploads\/sites\/16\/2020\/08\/07212843\/IMG-solidaria-.jpg","contentUrl":"https:\/\/d3pugrm67vf9n7.cloudfront.net\/wp-content\/uploads\/sites\/16\/2020\/08\/07212843\/IMG-solidaria-.jpg","width":800,"height":601},{"@type":"BreadcrumbList","@id":"https:\/\/www.feyalegria.org\/uruguay\/la-escuela-rural-para-la-nueva-normalidad\/#breadcrumb","itemListElement":[{"@type":"ListItem","position":1,"name":"Home","item":"https:\/\/www.feyalegria.org\/uruguay\/"},{"@type":"ListItem","position":2,"name":"No pierdan la Fe y protejan la Alegr\u00eda"}]},{"@type":"WebSite","@id":"https:\/\/www.feyalegria.org\/uruguay\/#website","url":"https:\/\/www.feyalegria.org\/uruguay\/","name":"#SomosFeyAlegria en Uruguay","description":"Movimiento de Educaci\u00f3n Popular y Promoci\u00f3n Social","potentialAction":[{"@type":"SearchAction","target":{"@type":"EntryPoint","urlTemplate":"https:\/\/www.feyalegria.org\/uruguay\/?s={search_term_string}"},"query-input":{"@type":"PropertyValueSpecification","valueRequired":true,"valueName":"search_term_string"}}],"inLanguage":"es"},{"@type":"Person","@id":"https:\/\/www.feyalegria.org\/uruguay\/#\/schema\/person\/47298f14fdde36b788fa7e2388626a19","name":"adminpefya01","url":"https:\/\/www.feyalegria.org\/uruguay\/author\/adminpefya01\/"}]}},"_links":{"self":[{"href":"https:\/\/www.feyalegria.org\/uruguay\/wp-json\/wp\/v2\/posts\/1763","targetHints":{"allow":["GET"]}}],"collection":[{"href":"https:\/\/www.feyalegria.org\/uruguay\/wp-json\/wp\/v2\/posts"}],"about":[{"href":"https:\/\/www.feyalegria.org\/uruguay\/wp-json\/wp\/v2\/types\/post"}],"author":[{"embeddable":true,"href":"https:\/\/www.feyalegria.org\/uruguay\/wp-json\/wp\/v2\/users\/20"}],"replies":[{"embeddable":true,"href":"https:\/\/www.feyalegria.org\/uruguay\/wp-json\/wp\/v2\/comments?post=1763"}],"version-history":[{"count":0,"href":"https:\/\/www.feyalegria.org\/uruguay\/wp-json\/wp\/v2\/posts\/1763\/revisions"}],"wp:featuredmedia":[{"embeddable":true,"href":"https:\/\/www.feyalegria.org\/uruguay\/wp-json\/wp\/v2\/media\/2455"}],"wp:attachment":[{"href":"https:\/\/www.feyalegria.org\/uruguay\/wp-json\/wp\/v2\/media?parent=1763"}],"wp:term":[{"taxonomy":"category","embeddable":true,"href":"https:\/\/www.feyalegria.org\/uruguay\/wp-json\/wp\/v2\/categories?post=1763"},{"taxonomy":"post_tag","embeddable":true,"href":"https:\/\/www.feyalegria.org\/uruguay\/wp-json\/wp\/v2\/tags?post=1763"},{"taxonomy":"post_folder","embeddable":true,"href":"https:\/\/www.feyalegria.org\/uruguay\/wp-json\/wp\/v2\/post_folder?post=1763"}],"curies":[{"name":"wp","href":"https:\/\/api.w.org\/{rel}","templated":true}]}}