 {"id":10411,"date":"2025-06-26T14:56:48","date_gmt":"2025-06-26T14:56:48","guid":{"rendered":"https:\/\/www.feyalegria.org\/venezuela\/?p=10411"},"modified":"2025-06-26T14:56:48","modified_gmt":"2025-06-26T14:56:48","slug":"arranca-curso-de-horticultura-sostenible-en-bolivar","status":"publish","type":"post","link":"https:\/\/www.feyalegria.org\/venezuela\/arranca-curso-de-horticultura-sostenible-en-bolivar\/","title":{"rendered":"Arranca curso de horticultura sostenible en Bol\u00edvar"},"content":{"rendered":"<div class=\"wpb-content-wrapper\"><p>[vc_row][vc_column][vc_column_text css=\u00bb\u00bb]<\/p>\n<h1><b>Arranca curso de horticultura sostenible en Bol\u00edvar<\/b><\/h1>\n<h1><b>\u00a0 \u00a0<\/b><\/h1>\n<p>[\/vc_column_text][vc_single_image image=\u00bb10422&#8243; img_size=\u00bbfull\u00bb alignment=\u00bbcenter\u00bb css=\u00bb\u00bb][vc_column_text css=\u00bb\u00bb]<\/p>\n<p style=\"text-align: right\"><strong>Kandibel Camejo |<\/strong> <em>Responsable de Estado Bol\u00edvar\u00a0 Fe y Alegr\u00eda Capacitaci\u00f3n<\/em><\/p>\n<p>[\/vc_column_text][vc_separator][vc_column_text css=\u00bb\u00bb]<\/p>\n<p style=\"text-align: justify\">Fe y Alegr\u00eda Capacitaci\u00f3n, en su continuo compromiso con el desarrollo local, ha lanzado su nuevo programa de Horticultura titulado \u00abCultivando Conocimiento para promover la producci\u00f3n org\u00e1nica de verduras, hortalizas y legumbres sin el uso de pesticidas.<\/p>\n<p>&nbsp;<\/p>\n<p style=\"text-align: justify\"><img loading=\"lazy\" decoding=\"async\" class=\"size-medium wp-image-10417 alignleft\" src=\"https:\/\/d3pugrm67vf9n7.cloudfront.net\/wp-content\/uploads\/sites\/4\/2025\/06\/26141027\/Nota-Web-3-1-300x225.jpg\" alt=\"\" width=\"300\" height=\"225\" srcset=\"https:\/\/d3pugrm67vf9n7.cloudfront.net\/wp-content\/uploads\/sites\/4\/2025\/06\/26141027\/Nota-Web-3-1-300x225.jpg 300w, https:\/\/d3pugrm67vf9n7.cloudfront.net\/wp-content\/uploads\/sites\/4\/2025\/06\/26141027\/Nota-Web-3-1-1024x768.jpg 1024w, https:\/\/d3pugrm67vf9n7.cloudfront.net\/wp-content\/uploads\/sites\/4\/2025\/06\/26141027\/Nota-Web-3-1-768x576.jpg 768w, https:\/\/d3pugrm67vf9n7.cloudfront.net\/wp-content\/uploads\/sites\/4\/2025\/06\/26141027\/Nota-Web-3-1.jpg 1200w\" sizes=\"auto, (max-width: 300px) 100vw, 300px\" \/><\/p>\n<p>&nbsp;<\/p>\n<p style=\"text-align: justify\">Bajo la direcci\u00f3n de Christian Sosa, t\u00e9cnico en agronom\u00eda, la capacitaci\u00f3n combina la teor\u00eda y la pr\u00e1ctica en un formato presencial que abarca un total de 120 horas acad\u00e9micas. Durante las sesiones, los participantes han adquirido habilidades esenciales como la selecci\u00f3n del tipo de suelo adecuado, el momento \u00f3ptimo para la cosecha, el cuidado preciso de las plantas y las t\u00e9cnicas correctas para la recolecci\u00f3n.<\/p>\n<p>&nbsp;<\/p>\n<p style=\"text-align: justify\">Un aspecto clave del programa es el \u00e9nfasis en la producci\u00f3n de alimentos en espacios peque\u00f1os, ya sea en sus hogares, en las escuelas o en patios vac\u00edos. Esto promueve la autosuficiencia y la sostenibilidad alimentaria en las comunidades.<\/p>\n<p>&nbsp;<\/p>\n<p>&nbsp;<\/p>\n<p style=\"text-align: justify\">Sosa explic\u00f3 que \u00abeste programa fomenta la producci\u00f3n org\u00e1nica de verduras, hortalizas y legumbres sin el uso de pesticidas, utilizando t\u00e9cnicas artesanales y ancestrales que benefician tanto a las familias como a las comunidades en general\u00bb. La propuesta no solo busca capacitar en las pr\u00e1cticas agr\u00edcolas tradicionales, sino tambi\u00e9n potenciar el desarrollo del perfil productivo agroalimentario, orientado a la creaci\u00f3n de peque\u00f1os emprendimientos viables en terrenos de tama\u00f1o reducido o en los propios hogares.<\/p>\n<p>&nbsp;<\/p>\n<p style=\"text-align: justify\">Esta innovadora iniciativa est\u00e1 dirigida a estudiantes de bachillerato de la Escuela Manakkr\u00fc Fe y Alegr\u00eda, as\u00ed como a los habitantes del sector Santa Elena de Uair\u00e9n, en el Estado Bol\u00edvar. Su objetivo es promover pr\u00e1cticas agr\u00edcolas sostenibles y fortalecer los conocimientos sobre la producci\u00f3n de alimentos en espacios reducidos.<\/p>\n<p>&nbsp;<\/p>\n<p style=\"text-align: justify\">Este proyecto refleja el profundo compromiso de Fe y Alegr\u00eda Capacitaci\u00f3n con el fortalecimiento de las capacidades locales. Al promover un conocimiento agr\u00edcola que combina la sabidur\u00eda ancestral con t\u00e9cnicas modernas y sostenibles, se contribuye directamente a mejorar la calidad de vida en comunidades vulnerables, fomentando la econom\u00eda local y la sostenibilidad ambiental.<\/p>\n<p>\u00a0[\/vc_column_text][vc_column_text css=\u00bb\u00bb]<\/p>\n<p style=\"text-align: right\"><strong>Bolivar, 26 de junio de 2025<\/strong><\/p>\n<p>[\/vc_column_text][vc_column_inner alignment=\u00bbcenter\u00bb][vc_gallery type=\u00bbimage_grid\u00bb images=\u00bb10416,10415,10418&#8243; css=\u00bb\u00bb][\/vc_column_inner][\/vc_column][\/vc_row]<\/p>\n<\/div>","protected":false},"excerpt":{"rendered":"<div style=\"height: 265px\">\u00abCultivando Conocimiento\u00bb busca promover la producci\u00f3n org\u00e1nica de verduras, hortalizas y legumbres sin el uso de pesticidas. <\/div>\n","protected":false},"author":90,"featured_media":10422,"comment_status":"open","ping_status":"open","sticky":false,"template":"","format":"standard","meta":{"_acf_changed":false,"footnotes":""},"categories":[746,1125],"tags":[1285,634,881,796],"post_folder":[],"class_list":["post-10411","post","type-post","status-publish","format-standard","has-post-thumbnail","hentry","category-boletin-interno","category-capacitacion","tag-campo","tag-capacitacion","tag-comunidad","tag-horticultura"],"acf":[],"yoast_head":"<!-- This site is optimized with the Yoast SEO plugin v27.4 - https:\/\/yoast.com\/product\/yoast-seo-wordpress\/ -->\n<title>Arranca curso de horticultura sostenible en Bol\u00edvar - Fe y Alegr\u00eda en Venezuela<\/title>\n<meta name=\"description\" content=\"&quot;Cultivando Conocimiento&quot; busca promover la producci\u00f3n org\u00e1nica de verduras, hortalizas y legumbres sin el uso de pesticidas.\" \/>\n<meta name=\"robots\" content=\"index, follow, max-snippet:-1, max-image-preview:large, max-video-preview:-1\" \/>\n<link rel=\"canonical\" href=\"https:\/\/www.feyalegria.org\/venezuela\/arranca-curso-de-horticultura-sostenible-en-bolivar\/\" \/>\n<meta property=\"og:locale\" content=\"es_ES\" \/>\n<meta property=\"og:type\" content=\"article\" \/>\n<meta property=\"og:title\" content=\"Arranca curso de horticultura sostenible en Bol\u00edvar - Fe y Alegr\u00eda en Venezuela\" \/>\n<meta property=\"og:description\" content=\"&quot;Cultivando Conocimiento&quot; busca promover la producci\u00f3n org\u00e1nica de verduras, hortalizas y legumbres sin el uso de pesticidas.\" \/>\n<meta property=\"og:url\" content=\"https:\/\/www.feyalegria.org\/venezuela\/arranca-curso-de-horticultura-sostenible-en-bolivar\/\" \/>\n<meta property=\"og:site_name\" content=\"Fe y Alegr\u00eda en Venezuela\" \/>\n<meta property=\"article:published_time\" content=\"2025-06-26T14:56:48+00:00\" \/>\n<meta property=\"og:image\" content=\"https:\/\/d3pugrm67vf9n7.cloudfront.net\/wp-content\/uploads\/sites\/4\/2025\/06\/26141045\/Nota-Web-7.jpg\" \/>\n\t<meta property=\"og:image:width\" content=\"1200\" \/>\n\t<meta property=\"og:image:height\" content=\"900\" \/>\n\t<meta property=\"og:image:type\" content=\"image\/jpeg\" \/>\n<meta name=\"author\" content=\"adminfyaven\" \/>\n<meta name=\"twitter:card\" content=\"summary_large_image\" \/>\n<meta name=\"twitter:label1\" content=\"Escrito por\" \/>\n\t<meta name=\"twitter:data1\" content=\"adminfyaven\" \/>\n\t<meta name=\"twitter:label2\" content=\"Tiempo de lectura\" \/>\n\t<meta name=\"twitter:data2\" content=\"3 minutos\" \/>\n<script type=\"application\/ld+json\" class=\"yoast-schema-graph\">{\"@context\":\"https:\\\/\\\/schema.org\",\"@graph\":[{\"@type\":\"Article\",\"@id\":\"https:\\\/\\\/www.feyalegria.org\\\/venezuela\\\/arranca-curso-de-horticultura-sostenible-en-bolivar\\\/#article\",\"isPartOf\":{\"@id\":\"https:\\\/\\\/www.feyalegria.org\\\/venezuela\\\/arranca-curso-de-horticultura-sostenible-en-bolivar\\\/\"},\"author\":{\"name\":\"adminfyaven\",\"@id\":\"https:\\\/\\\/www.feyalegria.org\\\/venezuela\\\/#\\\/schema\\\/person\\\/7fcf310cf79e9dfc0cf304f520691604\"},\"headline\":\"Arranca curso de horticultura sostenible en Bol\u00edvar\",\"datePublished\":\"2025-06-26T14:56:48+00:00\",\"mainEntityOfPage\":{\"@id\":\"https:\\\/\\\/www.feyalegria.org\\\/venezuela\\\/arranca-curso-de-horticultura-sostenible-en-bolivar\\\/\"},\"wordCount\":458,\"commentCount\":0,\"image\":{\"@id\":\"https:\\\/\\\/www.feyalegria.org\\\/venezuela\\\/arranca-curso-de-horticultura-sostenible-en-bolivar\\\/#primaryimage\"},\"thumbnailUrl\":\"https:\\\/\\\/d3pugrm67vf9n7.cloudfront.net\\\/wp-content\\\/uploads\\\/sites\\\/4\\\/2025\\\/06\\\/26141045\\\/Nota-Web-7.jpg\",\"keywords\":[\"campo\",\"Capacitaci\u00f3n\",\"Comunidad\",\"horticultura\"],\"articleSection\":[\"Bolet\u00edn Interno\",\"capacitaci\u00f3n\"],\"inLanguage\":\"es\",\"potentialAction\":[{\"@type\":\"CommentAction\",\"name\":\"Comment\",\"target\":[\"https:\\\/\\\/www.feyalegria.org\\\/venezuela\\\/arranca-curso-de-horticultura-sostenible-en-bolivar\\\/#respond\"]}]},{\"@type\":\"WebPage\",\"@id\":\"https:\\\/\\\/www.feyalegria.org\\\/venezuela\\\/arranca-curso-de-horticultura-sostenible-en-bolivar\\\/\",\"url\":\"https:\\\/\\\/www.feyalegria.org\\\/venezuela\\\/arranca-curso-de-horticultura-sostenible-en-bolivar\\\/\",\"name\":\"Arranca curso de horticultura sostenible en Bol\u00edvar - Fe y Alegr\u00eda en Venezuela\",\"isPartOf\":{\"@id\":\"https:\\\/\\\/www.feyalegria.org\\\/venezuela\\\/#website\"},\"primaryImageOfPage\":{\"@id\":\"https:\\\/\\\/www.feyalegria.org\\\/venezuela\\\/arranca-curso-de-horticultura-sostenible-en-bolivar\\\/#primaryimage\"},\"image\":{\"@id\":\"https:\\\/\\\/www.feyalegria.org\\\/venezuela\\\/arranca-curso-de-horticultura-sostenible-en-bolivar\\\/#primaryimage\"},\"thumbnailUrl\":\"https:\\\/\\\/d3pugrm67vf9n7.cloudfront.net\\\/wp-content\\\/uploads\\\/sites\\\/4\\\/2025\\\/06\\\/26141045\\\/Nota-Web-7.jpg\",\"datePublished\":\"2025-06-26T14:56:48+00:00\",\"author\":{\"@id\":\"https:\\\/\\\/www.feyalegria.org\\\/venezuela\\\/#\\\/schema\\\/person\\\/7fcf310cf79e9dfc0cf304f520691604\"},\"description\":\"\\\"Cultivando Conocimiento\\\" busca promover la producci\u00f3n org\u00e1nica de verduras, hortalizas y legumbres sin el uso de pesticidas.\",\"inLanguage\":\"es\",\"potentialAction\":[{\"@type\":\"ReadAction\",\"target\":[\"https:\\\/\\\/www.feyalegria.org\\\/venezuela\\\/arranca-curso-de-horticultura-sostenible-en-bolivar\\\/\"]}]},{\"@type\":\"ImageObject\",\"inLanguage\":\"es\",\"@id\":\"https:\\\/\\\/www.feyalegria.org\\\/venezuela\\\/arranca-curso-de-horticultura-sostenible-en-bolivar\\\/#primaryimage\",\"url\":\"https:\\\/\\\/d3pugrm67vf9n7.cloudfront.net\\\/wp-content\\\/uploads\\\/sites\\\/4\\\/2025\\\/06\\\/26141045\\\/Nota-Web-7.jpg\",\"contentUrl\":\"https:\\\/\\\/d3pugrm67vf9n7.cloudfront.net\\\/wp-content\\\/uploads\\\/sites\\\/4\\\/2025\\\/06\\\/26141045\\\/Nota-Web-7.jpg\",\"width\":1200,\"height\":900},{\"@type\":\"WebSite\",\"@id\":\"https:\\\/\\\/www.feyalegria.org\\\/venezuela\\\/#website\",\"url\":\"https:\\\/\\\/www.feyalegria.org\\\/venezuela\\\/\",\"name\":\"Fe y Alegr\u00eda en Venezuela\",\"description\":\"\",\"potentialAction\":[{\"@type\":\"SearchAction\",\"target\":{\"@type\":\"EntryPoint\",\"urlTemplate\":\"https:\\\/\\\/www.feyalegria.org\\\/venezuela\\\/?s={search_term_string}\"},\"query-input\":{\"@type\":\"PropertyValueSpecification\",\"valueRequired\":true,\"valueName\":\"search_term_string\"}}],\"inLanguage\":\"es\"},{\"@type\":\"Person\",\"@id\":\"https:\\\/\\\/www.feyalegria.org\\\/venezuela\\\/#\\\/schema\\\/person\\\/7fcf310cf79e9dfc0cf304f520691604\",\"name\":\"adminfyaven\",\"url\":\"https:\\\/\\\/www.feyalegria.org\\\/venezuela\\\/author\\\/adminfyaven\\\/\"}]}<\/script>\n<!-- \/ Yoast SEO plugin. -->","yoast_head_json":{"title":"Arranca curso de horticultura sostenible en Bol\u00edvar - Fe y Alegr\u00eda en Venezuela","description":"\"Cultivando Conocimiento\" busca promover la producci\u00f3n org\u00e1nica de verduras, hortalizas y legumbres sin el uso de pesticidas.","robots":{"index":"index","follow":"follow","max-snippet":"max-snippet:-1","max-image-preview":"max-image-preview:large","max-video-preview":"max-video-preview:-1"},"canonical":"https:\/\/www.feyalegria.org\/venezuela\/arranca-curso-de-horticultura-sostenible-en-bolivar\/","og_locale":"es_ES","og_type":"article","og_title":"Arranca curso de horticultura sostenible en Bol\u00edvar - Fe y Alegr\u00eda en Venezuela","og_description":"\"Cultivando Conocimiento\" busca promover la producci\u00f3n org\u00e1nica de verduras, hortalizas y legumbres sin el uso de pesticidas.","og_url":"https:\/\/www.feyalegria.org\/venezuela\/arranca-curso-de-horticultura-sostenible-en-bolivar\/","og_site_name":"Fe y Alegr\u00eda en Venezuela","article_published_time":"2025-06-26T14:56:48+00:00","og_image":[{"width":1200,"height":900,"url":"https:\/\/d3pugrm67vf9n7.cloudfront.net\/wp-content\/uploads\/sites\/4\/2025\/06\/26141045\/Nota-Web-7.jpg","type":"image\/jpeg"}],"author":"adminfyaven","twitter_card":"summary_large_image","twitter_misc":{"Escrito por":"adminfyaven","Tiempo de lectura":"3 minutos"},"schema":{"@context":"https:\/\/schema.org","@graph":[{"@type":"Article","@id":"https:\/\/www.feyalegria.org\/venezuela\/arranca-curso-de-horticultura-sostenible-en-bolivar\/#article","isPartOf":{"@id":"https:\/\/www.feyalegria.org\/venezuela\/arranca-curso-de-horticultura-sostenible-en-bolivar\/"},"author":{"name":"adminfyaven","@id":"https:\/\/www.feyalegria.org\/venezuela\/#\/schema\/person\/7fcf310cf79e9dfc0cf304f520691604"},"headline":"Arranca curso de horticultura sostenible en Bol\u00edvar","datePublished":"2025-06-26T14:56:48+00:00","mainEntityOfPage":{"@id":"https:\/\/www.feyalegria.org\/venezuela\/arranca-curso-de-horticultura-sostenible-en-bolivar\/"},"wordCount":458,"commentCount":0,"image":{"@id":"https:\/\/www.feyalegria.org\/venezuela\/arranca-curso-de-horticultura-sostenible-en-bolivar\/#primaryimage"},"thumbnailUrl":"https:\/\/d3pugrm67vf9n7.cloudfront.net\/wp-content\/uploads\/sites\/4\/2025\/06\/26141045\/Nota-Web-7.jpg","keywords":["campo","Capacitaci\u00f3n","Comunidad","horticultura"],"articleSection":["Bolet\u00edn Interno","capacitaci\u00f3n"],"inLanguage":"es","potentialAction":[{"@type":"CommentAction","name":"Comment","target":["https:\/\/www.feyalegria.org\/venezuela\/arranca-curso-de-horticultura-sostenible-en-bolivar\/#respond"]}]},{"@type":"WebPage","@id":"https:\/\/www.feyalegria.org\/venezuela\/arranca-curso-de-horticultura-sostenible-en-bolivar\/","url":"https:\/\/www.feyalegria.org\/venezuela\/arranca-curso-de-horticultura-sostenible-en-bolivar\/","name":"Arranca curso de horticultura sostenible en Bol\u00edvar - Fe y Alegr\u00eda en Venezuela","isPartOf":{"@id":"https:\/\/www.feyalegria.org\/venezuela\/#website"},"primaryImageOfPage":{"@id":"https:\/\/www.feyalegria.org\/venezuela\/arranca-curso-de-horticultura-sostenible-en-bolivar\/#primaryimage"},"image":{"@id":"https:\/\/www.feyalegria.org\/venezuela\/arranca-curso-de-horticultura-sostenible-en-bolivar\/#primaryimage"},"thumbnailUrl":"https:\/\/d3pugrm67vf9n7.cloudfront.net\/wp-content\/uploads\/sites\/4\/2025\/06\/26141045\/Nota-Web-7.jpg","datePublished":"2025-06-26T14:56:48+00:00","author":{"@id":"https:\/\/www.feyalegria.org\/venezuela\/#\/schema\/person\/7fcf310cf79e9dfc0cf304f520691604"},"description":"\"Cultivando Conocimiento\" busca promover la producci\u00f3n org\u00e1nica de verduras, hortalizas y legumbres sin el uso de pesticidas.","inLanguage":"es","potentialAction":[{"@type":"ReadAction","target":["https:\/\/www.feyalegria.org\/venezuela\/arranca-curso-de-horticultura-sostenible-en-bolivar\/"]}]},{"@type":"ImageObject","inLanguage":"es","@id":"https:\/\/www.feyalegria.org\/venezuela\/arranca-curso-de-horticultura-sostenible-en-bolivar\/#primaryimage","url":"https:\/\/d3pugrm67vf9n7.cloudfront.net\/wp-content\/uploads\/sites\/4\/2025\/06\/26141045\/Nota-Web-7.jpg","contentUrl":"https:\/\/d3pugrm67vf9n7.cloudfront.net\/wp-content\/uploads\/sites\/4\/2025\/06\/26141045\/Nota-Web-7.jpg","width":1200,"height":900},{"@type":"WebSite","@id":"https:\/\/www.feyalegria.org\/venezuela\/#website","url":"https:\/\/www.feyalegria.org\/venezuela\/","name":"Fe y Alegr\u00eda en Venezuela","description":"","potentialAction":[{"@type":"SearchAction","target":{"@type":"EntryPoint","urlTemplate":"https:\/\/www.feyalegria.org\/venezuela\/?s={search_term_string}"},"query-input":{"@type":"PropertyValueSpecification","valueRequired":true,"valueName":"search_term_string"}}],"inLanguage":"es"},{"@type":"Person","@id":"https:\/\/www.feyalegria.org\/venezuela\/#\/schema\/person\/7fcf310cf79e9dfc0cf304f520691604","name":"adminfyaven","url":"https:\/\/www.feyalegria.org\/venezuela\/author\/adminfyaven\/"}]}},"_links":{"self":[{"href":"https:\/\/www.feyalegria.org\/venezuela\/wp-json\/wp\/v2\/posts\/10411","targetHints":{"allow":["GET"]}}],"collection":[{"href":"https:\/\/www.feyalegria.org\/venezuela\/wp-json\/wp\/v2\/posts"}],"about":[{"href":"https:\/\/www.feyalegria.org\/venezuela\/wp-json\/wp\/v2\/types\/post"}],"author":[{"embeddable":true,"href":"https:\/\/www.feyalegria.org\/venezuela\/wp-json\/wp\/v2\/users\/90"}],"replies":[{"embeddable":true,"href":"https:\/\/www.feyalegria.org\/venezuela\/wp-json\/wp\/v2\/comments?post=10411"}],"version-history":[{"count":0,"href":"https:\/\/www.feyalegria.org\/venezuela\/wp-json\/wp\/v2\/posts\/10411\/revisions"}],"wp:featuredmedia":[{"embeddable":true,"href":"https:\/\/www.feyalegria.org\/venezuela\/wp-json\/wp\/v2\/media\/10422"}],"wp:attachment":[{"href":"https:\/\/www.feyalegria.org\/venezuela\/wp-json\/wp\/v2\/media?parent=10411"}],"wp:term":[{"taxonomy":"category","embeddable":true,"href":"https:\/\/www.feyalegria.org\/venezuela\/wp-json\/wp\/v2\/categories?post=10411"},{"taxonomy":"post_tag","embeddable":true,"href":"https:\/\/www.feyalegria.org\/venezuela\/wp-json\/wp\/v2\/tags?post=10411"},{"taxonomy":"post_folder","embeddable":true,"href":"https:\/\/www.feyalegria.org\/venezuela\/wp-json\/wp\/v2\/post_folder?post=10411"}],"curies":[{"name":"wp","href":"https:\/\/api.w.org\/{rel}","templated":true}]}}