{"id":11140,"date":"2025-09-25T06:27:14","date_gmt":"2025-09-25T06:27:14","guid":{"rendered":"https:\/\/www.feyalegria.org\/venezuela\/?p=11140"},"modified":"2025-09-25T08:12:57","modified_gmt":"2025-09-25T08:12:57","slug":"un-diplomado-con-el-sello-de-la-educacion-popular","status":"publish","type":"post","link":"https:\/\/www.feyalegria.org\/venezuela\/un-diplomado-con-el-sello-de-la-educacion-popular\/","title":{"rendered":"Un diplomado con el sello de la Educaci\u00f3n Popular"},"content":{"rendered":"<div class=\"wpb-content-wrapper\"><p>[vc_row][vc_column][vc_single_image image=\u00bb11141&#8243; img_size=\u00bbfull\u00bb alignment=\u00bbcenter\u00bb css=\u00bb\u00bb][vc_column_text css=\u00bb\u00bb]<\/p>\n<p class=\"selectable-text copyable-text x15bjb6t x1n2onr6\" dir=\"ltr\" style=\"text-align: right\"><strong>Ingrid Lux Gonz\u00e1lez de P\u00e9rez<\/strong> |<em> Coordinadora del \u00e1rea de Formaci\u00f3n del CFIPJ<\/em><\/p>\n<p>[\/vc_column_text][vc_separator css=\u00bb\u00bb][vc_column_text css=\u00bb\u00bb]<\/p>\n<p style=\"text-align: justify\"><span style=\"font-weight: 400\">Este era el sue\u00f1o que el <strong>IUJO Barquisimeto<\/strong>, liderado por la profesora Herlinda Gamboa, ten\u00eda escrito entre sus planes, \u00a1pero no ser\u00eda un diplomado cualquiera! Por ello, comparti\u00f3 sus inquietudes con el <strong>CFIPJ<\/strong>, y fue as\u00ed como, el 29 de mayo de 2024, emprendimos con el IUJO Barquisimeto un camino de construcci\u00f3n compartida, desde la alegr\u00eda de ofrecer un diplomado fundamentado en la metodolog\u00eda de la Educaci\u00f3n Popular, que sumara a la formaci\u00f3n de docentes convencidos de su compromiso de transformaci\u00f3n a trav\u00e9s de la educaci\u00f3n.<\/span><\/p>\n<p>&nbsp;<\/p>\n<h4 style=\"text-align: justify\"><strong>La necesidad de formar a los profesionales<\/strong><\/h4>\n<p>&nbsp;<\/p>\n<p style=\"text-align: justify\"><span style=\"font-weight: 400\">En el CFIPJ y en el IUJO tenemos claro que actualmente la formaci\u00f3n docente es una necesidad para profesionales que, aunque posean una s\u00f3lida preparaci\u00f3n en sus \u00e1reas de especialidad \u2014como medicina, contadur\u00eda, econom\u00eda, ingenier\u00eda, entre otras\u2014, no siempre cuentan con las herramientas pedag\u00f3gicas necesarias para trabajar en un aula de clase. Por ello, un diplomado en el \u00e1rea docente ofrecer\u00eda justamente ese puente: transformar al especialista en un educador capaz de planificar, facilitar y evaluar procesos de aprendizaje significativos.<\/span><\/p>\n<p>&nbsp;<\/p>\n<h4 style=\"text-align: justify\"><strong>Un dise\u00f1o curricular innovador<\/strong><\/h4>\n<p>&nbsp;<\/p>\n<p style=\"text-align: justify\"><span style=\"font-weight: 400\">Iniciamos entonces con la elaboraci\u00f3n de una matriz que no solo incluyera los elementos claves de las corrientes pedag\u00f3gicas, la did\u00e1ctica, la planificaci\u00f3n, promoci\u00f3n y evaluaci\u00f3n de los aprendizajes bajo el enfoque por competencias, la <strong>Inteligencia Artificial<\/strong> (IA), sino tambi\u00e9n la investigaci\u00f3n educativa, la sistematizaci\u00f3n de experiencias y, por supuesto, la Educaci\u00f3n Popular.<\/span><\/p>\n<p>&nbsp;<\/p>\n<p style=\"text-align: justify\"><span style=\"font-weight: 400\">Al tener la matriz validada por un equipo de especialistas, avanzamos en la formaci\u00f3n virtual y presencial del equipo de dise\u00f1adores instruccionales. Al cierre de este proceso, la profesora universitaria <strong>Elimar Castillo<\/strong>\u00a0reconoci\u00f3: \u201c<em>Tuve la gran oportunidad de experimentar un acompa\u00f1amiento cercano, sistem\u00e1tico y oportuno de parte del CFIPJ, que garantiz\u00f3 la construcci\u00f3n colectiva a trav\u00e9s de un trabajo y aprendizaje colaborativo de m\u00f3dulos actualizados, pertinentes, relevantes y alineados con las necesidades del contexto educativo<\/em>\u201d.<\/span><\/p>\n<p>&nbsp;<\/p>\n<h4 style=\"text-align: justify\"><strong>Primeras cohortes y nuevos proyectos<\/strong><\/h4>\n<p>&nbsp;<\/p>\n<p style=\"text-align: justify\"><span style=\"font-weight: 400\">Al culminar la elaboraci\u00f3n de todos los m\u00f3dulos, en un trabajo articulado entre la profesora <strong>Milangel Freitez<\/strong> del IUJO Barquisimeto y el CFIPJ, logramos tener lista el aula virtual para iniciar el 17 de febrero de 2025 con 17 participantes, la primera cohorte del <strong>\u201cDiplomado en Componente Docente\u201d<\/strong>. Hoy, ya est\u00e1 desarroll\u00e1ndose la segunda cohorte con 15 participantes; y, adem\u00e1s, seguimos acompa\u00f1ando al IUJO Barquisimeto en el dise\u00f1o de dos nuevos diplomados: Seguridad Laboral y Auditor\u00eda.<\/span><\/p>\n<p>&nbsp;<\/p>\n<p style=\"text-align: justify\"><span style=\"font-weight: 400\">Y ustedes se preguntar\u00e1n \u00bfpor qu\u00e9? Sencillamente porque en el CFIPJ brindamos asesor\u00edas que contribuyen a consolidar propuestas formativas para contar con profesionales que reflexionan; que someten a cr\u00edtica todo: lo que son, lo que hacen, lo que sucede; que se forman para comprometerse con la transformaci\u00f3n del mundo.<\/span><\/p>\n<p>[\/vc_column_text][vc_column_inner alignment=\u00bbcenter\u00bb][\/vc_column_inner][\/vc_column][\/vc_row][vc_row][vc_column][vc_column_text css=\u00bb\u00bb]<\/p>\n<p style=\"text-align: right\"><strong>25 de septiembre de 2025<\/strong><\/p>\n<p>[\/vc_column_text][\/vc_column][\/vc_row][vc_row][vc_column][\/vc_column][\/vc_row][vc_row][vc_column][vc_images_carousel images=\u00bb11143&#8243; img_size=\u00bbfull\u00bb css=\u00bb\u00bb][\/vc_column][\/vc_row][vc_row][vc_column][\/vc_column][\/vc_row][vc_row][vc_column][\/vc_column][\/vc_row]<\/p>\n<\/div>","protected":false},"excerpt":{"rendered":"<div style=\"height: 265px\">En Aragua y Cojedes, EduComunicaci\u00f3n busca formar a j\u00f3venes y adultos adapt\u00e1ndolos al contexto y a las exigencias del mercado laboral.<\/div>\n","protected":false},"author":85,"featured_media":11141,"comment_status":"open","ping_status":"open","sticky":false,"template":"","format":"standard","meta":{"_acf_changed":false,"footnotes":""},"categories":[746,1071],"tags":[1436,430,1434,829],"post_folder":[],"class_list":["post-11140","post","type-post","status-publish","format-standard","has-post-thumbnail","hentry","category-boletin-interno","category-cfipj","tag-asesoria","tag-cfipj","tag-diplomado","tag-formacion"],"acf":[],"yoast_head":"<!-- This site is optimized with the Yoast SEO plugin v27.5 - https:\/\/yoast.com\/product\/yoast-seo-wordpress\/ -->\n<title>Un diplomado con el sello de la Educaci\u00f3n Popular<\/title>\n<meta name=\"description\" content=\"Iniciamos entonces, con la elaboraci\u00f3n de una matriz que no solo incluyera los elementos claves de las corrientes pedag\u00f3gicas, la did\u00e1ctica; la planificaci\u00f3n, promoci\u00f3n y evaluaci\u00f3n de los aprendizajes bajo el enfoque por competencias; la inteligencia artificial, sino tambi\u00e9n la investigaci\u00f3n educativa, la sistematizaci\u00f3n de experiencias, y por supuesto, la Educaci\u00f3n Popular.\" \/>\n<meta name=\"robots\" content=\"index, follow, max-snippet:-1, max-image-preview:large, max-video-preview:-1\" \/>\n<link rel=\"canonical\" href=\"https:\/\/www.feyalegria.org\/venezuela\/un-diplomado-con-el-sello-de-la-educacion-popular\/\" \/>\n<meta property=\"og:locale\" content=\"es_ES\" \/>\n<meta property=\"og:type\" content=\"article\" \/>\n<meta property=\"og:title\" content=\"Un diplomado con el sello de la Educaci\u00f3n Popular\" \/>\n<meta property=\"og:description\" content=\"Iniciamos entonces, con la elaboraci\u00f3n de una matriz que no solo incluyera los elementos claves de las corrientes pedag\u00f3gicas, la did\u00e1ctica; la planificaci\u00f3n, promoci\u00f3n y evaluaci\u00f3n de los aprendizajes bajo el enfoque por competencias; la inteligencia artificial, sino tambi\u00e9n la investigaci\u00f3n educativa, la sistematizaci\u00f3n de experiencias, y por supuesto, la Educaci\u00f3n Popular.\" \/>\n<meta property=\"og:url\" content=\"https:\/\/www.feyalegria.org\/venezuela\/un-diplomado-con-el-sello-de-la-educacion-popular\/\" \/>\n<meta property=\"og:site_name\" content=\"Fe y Alegr\u00eda en Venezuela\" \/>\n<meta property=\"article:published_time\" content=\"2025-09-25T06:27:14+00:00\" \/>\n<meta property=\"article:modified_time\" content=\"2025-09-25T08:12:57+00:00\" \/>\n<meta property=\"og:image\" content=\"https:\/\/d3pugrm67vf9n7.cloudfront.net\/wp-content\/uploads\/sites\/4\/2025\/09\/25060610\/FotoBanner-CFIPJ-6.jpg\" \/>\n\t<meta property=\"og:image:width\" content=\"1900\" \/>\n\t<meta property=\"og:image:height\" content=\"700\" \/>\n\t<meta property=\"og:image:type\" content=\"image\/jpeg\" \/>\n<meta name=\"author\" content=\"adminvefya03\" \/>\n<meta name=\"twitter:card\" content=\"summary_large_image\" \/>\n<meta name=\"twitter:label1\" content=\"Escrito por\" \/>\n\t<meta name=\"twitter:data1\" content=\"adminvefya03\" \/>\n\t<meta name=\"twitter:label2\" content=\"Tiempo de lectura\" \/>\n\t<meta name=\"twitter:data2\" content=\"3 minutos\" \/>\n<script type=\"application\/ld+json\" class=\"yoast-schema-graph\">{\"@context\":\"https:\\\/\\\/schema.org\",\"@graph\":[{\"@type\":\"Article\",\"@id\":\"https:\\\/\\\/www.feyalegria.org\\\/venezuela\\\/un-diplomado-con-el-sello-de-la-educacion-popular\\\/#article\",\"isPartOf\":{\"@id\":\"https:\\\/\\\/www.feyalegria.org\\\/venezuela\\\/un-diplomado-con-el-sello-de-la-educacion-popular\\\/\"},\"author\":{\"name\":\"adminvefya03\",\"@id\":\"https:\\\/\\\/www.feyalegria.org\\\/venezuela\\\/#\\\/schema\\\/person\\\/70d50f71b5725b107fe176c74a15ac9a\"},\"headline\":\"Un diplomado con el sello de la Educaci\u00f3n Popular\",\"datePublished\":\"2025-09-25T06:27:14+00:00\",\"dateModified\":\"2025-09-25T08:12:57+00:00\",\"mainEntityOfPage\":{\"@id\":\"https:\\\/\\\/www.feyalegria.org\\\/venezuela\\\/un-diplomado-con-el-sello-de-la-educacion-popular\\\/\"},\"wordCount\":611,\"commentCount\":0,\"image\":{\"@id\":\"https:\\\/\\\/www.feyalegria.org\\\/venezuela\\\/un-diplomado-con-el-sello-de-la-educacion-popular\\\/#primaryimage\"},\"thumbnailUrl\":\"https:\\\/\\\/d3pugrm67vf9n7.cloudfront.net\\\/wp-content\\\/uploads\\\/sites\\\/4\\\/2025\\\/09\\\/25060610\\\/FotoBanner-CFIPJ-6.jpg\",\"keywords\":[\"Asesor\u00eda\",\"CFIPJ\",\"Diplomado\",\"Formaci\u00f3n\"],\"articleSection\":[\"Bolet\u00edn Interno\",\"CFIPJ\"],\"inLanguage\":\"es\",\"potentialAction\":[{\"@type\":\"CommentAction\",\"name\":\"Comment\",\"target\":[\"https:\\\/\\\/www.feyalegria.org\\\/venezuela\\\/un-diplomado-con-el-sello-de-la-educacion-popular\\\/#respond\"]}]},{\"@type\":\"WebPage\",\"@id\":\"https:\\\/\\\/www.feyalegria.org\\\/venezuela\\\/un-diplomado-con-el-sello-de-la-educacion-popular\\\/\",\"url\":\"https:\\\/\\\/www.feyalegria.org\\\/venezuela\\\/un-diplomado-con-el-sello-de-la-educacion-popular\\\/\",\"name\":\"Un diplomado con el sello de la Educaci\u00f3n Popular\",\"isPartOf\":{\"@id\":\"https:\\\/\\\/www.feyalegria.org\\\/venezuela\\\/#website\"},\"primaryImageOfPage\":{\"@id\":\"https:\\\/\\\/www.feyalegria.org\\\/venezuela\\\/un-diplomado-con-el-sello-de-la-educacion-popular\\\/#primaryimage\"},\"image\":{\"@id\":\"https:\\\/\\\/www.feyalegria.org\\\/venezuela\\\/un-diplomado-con-el-sello-de-la-educacion-popular\\\/#primaryimage\"},\"thumbnailUrl\":\"https:\\\/\\\/d3pugrm67vf9n7.cloudfront.net\\\/wp-content\\\/uploads\\\/sites\\\/4\\\/2025\\\/09\\\/25060610\\\/FotoBanner-CFIPJ-6.jpg\",\"datePublished\":\"2025-09-25T06:27:14+00:00\",\"dateModified\":\"2025-09-25T08:12:57+00:00\",\"author\":{\"@id\":\"https:\\\/\\\/www.feyalegria.org\\\/venezuela\\\/#\\\/schema\\\/person\\\/70d50f71b5725b107fe176c74a15ac9a\"},\"description\":\"Iniciamos entonces, con la elaboraci\u00f3n de una matriz que no solo incluyera los elementos claves de las corrientes pedag\u00f3gicas, la did\u00e1ctica; la planificaci\u00f3n, promoci\u00f3n y evaluaci\u00f3n de los aprendizajes bajo el enfoque por competencias; la inteligencia artificial, sino tambi\u00e9n la investigaci\u00f3n educativa, la sistematizaci\u00f3n de experiencias, y por supuesto, la Educaci\u00f3n Popular.\",\"inLanguage\":\"es\",\"potentialAction\":[{\"@type\":\"ReadAction\",\"target\":[\"https:\\\/\\\/www.feyalegria.org\\\/venezuela\\\/un-diplomado-con-el-sello-de-la-educacion-popular\\\/\"]}]},{\"@type\":\"ImageObject\",\"inLanguage\":\"es\",\"@id\":\"https:\\\/\\\/www.feyalegria.org\\\/venezuela\\\/un-diplomado-con-el-sello-de-la-educacion-popular\\\/#primaryimage\",\"url\":\"https:\\\/\\\/d3pugrm67vf9n7.cloudfront.net\\\/wp-content\\\/uploads\\\/sites\\\/4\\\/2025\\\/09\\\/25060610\\\/FotoBanner-CFIPJ-6.jpg\",\"contentUrl\":\"https:\\\/\\\/d3pugrm67vf9n7.cloudfront.net\\\/wp-content\\\/uploads\\\/sites\\\/4\\\/2025\\\/09\\\/25060610\\\/FotoBanner-CFIPJ-6.jpg\",\"width\":1900,\"height\":700},{\"@type\":\"WebSite\",\"@id\":\"https:\\\/\\\/www.feyalegria.org\\\/venezuela\\\/#website\",\"url\":\"https:\\\/\\\/www.feyalegria.org\\\/venezuela\\\/\",\"name\":\"Fe y Alegr\u00eda en Venezuela\",\"description\":\"\",\"potentialAction\":[{\"@type\":\"SearchAction\",\"target\":{\"@type\":\"EntryPoint\",\"urlTemplate\":\"https:\\\/\\\/www.feyalegria.org\\\/venezuela\\\/?s={search_term_string}\"},\"query-input\":{\"@type\":\"PropertyValueSpecification\",\"valueRequired\":true,\"valueName\":\"search_term_string\"}}],\"inLanguage\":\"es\"},{\"@type\":\"Person\",\"@id\":\"https:\\\/\\\/www.feyalegria.org\\\/venezuela\\\/#\\\/schema\\\/person\\\/70d50f71b5725b107fe176c74a15ac9a\",\"name\":\"adminvefya03\",\"url\":\"https:\\\/\\\/www.feyalegria.org\\\/venezuela\\\/author\\\/adminvefya03\\\/\"}]}<\/script>\n<!-- \/ Yoast SEO plugin. -->","yoast_head_json":{"title":"Un diplomado con el sello de la Educaci\u00f3n Popular","description":"Iniciamos entonces, con la elaboraci\u00f3n de una matriz que no solo incluyera los elementos claves de las corrientes pedag\u00f3gicas, la did\u00e1ctica; la planificaci\u00f3n, promoci\u00f3n y evaluaci\u00f3n de los aprendizajes bajo el enfoque por competencias; la inteligencia artificial, sino tambi\u00e9n la investigaci\u00f3n educativa, la sistematizaci\u00f3n de experiencias, y por supuesto, la Educaci\u00f3n Popular.","robots":{"index":"index","follow":"follow","max-snippet":"max-snippet:-1","max-image-preview":"max-image-preview:large","max-video-preview":"max-video-preview:-1"},"canonical":"https:\/\/www.feyalegria.org\/venezuela\/un-diplomado-con-el-sello-de-la-educacion-popular\/","og_locale":"es_ES","og_type":"article","og_title":"Un diplomado con el sello de la Educaci\u00f3n Popular","og_description":"Iniciamos entonces, con la elaboraci\u00f3n de una matriz que no solo incluyera los elementos claves de las corrientes pedag\u00f3gicas, la did\u00e1ctica; la planificaci\u00f3n, promoci\u00f3n y evaluaci\u00f3n de los aprendizajes bajo el enfoque por competencias; la inteligencia artificial, sino tambi\u00e9n la investigaci\u00f3n educativa, la sistematizaci\u00f3n de experiencias, y por supuesto, la Educaci\u00f3n Popular.","og_url":"https:\/\/www.feyalegria.org\/venezuela\/un-diplomado-con-el-sello-de-la-educacion-popular\/","og_site_name":"Fe y Alegr\u00eda en Venezuela","article_published_time":"2025-09-25T06:27:14+00:00","article_modified_time":"2025-09-25T08:12:57+00:00","og_image":[{"width":1900,"height":700,"url":"https:\/\/d3pugrm67vf9n7.cloudfront.net\/wp-content\/uploads\/sites\/4\/2025\/09\/25060610\/FotoBanner-CFIPJ-6.jpg","type":"image\/jpeg"}],"author":"adminvefya03","twitter_card":"summary_large_image","twitter_misc":{"Escrito por":"adminvefya03","Tiempo de lectura":"3 minutos"},"schema":{"@context":"https:\/\/schema.org","@graph":[{"@type":"Article","@id":"https:\/\/www.feyalegria.org\/venezuela\/un-diplomado-con-el-sello-de-la-educacion-popular\/#article","isPartOf":{"@id":"https:\/\/www.feyalegria.org\/venezuela\/un-diplomado-con-el-sello-de-la-educacion-popular\/"},"author":{"name":"adminvefya03","@id":"https:\/\/www.feyalegria.org\/venezuela\/#\/schema\/person\/70d50f71b5725b107fe176c74a15ac9a"},"headline":"Un diplomado con el sello de la Educaci\u00f3n Popular","datePublished":"2025-09-25T06:27:14+00:00","dateModified":"2025-09-25T08:12:57+00:00","mainEntityOfPage":{"@id":"https:\/\/www.feyalegria.org\/venezuela\/un-diplomado-con-el-sello-de-la-educacion-popular\/"},"wordCount":611,"commentCount":0,"image":{"@id":"https:\/\/www.feyalegria.org\/venezuela\/un-diplomado-con-el-sello-de-la-educacion-popular\/#primaryimage"},"thumbnailUrl":"https:\/\/d3pugrm67vf9n7.cloudfront.net\/wp-content\/uploads\/sites\/4\/2025\/09\/25060610\/FotoBanner-CFIPJ-6.jpg","keywords":["Asesor\u00eda","CFIPJ","Diplomado","Formaci\u00f3n"],"articleSection":["Bolet\u00edn Interno","CFIPJ"],"inLanguage":"es","potentialAction":[{"@type":"CommentAction","name":"Comment","target":["https:\/\/www.feyalegria.org\/venezuela\/un-diplomado-con-el-sello-de-la-educacion-popular\/#respond"]}]},{"@type":"WebPage","@id":"https:\/\/www.feyalegria.org\/venezuela\/un-diplomado-con-el-sello-de-la-educacion-popular\/","url":"https:\/\/www.feyalegria.org\/venezuela\/un-diplomado-con-el-sello-de-la-educacion-popular\/","name":"Un diplomado con el sello de la Educaci\u00f3n Popular","isPartOf":{"@id":"https:\/\/www.feyalegria.org\/venezuela\/#website"},"primaryImageOfPage":{"@id":"https:\/\/www.feyalegria.org\/venezuela\/un-diplomado-con-el-sello-de-la-educacion-popular\/#primaryimage"},"image":{"@id":"https:\/\/www.feyalegria.org\/venezuela\/un-diplomado-con-el-sello-de-la-educacion-popular\/#primaryimage"},"thumbnailUrl":"https:\/\/d3pugrm67vf9n7.cloudfront.net\/wp-content\/uploads\/sites\/4\/2025\/09\/25060610\/FotoBanner-CFIPJ-6.jpg","datePublished":"2025-09-25T06:27:14+00:00","dateModified":"2025-09-25T08:12:57+00:00","author":{"@id":"https:\/\/www.feyalegria.org\/venezuela\/#\/schema\/person\/70d50f71b5725b107fe176c74a15ac9a"},"description":"Iniciamos entonces, con la elaboraci\u00f3n de una matriz que no solo incluyera los elementos claves de las corrientes pedag\u00f3gicas, la did\u00e1ctica; la planificaci\u00f3n, promoci\u00f3n y evaluaci\u00f3n de los aprendizajes bajo el enfoque por competencias; la inteligencia artificial, sino tambi\u00e9n la investigaci\u00f3n educativa, la sistematizaci\u00f3n de experiencias, y por supuesto, la Educaci\u00f3n Popular.","inLanguage":"es","potentialAction":[{"@type":"ReadAction","target":["https:\/\/www.feyalegria.org\/venezuela\/un-diplomado-con-el-sello-de-la-educacion-popular\/"]}]},{"@type":"ImageObject","inLanguage":"es","@id":"https:\/\/www.feyalegria.org\/venezuela\/un-diplomado-con-el-sello-de-la-educacion-popular\/#primaryimage","url":"https:\/\/d3pugrm67vf9n7.cloudfront.net\/wp-content\/uploads\/sites\/4\/2025\/09\/25060610\/FotoBanner-CFIPJ-6.jpg","contentUrl":"https:\/\/d3pugrm67vf9n7.cloudfront.net\/wp-content\/uploads\/sites\/4\/2025\/09\/25060610\/FotoBanner-CFIPJ-6.jpg","width":1900,"height":700},{"@type":"WebSite","@id":"https:\/\/www.feyalegria.org\/venezuela\/#website","url":"https:\/\/www.feyalegria.org\/venezuela\/","name":"Fe y Alegr\u00eda en Venezuela","description":"","potentialAction":[{"@type":"SearchAction","target":{"@type":"EntryPoint","urlTemplate":"https:\/\/www.feyalegria.org\/venezuela\/?s={search_term_string}"},"query-input":{"@type":"PropertyValueSpecification","valueRequired":true,"valueName":"search_term_string"}}],"inLanguage":"es"},{"@type":"Person","@id":"https:\/\/www.feyalegria.org\/venezuela\/#\/schema\/person\/70d50f71b5725b107fe176c74a15ac9a","name":"adminvefya03","url":"https:\/\/www.feyalegria.org\/venezuela\/author\/adminvefya03\/"}]}},"_links":{"self":[{"href":"https:\/\/www.feyalegria.org\/venezuela\/wp-json\/wp\/v2\/posts\/11140","targetHints":{"allow":["GET"]}}],"collection":[{"href":"https:\/\/www.feyalegria.org\/venezuela\/wp-json\/wp\/v2\/posts"}],"about":[{"href":"https:\/\/www.feyalegria.org\/venezuela\/wp-json\/wp\/v2\/types\/post"}],"author":[{"embeddable":true,"href":"https:\/\/www.feyalegria.org\/venezuela\/wp-json\/wp\/v2\/users\/85"}],"replies":[{"embeddable":true,"href":"https:\/\/www.feyalegria.org\/venezuela\/wp-json\/wp\/v2\/comments?post=11140"}],"version-history":[{"count":6,"href":"https:\/\/www.feyalegria.org\/venezuela\/wp-json\/wp\/v2\/posts\/11140\/revisions"}],"predecessor-version":[{"id":11170,"href":"https:\/\/www.feyalegria.org\/venezuela\/wp-json\/wp\/v2\/posts\/11140\/revisions\/11170"}],"wp:featuredmedia":[{"embeddable":true,"href":"https:\/\/www.feyalegria.org\/venezuela\/wp-json\/wp\/v2\/media\/11141"}],"wp:attachment":[{"href":"https:\/\/www.feyalegria.org\/venezuela\/wp-json\/wp\/v2\/media?parent=11140"}],"wp:term":[{"taxonomy":"category","embeddable":true,"href":"https:\/\/www.feyalegria.org\/venezuela\/wp-json\/wp\/v2\/categories?post=11140"},{"taxonomy":"post_tag","embeddable":true,"href":"https:\/\/www.feyalegria.org\/venezuela\/wp-json\/wp\/v2\/tags?post=11140"},{"taxonomy":"post_folder","embeddable":true,"href":"https:\/\/www.feyalegria.org\/venezuela\/wp-json\/wp\/v2\/post_folder?post=11140"}],"curies":[{"name":"wp","href":"https:\/\/api.w.org\/{rel}","templated":true}]}}