 {"id":11394,"date":"2025-10-23T18:53:32","date_gmt":"2025-10-23T18:53:32","guid":{"rendered":"https:\/\/www.feyalegria.org\/venezuela\/?p=11394"},"modified":"2025-10-23T18:54:43","modified_gmt":"2025-10-23T18:54:43","slug":"jovenes-pemones-se-capacitan-para-emprender-en-horticultura-con-tecnicas-ancestrales-2","status":"publish","type":"post","link":"https:\/\/www.feyalegria.org\/venezuela\/jovenes-pemones-se-capacitan-para-emprender-en-horticultura-con-tecnicas-ancestrales-2\/","title":{"rendered":"J\u00f3venes pemones se capacitan para emprender en horticultura con t\u00e9cnicas ancestrales"},"content":{"rendered":"<div class=\"wpb-content-wrapper\"><p>[vc_row][vc_column][vc_column_text css=\u00bb\u00bb]<\/p>\n<h1><b>J\u00f3venes pemones se capacitan para emprender en <\/b><b>horticultura con t\u00e9cnicas ancestrales\u00a0<\/b><\/h1>\n<p>[\/vc_column_text][\/vc_column][\/vc_row][vc_row][vc_column][vc_single_image image=\u00bb11381&#8243; img_size=\u00bbfull\u00bb add_caption=\u00bbyes\u00bb alignment=\u00bbcenter\u00bb css=\u00bb\u00bb][vc_column_text css=\u00bb\u00bb]<\/p>\n<p class=\"selectable-text copyable-text x15bjb6t x1n2onr6\" dir=\"ltr\" style=\"text-align: right\"><strong>German Alberto Osorio B | <\/strong>Referente de Comunicaci\u00f3n de Fe y Alegr\u00eda Capacitaci\u00f3n<\/p>\n<p dir=\"ltr\" style=\"text-align: right\"><strong>Kandibel Camejo | <\/strong>Responsable de Estado Bol\u00edvar de Fe y Alegr\u00eda Capacitaci\u00f3n<\/p>\n<p>[\/vc_column_text][vc_separator css=\u00bb\u00bb][vc_column_text css=\u00bb\u00bb]<\/p>\n<p style=\"text-align: justify\">En las comunidades ind\u00edgenas cercanas a Santa Elena de Uair\u00e9n, ubicado en el estado Bol\u00edvar, Fe y Alegr\u00eda Capacitaci\u00f3n lider\u00f3 un curso de Horticultura dirigido a j\u00f3venes emprendedores pem\u00f3n.<\/p>\n<p>&nbsp;<\/p>\n<p style=\"text-align: justify\">El proyecto se enmarca en los espacios Interculturales Biling\u00fces que Fe y Alegr\u00eda impulsa. En este contexto, los j\u00f3venes aprendieron a conjugar t\u00e9cnicas agr\u00edcolas modernas con pr\u00e1cticas ancestrales, respetando la cosmovisi\u00f3n ind\u00edgena y fortaleciendo su v\u00ednculo con la tierra.<\/p>\n<p>&nbsp;<\/p>\n<p style=\"text-align: justify\">Bajo la gu\u00eda del facilitador Christian Sosa, m\u00e1s de 60 participantes se reunieron en Santa Elena de Uair\u00e9n para vivir una experiencia formativa integral. El programa abord\u00f3 desde la preparaci\u00f3n ecol\u00f3gica del suelo y el manejo natural de plagas, hasta la gesti\u00f3n de inventario y estrategias de comercializaci\u00f3n.<\/p>\n<p>&nbsp;<\/p>\n<p style=\"text-align: justify\"><img loading=\"lazy\" decoding=\"async\" class=\" wp-image-11382 alignleft\" src=\"https:\/\/d3pugrm67vf9n7.cloudfront.net\/wp-content\/uploads\/sites\/4\/2025\/10\/23183155\/Nota-Cap-2.jpg\" alt=\"\" width=\"432\" height=\"324\" srcset=\"https:\/\/d3pugrm67vf9n7.cloudfront.net\/wp-content\/uploads\/sites\/4\/2025\/10\/23183155\/Nota-Cap-2.jpg 1200w, https:\/\/d3pugrm67vf9n7.cloudfront.net\/wp-content\/uploads\/sites\/4\/2025\/10\/23183155\/Nota-Cap-2-300x225.jpg 300w, https:\/\/d3pugrm67vf9n7.cloudfront.net\/wp-content\/uploads\/sites\/4\/2025\/10\/23183155\/Nota-Cap-2-1024x768.jpg 1024w, https:\/\/d3pugrm67vf9n7.cloudfront.net\/wp-content\/uploads\/sites\/4\/2025\/10\/23183155\/Nota-Cap-2-768x576.jpg 768w\" sizes=\"auto, (max-width: 432px) 100vw, 432px\" \/><\/p>\n<p>&nbsp;<\/p>\n<p style=\"text-align: justify\">Cada m\u00f3dulo fue dise\u00f1ado para responder a las necesidades econ\u00f3micas, sociales y culturales de la regi\u00f3n, con un enfoque pr\u00e1ctico, participativo y profundamente contextualizado.<\/p>\n<p>&nbsp;<\/p>\n<p style=\"text-align: justify\">Mileidys Benavides Salazar y Eglis Ortiz Ayuso, dos participantes destacadas, compartieron sus vivencias durante el proceso formativo. Para ellas, el curso fue una puerta abierta al mundo del emprendimiento formal.<\/p>\n<p>&nbsp;<\/p>\n<p style=\"text-align: justify\">Estos j\u00f3venes pem\u00f3n se perfilan como referentes de innovaci\u00f3n rural, demostrando que el emprendimiento puede nacer desde la tierra, la cultura y el compromiso colectivo.<\/p>\n<p>&nbsp;<\/p>\n<p><img loading=\"lazy\" decoding=\"async\" class=\"wp-image-11384 alignright\" src=\"https:\/\/d3pugrm67vf9n7.cloudfront.net\/wp-content\/uploads\/sites\/4\/2025\/10\/23183204\/Nota-Cap-4.jpg\" alt=\"\" width=\"383\" height=\"287\" srcset=\"https:\/\/d3pugrm67vf9n7.cloudfront.net\/wp-content\/uploads\/sites\/4\/2025\/10\/23183204\/Nota-Cap-4.jpg 1200w, https:\/\/d3pugrm67vf9n7.cloudfront.net\/wp-content\/uploads\/sites\/4\/2025\/10\/23183204\/Nota-Cap-4-300x225.jpg 300w, https:\/\/d3pugrm67vf9n7.cloudfront.net\/wp-content\/uploads\/sites\/4\/2025\/10\/23183204\/Nota-Cap-4-1024x768.jpg 1024w, https:\/\/d3pugrm67vf9n7.cloudfront.net\/wp-content\/uploads\/sites\/4\/2025\/10\/23183204\/Nota-Cap-4-768x576.jpg 768w\" sizes=\"auto, (max-width: 383px) 100vw, 383px\" \/><\/p>\n<p>&nbsp;<\/p>\n<p style=\"text-align: justify\">\u00a0Fe y Alegr\u00eda Capacitaci\u00f3n se consolida, as\u00ed como un actor clave en el desarrollo local, ofreciendo programas que empoderan a las comunidades ind\u00edgenas y promueven la sostenibilidad alimentaria, el emprendimiento y la autonom\u00eda. En esta etapa, la iniciativa ha ampliado su alcance para abordar las necesidades espec\u00edficas de los pueblos pem\u00f3n, con enfoques participativos que respetan sus saberes tradicionales y fortalecen su capacidad de gesti\u00f3n.<\/p>\n<p>[\/vc_column_text][vc_column_inner alignment=\u00bbcenter\u00bb][\/vc_column_inner][\/vc_column][\/vc_row][vc_row][vc_column][vc_column_text css=\u00bb\u00bb]<\/p>\n<p style=\"text-align: right\"><strong>24 de octubre de 2025<\/strong><\/p>\n<p>[\/vc_column_text][\/vc_column][\/vc_row]<\/p>\n<\/div>","protected":false},"excerpt":{"rendered":"<div style=\"height: 265px\">M\u00e1s de 60 participantes se reunieron en Santa Elena de Uair\u00e9n para vivir una experiencia formativa integral.<\/div>\n","protected":false},"author":86,"featured_media":11381,"comment_status":"open","ping_status":"open","sticky":false,"template":"","format":"standard","meta":{"_acf_changed":false,"footnotes":""},"categories":[746,1125,141],"tags":[634,384,796,1485,1471,448],"post_folder":[],"class_list":["post-11394","post","type-post","status-publish","format-standard","has-post-thumbnail","hentry","category-boletin-interno","category-capacitacion","category-educacion","tag-capacitacion","tag-educacion","tag-horticultura","tag-maracaibo","tag-pemon","tag-venezuela"],"acf":[],"yoast_head":"<!-- This site is optimized with the Yoast SEO plugin v27.4 - https:\/\/yoast.com\/product\/yoast-seo-wordpress\/ -->\n<title>J\u00f3venes pemones se capacitan para emprender en horticultura con t\u00e9cnicas ancestrales<\/title>\n<meta name=\"description\" content=\"M\u00e1s de 60 participantes se reunieron en Santa Elena de Uair\u00e9n para vivir una experiencia formativa integral.\" \/>\n<meta name=\"robots\" content=\"index, follow, max-snippet:-1, max-image-preview:large, max-video-preview:-1\" \/>\n<link rel=\"canonical\" href=\"https:\/\/www.feyalegria.org\/venezuela\/jovenes-pemones-se-capacitan-para-emprender-en-horticultura-con-tecnicas-ancestrales-2\/\" \/>\n<meta property=\"og:locale\" content=\"es_ES\" \/>\n<meta property=\"og:type\" content=\"article\" \/>\n<meta property=\"og:title\" content=\"J\u00f3venes pemones se capacitan para emprender en horticultura con t\u00e9cnicas ancestrales\" \/>\n<meta property=\"og:description\" content=\"M\u00e1s de 60 participantes se reunieron en Santa Elena de Uair\u00e9n para vivir una experiencia formativa integral.\" \/>\n<meta property=\"og:url\" content=\"https:\/\/www.feyalegria.org\/venezuela\/jovenes-pemones-se-capacitan-para-emprender-en-horticultura-con-tecnicas-ancestrales-2\/\" \/>\n<meta property=\"og:site_name\" content=\"Fe y Alegr\u00eda en Venezuela\" \/>\n<meta property=\"article:published_time\" content=\"2025-10-23T18:53:32+00:00\" \/>\n<meta property=\"article:modified_time\" content=\"2025-10-23T18:54:43+00:00\" \/>\n<meta property=\"og:image\" content=\"https:\/\/d3pugrm67vf9n7.cloudfront.net\/wp-content\/uploads\/sites\/4\/2025\/10\/23183152\/Nota-Cap-1.jpg\" \/>\n\t<meta property=\"og:image:width\" content=\"1200\" \/>\n\t<meta property=\"og:image:height\" content=\"900\" \/>\n\t<meta property=\"og:image:type\" content=\"image\/jpeg\" \/>\n<meta name=\"author\" content=\"adminvefya04\" \/>\n<meta name=\"twitter:card\" content=\"summary_large_image\" \/>\n<meta name=\"twitter:label1\" content=\"Escrito por\" \/>\n\t<meta name=\"twitter:data1\" content=\"adminvefya04\" \/>\n\t<meta name=\"twitter:label2\" content=\"Tiempo de lectura\" \/>\n\t<meta name=\"twitter:data2\" content=\"3 minutos\" \/>\n<script type=\"application\/ld+json\" class=\"yoast-schema-graph\">{\"@context\":\"https:\\\/\\\/schema.org\",\"@graph\":[{\"@type\":\"Article\",\"@id\":\"https:\\\/\\\/www.feyalegria.org\\\/venezuela\\\/jovenes-pemones-se-capacitan-para-emprender-en-horticultura-con-tecnicas-ancestrales-2\\\/#article\",\"isPartOf\":{\"@id\":\"https:\\\/\\\/www.feyalegria.org\\\/venezuela\\\/jovenes-pemones-se-capacitan-para-emprender-en-horticultura-con-tecnicas-ancestrales-2\\\/\"},\"author\":{\"name\":\"adminvefya04\",\"@id\":\"https:\\\/\\\/www.feyalegria.org\\\/venezuela\\\/#\\\/schema\\\/person\\\/219fd6083ed3d63f6ac623e175a02e29\"},\"headline\":\"J\u00f3venes pemones se capacitan para emprender en horticultura con t\u00e9cnicas ancestrales\",\"datePublished\":\"2025-10-23T18:53:32+00:00\",\"dateModified\":\"2025-10-23T18:54:43+00:00\",\"mainEntityOfPage\":{\"@id\":\"https:\\\/\\\/www.feyalegria.org\\\/venezuela\\\/jovenes-pemones-se-capacitan-para-emprender-en-horticultura-con-tecnicas-ancestrales-2\\\/\"},\"wordCount\":439,\"commentCount\":0,\"image\":{\"@id\":\"https:\\\/\\\/www.feyalegria.org\\\/venezuela\\\/jovenes-pemones-se-capacitan-para-emprender-en-horticultura-con-tecnicas-ancestrales-2\\\/#primaryimage\"},\"thumbnailUrl\":\"https:\\\/\\\/d3pugrm67vf9n7.cloudfront.net\\\/wp-content\\\/uploads\\\/sites\\\/4\\\/2025\\\/10\\\/23183152\\\/Nota-Cap-1.jpg\",\"keywords\":[\"Capacitaci\u00f3n\",\"Educaci\u00f3n\",\"horticultura\",\"Maracaibo\",\"Pem\u00f3n\",\"Venezuela\"],\"articleSection\":[\"Bolet\u00edn Interno\",\"capacitaci\u00f3n\",\"Educaci\u00f3n\"],\"inLanguage\":\"es\",\"potentialAction\":[{\"@type\":\"CommentAction\",\"name\":\"Comment\",\"target\":[\"https:\\\/\\\/www.feyalegria.org\\\/venezuela\\\/jovenes-pemones-se-capacitan-para-emprender-en-horticultura-con-tecnicas-ancestrales-2\\\/#respond\"]}]},{\"@type\":\"WebPage\",\"@id\":\"https:\\\/\\\/www.feyalegria.org\\\/venezuela\\\/jovenes-pemones-se-capacitan-para-emprender-en-horticultura-con-tecnicas-ancestrales-2\\\/\",\"url\":\"https:\\\/\\\/www.feyalegria.org\\\/venezuela\\\/jovenes-pemones-se-capacitan-para-emprender-en-horticultura-con-tecnicas-ancestrales-2\\\/\",\"name\":\"J\u00f3venes pemones se capacitan para emprender en horticultura con t\u00e9cnicas ancestrales\",\"isPartOf\":{\"@id\":\"https:\\\/\\\/www.feyalegria.org\\\/venezuela\\\/#website\"},\"primaryImageOfPage\":{\"@id\":\"https:\\\/\\\/www.feyalegria.org\\\/venezuela\\\/jovenes-pemones-se-capacitan-para-emprender-en-horticultura-con-tecnicas-ancestrales-2\\\/#primaryimage\"},\"image\":{\"@id\":\"https:\\\/\\\/www.feyalegria.org\\\/venezuela\\\/jovenes-pemones-se-capacitan-para-emprender-en-horticultura-con-tecnicas-ancestrales-2\\\/#primaryimage\"},\"thumbnailUrl\":\"https:\\\/\\\/d3pugrm67vf9n7.cloudfront.net\\\/wp-content\\\/uploads\\\/sites\\\/4\\\/2025\\\/10\\\/23183152\\\/Nota-Cap-1.jpg\",\"datePublished\":\"2025-10-23T18:53:32+00:00\",\"dateModified\":\"2025-10-23T18:54:43+00:00\",\"author\":{\"@id\":\"https:\\\/\\\/www.feyalegria.org\\\/venezuela\\\/#\\\/schema\\\/person\\\/219fd6083ed3d63f6ac623e175a02e29\"},\"description\":\"M\u00e1s de 60 participantes se reunieron en Santa Elena de Uair\u00e9n para vivir una experiencia formativa integral.\",\"inLanguage\":\"es\",\"potentialAction\":[{\"@type\":\"ReadAction\",\"target\":[\"https:\\\/\\\/www.feyalegria.org\\\/venezuela\\\/jovenes-pemones-se-capacitan-para-emprender-en-horticultura-con-tecnicas-ancestrales-2\\\/\"]}]},{\"@type\":\"ImageObject\",\"inLanguage\":\"es\",\"@id\":\"https:\\\/\\\/www.feyalegria.org\\\/venezuela\\\/jovenes-pemones-se-capacitan-para-emprender-en-horticultura-con-tecnicas-ancestrales-2\\\/#primaryimage\",\"url\":\"https:\\\/\\\/d3pugrm67vf9n7.cloudfront.net\\\/wp-content\\\/uploads\\\/sites\\\/4\\\/2025\\\/10\\\/23183152\\\/Nota-Cap-1.jpg\",\"contentUrl\":\"https:\\\/\\\/d3pugrm67vf9n7.cloudfront.net\\\/wp-content\\\/uploads\\\/sites\\\/4\\\/2025\\\/10\\\/23183152\\\/Nota-Cap-1.jpg\",\"width\":1200,\"height\":900},{\"@type\":\"WebSite\",\"@id\":\"https:\\\/\\\/www.feyalegria.org\\\/venezuela\\\/#website\",\"url\":\"https:\\\/\\\/www.feyalegria.org\\\/venezuela\\\/\",\"name\":\"Fe y Alegr\u00eda en Venezuela\",\"description\":\"\",\"potentialAction\":[{\"@type\":\"SearchAction\",\"target\":{\"@type\":\"EntryPoint\",\"urlTemplate\":\"https:\\\/\\\/www.feyalegria.org\\\/venezuela\\\/?s={search_term_string}\"},\"query-input\":{\"@type\":\"PropertyValueSpecification\",\"valueRequired\":true,\"valueName\":\"search_term_string\"}}],\"inLanguage\":\"es\"},{\"@type\":\"Person\",\"@id\":\"https:\\\/\\\/www.feyalegria.org\\\/venezuela\\\/#\\\/schema\\\/person\\\/219fd6083ed3d63f6ac623e175a02e29\",\"name\":\"adminvefya04\",\"url\":\"https:\\\/\\\/www.feyalegria.org\\\/venezuela\\\/author\\\/adminvefya04\\\/\"}]}<\/script>\n<!-- \/ Yoast SEO plugin. -->","yoast_head_json":{"title":"J\u00f3venes pemones se capacitan para emprender en horticultura con t\u00e9cnicas ancestrales","description":"M\u00e1s de 60 participantes se reunieron en Santa Elena de Uair\u00e9n para vivir una experiencia formativa integral.","robots":{"index":"index","follow":"follow","max-snippet":"max-snippet:-1","max-image-preview":"max-image-preview:large","max-video-preview":"max-video-preview:-1"},"canonical":"https:\/\/www.feyalegria.org\/venezuela\/jovenes-pemones-se-capacitan-para-emprender-en-horticultura-con-tecnicas-ancestrales-2\/","og_locale":"es_ES","og_type":"article","og_title":"J\u00f3venes pemones se capacitan para emprender en horticultura con t\u00e9cnicas ancestrales","og_description":"M\u00e1s de 60 participantes se reunieron en Santa Elena de Uair\u00e9n para vivir una experiencia formativa integral.","og_url":"https:\/\/www.feyalegria.org\/venezuela\/jovenes-pemones-se-capacitan-para-emprender-en-horticultura-con-tecnicas-ancestrales-2\/","og_site_name":"Fe y Alegr\u00eda en Venezuela","article_published_time":"2025-10-23T18:53:32+00:00","article_modified_time":"2025-10-23T18:54:43+00:00","og_image":[{"width":1200,"height":900,"url":"https:\/\/d3pugrm67vf9n7.cloudfront.net\/wp-content\/uploads\/sites\/4\/2025\/10\/23183152\/Nota-Cap-1.jpg","type":"image\/jpeg"}],"author":"adminvefya04","twitter_card":"summary_large_image","twitter_misc":{"Escrito por":"adminvefya04","Tiempo de lectura":"3 minutos"},"schema":{"@context":"https:\/\/schema.org","@graph":[{"@type":"Article","@id":"https:\/\/www.feyalegria.org\/venezuela\/jovenes-pemones-se-capacitan-para-emprender-en-horticultura-con-tecnicas-ancestrales-2\/#article","isPartOf":{"@id":"https:\/\/www.feyalegria.org\/venezuela\/jovenes-pemones-se-capacitan-para-emprender-en-horticultura-con-tecnicas-ancestrales-2\/"},"author":{"name":"adminvefya04","@id":"https:\/\/www.feyalegria.org\/venezuela\/#\/schema\/person\/219fd6083ed3d63f6ac623e175a02e29"},"headline":"J\u00f3venes pemones se capacitan para emprender en horticultura con t\u00e9cnicas ancestrales","datePublished":"2025-10-23T18:53:32+00:00","dateModified":"2025-10-23T18:54:43+00:00","mainEntityOfPage":{"@id":"https:\/\/www.feyalegria.org\/venezuela\/jovenes-pemones-se-capacitan-para-emprender-en-horticultura-con-tecnicas-ancestrales-2\/"},"wordCount":439,"commentCount":0,"image":{"@id":"https:\/\/www.feyalegria.org\/venezuela\/jovenes-pemones-se-capacitan-para-emprender-en-horticultura-con-tecnicas-ancestrales-2\/#primaryimage"},"thumbnailUrl":"https:\/\/d3pugrm67vf9n7.cloudfront.net\/wp-content\/uploads\/sites\/4\/2025\/10\/23183152\/Nota-Cap-1.jpg","keywords":["Capacitaci\u00f3n","Educaci\u00f3n","horticultura","Maracaibo","Pem\u00f3n","Venezuela"],"articleSection":["Bolet\u00edn Interno","capacitaci\u00f3n","Educaci\u00f3n"],"inLanguage":"es","potentialAction":[{"@type":"CommentAction","name":"Comment","target":["https:\/\/www.feyalegria.org\/venezuela\/jovenes-pemones-se-capacitan-para-emprender-en-horticultura-con-tecnicas-ancestrales-2\/#respond"]}]},{"@type":"WebPage","@id":"https:\/\/www.feyalegria.org\/venezuela\/jovenes-pemones-se-capacitan-para-emprender-en-horticultura-con-tecnicas-ancestrales-2\/","url":"https:\/\/www.feyalegria.org\/venezuela\/jovenes-pemones-se-capacitan-para-emprender-en-horticultura-con-tecnicas-ancestrales-2\/","name":"J\u00f3venes pemones se capacitan para emprender en horticultura con t\u00e9cnicas ancestrales","isPartOf":{"@id":"https:\/\/www.feyalegria.org\/venezuela\/#website"},"primaryImageOfPage":{"@id":"https:\/\/www.feyalegria.org\/venezuela\/jovenes-pemones-se-capacitan-para-emprender-en-horticultura-con-tecnicas-ancestrales-2\/#primaryimage"},"image":{"@id":"https:\/\/www.feyalegria.org\/venezuela\/jovenes-pemones-se-capacitan-para-emprender-en-horticultura-con-tecnicas-ancestrales-2\/#primaryimage"},"thumbnailUrl":"https:\/\/d3pugrm67vf9n7.cloudfront.net\/wp-content\/uploads\/sites\/4\/2025\/10\/23183152\/Nota-Cap-1.jpg","datePublished":"2025-10-23T18:53:32+00:00","dateModified":"2025-10-23T18:54:43+00:00","author":{"@id":"https:\/\/www.feyalegria.org\/venezuela\/#\/schema\/person\/219fd6083ed3d63f6ac623e175a02e29"},"description":"M\u00e1s de 60 participantes se reunieron en Santa Elena de Uair\u00e9n para vivir una experiencia formativa integral.","inLanguage":"es","potentialAction":[{"@type":"ReadAction","target":["https:\/\/www.feyalegria.org\/venezuela\/jovenes-pemones-se-capacitan-para-emprender-en-horticultura-con-tecnicas-ancestrales-2\/"]}]},{"@type":"ImageObject","inLanguage":"es","@id":"https:\/\/www.feyalegria.org\/venezuela\/jovenes-pemones-se-capacitan-para-emprender-en-horticultura-con-tecnicas-ancestrales-2\/#primaryimage","url":"https:\/\/d3pugrm67vf9n7.cloudfront.net\/wp-content\/uploads\/sites\/4\/2025\/10\/23183152\/Nota-Cap-1.jpg","contentUrl":"https:\/\/d3pugrm67vf9n7.cloudfront.net\/wp-content\/uploads\/sites\/4\/2025\/10\/23183152\/Nota-Cap-1.jpg","width":1200,"height":900},{"@type":"WebSite","@id":"https:\/\/www.feyalegria.org\/venezuela\/#website","url":"https:\/\/www.feyalegria.org\/venezuela\/","name":"Fe y Alegr\u00eda en Venezuela","description":"","potentialAction":[{"@type":"SearchAction","target":{"@type":"EntryPoint","urlTemplate":"https:\/\/www.feyalegria.org\/venezuela\/?s={search_term_string}"},"query-input":{"@type":"PropertyValueSpecification","valueRequired":true,"valueName":"search_term_string"}}],"inLanguage":"es"},{"@type":"Person","@id":"https:\/\/www.feyalegria.org\/venezuela\/#\/schema\/person\/219fd6083ed3d63f6ac623e175a02e29","name":"adminvefya04","url":"https:\/\/www.feyalegria.org\/venezuela\/author\/adminvefya04\/"}]}},"_links":{"self":[{"href":"https:\/\/www.feyalegria.org\/venezuela\/wp-json\/wp\/v2\/posts\/11394","targetHints":{"allow":["GET"]}}],"collection":[{"href":"https:\/\/www.feyalegria.org\/venezuela\/wp-json\/wp\/v2\/posts"}],"about":[{"href":"https:\/\/www.feyalegria.org\/venezuela\/wp-json\/wp\/v2\/types\/post"}],"author":[{"embeddable":true,"href":"https:\/\/www.feyalegria.org\/venezuela\/wp-json\/wp\/v2\/users\/86"}],"replies":[{"embeddable":true,"href":"https:\/\/www.feyalegria.org\/venezuela\/wp-json\/wp\/v2\/comments?post=11394"}],"version-history":[{"count":5,"href":"https:\/\/www.feyalegria.org\/venezuela\/wp-json\/wp\/v2\/posts\/11394\/revisions"}],"predecessor-version":[{"id":11399,"href":"https:\/\/www.feyalegria.org\/venezuela\/wp-json\/wp\/v2\/posts\/11394\/revisions\/11399"}],"wp:featuredmedia":[{"embeddable":true,"href":"https:\/\/www.feyalegria.org\/venezuela\/wp-json\/wp\/v2\/media\/11381"}],"wp:attachment":[{"href":"https:\/\/www.feyalegria.org\/venezuela\/wp-json\/wp\/v2\/media?parent=11394"}],"wp:term":[{"taxonomy":"category","embeddable":true,"href":"https:\/\/www.feyalegria.org\/venezuela\/wp-json\/wp\/v2\/categories?post=11394"},{"taxonomy":"post_tag","embeddable":true,"href":"https:\/\/www.feyalegria.org\/venezuela\/wp-json\/wp\/v2\/tags?post=11394"},{"taxonomy":"post_folder","embeddable":true,"href":"https:\/\/www.feyalegria.org\/venezuela\/wp-json\/wp\/v2\/post_folder?post=11394"}],"curies":[{"name":"wp","href":"https:\/\/api.w.org\/{rel}","templated":true}]}}