{"id":11869,"date":"2025-12-05T04:00:38","date_gmt":"2025-12-05T04:00:38","guid":{"rendered":"https:\/\/www.feyalegria.org\/venezuela\/?p=11869"},"modified":"2025-12-05T04:00:38","modified_gmt":"2025-12-05T04:00:38","slug":"dos-perfiles-con-la-misma-pasion-educar","status":"publish","type":"post","link":"https:\/\/www.feyalegria.org\/venezuela\/dos-perfiles-con-la-misma-pasion-educar\/","title":{"rendered":"Dos perfiles con la misma pasi\u00f3n: educar"},"content":{"rendered":"<div class=\"wpb-content-wrapper\"><p>[vc_row][vc_column][vc_column_text css=\u00bb\u00bb]<\/p>\n<h1><b>Dos perfiles con la misma pasi\u00f3n: educar<\/b><\/h1>\n<p>[\/vc_column_text][\/vc_column][\/vc_row][vc_row][vc_column][vc_column_text css=\u00bb\u00bb]<\/p>\n<p style=\"text-align: right;\"><span style=\"font-weight: 400;\"><strong>Shirley G\u00f3mez |<\/strong> Referente de Comunicaci\u00f3n en Fe y Alegr\u00eda EduComunicaci\u00f3n<\/span><\/p>\n<p>[\/vc_column_text][vc_separator css=\u00bb\u00bb][vc_column_text css=\u00bb\u00bb]<\/p>\n<p style=\"text-align: justify;\"><span style=\"font-weight: 400;\"><img loading=\"lazy\" decoding=\"async\" class=\" wp-image-11870 alignleft\" src=\"https:\/\/d3pugrm67vf9n7.cloudfront.net\/wp-content\/uploads\/sites\/4\/2025\/12\/05034645\/ESMERALDA-CARRENO-300x225.jpg\" alt=\"\" width=\"404\" height=\"303\" srcset=\"https:\/\/d3pugrm67vf9n7.cloudfront.net\/wp-content\/uploads\/sites\/4\/2025\/12\/05034645\/ESMERALDA-CARRENO-300x225.jpg 300w, https:\/\/d3pugrm67vf9n7.cloudfront.net\/wp-content\/uploads\/sites\/4\/2025\/12\/05034645\/ESMERALDA-CARRENO-1024x768.jpg 1024w, https:\/\/d3pugrm67vf9n7.cloudfront.net\/wp-content\/uploads\/sites\/4\/2025\/12\/05034645\/ESMERALDA-CARRENO-768x576.jpg 768w, https:\/\/d3pugrm67vf9n7.cloudfront.net\/wp-content\/uploads\/sites\/4\/2025\/12\/05034645\/ESMERALDA-CARRENO.jpg 1200w\" sizes=\"auto, (max-width: 404px) 100vw, 404px\" \/>Este 5 de diciembre reconocemos el valor que tienen los voluntarios. A 50 a\u00f1os de su fundaci\u00f3n el programa Fe y Alegr\u00eda EduComunicaci\u00f3n, valora y celebra la importancia que tienen cada una de esas personas que siempre est\u00e1n dispuestas a ayudar a otros incondicionalmente.<\/span><\/p>\n<p style=\"text-align: justify;\"><span style=\"font-weight: 400;\"><br \/>\nHemos querido mostrar en perspectiva, la visi\u00f3n de una de nuestras voluntarias con m\u00e1s a\u00f1os de servicio y otra con poco tiempo ejerciendo la labor, pero ambas con el mismo sentir, servir a otros sin esperar nada a cambio, demostrando el verdadero esp\u00edritu de un voluntario.<\/span><\/p>\n<p style=\"text-align: justify;\"><span style=\"font-weight: 400;\"><br \/>\nEsmeralda Carre\u00f1o, con 27 a\u00f1os ininterrumpidos como orientadora tiene una gran historia que contar, es la voluntaria con m\u00e1s a\u00f1os ejerciendo esta labor, exactamente desde 1998.<\/span><\/p>\n<p style=\"text-align: justify;\"><span style=\"font-weight: 400;\"><br \/>\nElla vive en la ciudad de El Tigre, estado Anzo\u00e1tegui y con una licenciatura en contadur\u00eda p\u00fablica y una maestr\u00eda en finanzas, nos cont\u00f3 que s\u00f3lo hizo posible su sue\u00f1o de ser docente, aqu\u00ed en Fe y Alegr\u00eda, gracias a su hermano que la entusiasm\u00f3.<\/span><\/p>\n<p style=\"text-align: justify;\"><span style=\"font-weight: 400;\"><br \/>\n\u201cSoy docente de coraz\u00f3n, cuando era ni\u00f1a jugaba a ser maestra y cuando quise estudiar como normalista, mi pap\u00e1 se confundi\u00f3 en las fechas de inscripci\u00f3n y no pude inscribirme en lo que realmente quer\u00eda, por eso disfruto ser voluntaria\u201d, dijo.<\/span><\/p>\n<p style=\"text-align: justify;\"><span style=\"font-weight: 400;\"><br \/>\nSiempre estuvo consciente que como voluntaria no recibir\u00eda un pago econ\u00f3mico por lo que hac\u00eda. Cuando fue coordinadora del centro Santeliz Pe\u00f1a, a quienes llegaban pidiendo trabajo les dec\u00eda, \u201caqu\u00ed no te vas hacer millonario, si te sirve trabajar as\u00ed, bienvenido, y eran pocos los que se quedaban\u201d.<\/span><\/p>\n<p style=\"text-align: justify;\"><span style=\"font-weight: 400;\"><br \/>\nComo voluntaria de tantos a\u00f1os ha estado durante la direcci\u00f3n regional de Educomunicaci\u00f3n a cargo de Rafael Gonz\u00e1lez, Luis S\u00e1nchez, Carlota Rojas y actualmente Jos\u00e9 Par\u00eds. Siempre le ha preocupado que los participantes se adapten al m\u00e9todo y materiales de estudio para que avancen en su formaci\u00f3n.<\/span><\/p>\n<p style=\"text-align: justify;\"><span style=\"font-weight: 400;\"><br \/>\n\u201cNo hay un secreto espec\u00edfico que un voluntario tenga, todo est\u00e1 en esa facilidad de ense\u00f1ar, tener la disposici\u00f3n de que los chamos y los adultos aprendan\u201d<\/span><\/p>\n<p style=\"text-align: justify;\"><span style=\"font-weight: 400;\"><br \/>\nConsidera que los materiales de estudio de EduComunicaci\u00f3n siempre han sido buenos, han evolucionado y ajust\u00e1ndose a los avances tecnol\u00f3gicos, pero considera que no se debe echar a un lado totalmente los m\u00e9todos tradicionales.<\/span><\/p>\n<p style=\"text-align: justify;\"><span style=\"font-weight: 400;\"><br \/>\n\u201cLos voluntarios debemos adaptarnos a esos cambios tecnol\u00f3gicos, pero siempre inculcar en los participantes que su musa siempre debe estar antes que la IA y la tecnolog\u00eda, porque la tecnolog\u00eda est\u00e1 gracias a la inteligencia de los seres humanos\u201d.<\/span><\/p>\n<p style=\"text-align: justify;\"><span style=\"font-weight: 400;\"><br \/>\nLe ha tocado trabajar con participantes con condiciones especiales y durante la pandemia del COVID-19, tambi\u00e9n asumi\u00f3 el reto de seguir ense\u00f1ando ajustada a las condiciones circunstanciales.<\/span><\/p>\n<p style=\"text-align: justify;\"><span style=\"font-weight: 400;\"><br \/>\nManifest\u00f3 que lo que m\u00e1s la emociona de ser voluntaria es encontrarse con ex alumnos en la calle, profesionales o gente que ha emprendido y usado sus conocimientos para progresar. Sigue pensando que EduComunicaci\u00f3n es la mejor alternativa para quienes no pudieron en su momento poder culminar sus estudios.<\/span><\/p>\n<p>&nbsp;<\/p>\n<h3>La historia m\u00e1s reciente<\/h3>\n<p>&nbsp;<\/p>\n<p style=\"text-align: justify;\"><img loading=\"lazy\" decoding=\"async\" class=\" wp-image-11871 alignright\" src=\"https:\/\/d3pugrm67vf9n7.cloudfront.net\/wp-content\/uploads\/sites\/4\/2025\/12\/05034648\/ROSALIA-MENDOZA-300x225.jpg\" alt=\"\" width=\"406\" height=\"305\" srcset=\"https:\/\/d3pugrm67vf9n7.cloudfront.net\/wp-content\/uploads\/sites\/4\/2025\/12\/05034648\/ROSALIA-MENDOZA-300x225.jpg 300w, https:\/\/d3pugrm67vf9n7.cloudfront.net\/wp-content\/uploads\/sites\/4\/2025\/12\/05034648\/ROSALIA-MENDOZA-1024x768.jpg 1024w, https:\/\/d3pugrm67vf9n7.cloudfront.net\/wp-content\/uploads\/sites\/4\/2025\/12\/05034648\/ROSALIA-MENDOZA-768x576.jpg 768w, https:\/\/d3pugrm67vf9n7.cloudfront.net\/wp-content\/uploads\/sites\/4\/2025\/12\/05034648\/ROSALIA-MENDOZA.jpg 1200w\" sizes=\"auto, (max-width: 406px) 100vw, 406px\" \/>Rosal\u00eda Mendoza, tambi\u00e9n es una mujer preparada, es administradora y tiene varios estudios de post-grado. Gracias a su vocaci\u00f3n de servicio desde muy joven, ha sido voluntaria en otras instituciones. Pero en el \u00e1rea educativa es la primera experiencia que tiene.<\/p>\n<p>&nbsp;<\/p>\n<p style=\"text-align: justify;\">Conoci\u00f3 a EduComunicaci\u00f3n por el programa radial Punto de Partida, el cual conduce en Radio Fe y Alegr\u00eda 97.5 FM Barquisimeto, se interes\u00f3 y dijo s\u00ed al llamado que le hiciera la directora de este centro educativo, la profesora Raiza Mogoll\u00f3n.<\/p>\n<p>&nbsp;<\/p>\n<p style=\"text-align: justify;\">Rosal\u00eda con apenas dos meses como orientadora voluntaria ha sido profesora universitaria, por lo que sinti\u00f3 m\u00e1s inter\u00e9s en la propuesta.<\/p>\n<p>&nbsp;<\/p>\n<p style=\"text-align: justify;\">\u201cSiento que a trav\u00e9s del voluntariado puedo tocar la vida y los corazones de las personas, para que sean mejores ciudadanos y seres humanos con valores\u201d comparti\u00f3.<\/p>\n<p>&nbsp;<\/p>\n<p style=\"text-align: justify;\">Al igual que Esmeralda, Rosal\u00eda nos dijo que ser voluntaria, ha sido una experiencia bonita y plena, porque le permite ayudar a formar y transformar a las nuevas generaciones para que sean profesionales con principios y destacados en todo lo que hagan.<br \/>\nAsegur\u00f3 tambi\u00e9n que la vocaci\u00f3n de servicio, reconocer que somos \u00fatiles para los otros y que siempre hay alguien que necesita ese grano de arena, es la raz\u00f3n de seguir trabajando en el voluntariado.<\/p>\n<p>&nbsp;<\/p>\n<p style=\"text-align: justify;\">Sobre el trabajo que hace Fe y Alegr\u00eda EduComunicaci\u00f3n lo califica como \u201cexcelente\u201d. Reconoce la labor de una instituci\u00f3n que se ha dedicado a que la gente se eduque y sea due\u00f1o de sus acciones y decisiones.<\/p>\n<p>&nbsp;<\/p>\n<p style=\"text-align: justify;\">Esmeralda y Rosal\u00eda, son mujeres que han atendido el llamado al voluntariado, y a pesar de la diferencias de a\u00f1os como voluntarias la pasi\u00f3n por ayudar y servir a otros tiene la misma fuerza.<\/p>\n<p>[\/vc_column_text][vc_column_text css=\u00bb\u00bb][\/vc_column_text][vc_column_inner alignment=\u00bbcenter\u00bb][\/vc_column_inner][\/vc_column][\/vc_row][vc_row][vc_column][vc_column_text css=\u00bb\u00bb]<\/p>\n<p style=\"text-align: right;\"><strong>5 de diciembre de 2025<\/strong><\/p>\n<p>[\/vc_column_text][\/vc_column][\/vc_row]<\/p>\n<\/div>","protected":false},"excerpt":{"rendered":"<div style=\"height: 265px\">Esmeralda y Rosal\u00eda atendieron al llamado del voluntariado y a pesar del tiempo que tienen como orientadoras, la pasi\u00f3n por ense\u00f1ar es la misma<\/div>\n","protected":false},"author":6,"featured_media":11870,"comment_status":"open","ping_status":"open","sticky":false,"template":"","format":"standard","meta":{"_acf_changed":false,"footnotes":""},"categories":[746,183],"tags":[400,1562,1003],"post_folder":[],"class_list":["post-11869","post","type-post","status-publish","format-standard","has-post-thumbnail","hentry","category-boletin-interno","category-noticias","tag-fe-y-alegria","tag-historia-de-fe-y-alegria","tag-voluntariado"],"acf":[],"yoast_head":"<!-- This site is optimized with the Yoast SEO plugin v27.5 - https:\/\/yoast.com\/product\/yoast-seo-wordpress\/ -->\n<title>Dos perfiles con la misma pasi\u00f3n: educar - Fe y Alegr\u00eda en Venezuela<\/title>\n<meta name=\"description\" content=\"Esmeralda y Rosal\u00eda atendieron al llamado de voluntariado y a pesar del tiempo que tienen como orientadoras, la pasi\u00f3n por ense\u00f1ar es la misma\" \/>\n<meta name=\"robots\" content=\"index, follow, max-snippet:-1, max-image-preview:large, max-video-preview:-1\" \/>\n<link rel=\"canonical\" href=\"https:\/\/www.feyalegria.org\/venezuela\/dos-perfiles-con-la-misma-pasion-educar\/\" \/>\n<meta property=\"og:locale\" content=\"es_ES\" \/>\n<meta property=\"og:type\" content=\"article\" \/>\n<meta property=\"og:title\" content=\"Dos perfiles con la misma pasi\u00f3n: educar - Fe y Alegr\u00eda en Venezuela\" \/>\n<meta property=\"og:description\" content=\"Esmeralda y Rosal\u00eda atendieron al llamado de voluntariado y a pesar del tiempo que tienen como orientadoras, la pasi\u00f3n por ense\u00f1ar es la misma\" \/>\n<meta property=\"og:url\" content=\"https:\/\/www.feyalegria.org\/venezuela\/dos-perfiles-con-la-misma-pasion-educar\/\" \/>\n<meta property=\"og:site_name\" content=\"Fe y Alegr\u00eda en Venezuela\" \/>\n<meta property=\"article:published_time\" content=\"2025-12-05T04:00:38+00:00\" \/>\n<meta property=\"og:image\" content=\"https:\/\/d3pugrm67vf9n7.cloudfront.net\/wp-content\/uploads\/sites\/4\/2025\/12\/05034645\/ESMERALDA-CARRENO.jpg\" \/>\n\t<meta property=\"og:image:width\" content=\"1200\" \/>\n\t<meta property=\"og:image:height\" content=\"900\" \/>\n\t<meta property=\"og:image:type\" content=\"image\/jpeg\" \/>\n<meta name=\"author\" content=\"Erika Briceno\" \/>\n<meta name=\"twitter:card\" content=\"summary_large_image\" \/>\n<meta name=\"twitter:label1\" content=\"Escrito por\" \/>\n\t<meta name=\"twitter:data1\" content=\"Erika Briceno\" \/>\n\t<meta name=\"twitter:label2\" content=\"Tiempo de lectura\" \/>\n\t<meta name=\"twitter:data2\" content=\"5 minutos\" \/>\n<script type=\"application\/ld+json\" class=\"yoast-schema-graph\">{\"@context\":\"https:\\\/\\\/schema.org\",\"@graph\":[{\"@type\":\"Article\",\"@id\":\"https:\\\/\\\/www.feyalegria.org\\\/venezuela\\\/dos-perfiles-con-la-misma-pasion-educar\\\/#article\",\"isPartOf\":{\"@id\":\"https:\\\/\\\/www.feyalegria.org\\\/venezuela\\\/dos-perfiles-con-la-misma-pasion-educar\\\/\"},\"author\":{\"name\":\"Erika Briceno\",\"@id\":\"https:\\\/\\\/www.feyalegria.org\\\/venezuela\\\/#\\\/schema\\\/person\\\/fcd504e06f93320841b99f79f3ab0180\"},\"headline\":\"Dos perfiles con la misma pasi\u00f3n: educar\",\"datePublished\":\"2025-12-05T04:00:38+00:00\",\"mainEntityOfPage\":{\"@id\":\"https:\\\/\\\/www.feyalegria.org\\\/venezuela\\\/dos-perfiles-con-la-misma-pasion-educar\\\/\"},\"wordCount\":933,\"commentCount\":0,\"image\":{\"@id\":\"https:\\\/\\\/www.feyalegria.org\\\/venezuela\\\/dos-perfiles-con-la-misma-pasion-educar\\\/#primaryimage\"},\"thumbnailUrl\":\"https:\\\/\\\/d3pugrm67vf9n7.cloudfront.net\\\/wp-content\\\/uploads\\\/sites\\\/4\\\/2025\\\/12\\\/05034645\\\/ESMERALDA-CARRENO.jpg\",\"keywords\":[\"Fe y Alegr\u00eda\",\"historia de Fe y Alegr\u00eda\",\"Voluntariado\"],\"articleSection\":[\"Bolet\u00edn Interno\",\"Noticias\"],\"inLanguage\":\"es\",\"potentialAction\":[{\"@type\":\"CommentAction\",\"name\":\"Comment\",\"target\":[\"https:\\\/\\\/www.feyalegria.org\\\/venezuela\\\/dos-perfiles-con-la-misma-pasion-educar\\\/#respond\"]}]},{\"@type\":\"WebPage\",\"@id\":\"https:\\\/\\\/www.feyalegria.org\\\/venezuela\\\/dos-perfiles-con-la-misma-pasion-educar\\\/\",\"url\":\"https:\\\/\\\/www.feyalegria.org\\\/venezuela\\\/dos-perfiles-con-la-misma-pasion-educar\\\/\",\"name\":\"Dos perfiles con la misma pasi\u00f3n: educar - Fe y Alegr\u00eda en Venezuela\",\"isPartOf\":{\"@id\":\"https:\\\/\\\/www.feyalegria.org\\\/venezuela\\\/#website\"},\"primaryImageOfPage\":{\"@id\":\"https:\\\/\\\/www.feyalegria.org\\\/venezuela\\\/dos-perfiles-con-la-misma-pasion-educar\\\/#primaryimage\"},\"image\":{\"@id\":\"https:\\\/\\\/www.feyalegria.org\\\/venezuela\\\/dos-perfiles-con-la-misma-pasion-educar\\\/#primaryimage\"},\"thumbnailUrl\":\"https:\\\/\\\/d3pugrm67vf9n7.cloudfront.net\\\/wp-content\\\/uploads\\\/sites\\\/4\\\/2025\\\/12\\\/05034645\\\/ESMERALDA-CARRENO.jpg\",\"datePublished\":\"2025-12-05T04:00:38+00:00\",\"author\":{\"@id\":\"https:\\\/\\\/www.feyalegria.org\\\/venezuela\\\/#\\\/schema\\\/person\\\/fcd504e06f93320841b99f79f3ab0180\"},\"description\":\"Esmeralda y Rosal\u00eda atendieron al llamado de voluntariado y a pesar del tiempo que tienen como orientadoras, la pasi\u00f3n por ense\u00f1ar es la misma\",\"inLanguage\":\"es\",\"potentialAction\":[{\"@type\":\"ReadAction\",\"target\":[\"https:\\\/\\\/www.feyalegria.org\\\/venezuela\\\/dos-perfiles-con-la-misma-pasion-educar\\\/\"]}]},{\"@type\":\"ImageObject\",\"inLanguage\":\"es\",\"@id\":\"https:\\\/\\\/www.feyalegria.org\\\/venezuela\\\/dos-perfiles-con-la-misma-pasion-educar\\\/#primaryimage\",\"url\":\"https:\\\/\\\/d3pugrm67vf9n7.cloudfront.net\\\/wp-content\\\/uploads\\\/sites\\\/4\\\/2025\\\/12\\\/05034645\\\/ESMERALDA-CARRENO.jpg\",\"contentUrl\":\"https:\\\/\\\/d3pugrm67vf9n7.cloudfront.net\\\/wp-content\\\/uploads\\\/sites\\\/4\\\/2025\\\/12\\\/05034645\\\/ESMERALDA-CARRENO.jpg\",\"width\":1200,\"height\":900},{\"@type\":\"WebSite\",\"@id\":\"https:\\\/\\\/www.feyalegria.org\\\/venezuela\\\/#website\",\"url\":\"https:\\\/\\\/www.feyalegria.org\\\/venezuela\\\/\",\"name\":\"Fe y Alegr\u00eda en Venezuela\",\"description\":\"\",\"potentialAction\":[{\"@type\":\"SearchAction\",\"target\":{\"@type\":\"EntryPoint\",\"urlTemplate\":\"https:\\\/\\\/www.feyalegria.org\\\/venezuela\\\/?s={search_term_string}\"},\"query-input\":{\"@type\":\"PropertyValueSpecification\",\"valueRequired\":true,\"valueName\":\"search_term_string\"}}],\"inLanguage\":\"es\"},{\"@type\":\"Person\",\"@id\":\"https:\\\/\\\/www.feyalegria.org\\\/venezuela\\\/#\\\/schema\\\/person\\\/fcd504e06f93320841b99f79f3ab0180\",\"name\":\"Erika Briceno\",\"url\":\"https:\\\/\\\/www.feyalegria.org\\\/venezuela\\\/author\\\/comunfifya\\\/\"}]}<\/script>\n<!-- \/ Yoast SEO plugin. -->","yoast_head_json":{"title":"Dos perfiles con la misma pasi\u00f3n: educar - Fe y Alegr\u00eda en Venezuela","description":"Esmeralda y Rosal\u00eda atendieron al llamado de voluntariado y a pesar del tiempo que tienen como orientadoras, la pasi\u00f3n por ense\u00f1ar es la misma","robots":{"index":"index","follow":"follow","max-snippet":"max-snippet:-1","max-image-preview":"max-image-preview:large","max-video-preview":"max-video-preview:-1"},"canonical":"https:\/\/www.feyalegria.org\/venezuela\/dos-perfiles-con-la-misma-pasion-educar\/","og_locale":"es_ES","og_type":"article","og_title":"Dos perfiles con la misma pasi\u00f3n: educar - Fe y Alegr\u00eda en Venezuela","og_description":"Esmeralda y Rosal\u00eda atendieron al llamado de voluntariado y a pesar del tiempo que tienen como orientadoras, la pasi\u00f3n por ense\u00f1ar es la misma","og_url":"https:\/\/www.feyalegria.org\/venezuela\/dos-perfiles-con-la-misma-pasion-educar\/","og_site_name":"Fe y Alegr\u00eda en Venezuela","article_published_time":"2025-12-05T04:00:38+00:00","og_image":[{"width":1200,"height":900,"url":"https:\/\/d3pugrm67vf9n7.cloudfront.net\/wp-content\/uploads\/sites\/4\/2025\/12\/05034645\/ESMERALDA-CARRENO.jpg","type":"image\/jpeg"}],"author":"Erika Briceno","twitter_card":"summary_large_image","twitter_misc":{"Escrito por":"Erika Briceno","Tiempo de lectura":"5 minutos"},"schema":{"@context":"https:\/\/schema.org","@graph":[{"@type":"Article","@id":"https:\/\/www.feyalegria.org\/venezuela\/dos-perfiles-con-la-misma-pasion-educar\/#article","isPartOf":{"@id":"https:\/\/www.feyalegria.org\/venezuela\/dos-perfiles-con-la-misma-pasion-educar\/"},"author":{"name":"Erika Briceno","@id":"https:\/\/www.feyalegria.org\/venezuela\/#\/schema\/person\/fcd504e06f93320841b99f79f3ab0180"},"headline":"Dos perfiles con la misma pasi\u00f3n: educar","datePublished":"2025-12-05T04:00:38+00:00","mainEntityOfPage":{"@id":"https:\/\/www.feyalegria.org\/venezuela\/dos-perfiles-con-la-misma-pasion-educar\/"},"wordCount":933,"commentCount":0,"image":{"@id":"https:\/\/www.feyalegria.org\/venezuela\/dos-perfiles-con-la-misma-pasion-educar\/#primaryimage"},"thumbnailUrl":"https:\/\/d3pugrm67vf9n7.cloudfront.net\/wp-content\/uploads\/sites\/4\/2025\/12\/05034645\/ESMERALDA-CARRENO.jpg","keywords":["Fe y Alegr\u00eda","historia de Fe y Alegr\u00eda","Voluntariado"],"articleSection":["Bolet\u00edn Interno","Noticias"],"inLanguage":"es","potentialAction":[{"@type":"CommentAction","name":"Comment","target":["https:\/\/www.feyalegria.org\/venezuela\/dos-perfiles-con-la-misma-pasion-educar\/#respond"]}]},{"@type":"WebPage","@id":"https:\/\/www.feyalegria.org\/venezuela\/dos-perfiles-con-la-misma-pasion-educar\/","url":"https:\/\/www.feyalegria.org\/venezuela\/dos-perfiles-con-la-misma-pasion-educar\/","name":"Dos perfiles con la misma pasi\u00f3n: educar - Fe y Alegr\u00eda en Venezuela","isPartOf":{"@id":"https:\/\/www.feyalegria.org\/venezuela\/#website"},"primaryImageOfPage":{"@id":"https:\/\/www.feyalegria.org\/venezuela\/dos-perfiles-con-la-misma-pasion-educar\/#primaryimage"},"image":{"@id":"https:\/\/www.feyalegria.org\/venezuela\/dos-perfiles-con-la-misma-pasion-educar\/#primaryimage"},"thumbnailUrl":"https:\/\/d3pugrm67vf9n7.cloudfront.net\/wp-content\/uploads\/sites\/4\/2025\/12\/05034645\/ESMERALDA-CARRENO.jpg","datePublished":"2025-12-05T04:00:38+00:00","author":{"@id":"https:\/\/www.feyalegria.org\/venezuela\/#\/schema\/person\/fcd504e06f93320841b99f79f3ab0180"},"description":"Esmeralda y Rosal\u00eda atendieron al llamado de voluntariado y a pesar del tiempo que tienen como orientadoras, la pasi\u00f3n por ense\u00f1ar es la misma","inLanguage":"es","potentialAction":[{"@type":"ReadAction","target":["https:\/\/www.feyalegria.org\/venezuela\/dos-perfiles-con-la-misma-pasion-educar\/"]}]},{"@type":"ImageObject","inLanguage":"es","@id":"https:\/\/www.feyalegria.org\/venezuela\/dos-perfiles-con-la-misma-pasion-educar\/#primaryimage","url":"https:\/\/d3pugrm67vf9n7.cloudfront.net\/wp-content\/uploads\/sites\/4\/2025\/12\/05034645\/ESMERALDA-CARRENO.jpg","contentUrl":"https:\/\/d3pugrm67vf9n7.cloudfront.net\/wp-content\/uploads\/sites\/4\/2025\/12\/05034645\/ESMERALDA-CARRENO.jpg","width":1200,"height":900},{"@type":"WebSite","@id":"https:\/\/www.feyalegria.org\/venezuela\/#website","url":"https:\/\/www.feyalegria.org\/venezuela\/","name":"Fe y Alegr\u00eda en Venezuela","description":"","potentialAction":[{"@type":"SearchAction","target":{"@type":"EntryPoint","urlTemplate":"https:\/\/www.feyalegria.org\/venezuela\/?s={search_term_string}"},"query-input":{"@type":"PropertyValueSpecification","valueRequired":true,"valueName":"search_term_string"}}],"inLanguage":"es"},{"@type":"Person","@id":"https:\/\/www.feyalegria.org\/venezuela\/#\/schema\/person\/fcd504e06f93320841b99f79f3ab0180","name":"Erika Briceno","url":"https:\/\/www.feyalegria.org\/venezuela\/author\/comunfifya\/"}]}},"_links":{"self":[{"href":"https:\/\/www.feyalegria.org\/venezuela\/wp-json\/wp\/v2\/posts\/11869","targetHints":{"allow":["GET"]}}],"collection":[{"href":"https:\/\/www.feyalegria.org\/venezuela\/wp-json\/wp\/v2\/posts"}],"about":[{"href":"https:\/\/www.feyalegria.org\/venezuela\/wp-json\/wp\/v2\/types\/post"}],"author":[{"embeddable":true,"href":"https:\/\/www.feyalegria.org\/venezuela\/wp-json\/wp\/v2\/users\/6"}],"replies":[{"embeddable":true,"href":"https:\/\/www.feyalegria.org\/venezuela\/wp-json\/wp\/v2\/comments?post=11869"}],"version-history":[{"count":1,"href":"https:\/\/www.feyalegria.org\/venezuela\/wp-json\/wp\/v2\/posts\/11869\/revisions"}],"predecessor-version":[{"id":11872,"href":"https:\/\/www.feyalegria.org\/venezuela\/wp-json\/wp\/v2\/posts\/11869\/revisions\/11872"}],"wp:featuredmedia":[{"embeddable":true,"href":"https:\/\/www.feyalegria.org\/venezuela\/wp-json\/wp\/v2\/media\/11870"}],"wp:attachment":[{"href":"https:\/\/www.feyalegria.org\/venezuela\/wp-json\/wp\/v2\/media?parent=11869"}],"wp:term":[{"taxonomy":"category","embeddable":true,"href":"https:\/\/www.feyalegria.org\/venezuela\/wp-json\/wp\/v2\/categories?post=11869"},{"taxonomy":"post_tag","embeddable":true,"href":"https:\/\/www.feyalegria.org\/venezuela\/wp-json\/wp\/v2\/tags?post=11869"},{"taxonomy":"post_folder","embeddable":true,"href":"https:\/\/www.feyalegria.org\/venezuela\/wp-json\/wp\/v2\/post_folder?post=11869"}],"curies":[{"name":"wp","href":"https:\/\/api.w.org\/{rel}","templated":true}]}}