{"id":11909,"date":"2025-12-08T15:11:48","date_gmt":"2025-12-08T15:11:48","guid":{"rendered":"https:\/\/www.feyalegria.org\/venezuela\/?p=11909"},"modified":"2025-12-08T15:12:29","modified_gmt":"2025-12-08T15:12:29","slug":"fe-y-alegria-70-anos-de-aportes-a-la-educacion-popular-venezolana","status":"publish","type":"post","link":"https:\/\/www.feyalegria.org\/venezuela\/fe-y-alegria-70-anos-de-aportes-a-la-educacion-popular-venezolana\/","title":{"rendered":"Fe y Alegr\u00eda: 70 a\u00f1os de aportes a la educaci\u00f3n popular venezolana"},"content":{"rendered":"<div class=\"wpb-content-wrapper\"><p>[vc_row][vc_column][vc_column_text css=\u00bb\u00bb]<\/p>\n<h1><b>Fe y Alegr\u00eda: 70 a\u00f1os de aporte a la educaci\u00f3n popular venezolana<\/b><\/h1>\n<p>[\/vc_column_text][\/vc_column][\/vc_row][vc_row][vc_column][vc_single_image image=\u00bb11900&#8243; img_size=\u00bbfull\u00bb alignment=\u00bbcenter\u00bb css=\u00bb\u00bb][vc_column_text css=\u00bb\u00bb]<\/p>\n<p style=\"text-align: right;\"><strong>Texto: Javier Barrios<\/strong> | Equipo de Comunicaciones de Fe y Alegr\u00eda Venezuela<\/p>\n<p style=\"text-align: right;\"><strong>Fotos: Daniela Falc\u00f3n<\/strong> | Equipo de Comunicaciones de Fe y Alegr\u00eda Venezuela<\/p>\n<p style=\"text-align: right;\"><span style=\"font-weight: 400;\">\u00a0<\/span><\/p>\n<p>[\/vc_column_text][vc_separator css=\u00bb\u00bb][vc_column_text css=\u00bb\u00bb]<\/p>\n<p style=\"text-align: justify;\">Con una destacada participaci\u00f3n de expertos y promotores de la educaci\u00f3n popular, el primer bloque del Foro Pedag\u00f3gico, desarrollado este 4 de diciembre, abord\u00f3 el tema \u201cConociendo el aporte de Fe y Alegr\u00eda a la educaci\u00f3n venezolana\u201d. El encuentro resalt\u00f3 la historia, los desaf\u00edos y los logros de esta organizaci\u00f3n en el contexto nacional.<\/p>\n<p>&nbsp;<\/p>\n<p style=\"text-align: justify;\">El conversatorio fue dirigido por el profesor Rafael Pe\u00f1a, director del Escuela T\u00e9cnica Industrial San Jos\u00e9 Obrero de Fe y Alegr\u00eda, y cont\u00f3 con las intervenciones de Jes\u00fas Orbegozo S.J., director de El Economato Provincial de la Compa\u00f1\u00eda de Jes\u00fas; Luisa Pernalete, integrante del Centro de Formaci\u00f3n e Investigaci\u00f3n Padre Joaqu\u00edn (CFIPJ), y Mariano Herrera, director del programa \u201cLeo, juego y aprendo\u201d de la Universidad Metropolitana.<\/p>\n<p>&nbsp;<\/p>\n<p style=\"text-align: justify;\">Los invitados coincidieron un\u00e1nimemente en que el movimiento Fe y Alegr\u00eda ha realizado una contribuci\u00f3n significativa a la mejora de la educaci\u00f3n nacional. Este \u00e9xito se sustenta en sus pilares de perseverancia, compromiso, valent\u00eda y m\u00edstica.<\/p>\n<p>&nbsp;<\/p>\n<h3 style=\"text-align: justify;\">Aportes en el conversatorio<\/h3>\n<p>&nbsp;<\/p>\n<h3 style=\"text-align: justify;\">Jes\u00fas Orbegozo S.J.: Construir unidos la esperanza de Dios<\/h3>\n<p>&nbsp;<\/p>\n<p style=\"text-align: justify;\"><img loading=\"lazy\" decoding=\"async\" class=\"aligncenter wp-image-11911 size-large\" src=\"https:\/\/d3pugrm67vf9n7.cloudfront.net\/wp-content\/uploads\/sites\/4\/2025\/12\/08150044\/IMG_5703-1024x683.jpg\" alt=\"\" width=\"1024\" height=\"683\" srcset=\"https:\/\/d3pugrm67vf9n7.cloudfront.net\/wp-content\/uploads\/sites\/4\/2025\/12\/08150044\/IMG_5703-1024x683.jpg 1024w, https:\/\/d3pugrm67vf9n7.cloudfront.net\/wp-content\/uploads\/sites\/4\/2025\/12\/08150044\/IMG_5703-300x200.jpg 300w, https:\/\/d3pugrm67vf9n7.cloudfront.net\/wp-content\/uploads\/sites\/4\/2025\/12\/08150044\/IMG_5703-768x512.jpg 768w, https:\/\/d3pugrm67vf9n7.cloudfront.net\/wp-content\/uploads\/sites\/4\/2025\/12\/08150044\/IMG_5703-1536x1024.jpg 1536w, https:\/\/d3pugrm67vf9n7.cloudfront.net\/wp-content\/uploads\/sites\/4\/2025\/12\/08150044\/IMG_5703-2048x1365.jpg 2048w\" sizes=\"auto, (max-width: 1024px) 100vw, 1024px\" \/><\/p>\n<p>&nbsp;<\/p>\n<p style=\"text-align: justify;\">El padre Jes\u00fas Orbegozo, S.J, ec\u00f3nomo provincial de la Compa\u00f1\u00eda de Jes\u00fas en Venezuela, subray\u00f3 la importancia de mantener una actitud inquieta y en constante b\u00fasqueda de respuestas ante las necesidades sociales y educativas.<\/p>\n<p>&nbsp;<\/p>\n<p style=\"text-align: justify;\">\u201cTenemos que estar siempre inquietos y en la b\u00fasqueda de nuevas respuestas. Debemos construir unidos la esperanza en Dios\u201d, enfatiz\u00f3.<\/p>\n<p>&nbsp;<\/p>\n<p style=\"text-align: justify;\">En ese sentido, expres\u00f3 la gran satisfacci\u00f3n de Fe y Alegr\u00eda al celebrar 70 a\u00f1os de trayectoria, si bien reconoci\u00f3 que a\u00fan queda un camino significativo por recorrer en materia educativa. Desde su experiencia, comparti\u00f3 que Fe y Alegr\u00eda naci\u00f3 en el sector 23 de Enero de Caracas como una respuesta concreta a la dispersi\u00f3n y vulnerabilidad de los ni\u00f1os y ni\u00f1as en medio de una situaci\u00f3n compleja en Venezuela.<\/p>\n<p>&nbsp;<\/p>\n<p style=\"text-align: justify;\">Destac\u00f3 que la organizaci\u00f3n ha desarrollado diversos programas que abarcan desde la educaci\u00f3n en escuelas tradicionales, la educaci\u00f3n radiof\u00f3nica para j\u00f3venes y adultos, hasta centros de capacitaci\u00f3n laboral y educaci\u00f3n universitaria.<\/p>\n<p>&nbsp;<\/p>\n<p style=\"text-align: justify;\">Orbegozo, quien se desempe\u00f1\u00f3 como rector de los institutos universitarios de Fe y Alegr\u00eda, record\u00f3 con emoci\u00f3n la primera convocatoria para la educaci\u00f3n universitaria, donde 1.500 j\u00f3venes manifestaron inter\u00e9s por cursar estudios, aunque solo pudieron ofrecer 300 cupos. \u201cEsa experiencia fue un llamado a seguir fortaleciendo una educaci\u00f3n popular con un fuerte sentido \u00e9tico, pedag\u00f3gico y pol\u00edtico\u201d, expres\u00f3.<\/p>\n<p>&nbsp;<\/p>\n<p style=\"text-align: justify;\">Destac\u00f3 adem\u00e1s que la diversidad y la capacidad de adaptaci\u00f3n de Fe y Alegr\u00eda a las realidades locales, sin perder su esp\u00edritu de unidad, han sido claves para su expansi\u00f3n en m\u00e1s de 23 pa\u00edses, con miras a llegar a m\u00e1s regiones. \u201cHay una fe que traspasa corazones, que nos une y nos hace sentir que estamos en una misma propuesta de dar una respuesta significativa a las realidades que nos interpelan profundamente\u201d, destac\u00f3.<\/p>\n<p>&nbsp;<\/p>\n<p style=\"text-align: justify;\">El exdirector de Fe y Alegr\u00eda en el periodo 1998-2004 expres\u00f3 que la clave del \u00e9xito radica en la fe, la esperanza y la colaboraci\u00f3n entre comunidades, instituciones y actores educativos, impulsando un cambio social duradero. \u201cNunca debemos perder la inquietud ni la esperanza en Dios. Solo as\u00ed podremos seguir construyendo, unidos, una realidad m\u00e1s humana y solidaria\u201d, concluy\u00f3.<\/p>\n<p>&nbsp;<\/p>\n<h3 style=\"text-align: justify;\">Luisa Pernalete: La colaboraci\u00f3n y la innovaci\u00f3n como pilares del cambio educativo<\/h3>\n<p>&nbsp;<\/p>\n<p style=\"text-align: justify;\"><img loading=\"lazy\" decoding=\"async\" class=\"aligncenter wp-image-11912 size-large\" src=\"https:\/\/d3pugrm67vf9n7.cloudfront.net\/wp-content\/uploads\/sites\/4\/2025\/12\/08150054\/IMG_5714-1024x683.jpg\" alt=\"\" width=\"1024\" height=\"683\" srcset=\"https:\/\/d3pugrm67vf9n7.cloudfront.net\/wp-content\/uploads\/sites\/4\/2025\/12\/08150054\/IMG_5714-1024x683.jpg 1024w, https:\/\/d3pugrm67vf9n7.cloudfront.net\/wp-content\/uploads\/sites\/4\/2025\/12\/08150054\/IMG_5714-300x200.jpg 300w, https:\/\/d3pugrm67vf9n7.cloudfront.net\/wp-content\/uploads\/sites\/4\/2025\/12\/08150054\/IMG_5714-768x512.jpg 768w, https:\/\/d3pugrm67vf9n7.cloudfront.net\/wp-content\/uploads\/sites\/4\/2025\/12\/08150054\/IMG_5714-1536x1024.jpg 1536w, https:\/\/d3pugrm67vf9n7.cloudfront.net\/wp-content\/uploads\/sites\/4\/2025\/12\/08150054\/IMG_5714-2048x1365.jpg 2048w\" sizes=\"auto, (max-width: 1024px) 100vw, 1024px\" \/><\/p>\n<p>&nbsp;<\/p>\n<p style=\"text-align: justify;\">Pernalete comparti\u00f3 su experiencia sobre la transformaci\u00f3n de la educaci\u00f3n en Venezuela a trav\u00e9s de Fe y Alegr\u00eda. Resalt\u00f3 que, desde sus inicios, la organizaci\u00f3n ha motivado a los j\u00f3venes a seguir estudiando y a defender el derecho a la educaci\u00f3n, promoviendo la colaboraci\u00f3n y la innovaci\u00f3n como estrategias fundamentales.<\/p>\n<p>&nbsp;<\/p>\n<p style=\"text-align: justify;\">\u201cHay que seguir so\u00f1ando los anhelos, el ingenio y la ilusi\u00f3n hasta que el cuerpo aguante\u201d, insisti\u00f3 Pernalete.<\/p>\n<p>&nbsp;<\/p>\n<p style=\"text-align: justify;\">Adem\u00e1s, reflexion\u00f3 sobre la importancia de las alianzas con diversas instituciones y comunidades, y de la valent\u00eda para innovar y enfrentar los desaf\u00edos. Cit\u00f3 como ejemplo la apertura de una escuela en Cojoro, Guajira, en 1992, una zona de dif\u00edcil acceso y con poca infraestructura educativa. \u201cFe y Alegr\u00eda contribuy\u00f3 a que, despu\u00e9s de 400 a\u00f1os, las comunidades ind\u00edgenas recibieran educaci\u00f3n de calidad\u201d, afirm\u00f3.<\/p>\n<p>&nbsp;<\/p>\n<p style=\"text-align: justify;\">Otra experiencia significativa fue la creaci\u00f3n de la escuela en Brisa del Orinoco, en el estado Bol\u00edvar, que surgi\u00f3 en un barrio sin instituciones educativas. Este proyecto enfrent\u00f3 obst\u00e1culos administrativos y log\u00edsticos, pero triunf\u00f3 gracias a la perseverancia y el apoyo comunitario. Pernalete enfatiz\u00f3 que atender el entorno y el contexto es fundamental para orientar los esfuerzos y lograr cambios duraderos en la educaci\u00f3n.<\/p>\n<p>&nbsp;<\/p>\n<h3 style=\"text-align: justify;\">Mariano Herrera: evidencia de la calidad y el impacto de Fe y Alegr\u00eda<\/h3>\n<p>&nbsp;<\/p>\n<p style=\"text-align: justify;\"><img loading=\"lazy\" decoding=\"async\" class=\"aligncenter wp-image-11913 size-large\" src=\"https:\/\/d3pugrm67vf9n7.cloudfront.net\/wp-content\/uploads\/sites\/4\/2025\/12\/08150103\/IMG_5729-1024x683.jpg\" alt=\"\" width=\"1024\" height=\"683\" srcset=\"https:\/\/d3pugrm67vf9n7.cloudfront.net\/wp-content\/uploads\/sites\/4\/2025\/12\/08150103\/IMG_5729-1024x683.jpg 1024w, https:\/\/d3pugrm67vf9n7.cloudfront.net\/wp-content\/uploads\/sites\/4\/2025\/12\/08150103\/IMG_5729-300x200.jpg 300w, https:\/\/d3pugrm67vf9n7.cloudfront.net\/wp-content\/uploads\/sites\/4\/2025\/12\/08150103\/IMG_5729-768x512.jpg 768w, https:\/\/d3pugrm67vf9n7.cloudfront.net\/wp-content\/uploads\/sites\/4\/2025\/12\/08150103\/IMG_5729-1536x1024.jpg 1536w, https:\/\/d3pugrm67vf9n7.cloudfront.net\/wp-content\/uploads\/sites\/4\/2025\/12\/08150103\/IMG_5729-2048x1365.jpg 2048w\" sizes=\"auto, (max-width: 1024px) 100vw, 1024px\" \/><\/p>\n<p>&nbsp;<\/p>\n<p style=\"text-align: justify;\">Mariano Herrera, desde su rol en la Universidad Metropolitana, destac\u00f3 que la eficacia de Fe y Alegr\u00eda se evidencia en su liderazgo en \u00e1reas menos conocidas, como el clima escolar. Relat\u00f3 c\u00f3mo una evaluaci\u00f3n financiada por el Banco Mundial, realizada hace algunos a\u00f1os, mostr\u00f3 que las escuelas de Fe y Alegr\u00eda lograban mejores resultados en aprendizaje que las escuelas p\u00fablicas cercanas, especialmente en contextos vulnerables.<\/p>\n<p>&nbsp;<\/p>\n<p style=\"text-align: justify;\">El programa \u201cLeo, Juego y Aprendo\u201d y las Olimp\u00edadas Recreativas de Lengua y Matem\u00e1tica son ejemplos concretos del impacto de Fe y Alegr\u00eda en la reducci\u00f3n de brechas educativas.<\/p>\n<p>&nbsp;<\/p>\n<p style=\"text-align: justify;\">\u201cEs preferible que un ni\u00f1o de vulnerabilidad socioecon\u00f3mica estudie en Fe y Alegr\u00eda que en un colegio p\u00fablico\u201d, afirm\u00f3 Herrera, resaltando la eficacia y la calidad de sus programas.<\/p>\n<p>&nbsp;<\/p>\n<p style=\"text-align: justify;\">Asimismo, destac\u00f3 que el clima escolar, entendido como la calidad de las relaciones y el ambiente en las instituciones, es un factor determinante en el \u00e9xito de la organizaci\u00f3n. \u201cEl clima escolar influye directamente en los resultados y en la permanencia de los estudiantes\u201d, concluy\u00f3 el profesor Herrera.<\/p>\n<h3><\/h3>\n<h3 style=\"text-align: justify;\">Perspectivas<\/h3>\n<p>&nbsp;<\/p>\n<p style=\"text-align: justify;\">Al cierre, los ponentes indicaron que el compromiso colectivo y la innovaci\u00f3n contin\u00faan siendo las claves para construir un sistema educativo m\u00e1s justo, equitativo y de calidad.<\/p>\n<p>&nbsp;<\/p>\n<p style=\"text-align: justify;\">Para los invitados, estos di\u00e1logos son una oportunidad para renovar el compromiso con la educaci\u00f3n popular y seguir fortaleciendo las acciones que contribuyen a cerrar brechas y promover el desarrollo integral de las comunidades m\u00e1s vulnerables.<\/p>\n<p>[\/vc_column_text][vc_column_text css=\u00bb\u00bb][\/vc_column_text][vc_column_inner alignment=\u00bbcenter\u00bb][\/vc_column_inner][\/vc_column][\/vc_row][vc_row][vc_column][vc_column_text css=\u00bb\u00bb]<\/p>\n<p style=\"text-align: right;\"><strong>8 de diciembre de 2025<\/strong><\/p>\n<p>[\/vc_column_text][\/vc_column][\/vc_row]<\/p>\n<\/div>","protected":false},"excerpt":{"rendered":"<div style=\"height: 265px\">Este tipo de programas no s\u00f3lo impacta en el aula, sino que tambi\u00e9n fortalece la convivencia en la comunidad y prepara a los ni\u00f1os para ser ciudadanos responsables y solidarios.<\/div>\n","protected":false},"author":96,"featured_media":11900,"comment_status":"open","ping_status":"open","sticky":false,"template":"","format":"standard","meta":{"_acf_changed":false,"footnotes":""},"categories":[183],"tags":[1011,400,1568],"post_folder":[],"class_list":["post-11909","post","type-post","status-publish","format-standard","has-post-thumbnail","hentry","category-noticias","tag-educacion-popular","tag-fe-y-alegria","tag-foro-pedagogico"],"acf":[],"yoast_head":"<!-- This site is optimized with the Yoast SEO plugin v27.5 - https:\/\/yoast.com\/product\/yoast-seo-wordpress\/ -->\n<title>Fe y Alegr\u00eda: 70 a\u00f1os de aportes a la educaci\u00f3n popular venezolana - Fe y Alegr\u00eda en Venezuela<\/title>\n<meta name=\"description\" content=\"Conoce c\u00f3mo Fe y Alegr\u00eda ha impactado la educaci\u00f3n en Venezuela por 70 a\u00f1os. Expertos analizan su historia, pilares de \u00e9xito, calidad probada y visi\u00f3n a futuro de la educaci\u00f3n popular.\" \/>\n<meta name=\"robots\" content=\"index, follow, max-snippet:-1, max-image-preview:large, max-video-preview:-1\" \/>\n<link rel=\"canonical\" href=\"https:\/\/www.feyalegria.org\/venezuela\/fe-y-alegria-70-anos-de-aportes-a-la-educacion-popular-venezolana\/\" \/>\n<meta property=\"og:locale\" content=\"es_ES\" \/>\n<meta property=\"og:type\" content=\"article\" \/>\n<meta property=\"og:title\" content=\"Fe y Alegr\u00eda: 70 a\u00f1os de aportes a la educaci\u00f3n popular venezolana - Fe y Alegr\u00eda en Venezuela\" \/>\n<meta property=\"og:description\" content=\"Conoce c\u00f3mo Fe y Alegr\u00eda ha impactado la educaci\u00f3n en Venezuela por 70 a\u00f1os. Expertos analizan su historia, pilares de \u00e9xito, calidad probada y visi\u00f3n a futuro de la educaci\u00f3n popular.\" \/>\n<meta property=\"og:url\" content=\"https:\/\/www.feyalegria.org\/venezuela\/fe-y-alegria-70-anos-de-aportes-a-la-educacion-popular-venezolana\/\" \/>\n<meta property=\"og:site_name\" content=\"Fe y Alegr\u00eda en Venezuela\" \/>\n<meta property=\"article:published_time\" content=\"2025-12-08T15:11:48+00:00\" \/>\n<meta property=\"article:modified_time\" content=\"2025-12-08T15:12:29+00:00\" \/>\n<meta property=\"og:image\" content=\"https:\/\/d3pugrm67vf9n7.cloudfront.net\/wp-content\/uploads\/sites\/4\/2025\/12\/05153604\/2IMG_5697-scaled.jpg\" \/>\n\t<meta property=\"og:image:width\" content=\"2560\" \/>\n\t<meta property=\"og:image:height\" content=\"1591\" \/>\n\t<meta property=\"og:image:type\" content=\"image\/jpeg\" \/>\n<meta name=\"author\" content=\"jabarrios\" \/>\n<meta name=\"twitter:card\" content=\"summary_large_image\" \/>\n<meta name=\"twitter:label1\" content=\"Escrito por\" \/>\n\t<meta name=\"twitter:data1\" content=\"jabarrios\" \/>\n\t<meta name=\"twitter:label2\" content=\"Tiempo de lectura\" \/>\n\t<meta name=\"twitter:data2\" content=\"6 minutos\" \/>\n<script type=\"application\/ld+json\" class=\"yoast-schema-graph\">{\"@context\":\"https:\\\/\\\/schema.org\",\"@graph\":[{\"@type\":\"Article\",\"@id\":\"https:\\\/\\\/www.feyalegria.org\\\/venezuela\\\/fe-y-alegria-70-anos-de-aportes-a-la-educacion-popular-venezolana\\\/#article\",\"isPartOf\":{\"@id\":\"https:\\\/\\\/www.feyalegria.org\\\/venezuela\\\/fe-y-alegria-70-anos-de-aportes-a-la-educacion-popular-venezolana\\\/\"},\"author\":{\"name\":\"jabarrios\",\"@id\":\"https:\\\/\\\/www.feyalegria.org\\\/venezuela\\\/#\\\/schema\\\/person\\\/299f329f55a7faae14f2aa9c880334e8\"},\"headline\":\"Fe y Alegr\u00eda: 70 a\u00f1os de aportes a la educaci\u00f3n popular venezolana\",\"datePublished\":\"2025-12-08T15:11:48+00:00\",\"dateModified\":\"2025-12-08T15:12:29+00:00\",\"mainEntityOfPage\":{\"@id\":\"https:\\\/\\\/www.feyalegria.org\\\/venezuela\\\/fe-y-alegria-70-anos-de-aportes-a-la-educacion-popular-venezolana\\\/\"},\"wordCount\":1241,\"commentCount\":0,\"image\":{\"@id\":\"https:\\\/\\\/www.feyalegria.org\\\/venezuela\\\/fe-y-alegria-70-anos-de-aportes-a-la-educacion-popular-venezolana\\\/#primaryimage\"},\"thumbnailUrl\":\"https:\\\/\\\/d3pugrm67vf9n7.cloudfront.net\\\/wp-content\\\/uploads\\\/sites\\\/4\\\/2025\\\/12\\\/05153604\\\/2IMG_5697-scaled.jpg\",\"keywords\":[\"Educaci\u00f3n Popular\",\"Fe y Alegr\u00eda\",\"Foro pedag\u00f3gico\"],\"articleSection\":[\"Noticias\"],\"inLanguage\":\"es\",\"potentialAction\":[{\"@type\":\"CommentAction\",\"name\":\"Comment\",\"target\":[\"https:\\\/\\\/www.feyalegria.org\\\/venezuela\\\/fe-y-alegria-70-anos-de-aportes-a-la-educacion-popular-venezolana\\\/#respond\"]}]},{\"@type\":\"WebPage\",\"@id\":\"https:\\\/\\\/www.feyalegria.org\\\/venezuela\\\/fe-y-alegria-70-anos-de-aportes-a-la-educacion-popular-venezolana\\\/\",\"url\":\"https:\\\/\\\/www.feyalegria.org\\\/venezuela\\\/fe-y-alegria-70-anos-de-aportes-a-la-educacion-popular-venezolana\\\/\",\"name\":\"Fe y Alegr\u00eda: 70 a\u00f1os de aportes a la educaci\u00f3n popular venezolana - Fe y Alegr\u00eda en Venezuela\",\"isPartOf\":{\"@id\":\"https:\\\/\\\/www.feyalegria.org\\\/venezuela\\\/#website\"},\"primaryImageOfPage\":{\"@id\":\"https:\\\/\\\/www.feyalegria.org\\\/venezuela\\\/fe-y-alegria-70-anos-de-aportes-a-la-educacion-popular-venezolana\\\/#primaryimage\"},\"image\":{\"@id\":\"https:\\\/\\\/www.feyalegria.org\\\/venezuela\\\/fe-y-alegria-70-anos-de-aportes-a-la-educacion-popular-venezolana\\\/#primaryimage\"},\"thumbnailUrl\":\"https:\\\/\\\/d3pugrm67vf9n7.cloudfront.net\\\/wp-content\\\/uploads\\\/sites\\\/4\\\/2025\\\/12\\\/05153604\\\/2IMG_5697-scaled.jpg\",\"datePublished\":\"2025-12-08T15:11:48+00:00\",\"dateModified\":\"2025-12-08T15:12:29+00:00\",\"author\":{\"@id\":\"https:\\\/\\\/www.feyalegria.org\\\/venezuela\\\/#\\\/schema\\\/person\\\/299f329f55a7faae14f2aa9c880334e8\"},\"description\":\"Conoce c\u00f3mo Fe y Alegr\u00eda ha impactado la educaci\u00f3n en Venezuela por 70 a\u00f1os. Expertos analizan su historia, pilares de \u00e9xito, calidad probada y visi\u00f3n a futuro de la educaci\u00f3n popular.\",\"inLanguage\":\"es\",\"potentialAction\":[{\"@type\":\"ReadAction\",\"target\":[\"https:\\\/\\\/www.feyalegria.org\\\/venezuela\\\/fe-y-alegria-70-anos-de-aportes-a-la-educacion-popular-venezolana\\\/\"]}]},{\"@type\":\"ImageObject\",\"inLanguage\":\"es\",\"@id\":\"https:\\\/\\\/www.feyalegria.org\\\/venezuela\\\/fe-y-alegria-70-anos-de-aportes-a-la-educacion-popular-venezolana\\\/#primaryimage\",\"url\":\"https:\\\/\\\/d3pugrm67vf9n7.cloudfront.net\\\/wp-content\\\/uploads\\\/sites\\\/4\\\/2025\\\/12\\\/05153604\\\/2IMG_5697-scaled.jpg\",\"contentUrl\":\"https:\\\/\\\/d3pugrm67vf9n7.cloudfront.net\\\/wp-content\\\/uploads\\\/sites\\\/4\\\/2025\\\/12\\\/05153604\\\/2IMG_5697-scaled.jpg\",\"width\":2560,\"height\":1591},{\"@type\":\"WebSite\",\"@id\":\"https:\\\/\\\/www.feyalegria.org\\\/venezuela\\\/#website\",\"url\":\"https:\\\/\\\/www.feyalegria.org\\\/venezuela\\\/\",\"name\":\"Fe y Alegr\u00eda en Venezuela\",\"description\":\"\",\"potentialAction\":[{\"@type\":\"SearchAction\",\"target\":{\"@type\":\"EntryPoint\",\"urlTemplate\":\"https:\\\/\\\/www.feyalegria.org\\\/venezuela\\\/?s={search_term_string}\"},\"query-input\":{\"@type\":\"PropertyValueSpecification\",\"valueRequired\":true,\"valueName\":\"search_term_string\"}}],\"inLanguage\":\"es\"},{\"@type\":\"Person\",\"@id\":\"https:\\\/\\\/www.feyalegria.org\\\/venezuela\\\/#\\\/schema\\\/person\\\/299f329f55a7faae14f2aa9c880334e8\",\"name\":\"jabarrios\",\"url\":\"https:\\\/\\\/www.feyalegria.org\\\/venezuela\\\/author\\\/jabarrios\\\/\"}]}<\/script>\n<!-- \/ Yoast SEO plugin. -->","yoast_head_json":{"title":"Fe y Alegr\u00eda: 70 a\u00f1os de aportes a la educaci\u00f3n popular venezolana - Fe y Alegr\u00eda en Venezuela","description":"Conoce c\u00f3mo Fe y Alegr\u00eda ha impactado la educaci\u00f3n en Venezuela por 70 a\u00f1os. Expertos analizan su historia, pilares de \u00e9xito, calidad probada y visi\u00f3n a futuro de la educaci\u00f3n popular.","robots":{"index":"index","follow":"follow","max-snippet":"max-snippet:-1","max-image-preview":"max-image-preview:large","max-video-preview":"max-video-preview:-1"},"canonical":"https:\/\/www.feyalegria.org\/venezuela\/fe-y-alegria-70-anos-de-aportes-a-la-educacion-popular-venezolana\/","og_locale":"es_ES","og_type":"article","og_title":"Fe y Alegr\u00eda: 70 a\u00f1os de aportes a la educaci\u00f3n popular venezolana - Fe y Alegr\u00eda en Venezuela","og_description":"Conoce c\u00f3mo Fe y Alegr\u00eda ha impactado la educaci\u00f3n en Venezuela por 70 a\u00f1os. Expertos analizan su historia, pilares de \u00e9xito, calidad probada y visi\u00f3n a futuro de la educaci\u00f3n popular.","og_url":"https:\/\/www.feyalegria.org\/venezuela\/fe-y-alegria-70-anos-de-aportes-a-la-educacion-popular-venezolana\/","og_site_name":"Fe y Alegr\u00eda en Venezuela","article_published_time":"2025-12-08T15:11:48+00:00","article_modified_time":"2025-12-08T15:12:29+00:00","og_image":[{"width":2560,"height":1591,"url":"https:\/\/d3pugrm67vf9n7.cloudfront.net\/wp-content\/uploads\/sites\/4\/2025\/12\/05153604\/2IMG_5697-scaled.jpg","type":"image\/jpeg"}],"author":"jabarrios","twitter_card":"summary_large_image","twitter_misc":{"Escrito por":"jabarrios","Tiempo de lectura":"6 minutos"},"schema":{"@context":"https:\/\/schema.org","@graph":[{"@type":"Article","@id":"https:\/\/www.feyalegria.org\/venezuela\/fe-y-alegria-70-anos-de-aportes-a-la-educacion-popular-venezolana\/#article","isPartOf":{"@id":"https:\/\/www.feyalegria.org\/venezuela\/fe-y-alegria-70-anos-de-aportes-a-la-educacion-popular-venezolana\/"},"author":{"name":"jabarrios","@id":"https:\/\/www.feyalegria.org\/venezuela\/#\/schema\/person\/299f329f55a7faae14f2aa9c880334e8"},"headline":"Fe y Alegr\u00eda: 70 a\u00f1os de aportes a la educaci\u00f3n popular venezolana","datePublished":"2025-12-08T15:11:48+00:00","dateModified":"2025-12-08T15:12:29+00:00","mainEntityOfPage":{"@id":"https:\/\/www.feyalegria.org\/venezuela\/fe-y-alegria-70-anos-de-aportes-a-la-educacion-popular-venezolana\/"},"wordCount":1241,"commentCount":0,"image":{"@id":"https:\/\/www.feyalegria.org\/venezuela\/fe-y-alegria-70-anos-de-aportes-a-la-educacion-popular-venezolana\/#primaryimage"},"thumbnailUrl":"https:\/\/d3pugrm67vf9n7.cloudfront.net\/wp-content\/uploads\/sites\/4\/2025\/12\/05153604\/2IMG_5697-scaled.jpg","keywords":["Educaci\u00f3n Popular","Fe y Alegr\u00eda","Foro pedag\u00f3gico"],"articleSection":["Noticias"],"inLanguage":"es","potentialAction":[{"@type":"CommentAction","name":"Comment","target":["https:\/\/www.feyalegria.org\/venezuela\/fe-y-alegria-70-anos-de-aportes-a-la-educacion-popular-venezolana\/#respond"]}]},{"@type":"WebPage","@id":"https:\/\/www.feyalegria.org\/venezuela\/fe-y-alegria-70-anos-de-aportes-a-la-educacion-popular-venezolana\/","url":"https:\/\/www.feyalegria.org\/venezuela\/fe-y-alegria-70-anos-de-aportes-a-la-educacion-popular-venezolana\/","name":"Fe y Alegr\u00eda: 70 a\u00f1os de aportes a la educaci\u00f3n popular venezolana - Fe y Alegr\u00eda en Venezuela","isPartOf":{"@id":"https:\/\/www.feyalegria.org\/venezuela\/#website"},"primaryImageOfPage":{"@id":"https:\/\/www.feyalegria.org\/venezuela\/fe-y-alegria-70-anos-de-aportes-a-la-educacion-popular-venezolana\/#primaryimage"},"image":{"@id":"https:\/\/www.feyalegria.org\/venezuela\/fe-y-alegria-70-anos-de-aportes-a-la-educacion-popular-venezolana\/#primaryimage"},"thumbnailUrl":"https:\/\/d3pugrm67vf9n7.cloudfront.net\/wp-content\/uploads\/sites\/4\/2025\/12\/05153604\/2IMG_5697-scaled.jpg","datePublished":"2025-12-08T15:11:48+00:00","dateModified":"2025-12-08T15:12:29+00:00","author":{"@id":"https:\/\/www.feyalegria.org\/venezuela\/#\/schema\/person\/299f329f55a7faae14f2aa9c880334e8"},"description":"Conoce c\u00f3mo Fe y Alegr\u00eda ha impactado la educaci\u00f3n en Venezuela por 70 a\u00f1os. Expertos analizan su historia, pilares de \u00e9xito, calidad probada y visi\u00f3n a futuro de la educaci\u00f3n popular.","inLanguage":"es","potentialAction":[{"@type":"ReadAction","target":["https:\/\/www.feyalegria.org\/venezuela\/fe-y-alegria-70-anos-de-aportes-a-la-educacion-popular-venezolana\/"]}]},{"@type":"ImageObject","inLanguage":"es","@id":"https:\/\/www.feyalegria.org\/venezuela\/fe-y-alegria-70-anos-de-aportes-a-la-educacion-popular-venezolana\/#primaryimage","url":"https:\/\/d3pugrm67vf9n7.cloudfront.net\/wp-content\/uploads\/sites\/4\/2025\/12\/05153604\/2IMG_5697-scaled.jpg","contentUrl":"https:\/\/d3pugrm67vf9n7.cloudfront.net\/wp-content\/uploads\/sites\/4\/2025\/12\/05153604\/2IMG_5697-scaled.jpg","width":2560,"height":1591},{"@type":"WebSite","@id":"https:\/\/www.feyalegria.org\/venezuela\/#website","url":"https:\/\/www.feyalegria.org\/venezuela\/","name":"Fe y Alegr\u00eda en Venezuela","description":"","potentialAction":[{"@type":"SearchAction","target":{"@type":"EntryPoint","urlTemplate":"https:\/\/www.feyalegria.org\/venezuela\/?s={search_term_string}"},"query-input":{"@type":"PropertyValueSpecification","valueRequired":true,"valueName":"search_term_string"}}],"inLanguage":"es"},{"@type":"Person","@id":"https:\/\/www.feyalegria.org\/venezuela\/#\/schema\/person\/299f329f55a7faae14f2aa9c880334e8","name":"jabarrios","url":"https:\/\/www.feyalegria.org\/venezuela\/author\/jabarrios\/"}]}},"_links":{"self":[{"href":"https:\/\/www.feyalegria.org\/venezuela\/wp-json\/wp\/v2\/posts\/11909","targetHints":{"allow":["GET"]}}],"collection":[{"href":"https:\/\/www.feyalegria.org\/venezuela\/wp-json\/wp\/v2\/posts"}],"about":[{"href":"https:\/\/www.feyalegria.org\/venezuela\/wp-json\/wp\/v2\/types\/post"}],"author":[{"embeddable":true,"href":"https:\/\/www.feyalegria.org\/venezuela\/wp-json\/wp\/v2\/users\/96"}],"replies":[{"embeddable":true,"href":"https:\/\/www.feyalegria.org\/venezuela\/wp-json\/wp\/v2\/comments?post=11909"}],"version-history":[{"count":5,"href":"https:\/\/www.feyalegria.org\/venezuela\/wp-json\/wp\/v2\/posts\/11909\/revisions"}],"predecessor-version":[{"id":11918,"href":"https:\/\/www.feyalegria.org\/venezuela\/wp-json\/wp\/v2\/posts\/11909\/revisions\/11918"}],"wp:featuredmedia":[{"embeddable":true,"href":"https:\/\/www.feyalegria.org\/venezuela\/wp-json\/wp\/v2\/media\/11900"}],"wp:attachment":[{"href":"https:\/\/www.feyalegria.org\/venezuela\/wp-json\/wp\/v2\/media?parent=11909"}],"wp:term":[{"taxonomy":"category","embeddable":true,"href":"https:\/\/www.feyalegria.org\/venezuela\/wp-json\/wp\/v2\/categories?post=11909"},{"taxonomy":"post_tag","embeddable":true,"href":"https:\/\/www.feyalegria.org\/venezuela\/wp-json\/wp\/v2\/tags?post=11909"},{"taxonomy":"post_folder","embeddable":true,"href":"https:\/\/www.feyalegria.org\/venezuela\/wp-json\/wp\/v2\/post_folder?post=11909"}],"curies":[{"name":"wp","href":"https:\/\/api.w.org\/{rel}","templated":true}]}}