{"id":12008,"date":"2026-01-30T07:00:18","date_gmt":"2026-01-30T07:00:18","guid":{"rendered":"https:\/\/www.feyalegria.org\/venezuela\/?p=12008"},"modified":"2026-01-29T20:06:02","modified_gmt":"2026-01-29T20:06:02","slug":"hagamos-las-paces-dia-escolar-de-la-no-violencia","status":"publish","type":"post","link":"https:\/\/www.feyalegria.org\/venezuela\/hagamos-las-paces-dia-escolar-de-la-no-violencia\/","title":{"rendered":"Hagamos las paces D\u00eda escolar de la no violencia"},"content":{"rendered":"<div class=\"wpb-content-wrapper\"><p>[vc_row][vc_column][vc_column_text css=\u00bb\u00bb]<\/p>\n<h1 class=\"hestia-title entry-title\">Hagamos las paces D\u00eda escolar de la no violencia<\/h1>\n<p>[\/vc_column_text][\/vc_column][\/vc_row][vc_row][vc_column][vc_single_image image=\u00bb12002&#8243; img_size=\u00bbfull\u00bb alignment=\u00bbcenter\u00bb css=\u00bb\u00bb][vc_column_text css=\u00bb\u00bb]<\/p>\n<p style=\"text-align: right\">Luisa Pernalete |\u00a0 Fe y Alegr\u00eda Venezuela<\/p>\n<p>[\/vc_column_text][vc_column_text css=\u00bb\u00bb]<\/p>\n<p style=\"text-align: justify\">\u201c<em>Una victoria conseguida con violencia no es duradera, pues necesitar\u00e1 m\u00e1s violencia para mantenerla\u201d \u201cLa no- violencia es la cumbre de la valent\u00eda<\/em>\u201d Estas dos frases \u00a0son de Mahatma Gandy, ese l\u00edder de la india que supo conducir a su pa\u00eds a la independencia sin disparar un solo tito, sin golpear a nadie, y que parad\u00f3jicamente muri\u00f3 asesinado el 30 de enero de 1948. La no-violencia se puede aprender y hay que ense\u00f1arla, por el bien de todos.<\/p>\n<p>&nbsp;<\/p>\n<p style=\"text-align: justify\">A nivel internacional, el 30 de enero, se celebra el Dia escolar de la no violencia, precisamente para recordar la muerte de Gandhi, y para poner en la palestra educativa la importancia de educar para la paz, en un mundo con tanta violencia, de todo tipo, y que tambi\u00e9n ha entrado en el ambiente escolar.<\/p>\n<p>&nbsp;<\/p>\n<p style=\"text-align: justify\">Comencemos por valorar la paz, dado que toda violencia deja secuelas, unas grandes, unas peque\u00f1as, pero hiere, y esas heridas pueden empujar a respuestas violentas o a empeque\u00f1ecer a las v\u00edctimas. Entonces es muy importante, con motivo de este d\u00eda mundial, revisar si estamos ense\u00f1ando en las escuelas la no-violencia como modo de proceder.<\/p>\n<p>&nbsp;<\/p>\n<p style=\"text-align: justify\">Es normal que haya problemas entre los escolares, tambi\u00e9n entre alumnos y educadores, pero hay maneras de resolverlos: por v\u00eda violenta \u2013 que traer\u00e1 m\u00e1s violencia \u2013 o por v\u00eda pac\u00edfica. Debemos saber que la violencia no es natural, nadie nace violento, la violencia es aprendida, y lo que se aprende se puede desaprender.<\/p>\n<p>&nbsp;<\/p>\n<p style=\"text-align: justify\">Y en esa valoraci\u00f3n de los ambientes de paz, de respeto al otro, de comprensi\u00f3n del otro, de saber escuchar al que piensa diferente, se inscribe tambi\u00e9n saber que la no-violencia no es una invitaci\u00f3n para cobardes, sino para valientes.<\/p>\n<p>&nbsp;<\/p>\n<p style=\"text-align: justify\">Vamos a dar algunos consejos sobre actitudes, competencias, estrategias, contenidos que podemos trabajar durante estos d\u00edas, y todo el a\u00f1o, pues la educaci\u00f3n para la paz debe ser un eje transversal.<\/p>\n<p>&nbsp;<\/p>\n<p style=\"text-align: justify\">Podemos comenzar por dar a conocer a algunos de esos l\u00edderes hist\u00f3ricos que actuaron con la no-violencia, como el mismo Gandhi, Mart\u00edn Luther King, Monse\u00f1or Romero, Malala \u2013 la persona m\u00e1s joven en haber ganado el Premio Nobel de la paz, que a\u00fan vive, debiera ser conocida por todos los adolescentes-. Tambi\u00e9n se puede pedir que vean en su entorno l\u00edderes de la comunidad que resuelvan problemas por v\u00edas de la no-violencia.<\/p>\n<p>&nbsp;<\/p>\n<p style=\"text-align: justify\">Observar qu\u00e9 elementos de violencia y cu\u00e1les de paz, encuentran en su hogar, en la escuela, en la comunidad, en las redes sociales y preguntar qu\u00e9 es mejor, vivir en ambientes violentos o en ambientes de paz.<\/p>\n<p>&nbsp;<\/p>\n<p style=\"text-align: justify\">Actitudes de respeto a los dem\u00e1s, empat\u00eda \u2013 saber ponerse en los zapatos del otro -, son necesarias. Competencias como resoluci\u00f3n pac\u00edfica de conflictos, capacidad para expresar emociones y saber administrarlas. Es normal que haya actitudes de otros o problemas que nos generen rabia, lo que no est\u00e1 bien es golpear a otro por ello, por ejemplo. No es reprimir las emociones, pero si saber administrarlas. A eso se aprende.<\/p>\n<p>&nbsp;<\/p>\n<p style=\"text-align: justify\">Una buena idea es elegir a Premios nobel de la paz en cada sal\u00f3n de clases. Valorar a esos compa\u00f1eros que lideran la resoluci\u00f3n pac\u00edfica cuando hay problemas entre alumnos, que se les valore como valientes y no se les tilde de cobardes porque no responden con golpes, por ejemplo.<\/p>\n<p>&nbsp;<\/p>\n<p style=\"text-align: justify\">Algo muy importante, recordando a Gandhi de nuevo, es la coherencia: \u201c<em>Mi vida es mi mensaje<\/em>\u201d, dec\u00eda Gandhi. Pues tambi\u00e9n padres, madres, educadores, estudiantes, si hablan de paz y convivencia, deben ser pac\u00edficos, no-violentos en su comportamiento.<\/p>\n<p>&nbsp;<\/p>\n<p style=\"text-align: justify\">Hay organizaciones que promueven la no-violencia y la paz, como por ejemplo el Centro Gandhi, con sede en Caracas pero que tambi\u00e9n ofrece alternativas de formaci\u00f3n de manera on line, por cierto, cuando el Centro Gandhi se cre\u00f3 en Venezuela, vino un bisnieto de Gandhi a \u201cdar su bendici\u00f3n\u201d. El CG trabaja la Comunicaci\u00f3n no \u2013 violenta, da el curso de He decidido ser pac\u00edfica, entre otros temas. La C\u00e1tedra de la paz de la ULA, promueve la formaci\u00f3n de l\u00edderes juveniles para la paz, no s\u00f3lo en Merida, trabaja en varios estados. En Fe y Alegr\u00eda la educaci\u00f3n para la paz es un eje transversal, y adem\u00e1s tiene el programa de formaci\u00f3n para padres y madres, hasta el a\u00f1o pasado Madres Promotoras de Paz, y desde este a\u00f1o Familias Promotoras de Paz, ofrece herramientas para promover la convivencia pac\u00edfica.<\/p>\n<p>&nbsp;<\/p>\n<p style=\"text-align: justify\">Terminemos con unas estrofas sobre la no- violencia: <em>Necesitamos la no-violencia\/ en nuestra escuela y con urgencia\/\/ En Venezuela hay maltrato tanto f\u00edsico y verbal\/ si ense\u00f1amos no . violencia\/ ahorrar\u00edamos mucho mal \/\/ La no-violencia no es\/ un llamado a la cobard\u00eda\/ al rev\u00e9s, es una alianza\/ de gente con valent\u00eda\/\/ Una cosa muy importante\/ hay que tener coherencia\/ Con el ejemplo ense\u00f1amos\/ pensar y actuar con no-violencia\/\/ Profesores, madres, padres\/ todos a extender la mano\/ para que este pa\u00eds\/ nos tratemos como hermanos\/\/ Necesitamos la no-violencia\/ en Venezuela y con urgencia\/\/<\/em><\/p>\n<p>[\/vc_column_text][vc_column_text css=\u00bb\u00bb][\/vc_column_text][vc_column_inner alignment=\u00bbcenter\u00bb][\/vc_column_inner][\/vc_column][\/vc_row][vc_row][vc_column][vc_column_text css=\u00bb\u00bb]<\/p>\n<p style=\"text-align: right\"><strong>30 de enero de 2026<\/strong><\/p>\n<p>[\/vc_column_text][\/vc_column][\/vc_row]<\/p>\n<\/div>","protected":false},"excerpt":{"rendered":"<div style=\"height: 265px\">Con motivo de este d\u00eda mundial, revisar si estamos ense\u00f1ando en las escuelas la no-violencia como modo de proceder.<\/div>\n","protected":false},"author":86,"featured_media":12002,"comment_status":"open","ping_status":"open","sticky":false,"template":"","format":"standard","meta":{"_acf_changed":false,"footnotes":""},"categories":[11,183],"tags":[1594,400,448],"post_folder":[],"class_list":["post-12008","post","type-post","status-publish","format-standard","has-post-thumbnail","hentry","category-escuela","category-noticias","tag-dia-escolar-de-la-no-violencia-y-la-paz","tag-fe-y-alegria","tag-venezuela"],"acf":[],"yoast_head":"<!-- This site is optimized with the Yoast SEO plugin v27.5 - https:\/\/yoast.com\/product\/yoast-seo-wordpress\/ -->\n<title>Hagamos las paces D\u00eda escolar de la no violencia - Fe y Alegr\u00eda en Venezuela<\/title>\n<meta name=\"description\" content=\"En Fe y Alegr\u00eda la educaci\u00f3n para la paz es un eje transversal, y adem\u00e1s tiene el programa de formaci\u00f3n para padres y madres, hasta el a\u00f1o pasado Madres Promotoras de Paz, y desde este a\u00f1o Familias Promotoras de Paz, ofrece herramientas para promover la convivencia pac\u00edfica.\" \/>\n<meta name=\"robots\" content=\"index, follow, max-snippet:-1, max-image-preview:large, max-video-preview:-1\" \/>\n<link rel=\"canonical\" href=\"https:\/\/www.feyalegria.org\/venezuela\/hagamos-las-paces-dia-escolar-de-la-no-violencia\/\" \/>\n<meta property=\"og:locale\" content=\"es_ES\" \/>\n<meta property=\"og:type\" content=\"article\" \/>\n<meta property=\"og:title\" content=\"Hagamos las paces D\u00eda escolar de la no violencia - Fe y Alegr\u00eda en Venezuela\" \/>\n<meta property=\"og:description\" content=\"En Fe y Alegr\u00eda la educaci\u00f3n para la paz es un eje transversal, y adem\u00e1s tiene el programa de formaci\u00f3n para padres y madres, hasta el a\u00f1o pasado Madres Promotoras de Paz, y desde este a\u00f1o Familias Promotoras de Paz, ofrece herramientas para promover la convivencia pac\u00edfica.\" \/>\n<meta property=\"og:url\" content=\"https:\/\/www.feyalegria.org\/venezuela\/hagamos-las-paces-dia-escolar-de-la-no-violencia\/\" \/>\n<meta property=\"og:site_name\" content=\"Fe y Alegr\u00eda en Venezuela\" \/>\n<meta property=\"article:published_time\" content=\"2026-01-30T07:00:18+00:00\" \/>\n<meta property=\"og:image\" content=\"https:\/\/d3pugrm67vf9n7.cloudfront.net\/wp-content\/uploads\/sites\/4\/2026\/01\/29190032\/WhatsApp-Image-2025-01-31-at-8.19.53-AM.jpeg\" \/>\n\t<meta property=\"og:image:width\" content=\"1000\" \/>\n\t<meta property=\"og:image:height\" content=\"750\" \/>\n\t<meta property=\"og:image:type\" content=\"image\/jpeg\" \/>\n<meta name=\"author\" content=\"adminvefya04\" \/>\n<meta name=\"twitter:card\" content=\"summary_large_image\" \/>\n<meta name=\"twitter:label1\" content=\"Escrito por\" \/>\n\t<meta name=\"twitter:data1\" content=\"adminvefya04\" \/>\n\t<meta name=\"twitter:label2\" content=\"Tiempo de lectura\" \/>\n\t<meta name=\"twitter:data2\" content=\"5 minutos\" \/>\n<script type=\"application\/ld+json\" class=\"yoast-schema-graph\">{\"@context\":\"https:\\\/\\\/schema.org\",\"@graph\":[{\"@type\":\"Article\",\"@id\":\"https:\\\/\\\/www.feyalegria.org\\\/venezuela\\\/hagamos-las-paces-dia-escolar-de-la-no-violencia\\\/#article\",\"isPartOf\":{\"@id\":\"https:\\\/\\\/www.feyalegria.org\\\/venezuela\\\/hagamos-las-paces-dia-escolar-de-la-no-violencia\\\/\"},\"author\":{\"name\":\"adminvefya04\",\"@id\":\"https:\\\/\\\/www.feyalegria.org\\\/venezuela\\\/#\\\/schema\\\/person\\\/219fd6083ed3d63f6ac623e175a02e29\"},\"headline\":\"Hagamos las paces D\u00eda escolar de la no violencia\",\"datePublished\":\"2026-01-30T07:00:18+00:00\",\"mainEntityOfPage\":{\"@id\":\"https:\\\/\\\/www.feyalegria.org\\\/venezuela\\\/hagamos-las-paces-dia-escolar-de-la-no-violencia\\\/\"},\"wordCount\":989,\"commentCount\":0,\"image\":{\"@id\":\"https:\\\/\\\/www.feyalegria.org\\\/venezuela\\\/hagamos-las-paces-dia-escolar-de-la-no-violencia\\\/#primaryimage\"},\"thumbnailUrl\":\"https:\\\/\\\/d3pugrm67vf9n7.cloudfront.net\\\/wp-content\\\/uploads\\\/sites\\\/4\\\/2026\\\/01\\\/29190032\\\/WhatsApp-Image-2025-01-31-at-8.19.53-AM.jpeg\",\"keywords\":[\"D\u00eda Escolar de la No Violencia y la Paz\",\"Fe y Alegr\u00eda\",\"Venezuela\"],\"articleSection\":[\"Escuela\",\"Noticias\"],\"inLanguage\":\"es\",\"potentialAction\":[{\"@type\":\"CommentAction\",\"name\":\"Comment\",\"target\":[\"https:\\\/\\\/www.feyalegria.org\\\/venezuela\\\/hagamos-las-paces-dia-escolar-de-la-no-violencia\\\/#respond\"]}]},{\"@type\":\"WebPage\",\"@id\":\"https:\\\/\\\/www.feyalegria.org\\\/venezuela\\\/hagamos-las-paces-dia-escolar-de-la-no-violencia\\\/\",\"url\":\"https:\\\/\\\/www.feyalegria.org\\\/venezuela\\\/hagamos-las-paces-dia-escolar-de-la-no-violencia\\\/\",\"name\":\"Hagamos las paces D\u00eda escolar de la no violencia - Fe y Alegr\u00eda en Venezuela\",\"isPartOf\":{\"@id\":\"https:\\\/\\\/www.feyalegria.org\\\/venezuela\\\/#website\"},\"primaryImageOfPage\":{\"@id\":\"https:\\\/\\\/www.feyalegria.org\\\/venezuela\\\/hagamos-las-paces-dia-escolar-de-la-no-violencia\\\/#primaryimage\"},\"image\":{\"@id\":\"https:\\\/\\\/www.feyalegria.org\\\/venezuela\\\/hagamos-las-paces-dia-escolar-de-la-no-violencia\\\/#primaryimage\"},\"thumbnailUrl\":\"https:\\\/\\\/d3pugrm67vf9n7.cloudfront.net\\\/wp-content\\\/uploads\\\/sites\\\/4\\\/2026\\\/01\\\/29190032\\\/WhatsApp-Image-2025-01-31-at-8.19.53-AM.jpeg\",\"datePublished\":\"2026-01-30T07:00:18+00:00\",\"author\":{\"@id\":\"https:\\\/\\\/www.feyalegria.org\\\/venezuela\\\/#\\\/schema\\\/person\\\/219fd6083ed3d63f6ac623e175a02e29\"},\"description\":\"En Fe y Alegr\u00eda la educaci\u00f3n para la paz es un eje transversal, y adem\u00e1s tiene el programa de formaci\u00f3n para padres y madres, hasta el a\u00f1o pasado Madres Promotoras de Paz, y desde este a\u00f1o Familias Promotoras de Paz, ofrece herramientas para promover la convivencia pac\u00edfica.\",\"inLanguage\":\"es\",\"potentialAction\":[{\"@type\":\"ReadAction\",\"target\":[\"https:\\\/\\\/www.feyalegria.org\\\/venezuela\\\/hagamos-las-paces-dia-escolar-de-la-no-violencia\\\/\"]}]},{\"@type\":\"ImageObject\",\"inLanguage\":\"es\",\"@id\":\"https:\\\/\\\/www.feyalegria.org\\\/venezuela\\\/hagamos-las-paces-dia-escolar-de-la-no-violencia\\\/#primaryimage\",\"url\":\"https:\\\/\\\/d3pugrm67vf9n7.cloudfront.net\\\/wp-content\\\/uploads\\\/sites\\\/4\\\/2026\\\/01\\\/29190032\\\/WhatsApp-Image-2025-01-31-at-8.19.53-AM.jpeg\",\"contentUrl\":\"https:\\\/\\\/d3pugrm67vf9n7.cloudfront.net\\\/wp-content\\\/uploads\\\/sites\\\/4\\\/2026\\\/01\\\/29190032\\\/WhatsApp-Image-2025-01-31-at-8.19.53-AM.jpeg\",\"width\":1000,\"height\":750},{\"@type\":\"WebSite\",\"@id\":\"https:\\\/\\\/www.feyalegria.org\\\/venezuela\\\/#website\",\"url\":\"https:\\\/\\\/www.feyalegria.org\\\/venezuela\\\/\",\"name\":\"Fe y Alegr\u00eda en Venezuela\",\"description\":\"\",\"potentialAction\":[{\"@type\":\"SearchAction\",\"target\":{\"@type\":\"EntryPoint\",\"urlTemplate\":\"https:\\\/\\\/www.feyalegria.org\\\/venezuela\\\/?s={search_term_string}\"},\"query-input\":{\"@type\":\"PropertyValueSpecification\",\"valueRequired\":true,\"valueName\":\"search_term_string\"}}],\"inLanguage\":\"es\"},{\"@type\":\"Person\",\"@id\":\"https:\\\/\\\/www.feyalegria.org\\\/venezuela\\\/#\\\/schema\\\/person\\\/219fd6083ed3d63f6ac623e175a02e29\",\"name\":\"adminvefya04\",\"url\":\"https:\\\/\\\/www.feyalegria.org\\\/venezuela\\\/author\\\/adminvefya04\\\/\"}]}<\/script>\n<!-- \/ Yoast SEO plugin. -->","yoast_head_json":{"title":"Hagamos las paces D\u00eda escolar de la no violencia - Fe y Alegr\u00eda en Venezuela","description":"En Fe y Alegr\u00eda la educaci\u00f3n para la paz es un eje transversal, y adem\u00e1s tiene el programa de formaci\u00f3n para padres y madres, hasta el a\u00f1o pasado Madres Promotoras de Paz, y desde este a\u00f1o Familias Promotoras de Paz, ofrece herramientas para promover la convivencia pac\u00edfica.","robots":{"index":"index","follow":"follow","max-snippet":"max-snippet:-1","max-image-preview":"max-image-preview:large","max-video-preview":"max-video-preview:-1"},"canonical":"https:\/\/www.feyalegria.org\/venezuela\/hagamos-las-paces-dia-escolar-de-la-no-violencia\/","og_locale":"es_ES","og_type":"article","og_title":"Hagamos las paces D\u00eda escolar de la no violencia - Fe y Alegr\u00eda en Venezuela","og_description":"En Fe y Alegr\u00eda la educaci\u00f3n para la paz es un eje transversal, y adem\u00e1s tiene el programa de formaci\u00f3n para padres y madres, hasta el a\u00f1o pasado Madres Promotoras de Paz, y desde este a\u00f1o Familias Promotoras de Paz, ofrece herramientas para promover la convivencia pac\u00edfica.","og_url":"https:\/\/www.feyalegria.org\/venezuela\/hagamos-las-paces-dia-escolar-de-la-no-violencia\/","og_site_name":"Fe y Alegr\u00eda en Venezuela","article_published_time":"2026-01-30T07:00:18+00:00","og_image":[{"width":1000,"height":750,"url":"https:\/\/d3pugrm67vf9n7.cloudfront.net\/wp-content\/uploads\/sites\/4\/2026\/01\/29190032\/WhatsApp-Image-2025-01-31-at-8.19.53-AM.jpeg","type":"image\/jpeg"}],"author":"adminvefya04","twitter_card":"summary_large_image","twitter_misc":{"Escrito por":"adminvefya04","Tiempo de lectura":"5 minutos"},"schema":{"@context":"https:\/\/schema.org","@graph":[{"@type":"Article","@id":"https:\/\/www.feyalegria.org\/venezuela\/hagamos-las-paces-dia-escolar-de-la-no-violencia\/#article","isPartOf":{"@id":"https:\/\/www.feyalegria.org\/venezuela\/hagamos-las-paces-dia-escolar-de-la-no-violencia\/"},"author":{"name":"adminvefya04","@id":"https:\/\/www.feyalegria.org\/venezuela\/#\/schema\/person\/219fd6083ed3d63f6ac623e175a02e29"},"headline":"Hagamos las paces D\u00eda escolar de la no violencia","datePublished":"2026-01-30T07:00:18+00:00","mainEntityOfPage":{"@id":"https:\/\/www.feyalegria.org\/venezuela\/hagamos-las-paces-dia-escolar-de-la-no-violencia\/"},"wordCount":989,"commentCount":0,"image":{"@id":"https:\/\/www.feyalegria.org\/venezuela\/hagamos-las-paces-dia-escolar-de-la-no-violencia\/#primaryimage"},"thumbnailUrl":"https:\/\/d3pugrm67vf9n7.cloudfront.net\/wp-content\/uploads\/sites\/4\/2026\/01\/29190032\/WhatsApp-Image-2025-01-31-at-8.19.53-AM.jpeg","keywords":["D\u00eda Escolar de la No Violencia y la Paz","Fe y Alegr\u00eda","Venezuela"],"articleSection":["Escuela","Noticias"],"inLanguage":"es","potentialAction":[{"@type":"CommentAction","name":"Comment","target":["https:\/\/www.feyalegria.org\/venezuela\/hagamos-las-paces-dia-escolar-de-la-no-violencia\/#respond"]}]},{"@type":"WebPage","@id":"https:\/\/www.feyalegria.org\/venezuela\/hagamos-las-paces-dia-escolar-de-la-no-violencia\/","url":"https:\/\/www.feyalegria.org\/venezuela\/hagamos-las-paces-dia-escolar-de-la-no-violencia\/","name":"Hagamos las paces D\u00eda escolar de la no violencia - Fe y Alegr\u00eda en Venezuela","isPartOf":{"@id":"https:\/\/www.feyalegria.org\/venezuela\/#website"},"primaryImageOfPage":{"@id":"https:\/\/www.feyalegria.org\/venezuela\/hagamos-las-paces-dia-escolar-de-la-no-violencia\/#primaryimage"},"image":{"@id":"https:\/\/www.feyalegria.org\/venezuela\/hagamos-las-paces-dia-escolar-de-la-no-violencia\/#primaryimage"},"thumbnailUrl":"https:\/\/d3pugrm67vf9n7.cloudfront.net\/wp-content\/uploads\/sites\/4\/2026\/01\/29190032\/WhatsApp-Image-2025-01-31-at-8.19.53-AM.jpeg","datePublished":"2026-01-30T07:00:18+00:00","author":{"@id":"https:\/\/www.feyalegria.org\/venezuela\/#\/schema\/person\/219fd6083ed3d63f6ac623e175a02e29"},"description":"En Fe y Alegr\u00eda la educaci\u00f3n para la paz es un eje transversal, y adem\u00e1s tiene el programa de formaci\u00f3n para padres y madres, hasta el a\u00f1o pasado Madres Promotoras de Paz, y desde este a\u00f1o Familias Promotoras de Paz, ofrece herramientas para promover la convivencia pac\u00edfica.","inLanguage":"es","potentialAction":[{"@type":"ReadAction","target":["https:\/\/www.feyalegria.org\/venezuela\/hagamos-las-paces-dia-escolar-de-la-no-violencia\/"]}]},{"@type":"ImageObject","inLanguage":"es","@id":"https:\/\/www.feyalegria.org\/venezuela\/hagamos-las-paces-dia-escolar-de-la-no-violencia\/#primaryimage","url":"https:\/\/d3pugrm67vf9n7.cloudfront.net\/wp-content\/uploads\/sites\/4\/2026\/01\/29190032\/WhatsApp-Image-2025-01-31-at-8.19.53-AM.jpeg","contentUrl":"https:\/\/d3pugrm67vf9n7.cloudfront.net\/wp-content\/uploads\/sites\/4\/2026\/01\/29190032\/WhatsApp-Image-2025-01-31-at-8.19.53-AM.jpeg","width":1000,"height":750},{"@type":"WebSite","@id":"https:\/\/www.feyalegria.org\/venezuela\/#website","url":"https:\/\/www.feyalegria.org\/venezuela\/","name":"Fe y Alegr\u00eda en Venezuela","description":"","potentialAction":[{"@type":"SearchAction","target":{"@type":"EntryPoint","urlTemplate":"https:\/\/www.feyalegria.org\/venezuela\/?s={search_term_string}"},"query-input":{"@type":"PropertyValueSpecification","valueRequired":true,"valueName":"search_term_string"}}],"inLanguage":"es"},{"@type":"Person","@id":"https:\/\/www.feyalegria.org\/venezuela\/#\/schema\/person\/219fd6083ed3d63f6ac623e175a02e29","name":"adminvefya04","url":"https:\/\/www.feyalegria.org\/venezuela\/author\/adminvefya04\/"}]}},"_links":{"self":[{"href":"https:\/\/www.feyalegria.org\/venezuela\/wp-json\/wp\/v2\/posts\/12008","targetHints":{"allow":["GET"]}}],"collection":[{"href":"https:\/\/www.feyalegria.org\/venezuela\/wp-json\/wp\/v2\/posts"}],"about":[{"href":"https:\/\/www.feyalegria.org\/venezuela\/wp-json\/wp\/v2\/types\/post"}],"author":[{"embeddable":true,"href":"https:\/\/www.feyalegria.org\/venezuela\/wp-json\/wp\/v2\/users\/86"}],"replies":[{"embeddable":true,"href":"https:\/\/www.feyalegria.org\/venezuela\/wp-json\/wp\/v2\/comments?post=12008"}],"version-history":[{"count":2,"href":"https:\/\/www.feyalegria.org\/venezuela\/wp-json\/wp\/v2\/posts\/12008\/revisions"}],"predecessor-version":[{"id":12010,"href":"https:\/\/www.feyalegria.org\/venezuela\/wp-json\/wp\/v2\/posts\/12008\/revisions\/12010"}],"wp:featuredmedia":[{"embeddable":true,"href":"https:\/\/www.feyalegria.org\/venezuela\/wp-json\/wp\/v2\/media\/12002"}],"wp:attachment":[{"href":"https:\/\/www.feyalegria.org\/venezuela\/wp-json\/wp\/v2\/media?parent=12008"}],"wp:term":[{"taxonomy":"category","embeddable":true,"href":"https:\/\/www.feyalegria.org\/venezuela\/wp-json\/wp\/v2\/categories?post=12008"},{"taxonomy":"post_tag","embeddable":true,"href":"https:\/\/www.feyalegria.org\/venezuela\/wp-json\/wp\/v2\/tags?post=12008"},{"taxonomy":"post_folder","embeddable":true,"href":"https:\/\/www.feyalegria.org\/venezuela\/wp-json\/wp\/v2\/post_folder?post=12008"}],"curies":[{"name":"wp","href":"https:\/\/api.w.org\/{rel}","templated":true}]}}