{"id":2644,"date":"2021-05-28T11:20:57","date_gmt":"2021-05-28T11:20:57","guid":{"rendered":"https:\/\/www.feyalegria.org\/venezuela\/?p=2644"},"modified":"2021-08-04T23:48:03","modified_gmt":"2021-08-04T23:48:03","slug":"nos-mueve-la-esperanza-fe-y-alegria-ataca-la-desnutricion","status":"publish","type":"post","link":"https:\/\/www.feyalegria.org\/venezuela\/nos-mueve-la-esperanza-fe-y-alegria-ataca-la-desnutricion\/","title":{"rendered":"Nos mueve la esperanza: Fe y Alegr\u00eda ataca la desnutrici\u00f3n"},"content":{"rendered":"<div class=\"wpb-content-wrapper\"><p>[vc_row css=\u00bb.vc_custom_1606160684358{padding-top: 40px !important;}\u00bb][vc_column]\n    <div style=\"text-align:center\" class=\"nd_options_section\">\n      <img decoding=\"async\" alt=\"\" style=\"width:\" class=\" nd_options_margin_0 nd_options_padding_0 \" src=\"https:\/\/d3pugrm67vf9n7.cloudfront.net\/wp-content\/uploads\/sites\/4\/2021\/05\/28111514\/WhatsApp-Image-2021-05-26-at-10.32.51-AM.jpeg\">\n    <\/div>\n   [vc_column_text]El D\u00eda Mundial de la Nutrici\u00f3n se celebra cada 28 de mayo. La Federaci\u00f3n Espa\u00f1ola de Nutrici\u00f3n, Alimentaci\u00f3n y Diet\u00e9tica estableci\u00f3 este d\u00eda con la finalidad de ense\u00f1ar a la poblaci\u00f3n a establecer correctos h\u00e1bitos alimenticios y mejorar de este modo la salud y la nutrici\u00f3n de las personas.<\/p>\n<p>&nbsp;<\/p>\n<p>El Movimiento de Educaci\u00f3n Popular y Promoci\u00f3n Social Fe y Alegr\u00eda desde principios de 2020 ha activado el Programa de Asistencia Nutricional, el cual se encarga de evaluar a ni\u00f1os, ni\u00f1as, adolescentes, mujeres embarazadas y lactantes, que dependiendo de sus diagn\u00f3sticos se les provee de f\u00f3rmulas terap\u00e9uticas para que alcancen un nivel \u00f3ptimo en su estado nutricional.<\/p>\n<p>&nbsp;<\/p>\n<p>Jaide Vel\u00e1squez, soci\u00f3loga y coordinadora nacional de nutrici\u00f3n de Fe y Alegr\u00eda, detall\u00f3 que dichas evaluaciones se llevaron a cabo a lo largo de 2020 en seis estados del pa\u00eds: Carabobo, Portuguesa, Miranda, Barinas, Lara y Falc\u00f3n, en donde atendieron un promedio de 7.000 ni\u00f1os, ni\u00f1as y adolescentes y 1.200 mujeres lactantes.<\/p>\n<p>&nbsp;<\/p>\n<p>\u201cAtendimos tanto a ni\u00f1os y ni\u00f1as de Fe y Alegr\u00eda menores de cinco a\u00f1os, tambi\u00e9n a ni\u00f1os y ni\u00f1as de cinco a 14 a\u00f1os de edad y a sus familiares como a las comunidades cercanas, es decir, este tipo de evaluaciones no se realiza nada m\u00e1s con la poblaci\u00f3n del colegio, sino a todas las comunidades aleda\u00f1as que est\u00e1n cerca de los centros educativos de Fe y Alegr\u00eda\u201d, indic\u00f3.<\/p>\n<p>&nbsp;<\/p>\n<p>De acuerdo con los resultados de la Encuesta Nacional de Condiciones de Vida 2019-2020 sobre la situaci\u00f3n nutricional de los\u00a0 ni\u00f1os menores de cinco a\u00f1os en Venezuela, seg\u00fan el indicador peso-edad, revela que alrededor de 21% se encuentra en riesgo de desnutrici\u00f3n y 8% est\u00e1 desnutrido. Igualmente, respecto al indicador talla-edad se ha estimado en 30% quienes se encuentran en desnutrici\u00f3n cr\u00f3nica: 639 mil ni\u00f1os menores de cinco a\u00f1os.<\/p>\n<p>&nbsp;<\/p>\n<p>Estas jornadas de salud son lideradas por un grupo multidisciplinario de m\u00e9dicos, nutricionistas, enfermeros, promotores comunitarios de salud que pertenecen al Programa de Asistencia Nutricional, y son ellos quienes hacen la convocatoria en la comunidad, guardando estrictamente los protocolos de bioseguridad.<\/p>\n<p>&nbsp;<\/p>\n<p>\u201cEn las jornadas se mantiene el distanciamiento social y se llama a la poblaci\u00f3n donde no solamente se hace la evaluaci\u00f3n antropom\u00e9trica (evaluaci\u00f3n de talla y peso), tambi\u00e9n se ofrecen charlas, se dan orientaciones a las personas sobre el tema del lavado de las manos y la lactancia materna\u201d, refiri\u00f3 la coordinadora nacional de nutrici\u00f3n de Fe y Alegr\u00eda.<\/p>\n<p>&nbsp;<\/p>\n<p>Luego de la evaluaci\u00f3n del peso y talla las personas atendidas \u201centran en ciertos diagn\u00f3sticos como: peso adecuado, o puede ser que tengan alg\u00fan riesgo de nutrici\u00f3n o que los ni\u00f1os tengan desnutrici\u00f3n aguda moderada o aguda-severa y dependiendo de este diagn\u00f3stico se les provee de las f\u00f3rmulas terap\u00e9uticas para que alcance un nivel \u00f3ptimo en su estado nutricional\u201d, explic\u00f3 Vel\u00e1squez.<\/p>\n<p>&nbsp;<\/p>\n<p>Indic\u00f3 que hacen \u00e9nfasis en los ni\u00f1os ni\u00f1as y adolescentes cuya edad va desde los seis meses de nacido a los 59 meses porque es en esta etapa cuando el ser humano est\u00e1 en desarrollo y necesita de nutrientes para tener un buen crecimiento, \u201cpara luego tener un buen desarrollo cognitivo, es por eso que nos enfocamos en esa poblaci\u00f3n, sin embargo no dejamos a un lado a la poblaci\u00f3n m\u00e1s grande que ser\u00edan los escolares de Fe y Alegr\u00eda, a quienes se les dan los suplementos nutricionales para mantener su estado nutricional en general\u201d.<\/p>\n<p>&nbsp;<\/p>\n<p>En cuanto a los retos para 2021 Vel\u00e1squez cont\u00f3 que ampliar\u00e1n la cobertura del Programa de Asistencia Nutricional a 10 estados del pa\u00eds incorporando a: Distrito Capital, Zulia, Aragua y La Guaira. Tambi\u00e9n se han puesto como objetivo atender a 21.000 ni\u00f1os, ni\u00f1as y adolescentes, as\u00ed como a mujeres embarazadas y lactantes.<\/p>\n<p>&nbsp;<\/p>\n<p>Fe y Alegr\u00eda concibe la educaci\u00f3n como un derecho vinculante con la alimentaci\u00f3n, salud y bienestar social, concebidos en la Carta Magna. Es por ello que ha ampliado su respuesta ante la Crisis Humanitaria Compleja que atraviesa el pa\u00eds desde 2014.<\/p>\n<p>&nbsp;<\/p>\n<p>Seguimos acompa\u00f1ando a los m\u00e1s vulnerables del pa\u00eds porque en Fe y Alegr\u00eda nos mueve la esperanza.[\/vc_column_text][\/vc_column][\/vc_row]<\/p>\n<\/div>","protected":false},"excerpt":{"rendered":"<div style=\"height: 264px\">Fe y Alegr\u00eda desde principios de 2020 ha activado el Programa de Asistencia Nutricional, el cual se encarga de evaluar a ni\u00f1os, ni\u00f1as, adolescentes, mujeres embarazadas y lactantes, que dependiendo de sus diagn\u00f3sticos se les provee de f\u00f3rmulas terap\u00e9uticas para que alcancen un nivel \u00f3ptimo en su estado nutricional.<\/div>\n","protected":false},"author":90,"featured_media":2646,"comment_status":"closed","ping_status":"closed","sticky":false,"template":"","format":"standard","meta":{"_acf_changed":false,"footnotes":""},"categories":[183],"tags":[462,400,448],"post_folder":[],"class_list":["post-2644","post","type-post","status-publish","format-standard","has-post-thumbnail","hentry","category-noticias","tag-dia-mundial-de-la-nutricion","tag-fe-y-alegria","tag-venezuela"],"acf":[],"yoast_head":"<!-- This site is optimized with the Yoast SEO plugin v27.5 - https:\/\/yoast.com\/product\/yoast-seo-wordpress\/ -->\n<title>Nos mueve la esperanza: Fe y Alegr\u00eda ataca la desnutrici\u00f3n - Fe y Alegr\u00eda en Venezuela<\/title>\n<meta name=\"robots\" content=\"index, follow, max-snippet:-1, max-image-preview:large, max-video-preview:-1\" \/>\n<link rel=\"canonical\" href=\"https:\/\/www.feyalegria.org\/venezuela\/nos-mueve-la-esperanza-fe-y-alegria-ataca-la-desnutricion\/\" \/>\n<meta property=\"og:locale\" content=\"es_ES\" \/>\n<meta property=\"og:type\" content=\"article\" \/>\n<meta property=\"og:title\" content=\"Nos mueve la esperanza: Fe y Alegr\u00eda ataca la desnutrici\u00f3n - Fe y Alegr\u00eda en Venezuela\" \/>\n<meta property=\"og:description\" content=\"Fe y Alegr\u00eda desde principios de 2020 ha activado el Programa de Asistencia Nutricional, el cual se encarga de evaluar a ni\u00f1os, ni\u00f1as, adolescentes, mujeres embarazadas y lactantes, que dependiendo de sus diagn\u00f3sticos se les provee de f\u00f3rmulas terap\u00e9uticas para que alcancen un nivel \u00f3ptimo en su estado nutricional.\" \/>\n<meta property=\"og:url\" content=\"https:\/\/www.feyalegria.org\/venezuela\/nos-mueve-la-esperanza-fe-y-alegria-ataca-la-desnutricion\/\" \/>\n<meta property=\"og:site_name\" content=\"Fe y Alegr\u00eda en Venezuela\" \/>\n<meta property=\"article:published_time\" content=\"2021-05-28T11:20:57+00:00\" \/>\n<meta property=\"article:modified_time\" content=\"2021-08-04T23:48:03+00:00\" \/>\n<meta property=\"og:image\" content=\"https:\/\/d3pugrm67vf9n7.cloudfront.net\/wp-content\/uploads\/sites\/4\/2021\/05\/28111514\/WhatsApp-Image-2021-05-26-at-10.32.51-AM.jpeg\" \/>\n\t<meta property=\"og:image:width\" content=\"750\" \/>\n\t<meta property=\"og:image:height\" content=\"1000\" \/>\n\t<meta property=\"og:image:type\" content=\"image\/jpeg\" \/>\n<meta name=\"author\" content=\"adminfyaven\" \/>\n<meta name=\"twitter:card\" content=\"summary_large_image\" \/>\n<meta name=\"twitter:label1\" content=\"Escrito por\" \/>\n\t<meta name=\"twitter:data1\" content=\"adminfyaven\" \/>\n\t<meta name=\"twitter:label2\" content=\"Tiempo de lectura\" \/>\n\t<meta name=\"twitter:data2\" content=\"4 minutos\" \/>\n<script type=\"application\/ld+json\" class=\"yoast-schema-graph\">{\"@context\":\"https:\\\/\\\/schema.org\",\"@graph\":[{\"@type\":\"Article\",\"@id\":\"https:\\\/\\\/www.feyalegria.org\\\/venezuela\\\/nos-mueve-la-esperanza-fe-y-alegria-ataca-la-desnutricion\\\/#article\",\"isPartOf\":{\"@id\":\"https:\\\/\\\/www.feyalegria.org\\\/venezuela\\\/nos-mueve-la-esperanza-fe-y-alegria-ataca-la-desnutricion\\\/\"},\"author\":{\"name\":\"adminfyaven\",\"@id\":\"https:\\\/\\\/www.feyalegria.org\\\/venezuela\\\/#\\\/schema\\\/person\\\/7fcf310cf79e9dfc0cf304f520691604\"},\"headline\":\"Nos mueve la esperanza: Fe y Alegr\u00eda ataca la desnutrici\u00f3n\",\"datePublished\":\"2021-05-28T11:20:57+00:00\",\"dateModified\":\"2021-08-04T23:48:03+00:00\",\"mainEntityOfPage\":{\"@id\":\"https:\\\/\\\/www.feyalegria.org\\\/venezuela\\\/nos-mueve-la-esperanza-fe-y-alegria-ataca-la-desnutricion\\\/\"},\"wordCount\":789,\"image\":{\"@id\":\"https:\\\/\\\/www.feyalegria.org\\\/venezuela\\\/nos-mueve-la-esperanza-fe-y-alegria-ataca-la-desnutricion\\\/#primaryimage\"},\"thumbnailUrl\":\"https:\\\/\\\/d3pugrm67vf9n7.cloudfront.net\\\/wp-content\\\/uploads\\\/sites\\\/4\\\/2021\\\/05\\\/28111514\\\/WhatsApp-Image-2021-05-26-at-10.32.51-AM.jpeg\",\"keywords\":[\"D\u00eda Mundial de la Nutrici\u00f3n\",\"Fe y Alegr\u00eda\",\"Venezuela\"],\"articleSection\":[\"Noticias\"],\"inLanguage\":\"es\"},{\"@type\":\"WebPage\",\"@id\":\"https:\\\/\\\/www.feyalegria.org\\\/venezuela\\\/nos-mueve-la-esperanza-fe-y-alegria-ataca-la-desnutricion\\\/\",\"url\":\"https:\\\/\\\/www.feyalegria.org\\\/venezuela\\\/nos-mueve-la-esperanza-fe-y-alegria-ataca-la-desnutricion\\\/\",\"name\":\"Nos mueve la esperanza: Fe y Alegr\u00eda ataca la desnutrici\u00f3n - Fe y Alegr\u00eda en Venezuela\",\"isPartOf\":{\"@id\":\"https:\\\/\\\/www.feyalegria.org\\\/venezuela\\\/#website\"},\"primaryImageOfPage\":{\"@id\":\"https:\\\/\\\/www.feyalegria.org\\\/venezuela\\\/nos-mueve-la-esperanza-fe-y-alegria-ataca-la-desnutricion\\\/#primaryimage\"},\"image\":{\"@id\":\"https:\\\/\\\/www.feyalegria.org\\\/venezuela\\\/nos-mueve-la-esperanza-fe-y-alegria-ataca-la-desnutricion\\\/#primaryimage\"},\"thumbnailUrl\":\"https:\\\/\\\/d3pugrm67vf9n7.cloudfront.net\\\/wp-content\\\/uploads\\\/sites\\\/4\\\/2021\\\/05\\\/28111514\\\/WhatsApp-Image-2021-05-26-at-10.32.51-AM.jpeg\",\"datePublished\":\"2021-05-28T11:20:57+00:00\",\"dateModified\":\"2021-08-04T23:48:03+00:00\",\"author\":{\"@id\":\"https:\\\/\\\/www.feyalegria.org\\\/venezuela\\\/#\\\/schema\\\/person\\\/7fcf310cf79e9dfc0cf304f520691604\"},\"inLanguage\":\"es\",\"potentialAction\":[{\"@type\":\"ReadAction\",\"target\":[\"https:\\\/\\\/www.feyalegria.org\\\/venezuela\\\/nos-mueve-la-esperanza-fe-y-alegria-ataca-la-desnutricion\\\/\"]}]},{\"@type\":\"ImageObject\",\"inLanguage\":\"es\",\"@id\":\"https:\\\/\\\/www.feyalegria.org\\\/venezuela\\\/nos-mueve-la-esperanza-fe-y-alegria-ataca-la-desnutricion\\\/#primaryimage\",\"url\":\"https:\\\/\\\/d3pugrm67vf9n7.cloudfront.net\\\/wp-content\\\/uploads\\\/sites\\\/4\\\/2021\\\/05\\\/28111514\\\/WhatsApp-Image-2021-05-26-at-10.32.51-AM.jpeg\",\"contentUrl\":\"https:\\\/\\\/d3pugrm67vf9n7.cloudfront.net\\\/wp-content\\\/uploads\\\/sites\\\/4\\\/2021\\\/05\\\/28111514\\\/WhatsApp-Image-2021-05-26-at-10.32.51-AM.jpeg\",\"width\":750,\"height\":1000},{\"@type\":\"WebSite\",\"@id\":\"https:\\\/\\\/www.feyalegria.org\\\/venezuela\\\/#website\",\"url\":\"https:\\\/\\\/www.feyalegria.org\\\/venezuela\\\/\",\"name\":\"Fe y Alegr\u00eda en Venezuela\",\"description\":\"\",\"potentialAction\":[{\"@type\":\"SearchAction\",\"target\":{\"@type\":\"EntryPoint\",\"urlTemplate\":\"https:\\\/\\\/www.feyalegria.org\\\/venezuela\\\/?s={search_term_string}\"},\"query-input\":{\"@type\":\"PropertyValueSpecification\",\"valueRequired\":true,\"valueName\":\"search_term_string\"}}],\"inLanguage\":\"es\"},{\"@type\":\"Person\",\"@id\":\"https:\\\/\\\/www.feyalegria.org\\\/venezuela\\\/#\\\/schema\\\/person\\\/7fcf310cf79e9dfc0cf304f520691604\",\"name\":\"adminfyaven\",\"url\":\"https:\\\/\\\/www.feyalegria.org\\\/venezuela\\\/author\\\/adminfyaven\\\/\"}]}<\/script>\n<!-- \/ Yoast SEO plugin. -->","yoast_head_json":{"title":"Nos mueve la esperanza: Fe y Alegr\u00eda ataca la desnutrici\u00f3n - Fe y Alegr\u00eda en Venezuela","robots":{"index":"index","follow":"follow","max-snippet":"max-snippet:-1","max-image-preview":"max-image-preview:large","max-video-preview":"max-video-preview:-1"},"canonical":"https:\/\/www.feyalegria.org\/venezuela\/nos-mueve-la-esperanza-fe-y-alegria-ataca-la-desnutricion\/","og_locale":"es_ES","og_type":"article","og_title":"Nos mueve la esperanza: Fe y Alegr\u00eda ataca la desnutrici\u00f3n - Fe y Alegr\u00eda en Venezuela","og_description":"Fe y Alegr\u00eda desde principios de 2020 ha activado el Programa de Asistencia Nutricional, el cual se encarga de evaluar a ni\u00f1os, ni\u00f1as, adolescentes, mujeres embarazadas y lactantes, que dependiendo de sus diagn\u00f3sticos se les provee de f\u00f3rmulas terap\u00e9uticas para que alcancen un nivel \u00f3ptimo en su estado nutricional.","og_url":"https:\/\/www.feyalegria.org\/venezuela\/nos-mueve-la-esperanza-fe-y-alegria-ataca-la-desnutricion\/","og_site_name":"Fe y Alegr\u00eda en Venezuela","article_published_time":"2021-05-28T11:20:57+00:00","article_modified_time":"2021-08-04T23:48:03+00:00","og_image":[{"width":750,"height":1000,"url":"https:\/\/d3pugrm67vf9n7.cloudfront.net\/wp-content\/uploads\/sites\/4\/2021\/05\/28111514\/WhatsApp-Image-2021-05-26-at-10.32.51-AM.jpeg","type":"image\/jpeg"}],"author":"adminfyaven","twitter_card":"summary_large_image","twitter_misc":{"Escrito por":"adminfyaven","Tiempo de lectura":"4 minutos"},"schema":{"@context":"https:\/\/schema.org","@graph":[{"@type":"Article","@id":"https:\/\/www.feyalegria.org\/venezuela\/nos-mueve-la-esperanza-fe-y-alegria-ataca-la-desnutricion\/#article","isPartOf":{"@id":"https:\/\/www.feyalegria.org\/venezuela\/nos-mueve-la-esperanza-fe-y-alegria-ataca-la-desnutricion\/"},"author":{"name":"adminfyaven","@id":"https:\/\/www.feyalegria.org\/venezuela\/#\/schema\/person\/7fcf310cf79e9dfc0cf304f520691604"},"headline":"Nos mueve la esperanza: Fe y Alegr\u00eda ataca la desnutrici\u00f3n","datePublished":"2021-05-28T11:20:57+00:00","dateModified":"2021-08-04T23:48:03+00:00","mainEntityOfPage":{"@id":"https:\/\/www.feyalegria.org\/venezuela\/nos-mueve-la-esperanza-fe-y-alegria-ataca-la-desnutricion\/"},"wordCount":789,"image":{"@id":"https:\/\/www.feyalegria.org\/venezuela\/nos-mueve-la-esperanza-fe-y-alegria-ataca-la-desnutricion\/#primaryimage"},"thumbnailUrl":"https:\/\/d3pugrm67vf9n7.cloudfront.net\/wp-content\/uploads\/sites\/4\/2021\/05\/28111514\/WhatsApp-Image-2021-05-26-at-10.32.51-AM.jpeg","keywords":["D\u00eda Mundial de la Nutrici\u00f3n","Fe y Alegr\u00eda","Venezuela"],"articleSection":["Noticias"],"inLanguage":"es"},{"@type":"WebPage","@id":"https:\/\/www.feyalegria.org\/venezuela\/nos-mueve-la-esperanza-fe-y-alegria-ataca-la-desnutricion\/","url":"https:\/\/www.feyalegria.org\/venezuela\/nos-mueve-la-esperanza-fe-y-alegria-ataca-la-desnutricion\/","name":"Nos mueve la esperanza: Fe y Alegr\u00eda ataca la desnutrici\u00f3n - Fe y Alegr\u00eda en Venezuela","isPartOf":{"@id":"https:\/\/www.feyalegria.org\/venezuela\/#website"},"primaryImageOfPage":{"@id":"https:\/\/www.feyalegria.org\/venezuela\/nos-mueve-la-esperanza-fe-y-alegria-ataca-la-desnutricion\/#primaryimage"},"image":{"@id":"https:\/\/www.feyalegria.org\/venezuela\/nos-mueve-la-esperanza-fe-y-alegria-ataca-la-desnutricion\/#primaryimage"},"thumbnailUrl":"https:\/\/d3pugrm67vf9n7.cloudfront.net\/wp-content\/uploads\/sites\/4\/2021\/05\/28111514\/WhatsApp-Image-2021-05-26-at-10.32.51-AM.jpeg","datePublished":"2021-05-28T11:20:57+00:00","dateModified":"2021-08-04T23:48:03+00:00","author":{"@id":"https:\/\/www.feyalegria.org\/venezuela\/#\/schema\/person\/7fcf310cf79e9dfc0cf304f520691604"},"inLanguage":"es","potentialAction":[{"@type":"ReadAction","target":["https:\/\/www.feyalegria.org\/venezuela\/nos-mueve-la-esperanza-fe-y-alegria-ataca-la-desnutricion\/"]}]},{"@type":"ImageObject","inLanguage":"es","@id":"https:\/\/www.feyalegria.org\/venezuela\/nos-mueve-la-esperanza-fe-y-alegria-ataca-la-desnutricion\/#primaryimage","url":"https:\/\/d3pugrm67vf9n7.cloudfront.net\/wp-content\/uploads\/sites\/4\/2021\/05\/28111514\/WhatsApp-Image-2021-05-26-at-10.32.51-AM.jpeg","contentUrl":"https:\/\/d3pugrm67vf9n7.cloudfront.net\/wp-content\/uploads\/sites\/4\/2021\/05\/28111514\/WhatsApp-Image-2021-05-26-at-10.32.51-AM.jpeg","width":750,"height":1000},{"@type":"WebSite","@id":"https:\/\/www.feyalegria.org\/venezuela\/#website","url":"https:\/\/www.feyalegria.org\/venezuela\/","name":"Fe y Alegr\u00eda en Venezuela","description":"","potentialAction":[{"@type":"SearchAction","target":{"@type":"EntryPoint","urlTemplate":"https:\/\/www.feyalegria.org\/venezuela\/?s={search_term_string}"},"query-input":{"@type":"PropertyValueSpecification","valueRequired":true,"valueName":"search_term_string"}}],"inLanguage":"es"},{"@type":"Person","@id":"https:\/\/www.feyalegria.org\/venezuela\/#\/schema\/person\/7fcf310cf79e9dfc0cf304f520691604","name":"adminfyaven","url":"https:\/\/www.feyalegria.org\/venezuela\/author\/adminfyaven\/"}]}},"_links":{"self":[{"href":"https:\/\/www.feyalegria.org\/venezuela\/wp-json\/wp\/v2\/posts\/2644","targetHints":{"allow":["GET"]}}],"collection":[{"href":"https:\/\/www.feyalegria.org\/venezuela\/wp-json\/wp\/v2\/posts"}],"about":[{"href":"https:\/\/www.feyalegria.org\/venezuela\/wp-json\/wp\/v2\/types\/post"}],"author":[{"embeddable":true,"href":"https:\/\/www.feyalegria.org\/venezuela\/wp-json\/wp\/v2\/users\/90"}],"replies":[{"embeddable":true,"href":"https:\/\/www.feyalegria.org\/venezuela\/wp-json\/wp\/v2\/comments?post=2644"}],"version-history":[{"count":0,"href":"https:\/\/www.feyalegria.org\/venezuela\/wp-json\/wp\/v2\/posts\/2644\/revisions"}],"wp:featuredmedia":[{"embeddable":true,"href":"https:\/\/www.feyalegria.org\/venezuela\/wp-json\/wp\/v2\/media\/2646"}],"wp:attachment":[{"href":"https:\/\/www.feyalegria.org\/venezuela\/wp-json\/wp\/v2\/media?parent=2644"}],"wp:term":[{"taxonomy":"category","embeddable":true,"href":"https:\/\/www.feyalegria.org\/venezuela\/wp-json\/wp\/v2\/categories?post=2644"},{"taxonomy":"post_tag","embeddable":true,"href":"https:\/\/www.feyalegria.org\/venezuela\/wp-json\/wp\/v2\/tags?post=2644"},{"taxonomy":"post_folder","embeddable":true,"href":"https:\/\/www.feyalegria.org\/venezuela\/wp-json\/wp\/v2\/post_folder?post=2644"}],"curies":[{"name":"wp","href":"https:\/\/api.w.org\/{rel}","templated":true}]}}