{"id":2650,"date":"2021-05-28T11:39:39","date_gmt":"2021-05-28T11:39:39","guid":{"rendered":"https:\/\/www.feyalegria.org\/venezuela\/?p=2650"},"modified":"2021-08-04T23:47:53","modified_gmt":"2021-08-04T23:47:53","slug":"entendernos-porque-somos-hermanos","status":"publish","type":"post","link":"https:\/\/www.feyalegria.org\/venezuela\/entendernos-porque-somos-hermanos\/","title":{"rendered":"Entendernos porque somos hermanos"},"content":{"rendered":"<div class=\"wpb-content-wrapper\"><p>[vc_row css=\u00bb.vc_custom_1606160684358{padding-top: 40px !important;}\u00bb][vc_column]\n    <div style=\"text-align:center\" class=\"nd_options_section\">\n      <img decoding=\"async\" alt=\"\" style=\"width:\" class=\" nd_options_margin_0 nd_options_padding_0 \" src=\"https:\/\/d3pugrm67vf9n7.cloudfront.net\/wp-content\/uploads\/sites\/4\/2021\/05\/29113726\/opinion-1.jpg\">\n    <\/div>\n   [vc_column_text]Este viernes 28 de mayo se llev\u00f3 a cabo el XII Encuentro de Constructores de Paz, cuyo lema es \u201cEntendernos porque somos hermanos\u201d.<\/p>\n<p>&nbsp;<\/p>\n<p>Este evento es organizado por la Red de Acci\u00f3n Social de la Iglesia (RASI) desde hace doce a\u00f1os y debido al brote infeccioso por la COVID-19, se realiz\u00f3 por segunda vez en versi\u00f3n virtual a trav\u00e9s de la plataforma Zoom, desde all\u00ed\u00a0 organizaciones sociales, docentes, estudiantes y comunidad en general participaron v\u00eda remota.<\/p>\n<p>&nbsp;<\/p>\n<p>A continuaci\u00f3n el comunicado de la RASI en el marco del XII Encuentro Constructores de Paz 2021.<\/p>\n<p>&nbsp;<\/p>\n<p>\u201cYo estoy con ustedes siempre hasta el fin de los tiempos\u00bb (Mateo 28:20).<\/p>\n<p>&nbsp;<\/p>\n<p>Frente a la crisis, las tensiones y la ansiedad que vivimos, construyamos un pa\u00eds donde reine el entendimiento, la justicia y la paz.<\/p>\n<p>&nbsp;<\/p>\n<p>Los venezolanos vivimos desde hace mucho tiempo en un contexto de pecado estructural que atenta cada d\u00eda contra la vida de la mayor\u00eda de la poblaci\u00f3n. Como Iglesia nuestras plegarias han estado habitadas por el dolor y el sufrimiento de nuestro pueblo que clama al cielo. Los indicadores sociales dan cuenta de nuestro drama: 5.643.665 de emigrantes; 32% de los ni\u00f1os de las parroquias m\u00e1s pobres del pa\u00eds tienen retardo de crecimiento; la violencia delincuencial y policial mantiene en zozobra nuestra cotidianidad; el abandono de las aulas de clases es alarmante y la desigualdad educativa ha crecido abismalmente por la falta de internet y bienes tecnol\u00f3gicos; el acceso a los medicamentos, especialmente para el tratamiento de enfermedades cr\u00f3nicas est\u00e1 pr\u00e1cticamente negado, as\u00ed como tambi\u00e9n a los servicios p\u00fablicos de agua, gas y electricidad.<\/p>\n<p>&nbsp;<\/p>\n<p>Este contexto de violencia generalizada, que est\u00e1 matando a nuestro pueblo, se ha profundizado en los \u00faltimos a\u00f1os a consecuencia de la crisis pol\u00edtica, las sanciones econ\u00f3micas y, m\u00e1s a\u00fan, la pandemia, que llega en un estado de extrema fragilidad de nuestro sistema sanitario y de atenci\u00f3n social.<\/p>\n<p>&nbsp;<\/p>\n<p>La Red de Acci\u00f3n Social de la Iglesia (RASI) ha promovido respuestas concretas a favor de las comunidades y las personas m\u00e1s vulnerables. Como hombres y mujeres cristianos, hemos encontrado en nuestra relaci\u00f3n \u00edntima y profunda con Jesucristo la fortaleza de la fe y la sabidur\u00eda para responder solidariamente al llamado que Jes\u00fas, Se\u00f1or de la Vida y de la Historia, nos hace, y, para emprender como Red, respuestas humanitarias a favor de las personas y las comunidades m\u00e1s vulnerables. Todo esto sin perder de vista los objetivos fundacionales de nuestras organizaciones, los cuales est\u00e1n encaminados al desarrollo humano y comunitario, el fortalecimiento del tejido social y la convivencia pac\u00edfica y democr\u00e1tica. Sin embargo, somos conscientes de que nuestra acci\u00f3n solidaria en este contexto de emergencia humanitaria es subsidiaria y, por ello, para que este pecado estructural se supere, es urgente una conversi\u00f3n en todos los sectores (pol\u00edticos, econ\u00f3micos, sociales, religiosos, etc.) para que logremos como sociedad una concertaci\u00f3n que restablezca el Estado de derecho y garantice la vida y la dignidad humana de todos los venezolanos.<\/p>\n<p>&nbsp;<\/p>\n<p>En medio de esta hora aciaga, seguimos siendo hombres y mujeres de esperanza y creemos que, como Iglesia y como pa\u00eds, estamos viviendo un aut\u00e9ntico Kair\u00f3s con la beatificaci\u00f3n de Jos\u00e9 Gregorio Hern\u00e1ndez (JGH). Aquel grito \u201cel doctor Jos\u00e9 Gregorio es nuestro\u201d, que uni\u00f3 en una sola voz a todos los sectores sociales y pol\u00edticos de la Venezuela de entonces, el d\u00eda de su funeral (1919), qued\u00f3 arraigado en el coraz\u00f3n de nuestro pueblo. Esa voz a\u00fan resuena y nos llama a una conversi\u00f3n por la vida y la dignidad de nuestra gente. Necesitamos una sanaci\u00f3n a todos los niveles. El gran novelista R\u00f3mulo Gallegos expres\u00f3 en aquel momento: \u201cdelante del f\u00e9retro de JGH todos sent\u00edamos el deseo de ser buenos\u201d. Esperamos, que ese \u2018deseo de ser buenos\u2019 ilumine nuestra conciencia y nos active a favor de la vida y del bien com\u00fan y obre el milagro de la conversi\u00f3n para restablecer el entendimiento en democracia y la convivencia justa y fraterna de todos los sectores del pa\u00eds.<\/p>\n<p>&nbsp;<\/p>\n<p><strong>Ese deseo de ser bueno y hacer el bien es un llamado del Esp\u00edritu:<\/strong><\/p>\n<p>&nbsp;<\/p>\n<ol>\n<li>A cada venezolano, para que entendamos que el cambio comienza en cada uno de nosotros, que las salidas individuales son un camino ciego, que la corresponsabilidad y la participaci\u00f3n obran, desde lo peque\u00f1o las grandes transformaciones.<\/li>\n<\/ol>\n<p>&nbsp;<\/p>\n<ol start=\"2\">\n<li>A cada bautizado para que, a ejemplo de nuestro Beato, sintamos el llamado de construir condiciones de vida y dar vida en medio de la adversidad con la convicci\u00f3n de \u201cvencer el mal a fuerza de bien\u201d (Rom 12,21).<\/li>\n<\/ol>\n<p>&nbsp;<\/p>\n<ol start=\"3\">\n<li>A cada comunidad y organizaci\u00f3n social comprometida para que, en el esp\u00edritu de la enc\u00edclica Fratelli Tutti del papa Francisco, nos articulemos con otras comunidades y organizaciones constituyendo redes de solidaridad que se transformen en una fuerza social que, abocada al restablecimiento del Estado de derecho y, as\u00ed pasar a condiciones de vida m\u00e1s dignas, haciendo de la fraternidad una aut\u00e9ntica fuerza renovadora y constructora de paz. Que entendamos, de una vez por todas, que los particularismos son paralizantes y autodestructivos y que como en el acontecimiento de Pentecost\u00e9s, el Esp\u00edritu Santo obra la unidad en la pluralidad de dones y en el entendimiento por la vida (Hch 2,1-13).<\/li>\n<\/ol>\n<p>&nbsp;<\/p>\n<ol start=\"4\">\n<li>A cada uno de nuestros pastores (obispos, presb\u00edteros, di\u00e1conos, vicarias) y vida religiosa para que sigan alentando la sinodalidad que se expresa en la participaci\u00f3n y corresponsabilidad del pueblo de Dios, y, animen en los bautizados una fe comprometida con los derechos humanos, el ecumenismo y la construcci\u00f3n de una ciudadan\u00eda abocada al bien com\u00fan.<\/li>\n<\/ol>\n<p>&nbsp;<\/p>\n<ol start=\"5\">\n<li>A las personas que gobiernan el pa\u00eds para que entiendan que la idolatr\u00eda del poder sacrifica los destinos del pa\u00eds y va dejando en el camino muchas v\u00edctimas inocentes. Creemos que nunca es tarde para recapacitar, ceder a los privilegios y posiciones a favor del bien com\u00fan. Consideramos que es posible llegar a acuerdos que posibiliten una soluci\u00f3n pac\u00edfica de nuestras diferencias, y esto se ha evidenciado en peque\u00f1o en el nombramiento del nuevo CNE, pero se deben seguir dando m\u00e1s se\u00f1ales, como el urgente acuerdo favorable a la vacunaci\u00f3n anti Covid 19 y, tambi\u00e9n, la derogatoria de las normas que pretenden limitar, de manera generalizada y arbitraria, la cooperaci\u00f3n internacional y el accionar de las organizaciones humanitarias a favor de la vida, as\u00ed como la liberaci\u00f3n de los presos pol\u00edticos. Finalmente, debe cesar el empe\u00f1o unilateral de imponer las ciudades comunales en contrav\u00eda con la distribuci\u00f3n del poder territorial que establece nuestra Constituci\u00f3n. Dios abre siempre oportunidades para cambiar y volver al camino del bien y la vida. Como dice el salmista: \u201cHaz la prueba y ver\u00e1s qu\u00e9 bueno es el Se\u00f1or\u201d (Sal 33).<\/li>\n<\/ol>\n<p>&nbsp;<\/p>\n<ol start=\"6\">\n<li>A los actores de la oposici\u00f3n pol\u00edtica, para que se esfuercen en construir una alternativa viable, consensuada y soberana donde los destinos del pa\u00eds y las condiciones de vida de nuestro pueblo est\u00e9n en el centro.<\/li>\n<\/ol>\n<p>&nbsp;<\/p>\n<ol start=\"7\">\n<li>A los empresarios para que ante tanta adversidad asuman como misi\u00f3n la responsabilidad social y apuesten por el progreso de nuestro pa\u00eds, poniendo todos los medios para negociar y reactivar la econom\u00eda.<\/li>\n<\/ol>\n<p>&nbsp;<\/p>\n<ol start=\"8\">\n<li>A la comunidad internacional para que en el marco de los convenios y tratados internacionales medie, acompa\u00f1e y observe con imparcialidad una soluci\u00f3n pac\u00edfica y negociada a nuestra crisis pol\u00edtica y, se pueda reestablecer el orden constitucional y el sistema democr\u00e1tico.<\/li>\n<\/ol>\n<p>&nbsp;<\/p>\n<p>En el esp\u00edritu de la fiesta cristiana del Pentecost\u00e9s, paradigma del entendimiento, y con la fe en nuestro Se\u00f1or Jesucristo, el Buen Pastor, que nos dice \u201che venido para que tengan vida y vida en abundancia\u201d (Jn 10,10), confiamos en la buena voluntad de todos los sectores del pa\u00eds para que, desde el abismo en que nos encontramos, pongamos nuestra mirada en la Luz y encontremos el camino para una soluci\u00f3n pac\u00edfica a nuestra crisis de tantos a\u00f1os y as\u00ed mejorar las condiciones de vida, recuperar la democracia, el Estado de derecho y caminar, con nuestras diferencias, hac\u00eda una comuni\u00f3n fraterna para que como dice el lema de este a\u00f1o podamos \u201cEntendernos porque somos hermanos\u201d.<\/p>\n<p>&nbsp;<\/p>\n<p>Beato Jos\u00e9 Gregorio Hern\u00e1ndez \/ Ruega por nosotros.<\/p>\n<p>&nbsp;<\/p>\n<p>Caracas, viernes 28 de mayo de 2021.[\/vc_column_text][\/vc_column][\/vc_row]<\/p>\n<\/div>","protected":false},"excerpt":{"rendered":"<div style=\"height: 264px\">Este viernes 28 de mayo se llev\u00f3 a cabo el XII Encuentro de Constructores de Paz, un evento organizado por la Red de Acci\u00f3n Social de la Iglesia (RASI) desde hace doce a\u00f1os.<\/div>\n","protected":false},"author":90,"featured_media":2651,"comment_status":"closed","ping_status":"closed","sticky":false,"template":"","format":"standard","meta":{"_acf_changed":false,"footnotes":""},"categories":[183],"tags":[460,448],"post_folder":[],"class_list":["post-2650","post","type-post","status-publish","format-standard","has-post-thumbnail","hentry","category-noticias","tag-constructores-de-paz","tag-venezuela"],"acf":[],"yoast_head":"<!-- This site is optimized with the Yoast SEO plugin v27.5 - https:\/\/yoast.com\/product\/yoast-seo-wordpress\/ -->\n<title>Entendernos porque somos hermanos - Fe y Alegr\u00eda en Venezuela<\/title>\n<meta name=\"robots\" content=\"index, follow, max-snippet:-1, max-image-preview:large, max-video-preview:-1\" \/>\n<link rel=\"canonical\" href=\"https:\/\/www.feyalegria.org\/venezuela\/entendernos-porque-somos-hermanos\/\" \/>\n<meta property=\"og:locale\" content=\"es_ES\" \/>\n<meta property=\"og:type\" content=\"article\" \/>\n<meta property=\"og:title\" content=\"Entendernos porque somos hermanos - Fe y Alegr\u00eda en Venezuela\" \/>\n<meta property=\"og:description\" content=\"Este viernes 28 de mayo se llev\u00f3 a cabo el XII Encuentro de Constructores de Paz, un evento organizado por la Red de Acci\u00f3n Social de la Iglesia (RASI) desde hace doce a\u00f1os.\" \/>\n<meta property=\"og:url\" content=\"https:\/\/www.feyalegria.org\/venezuela\/entendernos-porque-somos-hermanos\/\" \/>\n<meta property=\"og:site_name\" content=\"Fe y Alegr\u00eda en Venezuela\" \/>\n<meta property=\"article:published_time\" content=\"2021-05-28T11:39:39+00:00\" \/>\n<meta property=\"article:modified_time\" content=\"2021-08-04T23:47:53+00:00\" \/>\n<meta property=\"og:image\" content=\"https:\/\/d3pugrm67vf9n7.cloudfront.net\/wp-content\/uploads\/sites\/4\/2021\/05\/29113726\/opinion-1.jpg\" \/>\n\t<meta property=\"og:image:width\" content=\"768\" \/>\n\t<meta property=\"og:image:height\" content=\"457\" \/>\n\t<meta property=\"og:image:type\" content=\"image\/jpeg\" \/>\n<meta name=\"author\" content=\"adminfyaven\" \/>\n<meta name=\"twitter:card\" content=\"summary_large_image\" \/>\n<meta name=\"twitter:label1\" content=\"Escrito por\" \/>\n\t<meta name=\"twitter:data1\" content=\"adminfyaven\" \/>\n\t<meta name=\"twitter:label2\" content=\"Tiempo de lectura\" \/>\n\t<meta name=\"twitter:data2\" content=\"7 minutos\" \/>\n<script type=\"application\/ld+json\" class=\"yoast-schema-graph\">{\"@context\":\"https:\\\/\\\/schema.org\",\"@graph\":[{\"@type\":\"Article\",\"@id\":\"https:\\\/\\\/www.feyalegria.org\\\/venezuela\\\/entendernos-porque-somos-hermanos\\\/#article\",\"isPartOf\":{\"@id\":\"https:\\\/\\\/www.feyalegria.org\\\/venezuela\\\/entendernos-porque-somos-hermanos\\\/\"},\"author\":{\"name\":\"adminfyaven\",\"@id\":\"https:\\\/\\\/www.feyalegria.org\\\/venezuela\\\/#\\\/schema\\\/person\\\/7fcf310cf79e9dfc0cf304f520691604\"},\"headline\":\"Entendernos porque somos hermanos\",\"datePublished\":\"2021-05-28T11:39:39+00:00\",\"dateModified\":\"2021-08-04T23:47:53+00:00\",\"mainEntityOfPage\":{\"@id\":\"https:\\\/\\\/www.feyalegria.org\\\/venezuela\\\/entendernos-porque-somos-hermanos\\\/\"},\"wordCount\":1490,\"image\":{\"@id\":\"https:\\\/\\\/www.feyalegria.org\\\/venezuela\\\/entendernos-porque-somos-hermanos\\\/#primaryimage\"},\"thumbnailUrl\":\"https:\\\/\\\/d3pugrm67vf9n7.cloudfront.net\\\/wp-content\\\/uploads\\\/sites\\\/4\\\/2021\\\/05\\\/29113726\\\/opinion-1.jpg\",\"keywords\":[\"Constructores de Paz\",\"Venezuela\"],\"articleSection\":[\"Noticias\"],\"inLanguage\":\"es\"},{\"@type\":\"WebPage\",\"@id\":\"https:\\\/\\\/www.feyalegria.org\\\/venezuela\\\/entendernos-porque-somos-hermanos\\\/\",\"url\":\"https:\\\/\\\/www.feyalegria.org\\\/venezuela\\\/entendernos-porque-somos-hermanos\\\/\",\"name\":\"Entendernos porque somos hermanos - Fe y Alegr\u00eda en Venezuela\",\"isPartOf\":{\"@id\":\"https:\\\/\\\/www.feyalegria.org\\\/venezuela\\\/#website\"},\"primaryImageOfPage\":{\"@id\":\"https:\\\/\\\/www.feyalegria.org\\\/venezuela\\\/entendernos-porque-somos-hermanos\\\/#primaryimage\"},\"image\":{\"@id\":\"https:\\\/\\\/www.feyalegria.org\\\/venezuela\\\/entendernos-porque-somos-hermanos\\\/#primaryimage\"},\"thumbnailUrl\":\"https:\\\/\\\/d3pugrm67vf9n7.cloudfront.net\\\/wp-content\\\/uploads\\\/sites\\\/4\\\/2021\\\/05\\\/29113726\\\/opinion-1.jpg\",\"datePublished\":\"2021-05-28T11:39:39+00:00\",\"dateModified\":\"2021-08-04T23:47:53+00:00\",\"author\":{\"@id\":\"https:\\\/\\\/www.feyalegria.org\\\/venezuela\\\/#\\\/schema\\\/person\\\/7fcf310cf79e9dfc0cf304f520691604\"},\"inLanguage\":\"es\",\"potentialAction\":[{\"@type\":\"ReadAction\",\"target\":[\"https:\\\/\\\/www.feyalegria.org\\\/venezuela\\\/entendernos-porque-somos-hermanos\\\/\"]}]},{\"@type\":\"ImageObject\",\"inLanguage\":\"es\",\"@id\":\"https:\\\/\\\/www.feyalegria.org\\\/venezuela\\\/entendernos-porque-somos-hermanos\\\/#primaryimage\",\"url\":\"https:\\\/\\\/d3pugrm67vf9n7.cloudfront.net\\\/wp-content\\\/uploads\\\/sites\\\/4\\\/2021\\\/05\\\/29113726\\\/opinion-1.jpg\",\"contentUrl\":\"https:\\\/\\\/d3pugrm67vf9n7.cloudfront.net\\\/wp-content\\\/uploads\\\/sites\\\/4\\\/2021\\\/05\\\/29113726\\\/opinion-1.jpg\",\"width\":768,\"height\":457},{\"@type\":\"WebSite\",\"@id\":\"https:\\\/\\\/www.feyalegria.org\\\/venezuela\\\/#website\",\"url\":\"https:\\\/\\\/www.feyalegria.org\\\/venezuela\\\/\",\"name\":\"Fe y Alegr\u00eda en Venezuela\",\"description\":\"\",\"potentialAction\":[{\"@type\":\"SearchAction\",\"target\":{\"@type\":\"EntryPoint\",\"urlTemplate\":\"https:\\\/\\\/www.feyalegria.org\\\/venezuela\\\/?s={search_term_string}\"},\"query-input\":{\"@type\":\"PropertyValueSpecification\",\"valueRequired\":true,\"valueName\":\"search_term_string\"}}],\"inLanguage\":\"es\"},{\"@type\":\"Person\",\"@id\":\"https:\\\/\\\/www.feyalegria.org\\\/venezuela\\\/#\\\/schema\\\/person\\\/7fcf310cf79e9dfc0cf304f520691604\",\"name\":\"adminfyaven\",\"url\":\"https:\\\/\\\/www.feyalegria.org\\\/venezuela\\\/author\\\/adminfyaven\\\/\"}]}<\/script>\n<!-- \/ Yoast SEO plugin. -->","yoast_head_json":{"title":"Entendernos porque somos hermanos - Fe y Alegr\u00eda en Venezuela","robots":{"index":"index","follow":"follow","max-snippet":"max-snippet:-1","max-image-preview":"max-image-preview:large","max-video-preview":"max-video-preview:-1"},"canonical":"https:\/\/www.feyalegria.org\/venezuela\/entendernos-porque-somos-hermanos\/","og_locale":"es_ES","og_type":"article","og_title":"Entendernos porque somos hermanos - Fe y Alegr\u00eda en Venezuela","og_description":"Este viernes 28 de mayo se llev\u00f3 a cabo el XII Encuentro de Constructores de Paz, un evento organizado por la Red de Acci\u00f3n Social de la Iglesia (RASI) desde hace doce a\u00f1os.","og_url":"https:\/\/www.feyalegria.org\/venezuela\/entendernos-porque-somos-hermanos\/","og_site_name":"Fe y Alegr\u00eda en Venezuela","article_published_time":"2021-05-28T11:39:39+00:00","article_modified_time":"2021-08-04T23:47:53+00:00","og_image":[{"width":768,"height":457,"url":"https:\/\/d3pugrm67vf9n7.cloudfront.net\/wp-content\/uploads\/sites\/4\/2021\/05\/29113726\/opinion-1.jpg","type":"image\/jpeg"}],"author":"adminfyaven","twitter_card":"summary_large_image","twitter_misc":{"Escrito por":"adminfyaven","Tiempo de lectura":"7 minutos"},"schema":{"@context":"https:\/\/schema.org","@graph":[{"@type":"Article","@id":"https:\/\/www.feyalegria.org\/venezuela\/entendernos-porque-somos-hermanos\/#article","isPartOf":{"@id":"https:\/\/www.feyalegria.org\/venezuela\/entendernos-porque-somos-hermanos\/"},"author":{"name":"adminfyaven","@id":"https:\/\/www.feyalegria.org\/venezuela\/#\/schema\/person\/7fcf310cf79e9dfc0cf304f520691604"},"headline":"Entendernos porque somos hermanos","datePublished":"2021-05-28T11:39:39+00:00","dateModified":"2021-08-04T23:47:53+00:00","mainEntityOfPage":{"@id":"https:\/\/www.feyalegria.org\/venezuela\/entendernos-porque-somos-hermanos\/"},"wordCount":1490,"image":{"@id":"https:\/\/www.feyalegria.org\/venezuela\/entendernos-porque-somos-hermanos\/#primaryimage"},"thumbnailUrl":"https:\/\/d3pugrm67vf9n7.cloudfront.net\/wp-content\/uploads\/sites\/4\/2021\/05\/29113726\/opinion-1.jpg","keywords":["Constructores de Paz","Venezuela"],"articleSection":["Noticias"],"inLanguage":"es"},{"@type":"WebPage","@id":"https:\/\/www.feyalegria.org\/venezuela\/entendernos-porque-somos-hermanos\/","url":"https:\/\/www.feyalegria.org\/venezuela\/entendernos-porque-somos-hermanos\/","name":"Entendernos porque somos hermanos - Fe y Alegr\u00eda en Venezuela","isPartOf":{"@id":"https:\/\/www.feyalegria.org\/venezuela\/#website"},"primaryImageOfPage":{"@id":"https:\/\/www.feyalegria.org\/venezuela\/entendernos-porque-somos-hermanos\/#primaryimage"},"image":{"@id":"https:\/\/www.feyalegria.org\/venezuela\/entendernos-porque-somos-hermanos\/#primaryimage"},"thumbnailUrl":"https:\/\/d3pugrm67vf9n7.cloudfront.net\/wp-content\/uploads\/sites\/4\/2021\/05\/29113726\/opinion-1.jpg","datePublished":"2021-05-28T11:39:39+00:00","dateModified":"2021-08-04T23:47:53+00:00","author":{"@id":"https:\/\/www.feyalegria.org\/venezuela\/#\/schema\/person\/7fcf310cf79e9dfc0cf304f520691604"},"inLanguage":"es","potentialAction":[{"@type":"ReadAction","target":["https:\/\/www.feyalegria.org\/venezuela\/entendernos-porque-somos-hermanos\/"]}]},{"@type":"ImageObject","inLanguage":"es","@id":"https:\/\/www.feyalegria.org\/venezuela\/entendernos-porque-somos-hermanos\/#primaryimage","url":"https:\/\/d3pugrm67vf9n7.cloudfront.net\/wp-content\/uploads\/sites\/4\/2021\/05\/29113726\/opinion-1.jpg","contentUrl":"https:\/\/d3pugrm67vf9n7.cloudfront.net\/wp-content\/uploads\/sites\/4\/2021\/05\/29113726\/opinion-1.jpg","width":768,"height":457},{"@type":"WebSite","@id":"https:\/\/www.feyalegria.org\/venezuela\/#website","url":"https:\/\/www.feyalegria.org\/venezuela\/","name":"Fe y Alegr\u00eda en Venezuela","description":"","potentialAction":[{"@type":"SearchAction","target":{"@type":"EntryPoint","urlTemplate":"https:\/\/www.feyalegria.org\/venezuela\/?s={search_term_string}"},"query-input":{"@type":"PropertyValueSpecification","valueRequired":true,"valueName":"search_term_string"}}],"inLanguage":"es"},{"@type":"Person","@id":"https:\/\/www.feyalegria.org\/venezuela\/#\/schema\/person\/7fcf310cf79e9dfc0cf304f520691604","name":"adminfyaven","url":"https:\/\/www.feyalegria.org\/venezuela\/author\/adminfyaven\/"}]}},"_links":{"self":[{"href":"https:\/\/www.feyalegria.org\/venezuela\/wp-json\/wp\/v2\/posts\/2650","targetHints":{"allow":["GET"]}}],"collection":[{"href":"https:\/\/www.feyalegria.org\/venezuela\/wp-json\/wp\/v2\/posts"}],"about":[{"href":"https:\/\/www.feyalegria.org\/venezuela\/wp-json\/wp\/v2\/types\/post"}],"author":[{"embeddable":true,"href":"https:\/\/www.feyalegria.org\/venezuela\/wp-json\/wp\/v2\/users\/90"}],"replies":[{"embeddable":true,"href":"https:\/\/www.feyalegria.org\/venezuela\/wp-json\/wp\/v2\/comments?post=2650"}],"version-history":[{"count":0,"href":"https:\/\/www.feyalegria.org\/venezuela\/wp-json\/wp\/v2\/posts\/2650\/revisions"}],"wp:featuredmedia":[{"embeddable":true,"href":"https:\/\/www.feyalegria.org\/venezuela\/wp-json\/wp\/v2\/media\/2651"}],"wp:attachment":[{"href":"https:\/\/www.feyalegria.org\/venezuela\/wp-json\/wp\/v2\/media?parent=2650"}],"wp:term":[{"taxonomy":"category","embeddable":true,"href":"https:\/\/www.feyalegria.org\/venezuela\/wp-json\/wp\/v2\/categories?post=2650"},{"taxonomy":"post_tag","embeddable":true,"href":"https:\/\/www.feyalegria.org\/venezuela\/wp-json\/wp\/v2\/tags?post=2650"},{"taxonomy":"post_folder","embeddable":true,"href":"https:\/\/www.feyalegria.org\/venezuela\/wp-json\/wp\/v2\/post_folder?post=2650"}],"curies":[{"name":"wp","href":"https:\/\/api.w.org\/{rel}","templated":true}]}}