 {"id":2731,"date":"2021-06-27T13:21:41","date_gmt":"2021-06-27T13:21:41","guid":{"rendered":"https:\/\/www.feyalegria.org\/venezuela\/?p=2731"},"modified":"2021-08-04T23:38:28","modified_gmt":"2021-08-04T23:38:28","slug":"periodistas-mucho-mas-que-un-microfono","status":"publish","type":"post","link":"https:\/\/www.feyalegria.org\/venezuela\/periodistas-mucho-mas-que-un-microfono\/","title":{"rendered":"Periodistas: mucho m\u00e1s que un micr\u00f3fono"},"content":{"rendered":"<div class=\"wpb-content-wrapper\"><p>[vc_row css=\u00bb.vc_custom_1606160684358{padding-top: 40px !important;}\u00bb][vc_column]\n    <div style=\"text-align:center\" class=\"nd_options_section\">\n      <img decoding=\"async\" alt=\"\" style=\"width:\" class=\" nd_options_margin_0 nd_options_padding_0 \" src=\"https:\/\/d3pugrm67vf9n7.cloudfront.net\/wp-content\/uploads\/sites\/4\/2021\/06\/27131018\/Periodistas.jpg\">\n    <\/div>\n   [vc_column_text]Con motivo a la celebraci\u00f3n del D\u00eda del Periodista este domingo 27 de junio, la educadora y coordinadora del programa Madres Promotoras de Paz de Fe y Alegr\u00eda, Luisa Pernalete, escribi\u00f3 sobre ese profesional que no tiene d\u00edas libres y que cumple con \u00abgrandes funciones en esta \u00e9poca. Justo es reconocer su trabajo y hacer visible su labor, que va m\u00e1s all\u00e1 de narrar noticias\u00bb.<\/p>\n<p>&nbsp;<\/p>\n<p>El 27 de junio se celebra el D\u00eda del Periodista en Venezuela. Es una buena oportunidad para que los ciudadanos reconozcamos el trabajo de esos profesionales que siempre escriben para nosotros y sean ellos noticia.<\/p>\n<p>&nbsp;<\/p>\n<p>Los comunicadores sociales, comencemos por ah\u00ed, no son meros \u201cnarradores de noticias\u201d. Les toca buscarlas, discernir, saber preguntar, se arriesgan por encontrar las noticias para nosotros. Cuando preguntan, nos hacen un servicio a nosotros, los ciudadanos que necesitamos estar informados.<\/p>\n<p>&nbsp;<\/p>\n<p>En estos tiempos de pandemia, hay que subrayarlo, para esos comunicadores que hacen de reporteros, es un peligro para sus vidas estar en donde ocurren los sucesos, sea una protesta, sea un crimen, sea una denuncia, tienen que ir donde ocurren los hechos, nada de s\u00f3lo hacer mercado o comprar una medicina. La agenda del reportero se la hacen, no elige ir o no ir. Yo valoro esa disposici\u00f3n, y ese riesgo tambi\u00e9n.<\/p>\n<p>&nbsp;<\/p>\n<p>Adem\u00e1s del reportero que va a donde ocurren los hechos, donde la noticia, est\u00e1 tambi\u00e9n el que discierne para profundizar un tema que puede orientar a muchos lectores. El otro d\u00eda, por ejemplo, me llam\u00f3 una chica, una periodista, estaba haciendo un trabajo sobre el suicidio en ni\u00f1os y adolescentes en Venezuela. El tema ya supon\u00eda dos cosas: estaba bien informada \u2013 Cecodap, por ejemplo, hab\u00eda alertado sobre el peligro del incremento de intentos de suicidios en NNA \u2013 y tambi\u00e9n supone sensibilidad. Por supuesto, profundizar en un tema se requiere ser detective, rastrear pistas, perseverar porque no siempre conseguir\u00e1n los datos con la primera puerta que toquen. Desde que se plantean el tema, hasta que logran hacer el trabajo, hay un camino que recorrer.<\/p>\n<p>&nbsp;<\/p>\n<p>Est\u00e1n los que miran m\u00e1s all\u00e1: \u00bfy qu\u00e9 puede pasar si\u2026? Ya sea para alertar, o para buscar soluciones, no se contentan con recoger lo que ya sucedi\u00f3, piensan en posibles escenarios futuros.<\/p>\n<p>&nbsp;<\/p>\n<p>\u00bfY qu\u00e9 me dicen de los que usan sus dos ojos? El que mira el drama, la tragedia, que bastantes hay en el pa\u00eds, y el que descubre lo que yo llamo \u201cvelitas en medio del apag\u00f3n\u201d. Esos testimonios de personas u organizaciones, que extienden su mano para ayudar a otros, esos h\u00e9roes an\u00f3nimos que brindan desde sonrisas hasta verdaderos \u201csalvavidas\u201d para otros. Detectar y socializar esas velitas, contribuye a sembrar esperanza, muy necesario en una sociedad abrumada por los problemas, esos que vienen de la emergencia humanitaria compleja, aunados a los generados por la pandemia, m\u00e1s el deterioro generalizado de los servicios p\u00fablicos. Esas \u201cvelitas en medio del apag\u00f3n\u201d, hechas visibles por periodistas, son de una gran ayuda.<\/p>\n<p>&nbsp;<\/p>\n<p>Hay que recordar a los periodistas el poder que tienen para crear corrientes de opini\u00f3n entre los ciudadanos, pueden inclinar a grupos a favor o en contra de una causa. Tambi\u00e9n pueden alertar, infundir \u00e1nimo para acciones constructivas. La responsabilidad es muy grande, porque el poder es muy grande tambi\u00e9n.<\/p>\n<p>&nbsp;<\/p>\n<p>Los periodistas tambi\u00e9n pueden dar mucha alegr\u00eda cuando dan buenas noticias. Recuerdo cuando viv\u00eda en Guayana, y alg\u00fan peri\u00f3dico local sacaba informaci\u00f3n positiva de comunidades populares, seguro que la nota se recortaba y se exhib\u00eda en la cartelera de las escuelas o de la iglesia de la comunidad, se elevaba el \u00e1nimo, sub\u00eda la autoestima, serv\u00eda de ejemplo positivo y contagio para otras comunidades con problemas similares.<\/p>\n<p>&nbsp;<\/p>\n<p>En estos tiempos de pandemia, y de cierre de medios impresos, a los periodistas les ha tocado reinventarse. Yo admiro la capacidad de resiliencia: \u00a1que les bloquearon el portal! Le consigue un camino alternativo; \u00a1que cerraron la edici\u00f3n impresa! Pues lo hacen digital. \u00a1Que se fue la luz en plena entrevista por zoom! Llaman por tel\u00e9fono\u2026 Siempre tienen una salida.<\/p>\n<p>&nbsp;<\/p>\n<p>Pod\u00edamos seguir hablando de las grandes responsabilidades de los comunicadores sociales y del gran servicio que nos hacen, pero por lo pronto, valgan estas l\u00edneas como un agradecimiento a su trabajo y los deseos porque tengan la fortaleza de perseverar.[\/vc_column_text][\/vc_column][\/vc_row][vc_row][vc_column][\/vc_column][\/vc_row]<\/p>\n<\/div>","protected":false},"excerpt":{"rendered":"<div style=\"height: 264px\">En el D\u00eda del Periodista Luisa Pernalete escribi\u00f3 sobre ese profesional que no tiene d\u00edas libres y que \u201ccumple con grandes funciones en esta \u00e9poca\u201d.<\/div>\n","protected":false},"author":90,"featured_media":2732,"comment_status":"closed","ping_status":"closed","sticky":false,"template":"","format":"standard","meta":{"_acf_changed":false,"footnotes":""},"categories":[183],"tags":[472,400],"post_folder":[],"class_list":["post-2731","post","type-post","status-publish","format-standard","has-post-thumbnail","hentry","category-noticias","tag-dia-del-periodista","tag-fe-y-alegria"],"acf":[],"yoast_head":"<!-- This site is optimized with the Yoast SEO plugin v27.4 - https:\/\/yoast.com\/product\/yoast-seo-wordpress\/ -->\n<title>Periodistas: mucho m\u00e1s que un micr\u00f3fono - Fe y Alegr\u00eda en Venezuela<\/title>\n<meta name=\"robots\" content=\"index, follow, max-snippet:-1, max-image-preview:large, max-video-preview:-1\" \/>\n<link rel=\"canonical\" href=\"https:\/\/www.feyalegria.org\/venezuela\/periodistas-mucho-mas-que-un-microfono\/\" \/>\n<meta property=\"og:locale\" content=\"es_ES\" \/>\n<meta property=\"og:type\" content=\"article\" \/>\n<meta property=\"og:title\" content=\"Periodistas: mucho m\u00e1s que un micr\u00f3fono - Fe y Alegr\u00eda en Venezuela\" \/>\n<meta property=\"og:description\" content=\"En el D\u00eda del Periodista Luisa Pernalete escribi\u00f3 sobre ese profesional que no tiene d\u00edas libres y que \u201ccumple con grandes funciones en esta \u00e9poca\u201d.\" \/>\n<meta property=\"og:url\" content=\"https:\/\/www.feyalegria.org\/venezuela\/periodistas-mucho-mas-que-un-microfono\/\" \/>\n<meta property=\"og:site_name\" content=\"Fe y Alegr\u00eda en Venezuela\" \/>\n<meta property=\"article:published_time\" content=\"2021-06-27T13:21:41+00:00\" \/>\n<meta property=\"article:modified_time\" content=\"2021-08-04T23:38:28+00:00\" \/>\n<meta property=\"og:image\" content=\"https:\/\/d3pugrm67vf9n7.cloudfront.net\/wp-content\/uploads\/sites\/4\/2021\/06\/27131018\/Periodistas.jpg\" \/>\n\t<meta property=\"og:image:width\" content=\"768\" \/>\n\t<meta property=\"og:image:height\" content=\"516\" \/>\n\t<meta property=\"og:image:type\" content=\"image\/jpeg\" \/>\n<meta name=\"author\" content=\"adminfyaven\" \/>\n<meta name=\"twitter:card\" content=\"summary_large_image\" \/>\n<meta name=\"twitter:label1\" content=\"Escrito por\" \/>\n\t<meta name=\"twitter:data1\" content=\"adminfyaven\" \/>\n\t<meta name=\"twitter:label2\" content=\"Tiempo de lectura\" \/>\n\t<meta name=\"twitter:data2\" content=\"4 minutos\" \/>\n<script type=\"application\/ld+json\" class=\"yoast-schema-graph\">{\"@context\":\"https:\\\/\\\/schema.org\",\"@graph\":[{\"@type\":\"Article\",\"@id\":\"https:\\\/\\\/www.feyalegria.org\\\/venezuela\\\/periodistas-mucho-mas-que-un-microfono\\\/#article\",\"isPartOf\":{\"@id\":\"https:\\\/\\\/www.feyalegria.org\\\/venezuela\\\/periodistas-mucho-mas-que-un-microfono\\\/\"},\"author\":{\"name\":\"adminfyaven\",\"@id\":\"https:\\\/\\\/www.feyalegria.org\\\/venezuela\\\/#\\\/schema\\\/person\\\/7fcf310cf79e9dfc0cf304f520691604\"},\"headline\":\"Periodistas: mucho m\u00e1s que un micr\u00f3fono\",\"datePublished\":\"2021-06-27T13:21:41+00:00\",\"dateModified\":\"2021-08-04T23:38:28+00:00\",\"mainEntityOfPage\":{\"@id\":\"https:\\\/\\\/www.feyalegria.org\\\/venezuela\\\/periodistas-mucho-mas-que-un-microfono\\\/\"},\"wordCount\":801,\"image\":{\"@id\":\"https:\\\/\\\/www.feyalegria.org\\\/venezuela\\\/periodistas-mucho-mas-que-un-microfono\\\/#primaryimage\"},\"thumbnailUrl\":\"https:\\\/\\\/d3pugrm67vf9n7.cloudfront.net\\\/wp-content\\\/uploads\\\/sites\\\/4\\\/2021\\\/06\\\/27131018\\\/Periodistas.jpg\",\"keywords\":[\"D\u00eda del Periodista\",\"Fe y Alegr\u00eda\"],\"articleSection\":[\"Noticias\"],\"inLanguage\":\"es\"},{\"@type\":\"WebPage\",\"@id\":\"https:\\\/\\\/www.feyalegria.org\\\/venezuela\\\/periodistas-mucho-mas-que-un-microfono\\\/\",\"url\":\"https:\\\/\\\/www.feyalegria.org\\\/venezuela\\\/periodistas-mucho-mas-que-un-microfono\\\/\",\"name\":\"Periodistas: mucho m\u00e1s que un micr\u00f3fono - Fe y Alegr\u00eda en Venezuela\",\"isPartOf\":{\"@id\":\"https:\\\/\\\/www.feyalegria.org\\\/venezuela\\\/#website\"},\"primaryImageOfPage\":{\"@id\":\"https:\\\/\\\/www.feyalegria.org\\\/venezuela\\\/periodistas-mucho-mas-que-un-microfono\\\/#primaryimage\"},\"image\":{\"@id\":\"https:\\\/\\\/www.feyalegria.org\\\/venezuela\\\/periodistas-mucho-mas-que-un-microfono\\\/#primaryimage\"},\"thumbnailUrl\":\"https:\\\/\\\/d3pugrm67vf9n7.cloudfront.net\\\/wp-content\\\/uploads\\\/sites\\\/4\\\/2021\\\/06\\\/27131018\\\/Periodistas.jpg\",\"datePublished\":\"2021-06-27T13:21:41+00:00\",\"dateModified\":\"2021-08-04T23:38:28+00:00\",\"author\":{\"@id\":\"https:\\\/\\\/www.feyalegria.org\\\/venezuela\\\/#\\\/schema\\\/person\\\/7fcf310cf79e9dfc0cf304f520691604\"},\"inLanguage\":\"es\",\"potentialAction\":[{\"@type\":\"ReadAction\",\"target\":[\"https:\\\/\\\/www.feyalegria.org\\\/venezuela\\\/periodistas-mucho-mas-que-un-microfono\\\/\"]}]},{\"@type\":\"ImageObject\",\"inLanguage\":\"es\",\"@id\":\"https:\\\/\\\/www.feyalegria.org\\\/venezuela\\\/periodistas-mucho-mas-que-un-microfono\\\/#primaryimage\",\"url\":\"https:\\\/\\\/d3pugrm67vf9n7.cloudfront.net\\\/wp-content\\\/uploads\\\/sites\\\/4\\\/2021\\\/06\\\/27131018\\\/Periodistas.jpg\",\"contentUrl\":\"https:\\\/\\\/d3pugrm67vf9n7.cloudfront.net\\\/wp-content\\\/uploads\\\/sites\\\/4\\\/2021\\\/06\\\/27131018\\\/Periodistas.jpg\",\"width\":768,\"height\":516},{\"@type\":\"WebSite\",\"@id\":\"https:\\\/\\\/www.feyalegria.org\\\/venezuela\\\/#website\",\"url\":\"https:\\\/\\\/www.feyalegria.org\\\/venezuela\\\/\",\"name\":\"Fe y Alegr\u00eda en Venezuela\",\"description\":\"\",\"potentialAction\":[{\"@type\":\"SearchAction\",\"target\":{\"@type\":\"EntryPoint\",\"urlTemplate\":\"https:\\\/\\\/www.feyalegria.org\\\/venezuela\\\/?s={search_term_string}\"},\"query-input\":{\"@type\":\"PropertyValueSpecification\",\"valueRequired\":true,\"valueName\":\"search_term_string\"}}],\"inLanguage\":\"es\"},{\"@type\":\"Person\",\"@id\":\"https:\\\/\\\/www.feyalegria.org\\\/venezuela\\\/#\\\/schema\\\/person\\\/7fcf310cf79e9dfc0cf304f520691604\",\"name\":\"adminfyaven\",\"url\":\"https:\\\/\\\/www.feyalegria.org\\\/venezuela\\\/author\\\/adminfyaven\\\/\"}]}<\/script>\n<!-- \/ Yoast SEO plugin. -->","yoast_head_json":{"title":"Periodistas: mucho m\u00e1s que un micr\u00f3fono - Fe y Alegr\u00eda en Venezuela","robots":{"index":"index","follow":"follow","max-snippet":"max-snippet:-1","max-image-preview":"max-image-preview:large","max-video-preview":"max-video-preview:-1"},"canonical":"https:\/\/www.feyalegria.org\/venezuela\/periodistas-mucho-mas-que-un-microfono\/","og_locale":"es_ES","og_type":"article","og_title":"Periodistas: mucho m\u00e1s que un micr\u00f3fono - Fe y Alegr\u00eda en Venezuela","og_description":"En el D\u00eda del Periodista Luisa Pernalete escribi\u00f3 sobre ese profesional que no tiene d\u00edas libres y que \u201ccumple con grandes funciones en esta \u00e9poca\u201d.","og_url":"https:\/\/www.feyalegria.org\/venezuela\/periodistas-mucho-mas-que-un-microfono\/","og_site_name":"Fe y Alegr\u00eda en Venezuela","article_published_time":"2021-06-27T13:21:41+00:00","article_modified_time":"2021-08-04T23:38:28+00:00","og_image":[{"width":768,"height":516,"url":"https:\/\/d3pugrm67vf9n7.cloudfront.net\/wp-content\/uploads\/sites\/4\/2021\/06\/27131018\/Periodistas.jpg","type":"image\/jpeg"}],"author":"adminfyaven","twitter_card":"summary_large_image","twitter_misc":{"Escrito por":"adminfyaven","Tiempo de lectura":"4 minutos"},"schema":{"@context":"https:\/\/schema.org","@graph":[{"@type":"Article","@id":"https:\/\/www.feyalegria.org\/venezuela\/periodistas-mucho-mas-que-un-microfono\/#article","isPartOf":{"@id":"https:\/\/www.feyalegria.org\/venezuela\/periodistas-mucho-mas-que-un-microfono\/"},"author":{"name":"adminfyaven","@id":"https:\/\/www.feyalegria.org\/venezuela\/#\/schema\/person\/7fcf310cf79e9dfc0cf304f520691604"},"headline":"Periodistas: mucho m\u00e1s que un micr\u00f3fono","datePublished":"2021-06-27T13:21:41+00:00","dateModified":"2021-08-04T23:38:28+00:00","mainEntityOfPage":{"@id":"https:\/\/www.feyalegria.org\/venezuela\/periodistas-mucho-mas-que-un-microfono\/"},"wordCount":801,"image":{"@id":"https:\/\/www.feyalegria.org\/venezuela\/periodistas-mucho-mas-que-un-microfono\/#primaryimage"},"thumbnailUrl":"https:\/\/d3pugrm67vf9n7.cloudfront.net\/wp-content\/uploads\/sites\/4\/2021\/06\/27131018\/Periodistas.jpg","keywords":["D\u00eda del Periodista","Fe y Alegr\u00eda"],"articleSection":["Noticias"],"inLanguage":"es"},{"@type":"WebPage","@id":"https:\/\/www.feyalegria.org\/venezuela\/periodistas-mucho-mas-que-un-microfono\/","url":"https:\/\/www.feyalegria.org\/venezuela\/periodistas-mucho-mas-que-un-microfono\/","name":"Periodistas: mucho m\u00e1s que un micr\u00f3fono - Fe y Alegr\u00eda en Venezuela","isPartOf":{"@id":"https:\/\/www.feyalegria.org\/venezuela\/#website"},"primaryImageOfPage":{"@id":"https:\/\/www.feyalegria.org\/venezuela\/periodistas-mucho-mas-que-un-microfono\/#primaryimage"},"image":{"@id":"https:\/\/www.feyalegria.org\/venezuela\/periodistas-mucho-mas-que-un-microfono\/#primaryimage"},"thumbnailUrl":"https:\/\/d3pugrm67vf9n7.cloudfront.net\/wp-content\/uploads\/sites\/4\/2021\/06\/27131018\/Periodistas.jpg","datePublished":"2021-06-27T13:21:41+00:00","dateModified":"2021-08-04T23:38:28+00:00","author":{"@id":"https:\/\/www.feyalegria.org\/venezuela\/#\/schema\/person\/7fcf310cf79e9dfc0cf304f520691604"},"inLanguage":"es","potentialAction":[{"@type":"ReadAction","target":["https:\/\/www.feyalegria.org\/venezuela\/periodistas-mucho-mas-que-un-microfono\/"]}]},{"@type":"ImageObject","inLanguage":"es","@id":"https:\/\/www.feyalegria.org\/venezuela\/periodistas-mucho-mas-que-un-microfono\/#primaryimage","url":"https:\/\/d3pugrm67vf9n7.cloudfront.net\/wp-content\/uploads\/sites\/4\/2021\/06\/27131018\/Periodistas.jpg","contentUrl":"https:\/\/d3pugrm67vf9n7.cloudfront.net\/wp-content\/uploads\/sites\/4\/2021\/06\/27131018\/Periodistas.jpg","width":768,"height":516},{"@type":"WebSite","@id":"https:\/\/www.feyalegria.org\/venezuela\/#website","url":"https:\/\/www.feyalegria.org\/venezuela\/","name":"Fe y Alegr\u00eda en Venezuela","description":"","potentialAction":[{"@type":"SearchAction","target":{"@type":"EntryPoint","urlTemplate":"https:\/\/www.feyalegria.org\/venezuela\/?s={search_term_string}"},"query-input":{"@type":"PropertyValueSpecification","valueRequired":true,"valueName":"search_term_string"}}],"inLanguage":"es"},{"@type":"Person","@id":"https:\/\/www.feyalegria.org\/venezuela\/#\/schema\/person\/7fcf310cf79e9dfc0cf304f520691604","name":"adminfyaven","url":"https:\/\/www.feyalegria.org\/venezuela\/author\/adminfyaven\/"}]}},"_links":{"self":[{"href":"https:\/\/www.feyalegria.org\/venezuela\/wp-json\/wp\/v2\/posts\/2731","targetHints":{"allow":["GET"]}}],"collection":[{"href":"https:\/\/www.feyalegria.org\/venezuela\/wp-json\/wp\/v2\/posts"}],"about":[{"href":"https:\/\/www.feyalegria.org\/venezuela\/wp-json\/wp\/v2\/types\/post"}],"author":[{"embeddable":true,"href":"https:\/\/www.feyalegria.org\/venezuela\/wp-json\/wp\/v2\/users\/90"}],"replies":[{"embeddable":true,"href":"https:\/\/www.feyalegria.org\/venezuela\/wp-json\/wp\/v2\/comments?post=2731"}],"version-history":[{"count":0,"href":"https:\/\/www.feyalegria.org\/venezuela\/wp-json\/wp\/v2\/posts\/2731\/revisions"}],"wp:featuredmedia":[{"embeddable":true,"href":"https:\/\/www.feyalegria.org\/venezuela\/wp-json\/wp\/v2\/media\/2732"}],"wp:attachment":[{"href":"https:\/\/www.feyalegria.org\/venezuela\/wp-json\/wp\/v2\/media?parent=2731"}],"wp:term":[{"taxonomy":"category","embeddable":true,"href":"https:\/\/www.feyalegria.org\/venezuela\/wp-json\/wp\/v2\/categories?post=2731"},{"taxonomy":"post_tag","embeddable":true,"href":"https:\/\/www.feyalegria.org\/venezuela\/wp-json\/wp\/v2\/tags?post=2731"},{"taxonomy":"post_folder","embeddable":true,"href":"https:\/\/www.feyalegria.org\/venezuela\/wp-json\/wp\/v2\/post_folder?post=2731"}],"curies":[{"name":"wp","href":"https:\/\/api.w.org\/{rel}","templated":true}]}}