{"id":3055,"date":"2021-09-23T00:03:40","date_gmt":"2021-09-23T00:03:40","guid":{"rendered":"https:\/\/www.feyalegria.org\/venezuela\/?p=3055"},"modified":"2021-11-15T00:06:47","modified_gmt":"2021-11-15T00:06:47","slug":"centro-de-formacion-de-fe-y-alegria-de-aniversario","status":"publish","type":"post","link":"https:\/\/www.feyalegria.org\/venezuela\/centro-de-formacion-de-fe-y-alegria-de-aniversario\/","title":{"rendered":"Centro de Formaci\u00f3n de Fe y Alegr\u00eda de Aniversario"},"content":{"rendered":"<div class=\"wpb-content-wrapper\"><p>[vc_row css=\u00bb.vc_custom_1606160684358{padding-top: 40px !important;}\u00bb][vc_column][vc_single_image image=\u00bb3057&#8243; img_size=\u00bblarge\u00bb alignment=\u00bbcenter\u00bb style=\u00bbvc_box_rounded\u00bb onclick=\u00bblink_image\u00bb][vc_column_text]El Centro de Formaci\u00f3n e Investigaci\u00f3n \u201cPadre Joaqu\u00edn\u201d de Fe y Alegr\u00eda Venezuela este 23 de septiembre cumpli\u00f3 30 a\u00f1os formando maestros. Su sede principal se encuentra en Maracaibo, pero su incidencia en lo pedag\u00f3gico se extiende a todo el pa\u00eds, a todos los \u00e1mbitos educativos, y un poco m\u00e1s all\u00e1 de nuestras fronteras.<\/p>\n<p>&nbsp;<\/p>\n<p>Luisa Pernalete era directora de Fe y Alegr\u00eda Zulia cuando hace tres d\u00e9cadas este equipo comenzaba a dar sus primeros pasos. Relata la profesora Pernalete que, debido al cierre de la Escuela Normal de Maracaibo donde se formaban a los nuevos docentes por la entrada en vigencia de la nueva ley de educaci\u00f3n, al Movimiento se le invit\u00f3 a seguir con esa tradici\u00f3n formativa.<\/p>\n<p>&nbsp;<\/p>\n<p>\u201cSe nos encomienda a Antonio P\u00e9rez Esclar\u00edn y a esta servidora dise\u00f1ar un proyecto de profesionalizaci\u00f3n de docentes en ejercicio en convenio con la Universidad Sim\u00f3n Rodr\u00edguez\u201d, comenta la profesora Pernalete.<\/p>\n<p>&nbsp;<\/p>\n<p>Cree que este equipo formador de maestros cont\u00f3 talento humano comprometido con la misi\u00f3n de Fe y Alegr\u00eda, recordamos a los profesores Antonio P\u00e9rez Esclar\u00edn, Beatriz Borjas y muchos m\u00e1s que han dado sus aportes a la educaci\u00f3n venezolana y a la Federaci\u00f3n Internacional de Fe y Alegr\u00eda.<\/p>\n<p>&nbsp;<\/p>\n<p>Sin embargo, se\u00f1ala, \u201cnosotros sent\u00edamos que se necesitaba algo m\u00e1s permanente y as\u00ed empezamos a so\u00f1ar con un centro de formaci\u00f3n nacional\u201d.<\/p>\n<p>&nbsp;<\/p>\n<p>En su evoluci\u00f3n, resalt\u00f3, el centro Padre Joaqu\u00edn \u201cno solo trabajamos para nuestros propios docentes, sino que tambi\u00e9n nos hemos abierto a servir a los docentes de la educaci\u00f3n p\u00fablica que necesita la formaci\u00f3n\u201d.<\/p>\n<p>&nbsp;<\/p>\n<p>Desde su nacimiento el centro cuenta con publicaciones, destac\u00e1ndose la revista Movimiento Pedag\u00f3gico, que contiene reflexiones y propuestas en el quehacer educativo desde la propuesta de Fe y Alegr\u00eda.<\/p>\n<p>&nbsp;<\/p>\n<p>En Centro busca mediante el dise\u00f1o de recursos digitales e impresos como manuales, revistas, boletines, cursos, documentos, textos escolares, literatura infantil y juvenil, entre otros, contribuir con el desarrollo de una educaci\u00f3n de calidad.[\/vc_column_text][vc_column_text]<\/p>\n<h3><strong>Una Luz en el centro<\/strong><\/h3>\n<p>[\/vc_column_text][vc_column_text]La profesora Luz Betina Fuenmayor, disc\u00edpula de la escuela Normal Nueva Am\u00e9rica de Fe y Alegr\u00eda en la capital zuliana, es la actual directora del \u201cPadre Joaqu\u00edn\u201d comparte la alegr\u00eda por el aniversario y nos cuenta:<\/p>\n<p>&nbsp;<\/p>\n<p>\u201cDe alguna manera vivimos ese privilegio de contar con ese equipo que fue contribuyendo a la formaci\u00f3n permanente de nuestro quehacer educativo\u201d.<\/p>\n<p>&nbsp;<\/p>\n<p>Un aporte que se fue traduciendo \u201ccon la reflexi\u00f3n de nuestras pr\u00e1cticas, con el acompa\u00f1amiento cercano, para ir buscando mejorar la calidad de la educaci\u00f3n que d\u00e1bamos\u201d.<\/p>\n<p>&nbsp;<\/p>\n<p>Fuenmayor no present\u00f3 n\u00fameros para el balance que surge luego de tantos a\u00f1os de contribuciones. En su lugar rese\u00f1a que \u201cdurante muchos a\u00f1os hemos formado a miles de docentes en dos modalidades: una, a trav\u00e9s del convenio con la Universidad Sim\u00f3n Rodr\u00edguez, bajo la metodolog\u00eda de desarrollo de proyectos de aprendizaje\u201d.<\/p>\n<p>&nbsp;<\/p>\n<p>La otra l\u00ednea de acci\u00f3n \u201cfue la de formaci\u00f3n permanente en \u00e1reas fundamentales como Lengua, Matem\u00e1ticas, Ciencias, Sociales, Educaci\u00f3n Popular y en valores\u201d.<\/p>\n<p>&nbsp;<\/p>\n<p>As\u00ed se fueron consolidando los espacios de formaci\u00f3n, capacitaci\u00f3n, reflexi\u00f3n para contribuir a la mejora de la calidad educativa.<\/p>\n<p>&nbsp;<\/p>\n<p>El Centro de Formaci\u00f3n e Investigaci\u00f3n Padre Joaqu\u00edn (CFIPJ) cuya misi\u00f3n es dinamizar, orientar y acompa\u00f1ar procesos educativos, con el prop\u00f3sito de generar teor\u00eda pedag\u00f3gica en torno a Modelos Educativos Populares, en el \u00e1mbito formal y no formal, apoyar la formaci\u00f3n de los equipos nacionales, regionales y zonales de los distintos programas de Fe y Alegr\u00eda, y ofrecer servicios educativos, tanto dentro como fuera de la instituci\u00f3n.<\/p>\n<p>&nbsp;<\/p>\n<p>Este centro se fund\u00f3 en Maracaibo en 1991 y tom\u00f3 el nombre del Padre Joaqu\u00edn L\u00f3pez, Fundador y Director de Fe y Alegr\u00eda en El Salvador, salvajemente asesinado junto con otros cinco compa\u00f1eros jesuitas y dos mujeres de servicio, el 16 de noviembre de 1989.[\/vc_column_text][\/vc_column][\/vc_row]<\/p>\n<\/div>","protected":false},"excerpt":{"rendered":"<div style=\"height: 264px\">El Centro de Formaci\u00f3n e Investigaci\u00f3n \u201cPadre Joaqu\u00edn\u201d de Fe y Alegr\u00eda Venezuela el 23 de septiembre cumpli\u00f3 30 a\u00f1os formando maestros.<\/div>\n","protected":false},"author":90,"featured_media":3057,"comment_status":"closed","ping_status":"closed","sticky":false,"template":"","format":"standard","meta":{"_acf_changed":false,"footnotes":""},"categories":[183],"tags":[430,400,448],"post_folder":[],"class_list":["post-3055","post","type-post","status-publish","format-standard","has-post-thumbnail","hentry","category-noticias","tag-cfipj","tag-fe-y-alegria","tag-venezuela"],"acf":[],"yoast_head":"<!-- This site is optimized with the Yoast SEO plugin v27.5 - https:\/\/yoast.com\/product\/yoast-seo-wordpress\/ -->\n<title>Centro de Formaci\u00f3n de Fe y Alegr\u00eda de Aniversario - Fe y Alegr\u00eda en Venezuela<\/title>\n<meta name=\"robots\" content=\"index, follow, max-snippet:-1, max-image-preview:large, max-video-preview:-1\" \/>\n<link rel=\"canonical\" href=\"https:\/\/www.feyalegria.org\/venezuela\/centro-de-formacion-de-fe-y-alegria-de-aniversario\/\" \/>\n<meta property=\"og:locale\" content=\"es_ES\" \/>\n<meta property=\"og:type\" content=\"article\" \/>\n<meta property=\"og:title\" content=\"Centro de Formaci\u00f3n de Fe y Alegr\u00eda de Aniversario - Fe y Alegr\u00eda en Venezuela\" \/>\n<meta property=\"og:description\" content=\"El Centro de Formaci\u00f3n e Investigaci\u00f3n \u201cPadre Joaqu\u00edn\u201d de Fe y Alegr\u00eda Venezuela el 23 de septiembre cumpli\u00f3 30 a\u00f1os formando maestros.\" \/>\n<meta property=\"og:url\" content=\"https:\/\/www.feyalegria.org\/venezuela\/centro-de-formacion-de-fe-y-alegria-de-aniversario\/\" \/>\n<meta property=\"og:site_name\" content=\"Fe y Alegr\u00eda en Venezuela\" \/>\n<meta property=\"article:published_time\" content=\"2021-09-23T00:03:40+00:00\" \/>\n<meta property=\"article:modified_time\" content=\"2021-11-15T00:06:47+00:00\" \/>\n<meta property=\"og:image\" content=\"https:\/\/d3pugrm67vf9n7.cloudfront.net\/wp-content\/uploads\/sites\/4\/2021\/11\/14235704\/centro-formacion.jpg\" \/>\n\t<meta property=\"og:image:width\" content=\"1080\" \/>\n\t<meta property=\"og:image:height\" content=\"720\" \/>\n\t<meta property=\"og:image:type\" content=\"image\/jpeg\" \/>\n<meta name=\"author\" content=\"adminfyaven\" \/>\n<meta name=\"twitter:card\" content=\"summary_large_image\" \/>\n<meta name=\"twitter:label1\" content=\"Escrito por\" \/>\n\t<meta name=\"twitter:data1\" content=\"adminfyaven\" \/>\n\t<meta name=\"twitter:label2\" content=\"Tiempo de lectura\" \/>\n\t<meta name=\"twitter:data2\" content=\"4 minutos\" \/>\n<script type=\"application\/ld+json\" class=\"yoast-schema-graph\">{\"@context\":\"https:\\\/\\\/schema.org\",\"@graph\":[{\"@type\":\"Article\",\"@id\":\"https:\\\/\\\/www.feyalegria.org\\\/venezuela\\\/centro-de-formacion-de-fe-y-alegria-de-aniversario\\\/#article\",\"isPartOf\":{\"@id\":\"https:\\\/\\\/www.feyalegria.org\\\/venezuela\\\/centro-de-formacion-de-fe-y-alegria-de-aniversario\\\/\"},\"author\":{\"name\":\"adminfyaven\",\"@id\":\"https:\\\/\\\/www.feyalegria.org\\\/venezuela\\\/#\\\/schema\\\/person\\\/7fcf310cf79e9dfc0cf304f520691604\"},\"headline\":\"Centro de Formaci\u00f3n de Fe y Alegr\u00eda de Aniversario\",\"datePublished\":\"2021-09-23T00:03:40+00:00\",\"dateModified\":\"2021-11-15T00:06:47+00:00\",\"mainEntityOfPage\":{\"@id\":\"https:\\\/\\\/www.feyalegria.org\\\/venezuela\\\/centro-de-formacion-de-fe-y-alegria-de-aniversario\\\/\"},\"wordCount\":763,\"image\":{\"@id\":\"https:\\\/\\\/www.feyalegria.org\\\/venezuela\\\/centro-de-formacion-de-fe-y-alegria-de-aniversario\\\/#primaryimage\"},\"thumbnailUrl\":\"https:\\\/\\\/d3pugrm67vf9n7.cloudfront.net\\\/wp-content\\\/uploads\\\/sites\\\/4\\\/2021\\\/11\\\/14235704\\\/centro-formacion.jpg\",\"keywords\":[\"CFIPJ\",\"Fe y Alegr\u00eda\",\"Venezuela\"],\"articleSection\":[\"Noticias\"],\"inLanguage\":\"es\"},{\"@type\":\"WebPage\",\"@id\":\"https:\\\/\\\/www.feyalegria.org\\\/venezuela\\\/centro-de-formacion-de-fe-y-alegria-de-aniversario\\\/\",\"url\":\"https:\\\/\\\/www.feyalegria.org\\\/venezuela\\\/centro-de-formacion-de-fe-y-alegria-de-aniversario\\\/\",\"name\":\"Centro de Formaci\u00f3n de Fe y Alegr\u00eda de Aniversario - Fe y Alegr\u00eda en Venezuela\",\"isPartOf\":{\"@id\":\"https:\\\/\\\/www.feyalegria.org\\\/venezuela\\\/#website\"},\"primaryImageOfPage\":{\"@id\":\"https:\\\/\\\/www.feyalegria.org\\\/venezuela\\\/centro-de-formacion-de-fe-y-alegria-de-aniversario\\\/#primaryimage\"},\"image\":{\"@id\":\"https:\\\/\\\/www.feyalegria.org\\\/venezuela\\\/centro-de-formacion-de-fe-y-alegria-de-aniversario\\\/#primaryimage\"},\"thumbnailUrl\":\"https:\\\/\\\/d3pugrm67vf9n7.cloudfront.net\\\/wp-content\\\/uploads\\\/sites\\\/4\\\/2021\\\/11\\\/14235704\\\/centro-formacion.jpg\",\"datePublished\":\"2021-09-23T00:03:40+00:00\",\"dateModified\":\"2021-11-15T00:06:47+00:00\",\"author\":{\"@id\":\"https:\\\/\\\/www.feyalegria.org\\\/venezuela\\\/#\\\/schema\\\/person\\\/7fcf310cf79e9dfc0cf304f520691604\"},\"inLanguage\":\"es\",\"potentialAction\":[{\"@type\":\"ReadAction\",\"target\":[\"https:\\\/\\\/www.feyalegria.org\\\/venezuela\\\/centro-de-formacion-de-fe-y-alegria-de-aniversario\\\/\"]}]},{\"@type\":\"ImageObject\",\"inLanguage\":\"es\",\"@id\":\"https:\\\/\\\/www.feyalegria.org\\\/venezuela\\\/centro-de-formacion-de-fe-y-alegria-de-aniversario\\\/#primaryimage\",\"url\":\"https:\\\/\\\/d3pugrm67vf9n7.cloudfront.net\\\/wp-content\\\/uploads\\\/sites\\\/4\\\/2021\\\/11\\\/14235704\\\/centro-formacion.jpg\",\"contentUrl\":\"https:\\\/\\\/d3pugrm67vf9n7.cloudfront.net\\\/wp-content\\\/uploads\\\/sites\\\/4\\\/2021\\\/11\\\/14235704\\\/centro-formacion.jpg\",\"width\":1080,\"height\":720},{\"@type\":\"WebSite\",\"@id\":\"https:\\\/\\\/www.feyalegria.org\\\/venezuela\\\/#website\",\"url\":\"https:\\\/\\\/www.feyalegria.org\\\/venezuela\\\/\",\"name\":\"Fe y Alegr\u00eda en Venezuela\",\"description\":\"\",\"potentialAction\":[{\"@type\":\"SearchAction\",\"target\":{\"@type\":\"EntryPoint\",\"urlTemplate\":\"https:\\\/\\\/www.feyalegria.org\\\/venezuela\\\/?s={search_term_string}\"},\"query-input\":{\"@type\":\"PropertyValueSpecification\",\"valueRequired\":true,\"valueName\":\"search_term_string\"}}],\"inLanguage\":\"es\"},{\"@type\":\"Person\",\"@id\":\"https:\\\/\\\/www.feyalegria.org\\\/venezuela\\\/#\\\/schema\\\/person\\\/7fcf310cf79e9dfc0cf304f520691604\",\"name\":\"adminfyaven\",\"url\":\"https:\\\/\\\/www.feyalegria.org\\\/venezuela\\\/author\\\/adminfyaven\\\/\"}]}<\/script>\n<!-- \/ Yoast SEO plugin. -->","yoast_head_json":{"title":"Centro de Formaci\u00f3n de Fe y Alegr\u00eda de Aniversario - Fe y Alegr\u00eda en Venezuela","robots":{"index":"index","follow":"follow","max-snippet":"max-snippet:-1","max-image-preview":"max-image-preview:large","max-video-preview":"max-video-preview:-1"},"canonical":"https:\/\/www.feyalegria.org\/venezuela\/centro-de-formacion-de-fe-y-alegria-de-aniversario\/","og_locale":"es_ES","og_type":"article","og_title":"Centro de Formaci\u00f3n de Fe y Alegr\u00eda de Aniversario - Fe y Alegr\u00eda en Venezuela","og_description":"El Centro de Formaci\u00f3n e Investigaci\u00f3n \u201cPadre Joaqu\u00edn\u201d de Fe y Alegr\u00eda Venezuela el 23 de septiembre cumpli\u00f3 30 a\u00f1os formando maestros.","og_url":"https:\/\/www.feyalegria.org\/venezuela\/centro-de-formacion-de-fe-y-alegria-de-aniversario\/","og_site_name":"Fe y Alegr\u00eda en Venezuela","article_published_time":"2021-09-23T00:03:40+00:00","article_modified_time":"2021-11-15T00:06:47+00:00","og_image":[{"width":1080,"height":720,"url":"https:\/\/d3pugrm67vf9n7.cloudfront.net\/wp-content\/uploads\/sites\/4\/2021\/11\/14235704\/centro-formacion.jpg","type":"image\/jpeg"}],"author":"adminfyaven","twitter_card":"summary_large_image","twitter_misc":{"Escrito por":"adminfyaven","Tiempo de lectura":"4 minutos"},"schema":{"@context":"https:\/\/schema.org","@graph":[{"@type":"Article","@id":"https:\/\/www.feyalegria.org\/venezuela\/centro-de-formacion-de-fe-y-alegria-de-aniversario\/#article","isPartOf":{"@id":"https:\/\/www.feyalegria.org\/venezuela\/centro-de-formacion-de-fe-y-alegria-de-aniversario\/"},"author":{"name":"adminfyaven","@id":"https:\/\/www.feyalegria.org\/venezuela\/#\/schema\/person\/7fcf310cf79e9dfc0cf304f520691604"},"headline":"Centro de Formaci\u00f3n de Fe y Alegr\u00eda de Aniversario","datePublished":"2021-09-23T00:03:40+00:00","dateModified":"2021-11-15T00:06:47+00:00","mainEntityOfPage":{"@id":"https:\/\/www.feyalegria.org\/venezuela\/centro-de-formacion-de-fe-y-alegria-de-aniversario\/"},"wordCount":763,"image":{"@id":"https:\/\/www.feyalegria.org\/venezuela\/centro-de-formacion-de-fe-y-alegria-de-aniversario\/#primaryimage"},"thumbnailUrl":"https:\/\/d3pugrm67vf9n7.cloudfront.net\/wp-content\/uploads\/sites\/4\/2021\/11\/14235704\/centro-formacion.jpg","keywords":["CFIPJ","Fe y Alegr\u00eda","Venezuela"],"articleSection":["Noticias"],"inLanguage":"es"},{"@type":"WebPage","@id":"https:\/\/www.feyalegria.org\/venezuela\/centro-de-formacion-de-fe-y-alegria-de-aniversario\/","url":"https:\/\/www.feyalegria.org\/venezuela\/centro-de-formacion-de-fe-y-alegria-de-aniversario\/","name":"Centro de Formaci\u00f3n de Fe y Alegr\u00eda de Aniversario - Fe y Alegr\u00eda en Venezuela","isPartOf":{"@id":"https:\/\/www.feyalegria.org\/venezuela\/#website"},"primaryImageOfPage":{"@id":"https:\/\/www.feyalegria.org\/venezuela\/centro-de-formacion-de-fe-y-alegria-de-aniversario\/#primaryimage"},"image":{"@id":"https:\/\/www.feyalegria.org\/venezuela\/centro-de-formacion-de-fe-y-alegria-de-aniversario\/#primaryimage"},"thumbnailUrl":"https:\/\/d3pugrm67vf9n7.cloudfront.net\/wp-content\/uploads\/sites\/4\/2021\/11\/14235704\/centro-formacion.jpg","datePublished":"2021-09-23T00:03:40+00:00","dateModified":"2021-11-15T00:06:47+00:00","author":{"@id":"https:\/\/www.feyalegria.org\/venezuela\/#\/schema\/person\/7fcf310cf79e9dfc0cf304f520691604"},"inLanguage":"es","potentialAction":[{"@type":"ReadAction","target":["https:\/\/www.feyalegria.org\/venezuela\/centro-de-formacion-de-fe-y-alegria-de-aniversario\/"]}]},{"@type":"ImageObject","inLanguage":"es","@id":"https:\/\/www.feyalegria.org\/venezuela\/centro-de-formacion-de-fe-y-alegria-de-aniversario\/#primaryimage","url":"https:\/\/d3pugrm67vf9n7.cloudfront.net\/wp-content\/uploads\/sites\/4\/2021\/11\/14235704\/centro-formacion.jpg","contentUrl":"https:\/\/d3pugrm67vf9n7.cloudfront.net\/wp-content\/uploads\/sites\/4\/2021\/11\/14235704\/centro-formacion.jpg","width":1080,"height":720},{"@type":"WebSite","@id":"https:\/\/www.feyalegria.org\/venezuela\/#website","url":"https:\/\/www.feyalegria.org\/venezuela\/","name":"Fe y Alegr\u00eda en Venezuela","description":"","potentialAction":[{"@type":"SearchAction","target":{"@type":"EntryPoint","urlTemplate":"https:\/\/www.feyalegria.org\/venezuela\/?s={search_term_string}"},"query-input":{"@type":"PropertyValueSpecification","valueRequired":true,"valueName":"search_term_string"}}],"inLanguage":"es"},{"@type":"Person","@id":"https:\/\/www.feyalegria.org\/venezuela\/#\/schema\/person\/7fcf310cf79e9dfc0cf304f520691604","name":"adminfyaven","url":"https:\/\/www.feyalegria.org\/venezuela\/author\/adminfyaven\/"}]}},"_links":{"self":[{"href":"https:\/\/www.feyalegria.org\/venezuela\/wp-json\/wp\/v2\/posts\/3055","targetHints":{"allow":["GET"]}}],"collection":[{"href":"https:\/\/www.feyalegria.org\/venezuela\/wp-json\/wp\/v2\/posts"}],"about":[{"href":"https:\/\/www.feyalegria.org\/venezuela\/wp-json\/wp\/v2\/types\/post"}],"author":[{"embeddable":true,"href":"https:\/\/www.feyalegria.org\/venezuela\/wp-json\/wp\/v2\/users\/90"}],"replies":[{"embeddable":true,"href":"https:\/\/www.feyalegria.org\/venezuela\/wp-json\/wp\/v2\/comments?post=3055"}],"version-history":[{"count":0,"href":"https:\/\/www.feyalegria.org\/venezuela\/wp-json\/wp\/v2\/posts\/3055\/revisions"}],"wp:featuredmedia":[{"embeddable":true,"href":"https:\/\/www.feyalegria.org\/venezuela\/wp-json\/wp\/v2\/media\/3057"}],"wp:attachment":[{"href":"https:\/\/www.feyalegria.org\/venezuela\/wp-json\/wp\/v2\/media?parent=3055"}],"wp:term":[{"taxonomy":"category","embeddable":true,"href":"https:\/\/www.feyalegria.org\/venezuela\/wp-json\/wp\/v2\/categories?post=3055"},{"taxonomy":"post_tag","embeddable":true,"href":"https:\/\/www.feyalegria.org\/venezuela\/wp-json\/wp\/v2\/tags?post=3055"},{"taxonomy":"post_folder","embeddable":true,"href":"https:\/\/www.feyalegria.org\/venezuela\/wp-json\/wp\/v2\/post_folder?post=3055"}],"curies":[{"name":"wp","href":"https:\/\/api.w.org\/{rel}","templated":true}]}}