{"id":3188,"date":"2022-01-29T15:54:41","date_gmt":"2022-01-29T15:54:41","guid":{"rendered":"https:\/\/www.feyalegria.org\/venezuela\/?p=3188"},"modified":"2022-01-29T15:56:25","modified_gmt":"2022-01-29T15:56:25","slug":"fe-y-alegria-impulsa-red-de-escuelas-para-los-sectores-mas-pobres","status":"publish","type":"post","link":"https:\/\/www.feyalegria.org\/venezuela\/fe-y-alegria-impulsa-red-de-escuelas-para-los-sectores-mas-pobres\/","title":{"rendered":"Fe y Alegr\u00eda Impulsa Red de Escuelas para los Sectores m\u00e1s Pobres"},"content":{"rendered":"<div class=\"wpb-content-wrapper\"><p>[vc_row css=\u00bb.vc_custom_1606160684358{padding-top: 40px !important;}\u00bb][vc_column][vc_single_image image=\u00bb3189&#8243; img_size=\u00bblarge\u00bb alignment=\u00bbcenter\u00bb style=\u00bbvc_box_rounded\u00bb onclick=\u00bblink_image\u00bb][vc_column_text]El Movimiento Fe y Alegr\u00eda Venezuela teniendo como gu\u00eda la Preferencia Apost\u00f3lica Universal de caminar con los pobres y los vulnerables, sigue presente en zonas de pobreza extrema, deprimidas econ\u00f3micamente y tradicionalmente marginadas del pa\u00eds.<\/p>\n<p>&nbsp;<\/p>\n<p>El programa Escuelas, en medio de la crisis compleja y la pandemia, no ha descansado. Lleva una educaci\u00f3n p\u00fablica y de calidad a los sectores m\u00e1s necesitados en 19 estados del pa\u00eds a trav\u00e9s de una red de 177 centros educativos, en los cuales se atienden a m\u00e1s de 106.000 estudiantes.<\/p>\n<p>&nbsp;<\/p>\n<p>Esta Red de escuelas desarrolla Educaci\u00f3n Preescolar, B\u00e1sica y Media T\u00e9cnica, con mayor \u00e9nfasis en especialidades agropecuarias, comerciales, industriales entre otras de orientaci\u00f3n profesional, en zonas urbanas, suburbanas, rurales e ind\u00edgenas.<\/p>\n<p>&nbsp;<\/p>\n<p>Fe y Alegr\u00eda efectu\u00f3 un retorno seguro a las escuelas el pasado 25 de octubre de 2021, creando condiciones necesarias de bioseguridad \u201cpara proteger tanto los estudiantes como los docentes, y que las familias sientan esa seguridad de mandar a sus hijos a la escuela\u201d.[\/vc_column_text][vc_single_image image=\u00bb3190&#8243; img_size=\u00bblarge\u00bb alignment=\u00bbcenter\u00bb style=\u00bbvc_box_rounded\u00bb onclick=\u00bblink_image\u00bb][vc_column_text]Recordamos que desde que se inici\u00f3 la pandemia Fe y Alegr\u00eda se ha reinventado organizando una oferta de educaci\u00f3n a distancia a trav\u00e9s de la radio, clases semipresenciales y en formaci\u00f3n permanente a docentes que hacen acompa\u00f1amiento virtual.<\/p>\n<p>&nbsp;<\/p>\n<p>Hoy en el regreso a la educaci\u00f3n presencial se ha estado formando a los y las docentes en temas como \u201cprotocolos de regreso seguro a la escuela\u201d, tratando especialmente el comportamiento que se debe respetar en las aulas.<\/p>\n<p>&nbsp;<\/p>\n<p>La directora del Programa Escuelas, Noelbis Aguilar, manifest\u00f3 que otro elemento que se aborda es la capacitaci\u00f3n, la formaci\u00f3n y actualizaci\u00f3n del personal para saber c\u00f3mo gestionar el proceso educativo en esta modalidad semipresencial.<\/p>\n<p>&nbsp;<\/p>\n<p>El Padre Manuel Aristorena S.J., director nacional de Fe y Alegr\u00eda en Venezuela, dijo: \u201cDebemos recordar que Fe y Alegr\u00eda naci\u00f3 en las periferias, donde no llegaba el asfalto y ah\u00ed, junto a las comunidades, fue construyendo sus escuelas para servir a los m\u00e1s necesitados. Hoy nuevamente, como en los inicios, tenemos el reto de levantar la educaci\u00f3n de los sectores excluidos. Para ello necesitamos de la participaci\u00f3n activa, comprometida y responsable de todos y cada uno de ustedes\u201d.[\/vc_column_text][vc_single_image image=\u00bb3191&#8243; img_size=\u00bblarge\u00bb alignment=\u00bbcenter\u00bb style=\u00bbvc_box_rounded\u00bb onclick=\u00bblink_image\u00bb][vc_column_text]El P. Aristorena S.J., insisti\u00f3 en que Fe y Alegr\u00eda siempre debe invitar a la esperanza, propiciar ambientes donde los ni\u00f1os, ni\u00f1as y adolescentes sean queridos y en los que puedan fortalecer sus capacidades y competencias.<\/p>\n<p>&nbsp;<\/p>\n<p>La profesora Aguilar coment\u00f3: \u201cFe y Alegr\u00eda no solo naci\u00f3 de la pobreza, sino que siempre ha estado al lado de los pobres. En nuestra propuesta educativa trabajamos la formaci\u00f3n cristiana, en valores y en ciudadan\u00eda de tal manera que estudiantes y participantes se sensibilicen con su entorno para que puedan construir soluciones a los problemas del contexto\u201d.<\/p>\n<p>&nbsp;<\/p>\n<p>En nuestros centros los alumnos, los profesores, y as\u00ed como los integrantes de la comunidad educativa son animados a crear una solidaridad en estos tiempos tan dif\u00edciles. La solidaridad, el trabajo comunitario y en equipo ha potenciado nuestras posibilidades para responder a los nuevos desaf\u00edos.<\/p>\n<p>&nbsp;<\/p>\n<p>Fe y Alegr\u00eda inici\u00f3 sus actividades para responder a los m\u00e1s pobres en 1955, en el barrio 23 de enero de Caracas. El P. Jos\u00e9 Mar\u00eda V\u00e9laz, S.J. junto con estudiantes de la UCAB, no se quedaron de brazos cruzados y con un compromiso cristiano emprendieron el proyecto educativo. Gracias al apoyo de Abraham Reyes y Patricia Reyes, vecinos humildes quienes pusieron a disposici\u00f3n su casa, as\u00ed naci\u00f3 la primera escuela de Fe y Alegr\u00eda.[\/vc_column_text][vc_column_text]Nota informativa escrita por el periodista Javier Barrios.[\/vc_column_text][\/vc_column][\/vc_row]<\/p>\n<\/div>","protected":false},"excerpt":{"rendered":"<div style=\"height: 264px\">El Movimiento Fe y Alegr\u00eda Venezuela teniendo como gu\u00eda la Preferencia Apost\u00f3lica Universal de caminar con los pobres y los vulnerables, sigue presente en zonas de pobreza extrema.<\/div>\n","protected":false},"author":90,"featured_media":3189,"comment_status":"closed","ping_status":"closed","sticky":false,"template":"","format":"standard","meta":{"_acf_changed":false,"footnotes":""},"categories":[183],"tags":[528],"post_folder":[],"class_list":["post-3188","post","type-post","status-publish","format-standard","has-post-thumbnail","hentry","category-noticias","tag-fe-y-alegria-venezuela"],"acf":[],"yoast_head":"<!-- This site is optimized with the Yoast SEO plugin v27.5 - https:\/\/yoast.com\/product\/yoast-seo-wordpress\/ -->\n<title>Fe y Alegr\u00eda Impulsa Red de Escuelas para los Sectores m\u00e1s Pobres - Fe y Alegr\u00eda en Venezuela<\/title>\n<meta name=\"robots\" content=\"index, follow, max-snippet:-1, max-image-preview:large, max-video-preview:-1\" \/>\n<link rel=\"canonical\" href=\"https:\/\/www.feyalegria.org\/venezuela\/fe-y-alegria-impulsa-red-de-escuelas-para-los-sectores-mas-pobres\/\" \/>\n<meta property=\"og:locale\" content=\"es_ES\" \/>\n<meta property=\"og:type\" content=\"article\" \/>\n<meta property=\"og:title\" content=\"Fe y Alegr\u00eda Impulsa Red de Escuelas para los Sectores m\u00e1s Pobres - Fe y Alegr\u00eda en Venezuela\" \/>\n<meta property=\"og:description\" content=\"El Movimiento Fe y Alegr\u00eda Venezuela teniendo como gu\u00eda la Preferencia Apost\u00f3lica Universal de caminar con los pobres y los vulnerables, sigue presente en zonas de pobreza extrema.\" \/>\n<meta property=\"og:url\" content=\"https:\/\/www.feyalegria.org\/venezuela\/fe-y-alegria-impulsa-red-de-escuelas-para-los-sectores-mas-pobres\/\" \/>\n<meta property=\"og:site_name\" content=\"Fe y Alegr\u00eda en Venezuela\" \/>\n<meta property=\"article:published_time\" content=\"2022-01-29T15:54:41+00:00\" \/>\n<meta property=\"article:modified_time\" content=\"2022-01-29T15:56:25+00:00\" \/>\n<meta property=\"og:image\" content=\"https:\/\/d3pugrm67vf9n7.cloudfront.net\/wp-content\/uploads\/sites\/4\/2022\/01\/29154008\/foto-fe-y-alegria-scaled.jpg\" \/>\n\t<meta property=\"og:image:width\" content=\"2560\" \/>\n\t<meta property=\"og:image:height\" content=\"1702\" \/>\n\t<meta property=\"og:image:type\" content=\"image\/jpeg\" \/>\n<meta name=\"author\" content=\"adminfyaven\" \/>\n<meta name=\"twitter:card\" content=\"summary_large_image\" \/>\n<meta name=\"twitter:label1\" content=\"Escrito por\" \/>\n\t<meta name=\"twitter:data1\" content=\"adminfyaven\" \/>\n\t<meta name=\"twitter:label2\" content=\"Tiempo de lectura\" \/>\n\t<meta name=\"twitter:data2\" content=\"4 minutos\" \/>\n<script type=\"application\/ld+json\" class=\"yoast-schema-graph\">{\"@context\":\"https:\\\/\\\/schema.org\",\"@graph\":[{\"@type\":\"Article\",\"@id\":\"https:\\\/\\\/www.feyalegria.org\\\/venezuela\\\/fe-y-alegria-impulsa-red-de-escuelas-para-los-sectores-mas-pobres\\\/#article\",\"isPartOf\":{\"@id\":\"https:\\\/\\\/www.feyalegria.org\\\/venezuela\\\/fe-y-alegria-impulsa-red-de-escuelas-para-los-sectores-mas-pobres\\\/\"},\"author\":{\"name\":\"adminfyaven\",\"@id\":\"https:\\\/\\\/www.feyalegria.org\\\/venezuela\\\/#\\\/schema\\\/person\\\/7fcf310cf79e9dfc0cf304f520691604\"},\"headline\":\"Fe y Alegr\u00eda Impulsa Red de Escuelas para los Sectores m\u00e1s Pobres\",\"datePublished\":\"2022-01-29T15:54:41+00:00\",\"dateModified\":\"2022-01-29T15:56:25+00:00\",\"mainEntityOfPage\":{\"@id\":\"https:\\\/\\\/www.feyalegria.org\\\/venezuela\\\/fe-y-alegria-impulsa-red-de-escuelas-para-los-sectores-mas-pobres\\\/\"},\"wordCount\":724,\"image\":{\"@id\":\"https:\\\/\\\/www.feyalegria.org\\\/venezuela\\\/fe-y-alegria-impulsa-red-de-escuelas-para-los-sectores-mas-pobres\\\/#primaryimage\"},\"thumbnailUrl\":\"https:\\\/\\\/d3pugrm67vf9n7.cloudfront.net\\\/wp-content\\\/uploads\\\/sites\\\/4\\\/2022\\\/01\\\/29154008\\\/foto-fe-y-alegria-scaled.jpg\",\"keywords\":[\"Fe y Alegr\u00eda Venezuela\"],\"articleSection\":[\"Noticias\"],\"inLanguage\":\"es\"},{\"@type\":\"WebPage\",\"@id\":\"https:\\\/\\\/www.feyalegria.org\\\/venezuela\\\/fe-y-alegria-impulsa-red-de-escuelas-para-los-sectores-mas-pobres\\\/\",\"url\":\"https:\\\/\\\/www.feyalegria.org\\\/venezuela\\\/fe-y-alegria-impulsa-red-de-escuelas-para-los-sectores-mas-pobres\\\/\",\"name\":\"Fe y Alegr\u00eda Impulsa Red de Escuelas para los Sectores m\u00e1s Pobres - Fe y Alegr\u00eda en Venezuela\",\"isPartOf\":{\"@id\":\"https:\\\/\\\/www.feyalegria.org\\\/venezuela\\\/#website\"},\"primaryImageOfPage\":{\"@id\":\"https:\\\/\\\/www.feyalegria.org\\\/venezuela\\\/fe-y-alegria-impulsa-red-de-escuelas-para-los-sectores-mas-pobres\\\/#primaryimage\"},\"image\":{\"@id\":\"https:\\\/\\\/www.feyalegria.org\\\/venezuela\\\/fe-y-alegria-impulsa-red-de-escuelas-para-los-sectores-mas-pobres\\\/#primaryimage\"},\"thumbnailUrl\":\"https:\\\/\\\/d3pugrm67vf9n7.cloudfront.net\\\/wp-content\\\/uploads\\\/sites\\\/4\\\/2022\\\/01\\\/29154008\\\/foto-fe-y-alegria-scaled.jpg\",\"datePublished\":\"2022-01-29T15:54:41+00:00\",\"dateModified\":\"2022-01-29T15:56:25+00:00\",\"author\":{\"@id\":\"https:\\\/\\\/www.feyalegria.org\\\/venezuela\\\/#\\\/schema\\\/person\\\/7fcf310cf79e9dfc0cf304f520691604\"},\"inLanguage\":\"es\",\"potentialAction\":[{\"@type\":\"ReadAction\",\"target\":[\"https:\\\/\\\/www.feyalegria.org\\\/venezuela\\\/fe-y-alegria-impulsa-red-de-escuelas-para-los-sectores-mas-pobres\\\/\"]}]},{\"@type\":\"ImageObject\",\"inLanguage\":\"es\",\"@id\":\"https:\\\/\\\/www.feyalegria.org\\\/venezuela\\\/fe-y-alegria-impulsa-red-de-escuelas-para-los-sectores-mas-pobres\\\/#primaryimage\",\"url\":\"https:\\\/\\\/d3pugrm67vf9n7.cloudfront.net\\\/wp-content\\\/uploads\\\/sites\\\/4\\\/2022\\\/01\\\/29154008\\\/foto-fe-y-alegria-scaled.jpg\",\"contentUrl\":\"https:\\\/\\\/d3pugrm67vf9n7.cloudfront.net\\\/wp-content\\\/uploads\\\/sites\\\/4\\\/2022\\\/01\\\/29154008\\\/foto-fe-y-alegria-scaled.jpg\",\"width\":2560,\"height\":1702},{\"@type\":\"WebSite\",\"@id\":\"https:\\\/\\\/www.feyalegria.org\\\/venezuela\\\/#website\",\"url\":\"https:\\\/\\\/www.feyalegria.org\\\/venezuela\\\/\",\"name\":\"Fe y Alegr\u00eda en Venezuela\",\"description\":\"\",\"potentialAction\":[{\"@type\":\"SearchAction\",\"target\":{\"@type\":\"EntryPoint\",\"urlTemplate\":\"https:\\\/\\\/www.feyalegria.org\\\/venezuela\\\/?s={search_term_string}\"},\"query-input\":{\"@type\":\"PropertyValueSpecification\",\"valueRequired\":true,\"valueName\":\"search_term_string\"}}],\"inLanguage\":\"es\"},{\"@type\":\"Person\",\"@id\":\"https:\\\/\\\/www.feyalegria.org\\\/venezuela\\\/#\\\/schema\\\/person\\\/7fcf310cf79e9dfc0cf304f520691604\",\"name\":\"adminfyaven\",\"url\":\"https:\\\/\\\/www.feyalegria.org\\\/venezuela\\\/author\\\/adminfyaven\\\/\"}]}<\/script>\n<!-- \/ Yoast SEO plugin. -->","yoast_head_json":{"title":"Fe y Alegr\u00eda Impulsa Red de Escuelas para los Sectores m\u00e1s Pobres - Fe y Alegr\u00eda en Venezuela","robots":{"index":"index","follow":"follow","max-snippet":"max-snippet:-1","max-image-preview":"max-image-preview:large","max-video-preview":"max-video-preview:-1"},"canonical":"https:\/\/www.feyalegria.org\/venezuela\/fe-y-alegria-impulsa-red-de-escuelas-para-los-sectores-mas-pobres\/","og_locale":"es_ES","og_type":"article","og_title":"Fe y Alegr\u00eda Impulsa Red de Escuelas para los Sectores m\u00e1s Pobres - Fe y Alegr\u00eda en Venezuela","og_description":"El Movimiento Fe y Alegr\u00eda Venezuela teniendo como gu\u00eda la Preferencia Apost\u00f3lica Universal de caminar con los pobres y los vulnerables, sigue presente en zonas de pobreza extrema.","og_url":"https:\/\/www.feyalegria.org\/venezuela\/fe-y-alegria-impulsa-red-de-escuelas-para-los-sectores-mas-pobres\/","og_site_name":"Fe y Alegr\u00eda en Venezuela","article_published_time":"2022-01-29T15:54:41+00:00","article_modified_time":"2022-01-29T15:56:25+00:00","og_image":[{"width":2560,"height":1702,"url":"https:\/\/d3pugrm67vf9n7.cloudfront.net\/wp-content\/uploads\/sites\/4\/2022\/01\/29154008\/foto-fe-y-alegria-scaled.jpg","type":"image\/jpeg"}],"author":"adminfyaven","twitter_card":"summary_large_image","twitter_misc":{"Escrito por":"adminfyaven","Tiempo de lectura":"4 minutos"},"schema":{"@context":"https:\/\/schema.org","@graph":[{"@type":"Article","@id":"https:\/\/www.feyalegria.org\/venezuela\/fe-y-alegria-impulsa-red-de-escuelas-para-los-sectores-mas-pobres\/#article","isPartOf":{"@id":"https:\/\/www.feyalegria.org\/venezuela\/fe-y-alegria-impulsa-red-de-escuelas-para-los-sectores-mas-pobres\/"},"author":{"name":"adminfyaven","@id":"https:\/\/www.feyalegria.org\/venezuela\/#\/schema\/person\/7fcf310cf79e9dfc0cf304f520691604"},"headline":"Fe y Alegr\u00eda Impulsa Red de Escuelas para los Sectores m\u00e1s Pobres","datePublished":"2022-01-29T15:54:41+00:00","dateModified":"2022-01-29T15:56:25+00:00","mainEntityOfPage":{"@id":"https:\/\/www.feyalegria.org\/venezuela\/fe-y-alegria-impulsa-red-de-escuelas-para-los-sectores-mas-pobres\/"},"wordCount":724,"image":{"@id":"https:\/\/www.feyalegria.org\/venezuela\/fe-y-alegria-impulsa-red-de-escuelas-para-los-sectores-mas-pobres\/#primaryimage"},"thumbnailUrl":"https:\/\/d3pugrm67vf9n7.cloudfront.net\/wp-content\/uploads\/sites\/4\/2022\/01\/29154008\/foto-fe-y-alegria-scaled.jpg","keywords":["Fe y Alegr\u00eda Venezuela"],"articleSection":["Noticias"],"inLanguage":"es"},{"@type":"WebPage","@id":"https:\/\/www.feyalegria.org\/venezuela\/fe-y-alegria-impulsa-red-de-escuelas-para-los-sectores-mas-pobres\/","url":"https:\/\/www.feyalegria.org\/venezuela\/fe-y-alegria-impulsa-red-de-escuelas-para-los-sectores-mas-pobres\/","name":"Fe y Alegr\u00eda Impulsa Red de Escuelas para los Sectores m\u00e1s Pobres - Fe y Alegr\u00eda en Venezuela","isPartOf":{"@id":"https:\/\/www.feyalegria.org\/venezuela\/#website"},"primaryImageOfPage":{"@id":"https:\/\/www.feyalegria.org\/venezuela\/fe-y-alegria-impulsa-red-de-escuelas-para-los-sectores-mas-pobres\/#primaryimage"},"image":{"@id":"https:\/\/www.feyalegria.org\/venezuela\/fe-y-alegria-impulsa-red-de-escuelas-para-los-sectores-mas-pobres\/#primaryimage"},"thumbnailUrl":"https:\/\/d3pugrm67vf9n7.cloudfront.net\/wp-content\/uploads\/sites\/4\/2022\/01\/29154008\/foto-fe-y-alegria-scaled.jpg","datePublished":"2022-01-29T15:54:41+00:00","dateModified":"2022-01-29T15:56:25+00:00","author":{"@id":"https:\/\/www.feyalegria.org\/venezuela\/#\/schema\/person\/7fcf310cf79e9dfc0cf304f520691604"},"inLanguage":"es","potentialAction":[{"@type":"ReadAction","target":["https:\/\/www.feyalegria.org\/venezuela\/fe-y-alegria-impulsa-red-de-escuelas-para-los-sectores-mas-pobres\/"]}]},{"@type":"ImageObject","inLanguage":"es","@id":"https:\/\/www.feyalegria.org\/venezuela\/fe-y-alegria-impulsa-red-de-escuelas-para-los-sectores-mas-pobres\/#primaryimage","url":"https:\/\/d3pugrm67vf9n7.cloudfront.net\/wp-content\/uploads\/sites\/4\/2022\/01\/29154008\/foto-fe-y-alegria-scaled.jpg","contentUrl":"https:\/\/d3pugrm67vf9n7.cloudfront.net\/wp-content\/uploads\/sites\/4\/2022\/01\/29154008\/foto-fe-y-alegria-scaled.jpg","width":2560,"height":1702},{"@type":"WebSite","@id":"https:\/\/www.feyalegria.org\/venezuela\/#website","url":"https:\/\/www.feyalegria.org\/venezuela\/","name":"Fe y Alegr\u00eda en Venezuela","description":"","potentialAction":[{"@type":"SearchAction","target":{"@type":"EntryPoint","urlTemplate":"https:\/\/www.feyalegria.org\/venezuela\/?s={search_term_string}"},"query-input":{"@type":"PropertyValueSpecification","valueRequired":true,"valueName":"search_term_string"}}],"inLanguage":"es"},{"@type":"Person","@id":"https:\/\/www.feyalegria.org\/venezuela\/#\/schema\/person\/7fcf310cf79e9dfc0cf304f520691604","name":"adminfyaven","url":"https:\/\/www.feyalegria.org\/venezuela\/author\/adminfyaven\/"}]}},"_links":{"self":[{"href":"https:\/\/www.feyalegria.org\/venezuela\/wp-json\/wp\/v2\/posts\/3188","targetHints":{"allow":["GET"]}}],"collection":[{"href":"https:\/\/www.feyalegria.org\/venezuela\/wp-json\/wp\/v2\/posts"}],"about":[{"href":"https:\/\/www.feyalegria.org\/venezuela\/wp-json\/wp\/v2\/types\/post"}],"author":[{"embeddable":true,"href":"https:\/\/www.feyalegria.org\/venezuela\/wp-json\/wp\/v2\/users\/90"}],"replies":[{"embeddable":true,"href":"https:\/\/www.feyalegria.org\/venezuela\/wp-json\/wp\/v2\/comments?post=3188"}],"version-history":[{"count":0,"href":"https:\/\/www.feyalegria.org\/venezuela\/wp-json\/wp\/v2\/posts\/3188\/revisions"}],"wp:featuredmedia":[{"embeddable":true,"href":"https:\/\/www.feyalegria.org\/venezuela\/wp-json\/wp\/v2\/media\/3189"}],"wp:attachment":[{"href":"https:\/\/www.feyalegria.org\/venezuela\/wp-json\/wp\/v2\/media?parent=3188"}],"wp:term":[{"taxonomy":"category","embeddable":true,"href":"https:\/\/www.feyalegria.org\/venezuela\/wp-json\/wp\/v2\/categories?post=3188"},{"taxonomy":"post_tag","embeddable":true,"href":"https:\/\/www.feyalegria.org\/venezuela\/wp-json\/wp\/v2\/tags?post=3188"},{"taxonomy":"post_folder","embeddable":true,"href":"https:\/\/www.feyalegria.org\/venezuela\/wp-json\/wp\/v2\/post_folder?post=3188"}],"curies":[{"name":"wp","href":"https:\/\/api.w.org\/{rel}","templated":true}]}}