{"id":3214,"date":"2022-01-31T10:17:39","date_gmt":"2022-01-31T10:17:39","guid":{"rendered":"https:\/\/www.feyalegria.org\/venezuela\/?p=3214"},"modified":"2022-02-03T21:30:27","modified_gmt":"2022-02-03T21:30:27","slug":"arranca-rifa-anual-de-fe-y-alegria","status":"publish","type":"post","link":"https:\/\/www.feyalegria.org\/venezuela\/arranca-rifa-anual-de-fe-y-alegria\/","title":{"rendered":"Arranca Rifa Anual  de Fe y Alegr\u00eda"},"content":{"rendered":"<div class=\"wpb-content-wrapper\"><p>[vc_row css=\u00bb.vc_custom_1606160684358{padding-top: 40px !important;}\u00bb][vc_column][vc_single_image image=\u00bb3219&#8243; img_size=\u00bblarge\u00bb alignment=\u00bbcenter\u00bb style=\u00bbvc_box_rounded\u00bb onclick=\u00bblink_image\u00bb][vc_column_text]Lleg\u00f3 la gran rifa de Fe y Alegr\u00eda tambi\u00e9n en este 2022. Para la sostenibilidad econ\u00f3mica de los centros y programas educativos y comunicacionales, el Movimiento Fe y Alegr\u00eda Venezuela lanza una campa\u00f1a de recaudaci\u00f3n de fondos. Y una de las maneras que presentamos para alcanzar ese fin es la gran Rifa 2022, en su versi\u00f3n digital.<\/p>\n<p>La venta de los boletos se har\u00e1 r\u00e1pida, sencilla y segura a trav\u00e9s de la plataforma digital <strong><em>rifa.feyalegria.org<\/em><\/strong>, la cual estar\u00e1 abierta desde este 31 de enero hasta el 8 de Marzo del presente a\u00f1o.<\/p>\n<p>La instituci\u00f3n que cumple 67 a\u00f1os de presencia educativa y comunicacional de calidad ha organizado su Rifa Anual con el prop\u00f3sito solicitar apoyo para la educaci\u00f3n de miles de ni\u00f1os, ni\u00f1as, adolescentes y adultos que hacen vida en sus casi 300 centros educativos.<\/p>\n<p>Es una campa\u00f1a enmarcada bajo el lema <strong>#EsperanzaEnAcci\u00f3n<\/strong> como s\u00edmbolo de movilizaci\u00f3n, trabajo y esfuerzo en favor de la educaci\u00f3n.<\/p>\n<p>Los organizadores de la campa\u00f1a se\u00f1alan que la esperanza les mantiene de pie en tiempos dif\u00edciles. Les proporciona luz cuando hay oscuridad. La esperanza es la energ\u00eda que les mueve para seguir trabajando.<\/p>\n<p>Noelbis Aguilar, directora nacional del programa Escuela de Fe y Alegr\u00eda, expres\u00f3 que la raz\u00f3n de ser de la rifa del movimiento es ofrecer un servicio educativo de calidad e invit\u00f3 al pa\u00eds a colaborar comprando un n\u00famero.[\/vc_column_text][vc_single_image image=\u00bb3211&#8243; img_size=\u00bblarge\u00bb alignment=\u00bbcenter\u00bb style=\u00bbvc_box_rounded\u00bb onclick=\u00bblink_image\u00bb][vc_column_text]La profesora Aguilar dijo que \u201cla Rifa es un acontecimiento que nos llene de alegr\u00eda y mucho entusiasmo. Hoy el personal de las escuelas, centros de capacitaci\u00f3n laboral, Instituto radiof\u00f3nico, institutos universitarios, centro de formaci\u00f3n docente y oficinas nos unimos para promover nuestra Rifa de Fe y Alegr\u00eda que hemos llamado Esperanza en Acci\u00f3n.<\/p>\n<p>&nbsp;<\/p>\n<p>Buscamos con esta campa\u00f1a activarnos para llevar una educaci\u00f3n de calidad, y esperamos la solidaridad de la sociedad para as\u00ed invertir en nuestros centros y garantizar un buen servicio\u201d, acot\u00f3 la profesora Noelbis Aguilar.<\/p>\n<p>&nbsp;<\/p>\n<p>El sorteo se llevar\u00e1 a cabo el viernes 11 de marzo a la 5:00pm. Ser\u00e1 transmitido por el canal de YouTube de Fe y Alegr\u00eda Venezuela y los resultados ser\u00e1n publicados en el portal web y redes sociales. Entre los premios a sortear este a\u00f1o se cuentan motos, cestas de productos, electrodom\u00e9sticos, viajes y mucho m\u00e1s.[\/vc_column_text][vc_single_image image=\u00bb3224&#8243; img_size=\u00bblarge\u00bb alignment=\u00bbcenter\u00bb style=\u00bbvc_box_rounded\u00bb onclick=\u00bblink_image\u00bb][vc_column_text]La coordinadora del programa Ciudadan\u00eda y Paz de Fe y Alegr\u00eda, Luisa Pernalete, coment\u00f3: \u00bfPor qu\u00e9 colaborar con Fe y Alegr\u00eda? Tenemos historia y tenemos futuro, hemos apostado por Venezuela en medio de las dificultades. Si colaboramos estamos ayudando a la educaci\u00f3n del pa\u00eds y en segundo lugar los recursos que se aportan a Fe y Alegr\u00eda les llegan a los destinatarios, a los maestros, son invertidos en los proyectos para mejorar la infraestructura educativa. Necesitamos el respaldo para que miles de estudiantes sigan teniendo futuro.<\/p>\n<p>&nbsp;<\/p>\n<p>Fe y Alegr\u00eda lleva una educaci\u00f3n p\u00fablica y de calidad a los sectores m\u00e1s necesitados en 19 estados del pa\u00eds a trav\u00e9s de una red de 177 escuelas, en los cuales se atienden a m\u00e1s de 117.000 estudiantes. La organizaci\u00f3n cuenta 7.869 trabajadores de la educaci\u00f3n, 5 instituto universitarios, 23 emisoras de Radio Educativa y 81 Centros de capacitaci\u00f3n laboral en oficios para j\u00f3venes y adultos y un centro de Formaci\u00f3n e investigaci\u00f3n educativa, y m\u00e1s de 800 voluntarios.<\/p>\n<p>&nbsp;<\/p>\n<p>Fe y Alegr\u00eda naci\u00f3 un 5 de Marzo de 1955, gracias a la iniciativa del padre Jos\u00e9 Mar\u00eda V\u00e9laz, un grupos de estudiantes de la UCAB, y el respaldo del alba\u00f1il Abraham Reyes y su compa\u00f1era Mar\u00eda Patricia Reyes quienes decidieron donar la mitad de su casa para el nacimiento de la primera escuela de Fe y Alegr\u00eda en la parroquia 23 de Enero, Caracas. Hoy Fe y Alegr\u00eda se encuentra presente en 22 pa\u00edses de Am\u00e9rica Latina, \u00c1frica, Europa y Asia.[\/vc_column_text][vc_column_text]Nota informativa escrita por el periodista Javier Barrios.[\/vc_column_text][\/vc_column][\/vc_row]<\/p>\n<\/div>","protected":false},"excerpt":{"rendered":"<div style=\"height: 264px\">Lleg\u00f3 la gran rifa de Fe y Alegr\u00eda tambi\u00e9n en este 2022. Para la sostenibilidad econ\u00f3mica de los centros y programas educativos y comunicacionales, el Movimiento Fe y Alegr\u00eda Venezuela lanza una campa\u00f1a de recaudaci\u00f3n de fondos.<\/div>\n","protected":false},"author":2,"featured_media":3219,"comment_status":"closed","ping_status":"closed","sticky":false,"template":"","format":"standard","meta":{"_acf_changed":false,"footnotes":""},"categories":[183],"tags":[528],"post_folder":[],"class_list":["post-3214","post","type-post","status-publish","format-standard","has-post-thumbnail","hentry","category-noticias","tag-fe-y-alegria-venezuela"],"acf":[],"yoast_head":"<!-- This site is optimized with the Yoast SEO plugin v27.5 - https:\/\/yoast.com\/product\/yoast-seo-wordpress\/ -->\n<title>Arranca Rifa Anual de Fe y Alegr\u00eda - Fe y Alegr\u00eda en Venezuela<\/title>\n<meta name=\"robots\" content=\"index, follow, max-snippet:-1, max-image-preview:large, max-video-preview:-1\" \/>\n<link rel=\"canonical\" href=\"https:\/\/www.feyalegria.org\/venezuela\/arranca-rifa-anual-de-fe-y-alegria\/\" \/>\n<meta property=\"og:locale\" content=\"es_ES\" \/>\n<meta property=\"og:type\" content=\"article\" \/>\n<meta property=\"og:title\" content=\"Arranca Rifa Anual de Fe y Alegr\u00eda - Fe y Alegr\u00eda en Venezuela\" \/>\n<meta property=\"og:description\" content=\"Lleg\u00f3 la gran rifa de Fe y Alegr\u00eda tambi\u00e9n en este 2022. Para la sostenibilidad econ\u00f3mica de los centros y programas educativos y comunicacionales, el Movimiento Fe y Alegr\u00eda Venezuela lanza una campa\u00f1a de recaudaci\u00f3n de fondos.\" \/>\n<meta property=\"og:url\" content=\"https:\/\/www.feyalegria.org\/venezuela\/arranca-rifa-anual-de-fe-y-alegria\/\" \/>\n<meta property=\"og:site_name\" content=\"Fe y Alegr\u00eda en Venezuela\" \/>\n<meta property=\"article:published_time\" content=\"2022-01-31T10:17:39+00:00\" \/>\n<meta property=\"article:modified_time\" content=\"2022-02-03T21:30:27+00:00\" \/>\n<meta property=\"og:image\" content=\"https:\/\/d3pugrm67vf9n7.cloudfront.net\/wp-content\/uploads\/sites\/4\/2022\/01\/31025536\/Fe-y-Alegr%C3%ADa-y-la-Rifa.jpg\" \/>\n\t<meta property=\"og:image:width\" content=\"1024\" \/>\n\t<meta property=\"og:image:height\" content=\"682\" \/>\n\t<meta property=\"og:image:type\" content=\"image\/jpeg\" \/>\n<meta name=\"author\" content=\"adminfya\" \/>\n<meta name=\"twitter:card\" content=\"summary_large_image\" \/>\n<meta name=\"twitter:label1\" content=\"Escrito por\" \/>\n\t<meta name=\"twitter:data1\" content=\"adminfya\" \/>\n\t<meta name=\"twitter:label2\" content=\"Tiempo de lectura\" \/>\n\t<meta name=\"twitter:data2\" content=\"4 minutos\" \/>\n<script type=\"application\/ld+json\" class=\"yoast-schema-graph\">{\"@context\":\"https:\\\/\\\/schema.org\",\"@graph\":[{\"@type\":\"Article\",\"@id\":\"https:\\\/\\\/www.feyalegria.org\\\/venezuela\\\/arranca-rifa-anual-de-fe-y-alegria\\\/#article\",\"isPartOf\":{\"@id\":\"https:\\\/\\\/www.feyalegria.org\\\/venezuela\\\/arranca-rifa-anual-de-fe-y-alegria\\\/\"},\"author\":{\"name\":\"adminfya\",\"@id\":\"https:\\\/\\\/www.feyalegria.org\\\/venezuela\\\/#\\\/schema\\\/person\\\/f113dd05751b9243bcc4b62d8f55bc4b\"},\"headline\":\"Arranca Rifa Anual de Fe y Alegr\u00eda\",\"datePublished\":\"2022-01-31T10:17:39+00:00\",\"dateModified\":\"2022-02-03T21:30:27+00:00\",\"mainEntityOfPage\":{\"@id\":\"https:\\\/\\\/www.feyalegria.org\\\/venezuela\\\/arranca-rifa-anual-de-fe-y-alegria\\\/\"},\"wordCount\":778,\"image\":{\"@id\":\"https:\\\/\\\/www.feyalegria.org\\\/venezuela\\\/arranca-rifa-anual-de-fe-y-alegria\\\/#primaryimage\"},\"thumbnailUrl\":\"https:\\\/\\\/d3pugrm67vf9n7.cloudfront.net\\\/wp-content\\\/uploads\\\/sites\\\/4\\\/2022\\\/01\\\/31025536\\\/Fe-y-Alegr%C3%ADa-y-la-Rifa.jpg\",\"keywords\":[\"Fe y Alegr\u00eda Venezuela\"],\"articleSection\":[\"Noticias\"],\"inLanguage\":\"es\"},{\"@type\":\"WebPage\",\"@id\":\"https:\\\/\\\/www.feyalegria.org\\\/venezuela\\\/arranca-rifa-anual-de-fe-y-alegria\\\/\",\"url\":\"https:\\\/\\\/www.feyalegria.org\\\/venezuela\\\/arranca-rifa-anual-de-fe-y-alegria\\\/\",\"name\":\"Arranca Rifa Anual de Fe y Alegr\u00eda - Fe y Alegr\u00eda en Venezuela\",\"isPartOf\":{\"@id\":\"https:\\\/\\\/www.feyalegria.org\\\/venezuela\\\/#website\"},\"primaryImageOfPage\":{\"@id\":\"https:\\\/\\\/www.feyalegria.org\\\/venezuela\\\/arranca-rifa-anual-de-fe-y-alegria\\\/#primaryimage\"},\"image\":{\"@id\":\"https:\\\/\\\/www.feyalegria.org\\\/venezuela\\\/arranca-rifa-anual-de-fe-y-alegria\\\/#primaryimage\"},\"thumbnailUrl\":\"https:\\\/\\\/d3pugrm67vf9n7.cloudfront.net\\\/wp-content\\\/uploads\\\/sites\\\/4\\\/2022\\\/01\\\/31025536\\\/Fe-y-Alegr%C3%ADa-y-la-Rifa.jpg\",\"datePublished\":\"2022-01-31T10:17:39+00:00\",\"dateModified\":\"2022-02-03T21:30:27+00:00\",\"author\":{\"@id\":\"https:\\\/\\\/www.feyalegria.org\\\/venezuela\\\/#\\\/schema\\\/person\\\/f113dd05751b9243bcc4b62d8f55bc4b\"},\"inLanguage\":\"es\",\"potentialAction\":[{\"@type\":\"ReadAction\",\"target\":[\"https:\\\/\\\/www.feyalegria.org\\\/venezuela\\\/arranca-rifa-anual-de-fe-y-alegria\\\/\"]}]},{\"@type\":\"ImageObject\",\"inLanguage\":\"es\",\"@id\":\"https:\\\/\\\/www.feyalegria.org\\\/venezuela\\\/arranca-rifa-anual-de-fe-y-alegria\\\/#primaryimage\",\"url\":\"https:\\\/\\\/d3pugrm67vf9n7.cloudfront.net\\\/wp-content\\\/uploads\\\/sites\\\/4\\\/2022\\\/01\\\/31025536\\\/Fe-y-Alegr%C3%ADa-y-la-Rifa.jpg\",\"contentUrl\":\"https:\\\/\\\/d3pugrm67vf9n7.cloudfront.net\\\/wp-content\\\/uploads\\\/sites\\\/4\\\/2022\\\/01\\\/31025536\\\/Fe-y-Alegr%C3%ADa-y-la-Rifa.jpg\",\"width\":1024,\"height\":682},{\"@type\":\"WebSite\",\"@id\":\"https:\\\/\\\/www.feyalegria.org\\\/venezuela\\\/#website\",\"url\":\"https:\\\/\\\/www.feyalegria.org\\\/venezuela\\\/\",\"name\":\"Fe y Alegr\u00eda en Venezuela\",\"description\":\"\",\"potentialAction\":[{\"@type\":\"SearchAction\",\"target\":{\"@type\":\"EntryPoint\",\"urlTemplate\":\"https:\\\/\\\/www.feyalegria.org\\\/venezuela\\\/?s={search_term_string}\"},\"query-input\":{\"@type\":\"PropertyValueSpecification\",\"valueRequired\":true,\"valueName\":\"search_term_string\"}}],\"inLanguage\":\"es\"},{\"@type\":\"Person\",\"@id\":\"https:\\\/\\\/www.feyalegria.org\\\/venezuela\\\/#\\\/schema\\\/person\\\/f113dd05751b9243bcc4b62d8f55bc4b\",\"name\":\"adminfya\",\"url\":\"https:\\\/\\\/www.feyalegria.org\\\/venezuela\\\/author\\\/adminfya\\\/\"}]}<\/script>\n<!-- \/ Yoast SEO plugin. -->","yoast_head_json":{"title":"Arranca Rifa Anual de Fe y Alegr\u00eda - Fe y Alegr\u00eda en Venezuela","robots":{"index":"index","follow":"follow","max-snippet":"max-snippet:-1","max-image-preview":"max-image-preview:large","max-video-preview":"max-video-preview:-1"},"canonical":"https:\/\/www.feyalegria.org\/venezuela\/arranca-rifa-anual-de-fe-y-alegria\/","og_locale":"es_ES","og_type":"article","og_title":"Arranca Rifa Anual de Fe y Alegr\u00eda - Fe y Alegr\u00eda en Venezuela","og_description":"Lleg\u00f3 la gran rifa de Fe y Alegr\u00eda tambi\u00e9n en este 2022. Para la sostenibilidad econ\u00f3mica de los centros y programas educativos y comunicacionales, el Movimiento Fe y Alegr\u00eda Venezuela lanza una campa\u00f1a de recaudaci\u00f3n de fondos.","og_url":"https:\/\/www.feyalegria.org\/venezuela\/arranca-rifa-anual-de-fe-y-alegria\/","og_site_name":"Fe y Alegr\u00eda en Venezuela","article_published_time":"2022-01-31T10:17:39+00:00","article_modified_time":"2022-02-03T21:30:27+00:00","og_image":[{"width":1024,"height":682,"url":"https:\/\/d3pugrm67vf9n7.cloudfront.net\/wp-content\/uploads\/sites\/4\/2022\/01\/31025536\/Fe-y-Alegr%C3%ADa-y-la-Rifa.jpg","type":"image\/jpeg"}],"author":"adminfya","twitter_card":"summary_large_image","twitter_misc":{"Escrito por":"adminfya","Tiempo de lectura":"4 minutos"},"schema":{"@context":"https:\/\/schema.org","@graph":[{"@type":"Article","@id":"https:\/\/www.feyalegria.org\/venezuela\/arranca-rifa-anual-de-fe-y-alegria\/#article","isPartOf":{"@id":"https:\/\/www.feyalegria.org\/venezuela\/arranca-rifa-anual-de-fe-y-alegria\/"},"author":{"name":"adminfya","@id":"https:\/\/www.feyalegria.org\/venezuela\/#\/schema\/person\/f113dd05751b9243bcc4b62d8f55bc4b"},"headline":"Arranca Rifa Anual de Fe y Alegr\u00eda","datePublished":"2022-01-31T10:17:39+00:00","dateModified":"2022-02-03T21:30:27+00:00","mainEntityOfPage":{"@id":"https:\/\/www.feyalegria.org\/venezuela\/arranca-rifa-anual-de-fe-y-alegria\/"},"wordCount":778,"image":{"@id":"https:\/\/www.feyalegria.org\/venezuela\/arranca-rifa-anual-de-fe-y-alegria\/#primaryimage"},"thumbnailUrl":"https:\/\/d3pugrm67vf9n7.cloudfront.net\/wp-content\/uploads\/sites\/4\/2022\/01\/31025536\/Fe-y-Alegr%C3%ADa-y-la-Rifa.jpg","keywords":["Fe y Alegr\u00eda Venezuela"],"articleSection":["Noticias"],"inLanguage":"es"},{"@type":"WebPage","@id":"https:\/\/www.feyalegria.org\/venezuela\/arranca-rifa-anual-de-fe-y-alegria\/","url":"https:\/\/www.feyalegria.org\/venezuela\/arranca-rifa-anual-de-fe-y-alegria\/","name":"Arranca Rifa Anual de Fe y Alegr\u00eda - Fe y Alegr\u00eda en Venezuela","isPartOf":{"@id":"https:\/\/www.feyalegria.org\/venezuela\/#website"},"primaryImageOfPage":{"@id":"https:\/\/www.feyalegria.org\/venezuela\/arranca-rifa-anual-de-fe-y-alegria\/#primaryimage"},"image":{"@id":"https:\/\/www.feyalegria.org\/venezuela\/arranca-rifa-anual-de-fe-y-alegria\/#primaryimage"},"thumbnailUrl":"https:\/\/d3pugrm67vf9n7.cloudfront.net\/wp-content\/uploads\/sites\/4\/2022\/01\/31025536\/Fe-y-Alegr%C3%ADa-y-la-Rifa.jpg","datePublished":"2022-01-31T10:17:39+00:00","dateModified":"2022-02-03T21:30:27+00:00","author":{"@id":"https:\/\/www.feyalegria.org\/venezuela\/#\/schema\/person\/f113dd05751b9243bcc4b62d8f55bc4b"},"inLanguage":"es","potentialAction":[{"@type":"ReadAction","target":["https:\/\/www.feyalegria.org\/venezuela\/arranca-rifa-anual-de-fe-y-alegria\/"]}]},{"@type":"ImageObject","inLanguage":"es","@id":"https:\/\/www.feyalegria.org\/venezuela\/arranca-rifa-anual-de-fe-y-alegria\/#primaryimage","url":"https:\/\/d3pugrm67vf9n7.cloudfront.net\/wp-content\/uploads\/sites\/4\/2022\/01\/31025536\/Fe-y-Alegr%C3%ADa-y-la-Rifa.jpg","contentUrl":"https:\/\/d3pugrm67vf9n7.cloudfront.net\/wp-content\/uploads\/sites\/4\/2022\/01\/31025536\/Fe-y-Alegr%C3%ADa-y-la-Rifa.jpg","width":1024,"height":682},{"@type":"WebSite","@id":"https:\/\/www.feyalegria.org\/venezuela\/#website","url":"https:\/\/www.feyalegria.org\/venezuela\/","name":"Fe y Alegr\u00eda en Venezuela","description":"","potentialAction":[{"@type":"SearchAction","target":{"@type":"EntryPoint","urlTemplate":"https:\/\/www.feyalegria.org\/venezuela\/?s={search_term_string}"},"query-input":{"@type":"PropertyValueSpecification","valueRequired":true,"valueName":"search_term_string"}}],"inLanguage":"es"},{"@type":"Person","@id":"https:\/\/www.feyalegria.org\/venezuela\/#\/schema\/person\/f113dd05751b9243bcc4b62d8f55bc4b","name":"adminfya","url":"https:\/\/www.feyalegria.org\/venezuela\/author\/adminfya\/"}]}},"_links":{"self":[{"href":"https:\/\/www.feyalegria.org\/venezuela\/wp-json\/wp\/v2\/posts\/3214","targetHints":{"allow":["GET"]}}],"collection":[{"href":"https:\/\/www.feyalegria.org\/venezuela\/wp-json\/wp\/v2\/posts"}],"about":[{"href":"https:\/\/www.feyalegria.org\/venezuela\/wp-json\/wp\/v2\/types\/post"}],"author":[{"embeddable":true,"href":"https:\/\/www.feyalegria.org\/venezuela\/wp-json\/wp\/v2\/users\/2"}],"replies":[{"embeddable":true,"href":"https:\/\/www.feyalegria.org\/venezuela\/wp-json\/wp\/v2\/comments?post=3214"}],"version-history":[{"count":0,"href":"https:\/\/www.feyalegria.org\/venezuela\/wp-json\/wp\/v2\/posts\/3214\/revisions"}],"wp:featuredmedia":[{"embeddable":true,"href":"https:\/\/www.feyalegria.org\/venezuela\/wp-json\/wp\/v2\/media\/3219"}],"wp:attachment":[{"href":"https:\/\/www.feyalegria.org\/venezuela\/wp-json\/wp\/v2\/media?parent=3214"}],"wp:term":[{"taxonomy":"category","embeddable":true,"href":"https:\/\/www.feyalegria.org\/venezuela\/wp-json\/wp\/v2\/categories?post=3214"},{"taxonomy":"post_tag","embeddable":true,"href":"https:\/\/www.feyalegria.org\/venezuela\/wp-json\/wp\/v2\/tags?post=3214"},{"taxonomy":"post_folder","embeddable":true,"href":"https:\/\/www.feyalegria.org\/venezuela\/wp-json\/wp\/v2\/post_folder?post=3214"}],"curies":[{"name":"wp","href":"https:\/\/api.w.org\/{rel}","templated":true}]}}