 {"id":3641,"date":"2022-05-31T17:43:48","date_gmt":"2022-05-31T17:43:48","guid":{"rendered":"https:\/\/www.feyalegria.org\/venezuela\/?p=3641"},"modified":"2022-05-31T17:43:48","modified_gmt":"2022-05-31T17:43:48","slug":"se-necesita-un-acuerdo-por-la-educacion","status":"publish","type":"post","link":"https:\/\/www.feyalegria.org\/venezuela\/se-necesita-un-acuerdo-por-la-educacion\/","title":{"rendered":"Se necesita un acuerdo por la educaci\u00f3n"},"content":{"rendered":"<div class=\"wpb-content-wrapper\"><p>[vc_row css=\u00bb.vc_custom_1606160684358{padding-top: 40px !important;}\u00bb][vc_column][vc_single_image image=\u00bb3645&#8243; img_size=\u00bblarge\u00bb alignment=\u00bbcenter\u00bb style=\u00bbvc_box_rounded\u00bb onclick=\u00bblink_image\u00bb][vc_column_text]Venezuela requiere de manera urgente un acuerdo educativo nacional para que la educaci\u00f3n se convierta en una aut\u00e9ntica prioridad para el Estado y la sociedad.<\/p>\n<p>&nbsp;<\/p>\n<p>Debemos iniciar una especie de cruzada nacional en la que nos involucremos todos: Estado, familias, sociedad, medios de comunicaci\u00f3n, empresas, partidos pol\u00edticos, iglesias, organizaciones no gubernamentales para hacer realidad este acuerdo o pacto por la educaci\u00f3n.<\/p>\n<p>El investigador y pedagogo Antonio P\u00e9rez Esclar\u00edn nos comparte su an\u00e1lisis sobre la Educaci\u00f3n en Venezuela y explica los alcances de este acuerdo por la educaci\u00f3n<\/p>\n<p><span style=\"font-size: 14pt\"><strong>Por un Acuerdo Educativo Nacional<\/strong><\/span><\/p>\n<p>En Venezuela la educaci\u00f3n es un derecho negado a grandes sectores de la poblaci\u00f3n, que no tienen acceso a ella o reciben una educaci\u00f3n de muy baja calidad. Tenemos bachilleres que no entienden un texto sencillo, son incapaces de expresarse en forma oral o por escrito con claridad, y no pueden resolver problemas matem\u00e1ticos simples. La educaci\u00f3n para los pobres es cada vez m\u00e1s una pobre educaci\u00f3n, lo que contribuye a mantener o incluso aumentar la pobreza humana, social y econ\u00f3mica de las mayor\u00edas.<\/p>\n<p>&nbsp;<\/p>\n<p>Las tasas de deserci\u00f3n alcanzan niveles muy altos y la crisis humanitaria compleja, agravada por la pandemia, ha dejado sin educaci\u00f3n a m\u00e1s de un mill\u00f3n de ni\u00f1os y de j\u00f3venes en edad escolar. Nuestro sistema educativo reproduce y agiganta la desigualdad y la exclusi\u00f3n, y en la actualidad, la educaci\u00f3n p\u00fablica, en todos sus niveles, vive una situaci\u00f3n lamentable, posiblemente la peor de las \u00faltimas d\u00e9cadas. Lo m\u00e1s tr\u00e1gico es que, despu\u00e9s de tanto discurso igualitario y tanta pr\u00e9dica de incluir a los excluidos, las pol\u00edticas sociales y econ\u00f3micas tan desacertadas han favorecido la educaci\u00f3n privada, a la que s\u00f3lo tienen acceso los privilegiados.<\/p>\n<p>&nbsp;<\/p>\n<p>La profesi\u00f3n docente est\u00e1 minusvalorada. Los salarios de los educadores son muy precarios y no les alcanzan para sobrevivir dignamente. Miles de educadores han salido del pa\u00eds en busca de una mejor vida, y muchos de los que todav\u00eda contin\u00faan en Venezuela, se dedican a otras actividades para poder sobrevivir. Hay un grav\u00edsimo d\u00e9ficit de profesores y son muchos los liceos y universidades que no dan algunas materias por carecer de profesores. Ante esta situaci\u00f3n, se est\u00e1 recurriendo a personas sin verdadera vocaci\u00f3n, capacitaci\u00f3n o formaci\u00f3n, con la err\u00f3nea idea de que cualquiera puede ser educador.[\/vc_column_text][vc_single_image image=\u00bb3644&#8243; img_size=\u00bblarge\u00bb alignment=\u00bbcenter\u00bb style=\u00bbvc_box_rounded\u00bb onclick=\u00bblink_image\u00bb][vc_column_text]Es por ello urgente que trabajemos todos por un Acuerdo Educativo Nacional para que la educaci\u00f3n se convierta en una aut\u00e9ntica prioridad del Estado y de la sociedad con pol\u00edticas p\u00fablicas consensuadas y permanentes, m\u00e1s all\u00e1 de los intereses de cada gobierno. Si la educaci\u00f3n es un derecho fundamental, es tambi\u00e9n un deber y una responsabilidad de todos y de todas. Para salvar la educaci\u00f3n, requisito indispensable para salvar a Venezuela, debemos iniciar una especie de cruzada nacional en la que nos involucremos todos: Estado, familias, sociedad, medios de comunicaci\u00f3n, empresas, partidos pol\u00edticos, iglesias, organizaciones no gubernamentales\u2026<\/p>\n<p>&nbsp;<\/p>\n<p>Este acuerdo debe orientarse, entre otras cosas, a dignificar a los educadores con sueldos que les permitan una vida digna, ejercer su profesi\u00f3n con buen \u00e1nimo, y seguirse formando. A su vez, los educadores deben asumir su responsabilidad con \u00e9tica y entrega, y concebirse no como meros dadores de clases, contenidos y programas, sino como promotores de aprendizaje y gestores de una nueva humanidad. Junto a esto, el Acuerdo Educativo debe trabajar para que los centros educativos sean lugares de aprendizaje, acogida y convivencia. Para ello, deben encontrarse en buen estado y contar con los servicios p\u00fablicos indispensables; entre ellos, con los aparatos tecnol\u00f3gicos imprescindibles y buena conectividad a internet. Esta dotaci\u00f3n tecnol\u00f3gica debe acompa\u00f1arse de la debida formaci\u00f3n pedag\u00f3gica para que docentes y alumnos utilicen estas herramientas como instrumentos para un aprendizaje permanente, cr\u00edtico y creativo, pues tecnolog\u00eda sin pedagog\u00eda sirve muy poco.[\/vc_column_text][vc_column_text]Por: Antonio P\u00e9rez Esclar\u00edn (pesclarin@gmail.com @pesclarin www.antonioperezesclarin.com[\/vc_column_text][\/vc_column][\/vc_row]<\/p>\n<\/div>","protected":false},"excerpt":{"rendered":"<div style=\"height: 264px\">Venezuela requiere de manera urgente un acuerdo educativo nacional para que la educaci\u00f3n se convierta en una aut\u00e9ntica prioridad para el Estado y la sociedad.<\/div>\n","protected":false},"author":2,"featured_media":3645,"comment_status":"closed","ping_status":"closed","sticky":false,"template":"","format":"standard","meta":{"_acf_changed":false,"footnotes":""},"categories":[183],"tags":[544,546,558,566,530,528,550,562,564,548,560,540,448],"post_folder":[],"class_list":["post-3641","post","type-post","status-publish","format-standard","has-post-thumbnail","hentry","category-noticias","tag-marcavenezuela","tag-67anos","tag-abraham-y-patricia-reyes","tag-anuncio","tag-esperanzaenaccion","tag-fe-y-alegria-venezuela","tag-feyalegria67anos","tag-misa","tag-obispo-de-venezuela","tag-salvemoslaeducacion","tag-santificacion","tag-solidaridad","tag-venezuela"],"acf":[],"yoast_head":"<!-- This site is optimized with the Yoast SEO plugin v27.5 - https:\/\/yoast.com\/product\/yoast-seo-wordpress\/ -->\n<title>Se necesita un acuerdo por la educaci\u00f3n - Fe y Alegr\u00eda en Venezuela<\/title>\n<meta name=\"robots\" content=\"index, follow, max-snippet:-1, max-image-preview:large, max-video-preview:-1\" \/>\n<link rel=\"canonical\" href=\"https:\/\/www.feyalegria.org\/venezuela\/se-necesita-un-acuerdo-por-la-educacion\/\" \/>\n<meta property=\"og:locale\" content=\"es_ES\" \/>\n<meta property=\"og:type\" content=\"article\" \/>\n<meta property=\"og:title\" content=\"Se necesita un acuerdo por la educaci\u00f3n - Fe y Alegr\u00eda en Venezuela\" \/>\n<meta property=\"og:description\" content=\"Venezuela requiere de manera urgente un acuerdo educativo nacional para que la educaci\u00f3n se convierta en una aut\u00e9ntica prioridad para el Estado y la sociedad.\" \/>\n<meta property=\"og:url\" content=\"https:\/\/www.feyalegria.org\/venezuela\/se-necesita-un-acuerdo-por-la-educacion\/\" \/>\n<meta property=\"og:site_name\" content=\"Fe y Alegr\u00eda en Venezuela\" \/>\n<meta property=\"article:published_time\" content=\"2022-05-31T17:43:48+00:00\" \/>\n<meta property=\"og:image\" content=\"https:\/\/d3pugrm67vf9n7.cloudfront.net\/wp-content\/uploads\/sites\/4\/2022\/05\/31173245\/Perez-esclarin-5.jpg\" \/>\n\t<meta property=\"og:image:width\" content=\"919\" \/>\n\t<meta property=\"og:image:height\" content=\"665\" \/>\n\t<meta property=\"og:image:type\" content=\"image\/jpeg\" \/>\n<meta name=\"author\" content=\"adminfya\" \/>\n<meta name=\"twitter:card\" content=\"summary_large_image\" \/>\n<meta name=\"twitter:label1\" content=\"Escrito por\" \/>\n\t<meta name=\"twitter:data1\" content=\"adminfya\" \/>\n\t<meta name=\"twitter:label2\" content=\"Tiempo de lectura\" \/>\n\t<meta name=\"twitter:data2\" content=\"4 minutos\" \/>\n<script type=\"application\/ld+json\" class=\"yoast-schema-graph\">{\"@context\":\"https:\\\/\\\/schema.org\",\"@graph\":[{\"@type\":\"Article\",\"@id\":\"https:\\\/\\\/www.feyalegria.org\\\/venezuela\\\/se-necesita-un-acuerdo-por-la-educacion\\\/#article\",\"isPartOf\":{\"@id\":\"https:\\\/\\\/www.feyalegria.org\\\/venezuela\\\/se-necesita-un-acuerdo-por-la-educacion\\\/\"},\"author\":{\"name\":\"adminfya\",\"@id\":\"https:\\\/\\\/www.feyalegria.org\\\/venezuela\\\/#\\\/schema\\\/person\\\/f113dd05751b9243bcc4b62d8f55bc4b\"},\"headline\":\"Se necesita un acuerdo por la educaci\u00f3n\",\"datePublished\":\"2022-05-31T17:43:48+00:00\",\"mainEntityOfPage\":{\"@id\":\"https:\\\/\\\/www.feyalegria.org\\\/venezuela\\\/se-necesita-un-acuerdo-por-la-educacion\\\/\"},\"wordCount\":777,\"image\":{\"@id\":\"https:\\\/\\\/www.feyalegria.org\\\/venezuela\\\/se-necesita-un-acuerdo-por-la-educacion\\\/#primaryimage\"},\"thumbnailUrl\":\"https:\\\/\\\/d3pugrm67vf9n7.cloudfront.net\\\/wp-content\\\/uploads\\\/sites\\\/4\\\/2022\\\/05\\\/31173245\\\/Perez-esclarin-5.jpg\",\"keywords\":[\"#MarcaVenezuela\",\"67a\u00f1os\",\"Abraham y Patricia Reyes\",\"Anuncio\",\"EsperanzaEnAcci\u00f3n\",\"Fe y Alegr\u00eda Venezuela\",\"FeyAlegria67a\u00f1os\",\"Misa\",\"Obispo de Venezuela\",\"SalvemosLaEducaci\u00f3n\",\"santificaci\u00f3n\",\"solidaridad\",\"Venezuela\"],\"articleSection\":[\"Noticias\"],\"inLanguage\":\"es\"},{\"@type\":\"WebPage\",\"@id\":\"https:\\\/\\\/www.feyalegria.org\\\/venezuela\\\/se-necesita-un-acuerdo-por-la-educacion\\\/\",\"url\":\"https:\\\/\\\/www.feyalegria.org\\\/venezuela\\\/se-necesita-un-acuerdo-por-la-educacion\\\/\",\"name\":\"Se necesita un acuerdo por la educaci\u00f3n - Fe y Alegr\u00eda en Venezuela\",\"isPartOf\":{\"@id\":\"https:\\\/\\\/www.feyalegria.org\\\/venezuela\\\/#website\"},\"primaryImageOfPage\":{\"@id\":\"https:\\\/\\\/www.feyalegria.org\\\/venezuela\\\/se-necesita-un-acuerdo-por-la-educacion\\\/#primaryimage\"},\"image\":{\"@id\":\"https:\\\/\\\/www.feyalegria.org\\\/venezuela\\\/se-necesita-un-acuerdo-por-la-educacion\\\/#primaryimage\"},\"thumbnailUrl\":\"https:\\\/\\\/d3pugrm67vf9n7.cloudfront.net\\\/wp-content\\\/uploads\\\/sites\\\/4\\\/2022\\\/05\\\/31173245\\\/Perez-esclarin-5.jpg\",\"datePublished\":\"2022-05-31T17:43:48+00:00\",\"author\":{\"@id\":\"https:\\\/\\\/www.feyalegria.org\\\/venezuela\\\/#\\\/schema\\\/person\\\/f113dd05751b9243bcc4b62d8f55bc4b\"},\"inLanguage\":\"es\",\"potentialAction\":[{\"@type\":\"ReadAction\",\"target\":[\"https:\\\/\\\/www.feyalegria.org\\\/venezuela\\\/se-necesita-un-acuerdo-por-la-educacion\\\/\"]}]},{\"@type\":\"ImageObject\",\"inLanguage\":\"es\",\"@id\":\"https:\\\/\\\/www.feyalegria.org\\\/venezuela\\\/se-necesita-un-acuerdo-por-la-educacion\\\/#primaryimage\",\"url\":\"https:\\\/\\\/d3pugrm67vf9n7.cloudfront.net\\\/wp-content\\\/uploads\\\/sites\\\/4\\\/2022\\\/05\\\/31173245\\\/Perez-esclarin-5.jpg\",\"contentUrl\":\"https:\\\/\\\/d3pugrm67vf9n7.cloudfront.net\\\/wp-content\\\/uploads\\\/sites\\\/4\\\/2022\\\/05\\\/31173245\\\/Perez-esclarin-5.jpg\",\"width\":919,\"height\":665},{\"@type\":\"WebSite\",\"@id\":\"https:\\\/\\\/www.feyalegria.org\\\/venezuela\\\/#website\",\"url\":\"https:\\\/\\\/www.feyalegria.org\\\/venezuela\\\/\",\"name\":\"Fe y Alegr\u00eda en Venezuela\",\"description\":\"\",\"potentialAction\":[{\"@type\":\"SearchAction\",\"target\":{\"@type\":\"EntryPoint\",\"urlTemplate\":\"https:\\\/\\\/www.feyalegria.org\\\/venezuela\\\/?s={search_term_string}\"},\"query-input\":{\"@type\":\"PropertyValueSpecification\",\"valueRequired\":true,\"valueName\":\"search_term_string\"}}],\"inLanguage\":\"es\"},{\"@type\":\"Person\",\"@id\":\"https:\\\/\\\/www.feyalegria.org\\\/venezuela\\\/#\\\/schema\\\/person\\\/f113dd05751b9243bcc4b62d8f55bc4b\",\"name\":\"adminfya\",\"url\":\"https:\\\/\\\/www.feyalegria.org\\\/venezuela\\\/author\\\/adminfya\\\/\"}]}<\/script>\n<!-- \/ Yoast SEO plugin. -->","yoast_head_json":{"title":"Se necesita un acuerdo por la educaci\u00f3n - Fe y Alegr\u00eda en Venezuela","robots":{"index":"index","follow":"follow","max-snippet":"max-snippet:-1","max-image-preview":"max-image-preview:large","max-video-preview":"max-video-preview:-1"},"canonical":"https:\/\/www.feyalegria.org\/venezuela\/se-necesita-un-acuerdo-por-la-educacion\/","og_locale":"es_ES","og_type":"article","og_title":"Se necesita un acuerdo por la educaci\u00f3n - Fe y Alegr\u00eda en Venezuela","og_description":"Venezuela requiere de manera urgente un acuerdo educativo nacional para que la educaci\u00f3n se convierta en una aut\u00e9ntica prioridad para el Estado y la sociedad.","og_url":"https:\/\/www.feyalegria.org\/venezuela\/se-necesita-un-acuerdo-por-la-educacion\/","og_site_name":"Fe y Alegr\u00eda en Venezuela","article_published_time":"2022-05-31T17:43:48+00:00","og_image":[{"width":919,"height":665,"url":"https:\/\/d3pugrm67vf9n7.cloudfront.net\/wp-content\/uploads\/sites\/4\/2022\/05\/31173245\/Perez-esclarin-5.jpg","type":"image\/jpeg"}],"author":"adminfya","twitter_card":"summary_large_image","twitter_misc":{"Escrito por":"adminfya","Tiempo de lectura":"4 minutos"},"schema":{"@context":"https:\/\/schema.org","@graph":[{"@type":"Article","@id":"https:\/\/www.feyalegria.org\/venezuela\/se-necesita-un-acuerdo-por-la-educacion\/#article","isPartOf":{"@id":"https:\/\/www.feyalegria.org\/venezuela\/se-necesita-un-acuerdo-por-la-educacion\/"},"author":{"name":"adminfya","@id":"https:\/\/www.feyalegria.org\/venezuela\/#\/schema\/person\/f113dd05751b9243bcc4b62d8f55bc4b"},"headline":"Se necesita un acuerdo por la educaci\u00f3n","datePublished":"2022-05-31T17:43:48+00:00","mainEntityOfPage":{"@id":"https:\/\/www.feyalegria.org\/venezuela\/se-necesita-un-acuerdo-por-la-educacion\/"},"wordCount":777,"image":{"@id":"https:\/\/www.feyalegria.org\/venezuela\/se-necesita-un-acuerdo-por-la-educacion\/#primaryimage"},"thumbnailUrl":"https:\/\/d3pugrm67vf9n7.cloudfront.net\/wp-content\/uploads\/sites\/4\/2022\/05\/31173245\/Perez-esclarin-5.jpg","keywords":["#MarcaVenezuela","67a\u00f1os","Abraham y Patricia Reyes","Anuncio","EsperanzaEnAcci\u00f3n","Fe y Alegr\u00eda Venezuela","FeyAlegria67a\u00f1os","Misa","Obispo de Venezuela","SalvemosLaEducaci\u00f3n","santificaci\u00f3n","solidaridad","Venezuela"],"articleSection":["Noticias"],"inLanguage":"es"},{"@type":"WebPage","@id":"https:\/\/www.feyalegria.org\/venezuela\/se-necesita-un-acuerdo-por-la-educacion\/","url":"https:\/\/www.feyalegria.org\/venezuela\/se-necesita-un-acuerdo-por-la-educacion\/","name":"Se necesita un acuerdo por la educaci\u00f3n - Fe y Alegr\u00eda en Venezuela","isPartOf":{"@id":"https:\/\/www.feyalegria.org\/venezuela\/#website"},"primaryImageOfPage":{"@id":"https:\/\/www.feyalegria.org\/venezuela\/se-necesita-un-acuerdo-por-la-educacion\/#primaryimage"},"image":{"@id":"https:\/\/www.feyalegria.org\/venezuela\/se-necesita-un-acuerdo-por-la-educacion\/#primaryimage"},"thumbnailUrl":"https:\/\/d3pugrm67vf9n7.cloudfront.net\/wp-content\/uploads\/sites\/4\/2022\/05\/31173245\/Perez-esclarin-5.jpg","datePublished":"2022-05-31T17:43:48+00:00","author":{"@id":"https:\/\/www.feyalegria.org\/venezuela\/#\/schema\/person\/f113dd05751b9243bcc4b62d8f55bc4b"},"inLanguage":"es","potentialAction":[{"@type":"ReadAction","target":["https:\/\/www.feyalegria.org\/venezuela\/se-necesita-un-acuerdo-por-la-educacion\/"]}]},{"@type":"ImageObject","inLanguage":"es","@id":"https:\/\/www.feyalegria.org\/venezuela\/se-necesita-un-acuerdo-por-la-educacion\/#primaryimage","url":"https:\/\/d3pugrm67vf9n7.cloudfront.net\/wp-content\/uploads\/sites\/4\/2022\/05\/31173245\/Perez-esclarin-5.jpg","contentUrl":"https:\/\/d3pugrm67vf9n7.cloudfront.net\/wp-content\/uploads\/sites\/4\/2022\/05\/31173245\/Perez-esclarin-5.jpg","width":919,"height":665},{"@type":"WebSite","@id":"https:\/\/www.feyalegria.org\/venezuela\/#website","url":"https:\/\/www.feyalegria.org\/venezuela\/","name":"Fe y Alegr\u00eda en Venezuela","description":"","potentialAction":[{"@type":"SearchAction","target":{"@type":"EntryPoint","urlTemplate":"https:\/\/www.feyalegria.org\/venezuela\/?s={search_term_string}"},"query-input":{"@type":"PropertyValueSpecification","valueRequired":true,"valueName":"search_term_string"}}],"inLanguage":"es"},{"@type":"Person","@id":"https:\/\/www.feyalegria.org\/venezuela\/#\/schema\/person\/f113dd05751b9243bcc4b62d8f55bc4b","name":"adminfya","url":"https:\/\/www.feyalegria.org\/venezuela\/author\/adminfya\/"}]}},"_links":{"self":[{"href":"https:\/\/www.feyalegria.org\/venezuela\/wp-json\/wp\/v2\/posts\/3641","targetHints":{"allow":["GET"]}}],"collection":[{"href":"https:\/\/www.feyalegria.org\/venezuela\/wp-json\/wp\/v2\/posts"}],"about":[{"href":"https:\/\/www.feyalegria.org\/venezuela\/wp-json\/wp\/v2\/types\/post"}],"author":[{"embeddable":true,"href":"https:\/\/www.feyalegria.org\/venezuela\/wp-json\/wp\/v2\/users\/2"}],"replies":[{"embeddable":true,"href":"https:\/\/www.feyalegria.org\/venezuela\/wp-json\/wp\/v2\/comments?post=3641"}],"version-history":[{"count":0,"href":"https:\/\/www.feyalegria.org\/venezuela\/wp-json\/wp\/v2\/posts\/3641\/revisions"}],"wp:featuredmedia":[{"embeddable":true,"href":"https:\/\/www.feyalegria.org\/venezuela\/wp-json\/wp\/v2\/media\/3645"}],"wp:attachment":[{"href":"https:\/\/www.feyalegria.org\/venezuela\/wp-json\/wp\/v2\/media?parent=3641"}],"wp:term":[{"taxonomy":"category","embeddable":true,"href":"https:\/\/www.feyalegria.org\/venezuela\/wp-json\/wp\/v2\/categories?post=3641"},{"taxonomy":"post_tag","embeddable":true,"href":"https:\/\/www.feyalegria.org\/venezuela\/wp-json\/wp\/v2\/tags?post=3641"},{"taxonomy":"post_folder","embeddable":true,"href":"https:\/\/www.feyalegria.org\/venezuela\/wp-json\/wp\/v2\/post_folder?post=3641"}],"curies":[{"name":"wp","href":"https:\/\/api.w.org\/{rel}","templated":true}]}}