 {"id":3651,"date":"2022-05-31T18:57:55","date_gmt":"2022-05-31T18:57:55","guid":{"rendered":"https:\/\/www.feyalegria.org\/venezuela\/?p=3651"},"modified":"2022-05-31T19:13:43","modified_gmt":"2022-05-31T19:13:43","slug":"fe-y-alegria-potencia-a-jovenes-emprendedores","status":"publish","type":"post","link":"https:\/\/www.feyalegria.org\/venezuela\/fe-y-alegria-potencia-a-jovenes-emprendedores\/","title":{"rendered":"Fe y Alegr\u00eda  potencia a j\u00f3venes emprendedores"},"content":{"rendered":"<div class=\"wpb-content-wrapper\"><p>[vc_row css=\u00bb.vc_custom_1606160684358{padding-top: 40px !important;}\u00bb][vc_column][vc_single_image image=\u00bb3655&#8243; img_size=\u00bblarge\u00bb alignment=\u00bbcenter\u00bb style=\u00bbvc_box_rounded\u00bb onclick=\u00bblink_image\u00bb][vc_column_text]Formar a la juventud ser\u00e1 siempre una pasi\u00f3n y un gran desaf\u00edo y m\u00e1s a\u00fan cuando hablamos de educar para la empleabilidad, el emprendimiento y la vida.<\/p>\n<p>El Movimiento Fe y Alegr\u00eda desde hace unos a\u00f1os ha venido marcado su preferencia apost\u00f3lica y acompa\u00f1amiento a los j\u00f3venes a trav\u00e9s de la creaci\u00f3n de una red de emprendedores.<\/p>\n<p>Queremos acompa\u00f1ar a los j\u00f3venes en la creaci\u00f3n de un futuro esperanzador en un contexto de crisis humanitaria y compleja que afecta la vida de la sociedad.<\/p>\n<p>Esta tit\u00e1nica tarea la estamos haciendo desde el programa de capacitaci\u00f3n laboral de Fe y Alegr\u00eda, se\u00f1ala su directora Sandra Chac\u00f3n.<\/p>\n<p>Fe y Alegr\u00eda Capacitaci\u00f3n, consciente de esta realidad, se plante\u00f3 dar respuesta a estos j\u00f3venes y adultos, en especial aquellos que tienen entre 15 y 25 a\u00f1os de edad que no tengan empleo y no est\u00e9n estudiando.<\/p>\n<p>Se les motiva a que se inscriban en cursos de capacitaci\u00f3n donde puedan desarrollar sus potencialidades y competencias en oficios de diversas \u00e1reas como: hogar y manualidades; bienes y servicios; industrial y agropecuaria.[\/vc_column_text][vc_single_image image=\u00bb3652&#8243; img_size=\u00bblarge\u00bb alignment=\u00bbcenter\u00bb style=\u00bbvc_box_rounded\u00bb onclick=\u00bblink_image\u00bb][vc_column_text]<span style=\"font-size: 14pt\"><strong>Capacitar para formar redes<\/strong><\/span><\/p>\n<p>La organizaci\u00f3n\u00a0 est\u00e1 impulsando redes de emprendedores, las cuales tiene como prop\u00f3sito que el emprendedor potencial conozca a otros emprendedores, compartir experiencias e ideas que fortalezcan su negocio.<\/p>\n<p>Al llegar a un centro de capacitaci\u00f3n de Fe y Alegr\u00eda,\u00a0 adem\u00e1s de la ilusi\u00f3n, motivaci\u00f3n y determinaci\u00f3n,\u00a0 nos encontramos\u00a0 con el gran coraz\u00f3n de dos participantes de la Red de emprendedores. Gabriela y Joslena.<\/p>\n<p>Gabriela Barz\u00f3n,\u00a0 con mucha alegr\u00eda, nos cuenta que la red de emprendedores\u00a0 ha significado una oportunidad muy importante para la continuidad de su\u00a0 emprendimiento. \u201cMe sorprendi\u00f3 mucho cuando me contactaron y no dude en unirme a esta nueva aventura, aprovechando al m\u00e1ximo cada una de las clases\u201d.<\/p>\n<p>Mientras, Joslena Goyo confiesa que \u201cme siento que\u00a0 no estoy sola tratando de sacar\u00a0 adelante un\u00a0 emprendimiento. La interacci\u00f3n con los otros\u00a0 nos aporta una nueva visi\u00f3n y alianzas para futuras iniciativas\u201d.[\/vc_column_text][vc_single_image image=\u00bb3654&#8243; img_size=\u00bblarge\u00bb alignment=\u00bbcenter\u00bb style=\u00bbvc_box_rounded\u00bb onclick=\u00bblink_image\u00bb][vc_column_text]<strong><span style=\"font-size: 14pt\">Tipos de redes<\/span> <\/strong><\/p>\n<p>Explica la profesora Chac\u00f3n: que se desarrollan dos\u00a0 tipos de redes: una red presencial, donde los emprendedores acuden a un espacio f\u00edsico a formarse, a colaborar unos con otros, de forma similar al funcionamiento de un vivero de empresas.<\/p>\n<p>Por ejemplo\u00a0 en Guadualito, estado Apure, se atienden a 19 j\u00f3venes.\u00a0 Por la red virtual, a trav\u00e9s de la plataforma WhatsApp, se llevan dos grupos: 1 en el estado Anzo\u00e1tegui con 23 emprendedores y 1 grupo de 103 emprendedores distribuidos en todo el territorio nacional en\u00a0 las \u00e1reas de Farmacia, Panader\u00eda, Reposter\u00eda, Conservaci\u00f3n de alimentos, Peluquer\u00eda, Reparaci\u00f3n de Electrodom\u00e9sticos, Barber\u00eda, Ofim\u00e1tica, Corte y Confecci\u00f3n.<\/p>\n<div id=\"gtx-trans\">\n<div class=\"gtx-trans-icon\"><\/div>\n<\/div>\n<p>[\/vc_column_text][vc_single_image image=\u00bb3653&#8243; img_size=\u00bblarge\u00bb alignment=\u00bbcenter\u00bb style=\u00bbvc_box_rounded\u00bb onclick=\u00bblink_image\u00bb][vc_column_text]<span style=\"font-size: 14pt\"><strong>Claves de las redes de emprendimiento<\/strong><\/span><\/p>\n<p>Sus animadores y participantes creen que las\u00a0 claves que definen a la red est\u00e1n basadas en el respeto, responsabilidad, buenas costumbres, motivaci\u00f3n, la colaboraci\u00f3n,\u00a0 ganas de trabajar y de creer que si se puede.<\/p>\n<p>Fe y Alegr\u00eda Capacitaci\u00f3n es un programa que naci\u00f3 en marzo de 1998 y que luego de 24 a\u00f1os cuenta con 71 centros a nivel nacional donde se atienden en lo que va de a\u00f1o a \u00a02105\u00a0 participantes. Su propuesta formativa se basa en tres modalidades: presencial, semipresencial y a distancia, diversificando los tipos de capacitaci\u00f3n con cursos, talleres y seminarios.[\/vc_column_text][vc_single_image image=\u00bb3656&#8243; img_size=\u00bblarge\u00bb alignment=\u00bbcenter\u00bb style=\u00bbvc_box_rounded\u00bb onclick=\u00bblink_image\u00bb][vc_column_text]Por:<b>\u00a0Javier\u00a0 Barrios.<\/b><\/p>\n<div id=\"gtx-trans\">\n<div class=\"gtx-trans-icon\"><\/div>\n<\/div>\n<p>[\/vc_column_text][\/vc_column][\/vc_row]<\/p>\n<\/div>","protected":false},"excerpt":{"rendered":"<div style=\"height: 264px\">Formar a la juventud ser\u00e1 siempre una pasi\u00f3n y un gran desaf\u00edo y m\u00e1s a\u00fan cuando hablamos de educar para la empleabilidad, el emprendimiento y la vida<\/div>\n","protected":false},"author":2,"featured_media":3655,"comment_status":"closed","ping_status":"closed","sticky":false,"template":"","format":"standard","meta":{"_acf_changed":false,"footnotes":""},"categories":[183],"tags":[544,546,558,566,530,528,550,562,564,548,560,540,448],"post_folder":[],"class_list":["post-3651","post","type-post","status-publish","format-standard","has-post-thumbnail","hentry","category-noticias","tag-marcavenezuela","tag-67anos","tag-abraham-y-patricia-reyes","tag-anuncio","tag-esperanzaenaccion","tag-fe-y-alegria-venezuela","tag-feyalegria67anos","tag-misa","tag-obispo-de-venezuela","tag-salvemoslaeducacion","tag-santificacion","tag-solidaridad","tag-venezuela"],"acf":[],"yoast_head":"<!-- This site is optimized with the Yoast SEO plugin v27.5 - https:\/\/yoast.com\/product\/yoast-seo-wordpress\/ -->\n<title>Fe y Alegr\u00eda potencia a j\u00f3venes emprendedores - Fe y Alegr\u00eda en Venezuela<\/title>\n<meta name=\"robots\" content=\"index, follow, max-snippet:-1, max-image-preview:large, max-video-preview:-1\" \/>\n<link rel=\"canonical\" href=\"https:\/\/www.feyalegria.org\/venezuela\/fe-y-alegria-potencia-a-jovenes-emprendedores\/\" \/>\n<meta property=\"og:locale\" content=\"es_ES\" \/>\n<meta property=\"og:type\" content=\"article\" \/>\n<meta property=\"og:title\" content=\"Fe y Alegr\u00eda potencia a j\u00f3venes emprendedores - Fe y Alegr\u00eda en Venezuela\" \/>\n<meta property=\"og:description\" content=\"Formar a la juventud ser\u00e1 siempre una pasi\u00f3n y un gran desaf\u00edo y m\u00e1s a\u00fan cuando hablamos de educar para la empleabilidad, el emprendimiento y la vida\" \/>\n<meta property=\"og:url\" content=\"https:\/\/www.feyalegria.org\/venezuela\/fe-y-alegria-potencia-a-jovenes-emprendedores\/\" \/>\n<meta property=\"og:site_name\" content=\"Fe y Alegr\u00eda en Venezuela\" \/>\n<meta property=\"article:published_time\" content=\"2022-05-31T18:57:55+00:00\" \/>\n<meta property=\"article:modified_time\" content=\"2022-05-31T19:13:43+00:00\" \/>\n<meta property=\"og:image\" content=\"https:\/\/d3pugrm67vf9n7.cloudfront.net\/wp-content\/uploads\/sites\/4\/2022\/05\/31175816\/FormacionParaTrabajo-3.jpg\" \/>\n\t<meta property=\"og:image:width\" content=\"246\" \/>\n\t<meta property=\"og:image:height\" content=\"326\" \/>\n\t<meta property=\"og:image:type\" content=\"image\/jpeg\" \/>\n<meta name=\"author\" content=\"adminfya\" \/>\n<meta name=\"twitter:card\" content=\"summary_large_image\" \/>\n<meta name=\"twitter:label1\" content=\"Escrito por\" \/>\n\t<meta name=\"twitter:data1\" content=\"adminfya\" \/>\n\t<meta name=\"twitter:label2\" content=\"Tiempo de lectura\" \/>\n\t<meta name=\"twitter:data2\" content=\"4 minutos\" \/>\n<script type=\"application\/ld+json\" class=\"yoast-schema-graph\">{\"@context\":\"https:\\\/\\\/schema.org\",\"@graph\":[{\"@type\":\"Article\",\"@id\":\"https:\\\/\\\/www.feyalegria.org\\\/venezuela\\\/fe-y-alegria-potencia-a-jovenes-emprendedores\\\/#article\",\"isPartOf\":{\"@id\":\"https:\\\/\\\/www.feyalegria.org\\\/venezuela\\\/fe-y-alegria-potencia-a-jovenes-emprendedores\\\/\"},\"author\":{\"name\":\"adminfya\",\"@id\":\"https:\\\/\\\/www.feyalegria.org\\\/venezuela\\\/#\\\/schema\\\/person\\\/f113dd05751b9243bcc4b62d8f55bc4b\"},\"headline\":\"Fe y Alegr\u00eda potencia a j\u00f3venes emprendedores\",\"datePublished\":\"2022-05-31T18:57:55+00:00\",\"dateModified\":\"2022-05-31T19:13:43+00:00\",\"mainEntityOfPage\":{\"@id\":\"https:\\\/\\\/www.feyalegria.org\\\/venezuela\\\/fe-y-alegria-potencia-a-jovenes-emprendedores\\\/\"},\"wordCount\":714,\"image\":{\"@id\":\"https:\\\/\\\/www.feyalegria.org\\\/venezuela\\\/fe-y-alegria-potencia-a-jovenes-emprendedores\\\/#primaryimage\"},\"thumbnailUrl\":\"https:\\\/\\\/d3pugrm67vf9n7.cloudfront.net\\\/wp-content\\\/uploads\\\/sites\\\/4\\\/2022\\\/05\\\/31175816\\\/FormacionParaTrabajo-3.jpg\",\"keywords\":[\"#MarcaVenezuela\",\"67a\u00f1os\",\"Abraham y Patricia Reyes\",\"Anuncio\",\"EsperanzaEnAcci\u00f3n\",\"Fe y Alegr\u00eda Venezuela\",\"FeyAlegria67a\u00f1os\",\"Misa\",\"Obispo de Venezuela\",\"SalvemosLaEducaci\u00f3n\",\"santificaci\u00f3n\",\"solidaridad\",\"Venezuela\"],\"articleSection\":[\"Noticias\"],\"inLanguage\":\"es\"},{\"@type\":\"WebPage\",\"@id\":\"https:\\\/\\\/www.feyalegria.org\\\/venezuela\\\/fe-y-alegria-potencia-a-jovenes-emprendedores\\\/\",\"url\":\"https:\\\/\\\/www.feyalegria.org\\\/venezuela\\\/fe-y-alegria-potencia-a-jovenes-emprendedores\\\/\",\"name\":\"Fe y Alegr\u00eda potencia a j\u00f3venes emprendedores - Fe y Alegr\u00eda en Venezuela\",\"isPartOf\":{\"@id\":\"https:\\\/\\\/www.feyalegria.org\\\/venezuela\\\/#website\"},\"primaryImageOfPage\":{\"@id\":\"https:\\\/\\\/www.feyalegria.org\\\/venezuela\\\/fe-y-alegria-potencia-a-jovenes-emprendedores\\\/#primaryimage\"},\"image\":{\"@id\":\"https:\\\/\\\/www.feyalegria.org\\\/venezuela\\\/fe-y-alegria-potencia-a-jovenes-emprendedores\\\/#primaryimage\"},\"thumbnailUrl\":\"https:\\\/\\\/d3pugrm67vf9n7.cloudfront.net\\\/wp-content\\\/uploads\\\/sites\\\/4\\\/2022\\\/05\\\/31175816\\\/FormacionParaTrabajo-3.jpg\",\"datePublished\":\"2022-05-31T18:57:55+00:00\",\"dateModified\":\"2022-05-31T19:13:43+00:00\",\"author\":{\"@id\":\"https:\\\/\\\/www.feyalegria.org\\\/venezuela\\\/#\\\/schema\\\/person\\\/f113dd05751b9243bcc4b62d8f55bc4b\"},\"inLanguage\":\"es\",\"potentialAction\":[{\"@type\":\"ReadAction\",\"target\":[\"https:\\\/\\\/www.feyalegria.org\\\/venezuela\\\/fe-y-alegria-potencia-a-jovenes-emprendedores\\\/\"]}]},{\"@type\":\"ImageObject\",\"inLanguage\":\"es\",\"@id\":\"https:\\\/\\\/www.feyalegria.org\\\/venezuela\\\/fe-y-alegria-potencia-a-jovenes-emprendedores\\\/#primaryimage\",\"url\":\"https:\\\/\\\/d3pugrm67vf9n7.cloudfront.net\\\/wp-content\\\/uploads\\\/sites\\\/4\\\/2022\\\/05\\\/31175816\\\/FormacionParaTrabajo-3.jpg\",\"contentUrl\":\"https:\\\/\\\/d3pugrm67vf9n7.cloudfront.net\\\/wp-content\\\/uploads\\\/sites\\\/4\\\/2022\\\/05\\\/31175816\\\/FormacionParaTrabajo-3.jpg\",\"width\":246,\"height\":326},{\"@type\":\"WebSite\",\"@id\":\"https:\\\/\\\/www.feyalegria.org\\\/venezuela\\\/#website\",\"url\":\"https:\\\/\\\/www.feyalegria.org\\\/venezuela\\\/\",\"name\":\"Fe y Alegr\u00eda en Venezuela\",\"description\":\"\",\"potentialAction\":[{\"@type\":\"SearchAction\",\"target\":{\"@type\":\"EntryPoint\",\"urlTemplate\":\"https:\\\/\\\/www.feyalegria.org\\\/venezuela\\\/?s={search_term_string}\"},\"query-input\":{\"@type\":\"PropertyValueSpecification\",\"valueRequired\":true,\"valueName\":\"search_term_string\"}}],\"inLanguage\":\"es\"},{\"@type\":\"Person\",\"@id\":\"https:\\\/\\\/www.feyalegria.org\\\/venezuela\\\/#\\\/schema\\\/person\\\/f113dd05751b9243bcc4b62d8f55bc4b\",\"name\":\"adminfya\",\"url\":\"https:\\\/\\\/www.feyalegria.org\\\/venezuela\\\/author\\\/adminfya\\\/\"}]}<\/script>\n<!-- \/ Yoast SEO plugin. -->","yoast_head_json":{"title":"Fe y Alegr\u00eda potencia a j\u00f3venes emprendedores - Fe y Alegr\u00eda en Venezuela","robots":{"index":"index","follow":"follow","max-snippet":"max-snippet:-1","max-image-preview":"max-image-preview:large","max-video-preview":"max-video-preview:-1"},"canonical":"https:\/\/www.feyalegria.org\/venezuela\/fe-y-alegria-potencia-a-jovenes-emprendedores\/","og_locale":"es_ES","og_type":"article","og_title":"Fe y Alegr\u00eda potencia a j\u00f3venes emprendedores - Fe y Alegr\u00eda en Venezuela","og_description":"Formar a la juventud ser\u00e1 siempre una pasi\u00f3n y un gran desaf\u00edo y m\u00e1s a\u00fan cuando hablamos de educar para la empleabilidad, el emprendimiento y la vida","og_url":"https:\/\/www.feyalegria.org\/venezuela\/fe-y-alegria-potencia-a-jovenes-emprendedores\/","og_site_name":"Fe y Alegr\u00eda en Venezuela","article_published_time":"2022-05-31T18:57:55+00:00","article_modified_time":"2022-05-31T19:13:43+00:00","og_image":[{"width":246,"height":326,"url":"https:\/\/d3pugrm67vf9n7.cloudfront.net\/wp-content\/uploads\/sites\/4\/2022\/05\/31175816\/FormacionParaTrabajo-3.jpg","type":"image\/jpeg"}],"author":"adminfya","twitter_card":"summary_large_image","twitter_misc":{"Escrito por":"adminfya","Tiempo de lectura":"4 minutos"},"schema":{"@context":"https:\/\/schema.org","@graph":[{"@type":"Article","@id":"https:\/\/www.feyalegria.org\/venezuela\/fe-y-alegria-potencia-a-jovenes-emprendedores\/#article","isPartOf":{"@id":"https:\/\/www.feyalegria.org\/venezuela\/fe-y-alegria-potencia-a-jovenes-emprendedores\/"},"author":{"name":"adminfya","@id":"https:\/\/www.feyalegria.org\/venezuela\/#\/schema\/person\/f113dd05751b9243bcc4b62d8f55bc4b"},"headline":"Fe y Alegr\u00eda potencia a j\u00f3venes emprendedores","datePublished":"2022-05-31T18:57:55+00:00","dateModified":"2022-05-31T19:13:43+00:00","mainEntityOfPage":{"@id":"https:\/\/www.feyalegria.org\/venezuela\/fe-y-alegria-potencia-a-jovenes-emprendedores\/"},"wordCount":714,"image":{"@id":"https:\/\/www.feyalegria.org\/venezuela\/fe-y-alegria-potencia-a-jovenes-emprendedores\/#primaryimage"},"thumbnailUrl":"https:\/\/d3pugrm67vf9n7.cloudfront.net\/wp-content\/uploads\/sites\/4\/2022\/05\/31175816\/FormacionParaTrabajo-3.jpg","keywords":["#MarcaVenezuela","67a\u00f1os","Abraham y Patricia Reyes","Anuncio","EsperanzaEnAcci\u00f3n","Fe y Alegr\u00eda Venezuela","FeyAlegria67a\u00f1os","Misa","Obispo de Venezuela","SalvemosLaEducaci\u00f3n","santificaci\u00f3n","solidaridad","Venezuela"],"articleSection":["Noticias"],"inLanguage":"es"},{"@type":"WebPage","@id":"https:\/\/www.feyalegria.org\/venezuela\/fe-y-alegria-potencia-a-jovenes-emprendedores\/","url":"https:\/\/www.feyalegria.org\/venezuela\/fe-y-alegria-potencia-a-jovenes-emprendedores\/","name":"Fe y Alegr\u00eda potencia a j\u00f3venes emprendedores - Fe y Alegr\u00eda en Venezuela","isPartOf":{"@id":"https:\/\/www.feyalegria.org\/venezuela\/#website"},"primaryImageOfPage":{"@id":"https:\/\/www.feyalegria.org\/venezuela\/fe-y-alegria-potencia-a-jovenes-emprendedores\/#primaryimage"},"image":{"@id":"https:\/\/www.feyalegria.org\/venezuela\/fe-y-alegria-potencia-a-jovenes-emprendedores\/#primaryimage"},"thumbnailUrl":"https:\/\/d3pugrm67vf9n7.cloudfront.net\/wp-content\/uploads\/sites\/4\/2022\/05\/31175816\/FormacionParaTrabajo-3.jpg","datePublished":"2022-05-31T18:57:55+00:00","dateModified":"2022-05-31T19:13:43+00:00","author":{"@id":"https:\/\/www.feyalegria.org\/venezuela\/#\/schema\/person\/f113dd05751b9243bcc4b62d8f55bc4b"},"inLanguage":"es","potentialAction":[{"@type":"ReadAction","target":["https:\/\/www.feyalegria.org\/venezuela\/fe-y-alegria-potencia-a-jovenes-emprendedores\/"]}]},{"@type":"ImageObject","inLanguage":"es","@id":"https:\/\/www.feyalegria.org\/venezuela\/fe-y-alegria-potencia-a-jovenes-emprendedores\/#primaryimage","url":"https:\/\/d3pugrm67vf9n7.cloudfront.net\/wp-content\/uploads\/sites\/4\/2022\/05\/31175816\/FormacionParaTrabajo-3.jpg","contentUrl":"https:\/\/d3pugrm67vf9n7.cloudfront.net\/wp-content\/uploads\/sites\/4\/2022\/05\/31175816\/FormacionParaTrabajo-3.jpg","width":246,"height":326},{"@type":"WebSite","@id":"https:\/\/www.feyalegria.org\/venezuela\/#website","url":"https:\/\/www.feyalegria.org\/venezuela\/","name":"Fe y Alegr\u00eda en Venezuela","description":"","potentialAction":[{"@type":"SearchAction","target":{"@type":"EntryPoint","urlTemplate":"https:\/\/www.feyalegria.org\/venezuela\/?s={search_term_string}"},"query-input":{"@type":"PropertyValueSpecification","valueRequired":true,"valueName":"search_term_string"}}],"inLanguage":"es"},{"@type":"Person","@id":"https:\/\/www.feyalegria.org\/venezuela\/#\/schema\/person\/f113dd05751b9243bcc4b62d8f55bc4b","name":"adminfya","url":"https:\/\/www.feyalegria.org\/venezuela\/author\/adminfya\/"}]}},"_links":{"self":[{"href":"https:\/\/www.feyalegria.org\/venezuela\/wp-json\/wp\/v2\/posts\/3651","targetHints":{"allow":["GET"]}}],"collection":[{"href":"https:\/\/www.feyalegria.org\/venezuela\/wp-json\/wp\/v2\/posts"}],"about":[{"href":"https:\/\/www.feyalegria.org\/venezuela\/wp-json\/wp\/v2\/types\/post"}],"author":[{"embeddable":true,"href":"https:\/\/www.feyalegria.org\/venezuela\/wp-json\/wp\/v2\/users\/2"}],"replies":[{"embeddable":true,"href":"https:\/\/www.feyalegria.org\/venezuela\/wp-json\/wp\/v2\/comments?post=3651"}],"version-history":[{"count":0,"href":"https:\/\/www.feyalegria.org\/venezuela\/wp-json\/wp\/v2\/posts\/3651\/revisions"}],"wp:featuredmedia":[{"embeddable":true,"href":"https:\/\/www.feyalegria.org\/venezuela\/wp-json\/wp\/v2\/media\/3655"}],"wp:attachment":[{"href":"https:\/\/www.feyalegria.org\/venezuela\/wp-json\/wp\/v2\/media?parent=3651"}],"wp:term":[{"taxonomy":"category","embeddable":true,"href":"https:\/\/www.feyalegria.org\/venezuela\/wp-json\/wp\/v2\/categories?post=3651"},{"taxonomy":"post_tag","embeddable":true,"href":"https:\/\/www.feyalegria.org\/venezuela\/wp-json\/wp\/v2\/tags?post=3651"},{"taxonomy":"post_folder","embeddable":true,"href":"https:\/\/www.feyalegria.org\/venezuela\/wp-json\/wp\/v2\/post_folder?post=3651"}],"curies":[{"name":"wp","href":"https:\/\/api.w.org\/{rel}","templated":true}]}}