 {"id":3692,"date":"2022-10-04T13:17:04","date_gmt":"2022-10-04T13:17:04","guid":{"rendered":"https:\/\/www.feyalegria.org\/venezuela\/?p=3692"},"modified":"2022-10-07T15:22:21","modified_gmt":"2022-10-07T15:22:21","slug":"carta-del-padre-piedra-nuevo-ano-escolar","status":"publish","type":"post","link":"https:\/\/www.feyalegria.org\/venezuela\/carta-del-padre-piedra-nuevo-ano-escolar\/","title":{"rendered":"CARTA DEL PADRE PIEDRA NUEVO A\u00d1O ESCOLAR"},"content":{"rendered":"<div class=\"wpb-content-wrapper\"><p>[vc_row css=\u00bb.vc_custom_1606160684358{padding-top: 40px !important;}\u00bb][vc_column][vc_single_image image=\u00bb3693&#8243; img_size=\u00bblarge\u00bb alignment=\u00bbcenter\u00bb style=\u00bbvc_box_rounded\u00bb onclick=\u00bblink_image\u00bb][vc_column_text]El movimiento Fe y Alegr\u00eda inicio \u00a0regreso a la escuela este 3 de Octubre para atender a\u00a0 \u00a0sectores m\u00e1s necesitados en 19 estados del pa\u00eds a trav\u00e9s de una red de 177 centros educativos, en los cuales se atienden a m\u00e1s de 106.000 estudiantes.<\/p>\n<p>En los centros educativos\u00a0 se ofrece \u00a0Educaci\u00f3n Preescolar, B\u00e1sica y Media T\u00e9cnica, con mayor \u00e9nfasis en especialidades agropecuarias, comerciales, industriales entre otras de orientaci\u00f3n profesional, en zonas urbanas, suburbanas, rurales e ind\u00edgenas.<\/p>\n<p>La organizaci\u00f3n \u00a0efectu\u00f3 un retorno seguro a las escuelas \u00a0creando condiciones necesarias de bioseguridad \u201cpara proteger tanto los estudiantes como los docentes, y que las familias sientan esa seguridad de mandar a sus hijos a la escuela\u201d.<\/p>\n<p>En ese sentido El Padre Manuel Aristorena director nacional del Fe y Alegr\u00eda Venezuela escribi\u00f3 una carta dirigida a la comunidad educativa del Movimiento.[\/vc_column_text][vc_single_image image=\u00bb3694&#8243; img_size=\u00bblarge\u00bb alignment=\u00bbcenter\u00bb style=\u00bbvc_box_rounded\u00bb onclick=\u00bblink_image\u00bb][vc_column_text]Al referirse\u00a0 al a\u00f1o escolar 2021-2022\u00a0 expres\u00f3: Quiero agradecer a\u00a0 todo el personal, que se olvid\u00f3 de sus propios problemas y se entreg\u00f3 con pasi\u00f3n a transformar corazones y hacer que sus alumnos reconocieran su propia val\u00eda y adquirieran competencias para la vida. Fuimos esperanza y sembramos esperanza. Porque con nuestros hechos demostramos que creemos que otra educaci\u00f3n, otro pa\u00eds y otro mundo mejores son posibles.<\/p>\n<p>El director nacional de Fe y Alegr\u00eda admite que no es f\u00e1cil ofrecer educaci\u00f3n de calidad en estos tiempos\u00a0\u00a0 y\u00a0\u00a0 se\u00f1alo:\u00a0\u00a0 Seguimos insistiendo que el Estado\u00a0 \u00a0asuma su responsabilidad de justicia con los trabajadores de la educaci\u00f3n. Pero cada vez es m\u00e1s evidente que tienen que ser las familias de la propia escuela las que deben cuidar y velar por los salarios del personal.<\/p>\n<p>El maestro no puede vivir s\u00f3lo de m\u00edstica. Por eso estamos tratando de motivar a las familias para que asuman la atenci\u00f3n a este problema que es de vida o muerte, porque sin maestros no hay escuela.[\/vc_column_text][vc_single_image image=\u00bb3695&#8243; img_size=\u00bblarge\u00bb alignment=\u00bbcenter\u00bb style=\u00bbvc_box_rounded\u00bb onclick=\u00bblink_image\u00bb][vc_column_text]Tenemos que ser maestros de humanidad que trasformamos corazones haciendo patente nuestra humanidad comprometida, que trata a los alumnos y a quien se nos acerca con respeto, dando cercan\u00eda y respuesta c\u00e1lida y oportuna.<\/p>\n<p>Queridos compa\u00f1eros, vale la pena seguir educando, seguir comunicando buenas nuevas. Estoy seguro que seguiremos viendo oportunidades en las carencias y dificultades y que en este nuevo curso iremos construyendo la educaci\u00f3n que hoy necesita nuestra bella gente[\/vc_column_text][vc_btn title=\u00bbLeer m\u00e1s\u00bb color=\u00bbdanger\u00bb size=\u00bblg\u00bb align=\u00bbcenter\u00bb link=\u00bburl:https%3A%2F%2Fd3pugrm67vf9n7.cloudfront.net%2Fwp-content%2Fuploads%2Fsites%2F4%2F2022%2F10%2F07131514%2FCarta-del-Padre-Piedra4102022.pdf|title:CARTA%20DEL%20PADRE%20PIEDRA|target:_blank\u00bb][\/vc_column][\/vc_row]<\/p>\n<\/div>","protected":false},"excerpt":{"rendered":"<div style=\"height: 264px\">El movimiento Fe y Alegr\u00eda inicio regreso a la escuela este 3 de Octubre para atender a<br \/>\nsectores m\u00e1s necesitados en 19 estados del pa\u00eds a trav\u00e9s de una red de 177 centros<br \/>\neducativos, en los cuales se atienden a m\u00e1s de 106.000 estudiantes.<\/div>\n","protected":false},"author":2,"featured_media":3693,"comment_status":"closed","ping_status":"closed","sticky":false,"template":"","format":"standard","meta":{"_acf_changed":false,"footnotes":""},"categories":[183],"tags":[566,574,530,528,550,562,564,576,548,560,540,448],"post_folder":[],"class_list":["post-3692","post","type-post","status-publish","format-standard","has-post-thumbnail","hentry","category-noticias","tag-anuncio","tag-carta","tag-esperanzaenaccion","tag-fe-y-alegria-venezuela","tag-feyalegria67anos","tag-misa","tag-obispo-de-venezuela","tag-padre-manuel-aristorena","tag-salvemoslaeducacion","tag-santificacion","tag-solidaridad","tag-venezuela"],"acf":[],"yoast_head":"<!-- This site is optimized with the Yoast SEO plugin v27.5 - https:\/\/yoast.com\/product\/yoast-seo-wordpress\/ -->\n<title>CARTA DEL PADRE PIEDRA NUEVO A\u00d1O ESCOLAR - Fe y Alegr\u00eda en Venezuela<\/title>\n<meta name=\"robots\" content=\"index, follow, max-snippet:-1, max-image-preview:large, max-video-preview:-1\" \/>\n<link rel=\"canonical\" href=\"https:\/\/www.feyalegria.org\/venezuela\/carta-del-padre-piedra-nuevo-ano-escolar\/\" \/>\n<meta property=\"og:locale\" content=\"es_ES\" \/>\n<meta property=\"og:type\" content=\"article\" \/>\n<meta property=\"og:title\" content=\"CARTA DEL PADRE PIEDRA NUEVO A\u00d1O ESCOLAR - Fe y Alegr\u00eda en Venezuela\" \/>\n<meta property=\"og:description\" content=\"El movimiento Fe y Alegr\u00eda inicio regreso a la escuela este 3 de Octubre para atender a sectores m\u00e1s necesitados en 19 estados del pa\u00eds a trav\u00e9s de una red de 177 centros educativos, en los cuales se atienden a m\u00e1s de 106.000 estudiantes.\" \/>\n<meta property=\"og:url\" content=\"https:\/\/www.feyalegria.org\/venezuela\/carta-del-padre-piedra-nuevo-ano-escolar\/\" \/>\n<meta property=\"og:site_name\" content=\"Fe y Alegr\u00eda en Venezuela\" \/>\n<meta property=\"article:published_time\" content=\"2022-10-04T13:17:04+00:00\" \/>\n<meta property=\"article:modified_time\" content=\"2022-10-07T15:22:21+00:00\" \/>\n<meta property=\"og:image\" content=\"https:\/\/d3pugrm67vf9n7.cloudfront.net\/wp-content\/uploads\/sites\/4\/2022\/10\/07130454\/Padre-Manuel-Aristorena-.jpeg\" \/>\n\t<meta property=\"og:image:width\" content=\"1080\" \/>\n\t<meta property=\"og:image:height\" content=\"1080\" \/>\n\t<meta property=\"og:image:type\" content=\"image\/jpeg\" \/>\n<meta name=\"author\" content=\"adminfya\" \/>\n<meta name=\"twitter:card\" content=\"summary_large_image\" \/>\n<meta name=\"twitter:label1\" content=\"Escrito por\" \/>\n\t<meta name=\"twitter:data1\" content=\"adminfya\" \/>\n\t<meta name=\"twitter:label2\" content=\"Tiempo de lectura\" \/>\n\t<meta name=\"twitter:data2\" content=\"3 minutos\" \/>\n<script type=\"application\/ld+json\" class=\"yoast-schema-graph\">{\"@context\":\"https:\\\/\\\/schema.org\",\"@graph\":[{\"@type\":\"Article\",\"@id\":\"https:\\\/\\\/www.feyalegria.org\\\/venezuela\\\/carta-del-padre-piedra-nuevo-ano-escolar\\\/#article\",\"isPartOf\":{\"@id\":\"https:\\\/\\\/www.feyalegria.org\\\/venezuela\\\/carta-del-padre-piedra-nuevo-ano-escolar\\\/\"},\"author\":{\"name\":\"adminfya\",\"@id\":\"https:\\\/\\\/www.feyalegria.org\\\/venezuela\\\/#\\\/schema\\\/person\\\/f113dd05751b9243bcc4b62d8f55bc4b\"},\"headline\":\"CARTA DEL PADRE PIEDRA NUEVO A\u00d1O ESCOLAR\",\"datePublished\":\"2022-10-04T13:17:04+00:00\",\"dateModified\":\"2022-10-07T15:22:21+00:00\",\"mainEntityOfPage\":{\"@id\":\"https:\\\/\\\/www.feyalegria.org\\\/venezuela\\\/carta-del-padre-piedra-nuevo-ano-escolar\\\/\"},\"wordCount\":529,\"image\":{\"@id\":\"https:\\\/\\\/www.feyalegria.org\\\/venezuela\\\/carta-del-padre-piedra-nuevo-ano-escolar\\\/#primaryimage\"},\"thumbnailUrl\":\"https:\\\/\\\/d3pugrm67vf9n7.cloudfront.net\\\/wp-content\\\/uploads\\\/sites\\\/4\\\/2022\\\/10\\\/07130454\\\/Padre-Manuel-Aristorena-.jpeg\",\"keywords\":[\"Anuncio\",\"Carta\",\"EsperanzaEnAcci\u00f3n\",\"Fe y Alegr\u00eda Venezuela\",\"FeyAlegria67a\u00f1os\",\"Misa\",\"Obispo de Venezuela\",\"Padre Manuel Aristorena\",\"SalvemosLaEducaci\u00f3n\",\"santificaci\u00f3n\",\"solidaridad\",\"Venezuela\"],\"articleSection\":[\"Noticias\"],\"inLanguage\":\"es\"},{\"@type\":\"WebPage\",\"@id\":\"https:\\\/\\\/www.feyalegria.org\\\/venezuela\\\/carta-del-padre-piedra-nuevo-ano-escolar\\\/\",\"url\":\"https:\\\/\\\/www.feyalegria.org\\\/venezuela\\\/carta-del-padre-piedra-nuevo-ano-escolar\\\/\",\"name\":\"CARTA DEL PADRE PIEDRA NUEVO A\u00d1O ESCOLAR - Fe y Alegr\u00eda en Venezuela\",\"isPartOf\":{\"@id\":\"https:\\\/\\\/www.feyalegria.org\\\/venezuela\\\/#website\"},\"primaryImageOfPage\":{\"@id\":\"https:\\\/\\\/www.feyalegria.org\\\/venezuela\\\/carta-del-padre-piedra-nuevo-ano-escolar\\\/#primaryimage\"},\"image\":{\"@id\":\"https:\\\/\\\/www.feyalegria.org\\\/venezuela\\\/carta-del-padre-piedra-nuevo-ano-escolar\\\/#primaryimage\"},\"thumbnailUrl\":\"https:\\\/\\\/d3pugrm67vf9n7.cloudfront.net\\\/wp-content\\\/uploads\\\/sites\\\/4\\\/2022\\\/10\\\/07130454\\\/Padre-Manuel-Aristorena-.jpeg\",\"datePublished\":\"2022-10-04T13:17:04+00:00\",\"dateModified\":\"2022-10-07T15:22:21+00:00\",\"author\":{\"@id\":\"https:\\\/\\\/www.feyalegria.org\\\/venezuela\\\/#\\\/schema\\\/person\\\/f113dd05751b9243bcc4b62d8f55bc4b\"},\"inLanguage\":\"es\",\"potentialAction\":[{\"@type\":\"ReadAction\",\"target\":[\"https:\\\/\\\/www.feyalegria.org\\\/venezuela\\\/carta-del-padre-piedra-nuevo-ano-escolar\\\/\"]}]},{\"@type\":\"ImageObject\",\"inLanguage\":\"es\",\"@id\":\"https:\\\/\\\/www.feyalegria.org\\\/venezuela\\\/carta-del-padre-piedra-nuevo-ano-escolar\\\/#primaryimage\",\"url\":\"https:\\\/\\\/d3pugrm67vf9n7.cloudfront.net\\\/wp-content\\\/uploads\\\/sites\\\/4\\\/2022\\\/10\\\/07130454\\\/Padre-Manuel-Aristorena-.jpeg\",\"contentUrl\":\"https:\\\/\\\/d3pugrm67vf9n7.cloudfront.net\\\/wp-content\\\/uploads\\\/sites\\\/4\\\/2022\\\/10\\\/07130454\\\/Padre-Manuel-Aristorena-.jpeg\",\"width\":1080,\"height\":1080},{\"@type\":\"WebSite\",\"@id\":\"https:\\\/\\\/www.feyalegria.org\\\/venezuela\\\/#website\",\"url\":\"https:\\\/\\\/www.feyalegria.org\\\/venezuela\\\/\",\"name\":\"Fe y Alegr\u00eda en Venezuela\",\"description\":\"\",\"potentialAction\":[{\"@type\":\"SearchAction\",\"target\":{\"@type\":\"EntryPoint\",\"urlTemplate\":\"https:\\\/\\\/www.feyalegria.org\\\/venezuela\\\/?s={search_term_string}\"},\"query-input\":{\"@type\":\"PropertyValueSpecification\",\"valueRequired\":true,\"valueName\":\"search_term_string\"}}],\"inLanguage\":\"es\"},{\"@type\":\"Person\",\"@id\":\"https:\\\/\\\/www.feyalegria.org\\\/venezuela\\\/#\\\/schema\\\/person\\\/f113dd05751b9243bcc4b62d8f55bc4b\",\"name\":\"adminfya\",\"url\":\"https:\\\/\\\/www.feyalegria.org\\\/venezuela\\\/author\\\/adminfya\\\/\"}]}<\/script>\n<!-- \/ Yoast SEO plugin. -->","yoast_head_json":{"title":"CARTA DEL PADRE PIEDRA NUEVO A\u00d1O ESCOLAR - Fe y Alegr\u00eda en Venezuela","robots":{"index":"index","follow":"follow","max-snippet":"max-snippet:-1","max-image-preview":"max-image-preview:large","max-video-preview":"max-video-preview:-1"},"canonical":"https:\/\/www.feyalegria.org\/venezuela\/carta-del-padre-piedra-nuevo-ano-escolar\/","og_locale":"es_ES","og_type":"article","og_title":"CARTA DEL PADRE PIEDRA NUEVO A\u00d1O ESCOLAR - Fe y Alegr\u00eda en Venezuela","og_description":"El movimiento Fe y Alegr\u00eda inicio regreso a la escuela este 3 de Octubre para atender a sectores m\u00e1s necesitados en 19 estados del pa\u00eds a trav\u00e9s de una red de 177 centros educativos, en los cuales se atienden a m\u00e1s de 106.000 estudiantes.","og_url":"https:\/\/www.feyalegria.org\/venezuela\/carta-del-padre-piedra-nuevo-ano-escolar\/","og_site_name":"Fe y Alegr\u00eda en Venezuela","article_published_time":"2022-10-04T13:17:04+00:00","article_modified_time":"2022-10-07T15:22:21+00:00","og_image":[{"width":1080,"height":1080,"url":"https:\/\/d3pugrm67vf9n7.cloudfront.net\/wp-content\/uploads\/sites\/4\/2022\/10\/07130454\/Padre-Manuel-Aristorena-.jpeg","type":"image\/jpeg"}],"author":"adminfya","twitter_card":"summary_large_image","twitter_misc":{"Escrito por":"adminfya","Tiempo de lectura":"3 minutos"},"schema":{"@context":"https:\/\/schema.org","@graph":[{"@type":"Article","@id":"https:\/\/www.feyalegria.org\/venezuela\/carta-del-padre-piedra-nuevo-ano-escolar\/#article","isPartOf":{"@id":"https:\/\/www.feyalegria.org\/venezuela\/carta-del-padre-piedra-nuevo-ano-escolar\/"},"author":{"name":"adminfya","@id":"https:\/\/www.feyalegria.org\/venezuela\/#\/schema\/person\/f113dd05751b9243bcc4b62d8f55bc4b"},"headline":"CARTA DEL PADRE PIEDRA NUEVO A\u00d1O ESCOLAR","datePublished":"2022-10-04T13:17:04+00:00","dateModified":"2022-10-07T15:22:21+00:00","mainEntityOfPage":{"@id":"https:\/\/www.feyalegria.org\/venezuela\/carta-del-padre-piedra-nuevo-ano-escolar\/"},"wordCount":529,"image":{"@id":"https:\/\/www.feyalegria.org\/venezuela\/carta-del-padre-piedra-nuevo-ano-escolar\/#primaryimage"},"thumbnailUrl":"https:\/\/d3pugrm67vf9n7.cloudfront.net\/wp-content\/uploads\/sites\/4\/2022\/10\/07130454\/Padre-Manuel-Aristorena-.jpeg","keywords":["Anuncio","Carta","EsperanzaEnAcci\u00f3n","Fe y Alegr\u00eda Venezuela","FeyAlegria67a\u00f1os","Misa","Obispo de Venezuela","Padre Manuel Aristorena","SalvemosLaEducaci\u00f3n","santificaci\u00f3n","solidaridad","Venezuela"],"articleSection":["Noticias"],"inLanguage":"es"},{"@type":"WebPage","@id":"https:\/\/www.feyalegria.org\/venezuela\/carta-del-padre-piedra-nuevo-ano-escolar\/","url":"https:\/\/www.feyalegria.org\/venezuela\/carta-del-padre-piedra-nuevo-ano-escolar\/","name":"CARTA DEL PADRE PIEDRA NUEVO A\u00d1O ESCOLAR - Fe y Alegr\u00eda en Venezuela","isPartOf":{"@id":"https:\/\/www.feyalegria.org\/venezuela\/#website"},"primaryImageOfPage":{"@id":"https:\/\/www.feyalegria.org\/venezuela\/carta-del-padre-piedra-nuevo-ano-escolar\/#primaryimage"},"image":{"@id":"https:\/\/www.feyalegria.org\/venezuela\/carta-del-padre-piedra-nuevo-ano-escolar\/#primaryimage"},"thumbnailUrl":"https:\/\/d3pugrm67vf9n7.cloudfront.net\/wp-content\/uploads\/sites\/4\/2022\/10\/07130454\/Padre-Manuel-Aristorena-.jpeg","datePublished":"2022-10-04T13:17:04+00:00","dateModified":"2022-10-07T15:22:21+00:00","author":{"@id":"https:\/\/www.feyalegria.org\/venezuela\/#\/schema\/person\/f113dd05751b9243bcc4b62d8f55bc4b"},"inLanguage":"es","potentialAction":[{"@type":"ReadAction","target":["https:\/\/www.feyalegria.org\/venezuela\/carta-del-padre-piedra-nuevo-ano-escolar\/"]}]},{"@type":"ImageObject","inLanguage":"es","@id":"https:\/\/www.feyalegria.org\/venezuela\/carta-del-padre-piedra-nuevo-ano-escolar\/#primaryimage","url":"https:\/\/d3pugrm67vf9n7.cloudfront.net\/wp-content\/uploads\/sites\/4\/2022\/10\/07130454\/Padre-Manuel-Aristorena-.jpeg","contentUrl":"https:\/\/d3pugrm67vf9n7.cloudfront.net\/wp-content\/uploads\/sites\/4\/2022\/10\/07130454\/Padre-Manuel-Aristorena-.jpeg","width":1080,"height":1080},{"@type":"WebSite","@id":"https:\/\/www.feyalegria.org\/venezuela\/#website","url":"https:\/\/www.feyalegria.org\/venezuela\/","name":"Fe y Alegr\u00eda en Venezuela","description":"","potentialAction":[{"@type":"SearchAction","target":{"@type":"EntryPoint","urlTemplate":"https:\/\/www.feyalegria.org\/venezuela\/?s={search_term_string}"},"query-input":{"@type":"PropertyValueSpecification","valueRequired":true,"valueName":"search_term_string"}}],"inLanguage":"es"},{"@type":"Person","@id":"https:\/\/www.feyalegria.org\/venezuela\/#\/schema\/person\/f113dd05751b9243bcc4b62d8f55bc4b","name":"adminfya","url":"https:\/\/www.feyalegria.org\/venezuela\/author\/adminfya\/"}]}},"_links":{"self":[{"href":"https:\/\/www.feyalegria.org\/venezuela\/wp-json\/wp\/v2\/posts\/3692","targetHints":{"allow":["GET"]}}],"collection":[{"href":"https:\/\/www.feyalegria.org\/venezuela\/wp-json\/wp\/v2\/posts"}],"about":[{"href":"https:\/\/www.feyalegria.org\/venezuela\/wp-json\/wp\/v2\/types\/post"}],"author":[{"embeddable":true,"href":"https:\/\/www.feyalegria.org\/venezuela\/wp-json\/wp\/v2\/users\/2"}],"replies":[{"embeddable":true,"href":"https:\/\/www.feyalegria.org\/venezuela\/wp-json\/wp\/v2\/comments?post=3692"}],"version-history":[{"count":0,"href":"https:\/\/www.feyalegria.org\/venezuela\/wp-json\/wp\/v2\/posts\/3692\/revisions"}],"wp:featuredmedia":[{"embeddable":true,"href":"https:\/\/www.feyalegria.org\/venezuela\/wp-json\/wp\/v2\/media\/3693"}],"wp:attachment":[{"href":"https:\/\/www.feyalegria.org\/venezuela\/wp-json\/wp\/v2\/media?parent=3692"}],"wp:term":[{"taxonomy":"category","embeddable":true,"href":"https:\/\/www.feyalegria.org\/venezuela\/wp-json\/wp\/v2\/categories?post=3692"},{"taxonomy":"post_tag","embeddable":true,"href":"https:\/\/www.feyalegria.org\/venezuela\/wp-json\/wp\/v2\/tags?post=3692"},{"taxonomy":"post_folder","embeddable":true,"href":"https:\/\/www.feyalegria.org\/venezuela\/wp-json\/wp\/v2\/post_folder?post=3692"}],"curies":[{"name":"wp","href":"https:\/\/api.w.org\/{rel}","templated":true}]}}