 {"id":3966,"date":"2023-07-20T22:00:10","date_gmt":"2023-07-20T22:00:10","guid":{"rendered":"https:\/\/www.feyalegria.org\/venezuela\/?p=3966"},"modified":"2023-07-20T22:11:58","modified_gmt":"2023-07-20T22:11:58","slug":"fe-y-alegria-universidad-apuesta-por-la-innovacion-en-su-modelo-educativo","status":"publish","type":"post","link":"https:\/\/www.feyalegria.org\/venezuela\/fe-y-alegria-universidad-apuesta-por-la-innovacion-en-su-modelo-educativo\/","title":{"rendered":"Fe y Alegr\u00eda Universidad apuesta por la innovaci\u00f3n"},"content":{"rendered":"<div class=\"wpb-content-wrapper\"><p>[vc_row][vc_column][vc_single_image image=\u00bb3968&#8243; img_size=\u00bblarge\u00bb alignment=\u00bbcenter\u00bb style=\u00bbvc_box_rounded\u00bb onclick=\u00bblink_image\u00bb][vc_column_text]<span style=\"font-weight: 400\">Del martes 11 al jueves 13 de julio de 2023 se desarroll\u00f3 el seminario-taller del Programa Fe y Alegr\u00eda Universidad para profundizar sobre los elementos que deben identificar su propuesta, haciendo \u00e9nfasis en una Educaci\u00f3n Tecnol\u00f3gica Universitaria que est\u00e1 dirigida a la formaci\u00f3n de profesionales para la transformaci\u00f3n personal y social en el contexto actual.\u00a0<\/span>[\/vc_column_text][vc_column_text]<span style=\"font-weight: 400\">Participaron miembros de los equipos directivos de los Institutos Universitarios de Caracas, Petare, Guanarito, San Francisco y Barquisimeto; personal de la Direcci\u00f3n Nacional del Programa y miembros del Centro de Formaci\u00f3n e Investigaci\u00f3n Padre Joaqu\u00edn.<\/span>[\/vc_column_text][vc_column_text]<span style=\"font-weight: 400\">Estos \u00faltimos moderaron el desarrollo del seminario y llevaron la secretar\u00eda de las plenarias.\u00a0<\/span>[\/vc_column_text][vc_column_text]<span style=\"font-weight: 400\">Asistieron como invitados especiales, Miguel \u00c1ngel Corominas, rector del Instituto T\u00e9cnico Jes\u00fas Obrero y el padre Jos\u00e9 Francisco Aranguren S.J., director del Decanato del Medio Universitario de la UCAT.<\/span><\/p>\n<p>&nbsp;<\/p>\n<p><span style=\"font-weight: 400\">El reci\u00e9n nombrado director general de Fe y Alegr\u00eda, padre Jos\u00e9 Gregorio Ter\u00e1n S.J., dio la bienvenida y enmarc\u00f3 el sentido del Seminario, a partir del trabajo que se ha venido impulsando desde el 2021 para la renovaci\u00f3n del Programa, partiendo de la reflexi\u00f3n actualizada y post pand\u00e9mica, del ser y quehacer propio de<strong> Fe y Alegr\u00eda<\/strong> desde una universidad ignaciana.\u00a0\u00a0<\/span>[\/vc_column_text][vc_column_text]<span style=\"font-weight: 400\">\u00a0Se trabajaron cuatro bloques tem\u00e1ticos durante los dos primeros d\u00edas: los retos de la universidad ignaciana, la relaci\u00f3n de la universidad con el mundo laboral, la educaci\u00f3n tecnol\u00f3gica universitaria y la identidad de <strong>Fe y Alegr\u00eda<\/strong> <strong>Universidad.<\/strong> El tercer d\u00eda se dispuso para la concreci\u00f3n de los trabajos de grupo, produciendo y consensuando sobre el perfil del egresado de Fe y Alegr\u00eda Universidad Tecnol\u00f3gica, el docente y la gesti\u00f3n necesaria para lograrlo.<\/span>[\/vc_column_text][vc_column_text]<span style=\"font-weight: 400\">El mensaje del padre general Arturo Sosa en su presentaci\u00f3n en la UCAB sobre los retos de una Universidad de la Compa\u00f1\u00eda nutri\u00f3 la reflexi\u00f3n de la primera ma\u00f1ana.\u00a0<\/span>[\/vc_column_text][vc_column_text]<span style=\"font-weight: 400\">Como ponentes se cont\u00f3 con Gustavo Garc\u00eda, vicerrector administrativo de la UCAB, presentando los requerimientos para la transformaci\u00f3n universitaria desde la sostenibilidad y la diversificaci\u00f3n de la oferta; Marysabel Su\u00e1rez y Gustavo La Fontaine, de la Direcci\u00f3n en l\u00ednea de la UCAB, presentaron los retos de la tecnolog\u00eda y en especial de la inteligencia artificial en el \u00e1mbito universitario.<\/span>[\/vc_column_text][vc_column_text]<span style=\"font-weight: 400\">Tambi\u00e9n estuvo presentes Alcira Ram\u00edrez de Fe y Alegr\u00eda Educomunicaci\u00f3n y Vicente Palop del Centro de Formaci\u00f3n Profesional de Valencia, Espa\u00f1a (en l\u00ednea), quienes desarrollaron el tema de lo tecnol\u00f3gico en la Universidad; Mar\u00eda Isabel L\u00f3pez, directora del CIDI de la UCAB, mostr\u00f3 los \u00e9nfasis sobre la Innovaci\u00f3n Universitaria desde la docencia, la investigaci\u00f3n y la extensi\u00f3n.\u00a0\u00a0<\/span>[\/vc_column_text][vc_column_text]<span style=\"font-weight: 400\">Para el tema de las relaciones con el mundo laboral, participaron Irwin Perret, empresario que forma parte de la Junta Directiva del Programa, Jorge Roig, empresario y amigo de <strong>Fe y Alegr\u00eda<\/strong> (en l\u00ednea); y Gerardo Gordillo de la Universidad Iberoamericana de Puebla (en l\u00ednea).\u00a0<\/span>[\/vc_column_text][vc_column_text]<span style=\"font-weight: 400\">Para abordar los temas de Identidad de Fe y Alegr\u00eda Universidad y los saberes del docente necesario, se discutieron dos papeles de trabajo elaborados por el padre Jes\u00fas Orbegozo, S.J., rector del Programa, que ayudaron a releer todos los temas y aportes desarrollados a lo largo del Seminario, d\u00e1ndoles la perspectiva desde la Educaci\u00f3n Popular y relacion\u00e1ndolos con la Iniciativa del Modelo Educativo de <strong>Fe y Alegr\u00eda<\/strong> que est\u00e1 en revisi\u00f3n y que fue presentada por Ingrid Lux Gonz\u00e1lez del\u00a0 CFIPJ.\u00a0<\/span>[\/vc_column_text][vc_column_text]<span style=\"font-weight: 400\">Las muestras de la innovaci\u00f3n en el abordaje del hacer institucional en cada Instituto enriquecieron el compartir de las noches del Seminario, evidenciando avances y concreciones del proceso de renovaci\u00f3n del Programa.<\/span>[\/vc_column_text][vc_column_text]<span style=\"font-weight: 400\">El clima de trabajo estuvo marcado por la escucha, la reflexi\u00f3n y el compartir grupal. Luego de haber forjado nuevas ideas y propuestas, el Seminario termin\u00f3 volviendo al Mapa Estrat\u00e9gico del Programa para ver la conexi\u00f3n que hay entre lo que se est\u00e1 haciendo y lo que se ha de enfatizar, incluir o reevaluar.\u00a0<\/span>[\/vc_column_text][vc_column_text]<span style=\"font-weight: 400\">Para abordar los temas de Identidad de Fe y Alegr\u00eda Universidad y los saberes del docente necesario, se discutieron dos papeles de trabajo elaborados por el padre Jes\u00fas Orbegozo, S.J., rector del Programa, que ayudaron a releer todos los temas y aportes desarrollados a lo largo del Seminario, d\u00e1ndoles la perspectiva desde la Educaci\u00f3n Popular y relacion\u00e1ndolos con la Iniciativa del Modelo Educativo de <strong>Fe y Alegr\u00eda<\/strong> que est\u00e1 en revisi\u00f3n y que fue presentada por Ingrid Lux Gonz\u00e1lez del\u00a0 CFIPJ.\u00a0<\/span>[\/vc_column_text][vc_column_text]<span style=\"font-weight: 400\">Ha sido un buen momento de repensarse y salir fortalecidos, con un lenguaje com\u00fan, para asumir los desaf\u00edos que implican hoy y acompa\u00f1ar a los j\u00f3venes en la construcci\u00f3n de un futuro esperanzador.\u00a0<\/span>[\/vc_column_text][vc_column_text]<strong>Por el padre Jos\u00e9 Francisco Aranguren, S.J.<\/strong><\/p>\n<p><strong>Caracas, 13 de julio de 2023<\/strong>[\/vc_column_text][\/vc_column][\/vc_row]<\/p>\n<\/div>","protected":false},"excerpt":{"rendered":"<div style=\"height: 264px\">El seminario del Programa Fe y Alegr\u00eda Universidad sirvi\u00f3 para profundizar sobre los elementos que deben identificar su propuesta.<\/div>\n","protected":false},"author":75,"featured_media":3968,"comment_status":"closed","ping_status":"closed","sticky":false,"template":"","format":"standard","meta":{"_acf_changed":false,"footnotes":""},"categories":[183],"tags":[400,630,448],"post_folder":[],"class_list":["post-3966","post","type-post","status-publish","format-standard","has-post-thumbnail","hentry","category-noticias","tag-fe-y-alegria","tag-fe-y-alegria-universidad","tag-venezuela"],"acf":[],"yoast_head":"<!-- This site is optimized with the Yoast SEO plugin v27.5 - https:\/\/yoast.com\/product\/yoast-seo-wordpress\/ -->\n<title>Fe y Alegr\u00eda Universidad apuesta por la innovaci\u00f3n - Fe y Alegr\u00eda en Venezuela<\/title>\n<meta name=\"robots\" content=\"index, follow, max-snippet:-1, max-image-preview:large, max-video-preview:-1\" \/>\n<link rel=\"canonical\" href=\"https:\/\/www.feyalegria.org\/venezuela\/fe-y-alegria-universidad-apuesta-por-la-innovacion-en-su-modelo-educativo\/\" \/>\n<meta property=\"og:locale\" content=\"es_ES\" \/>\n<meta property=\"og:type\" content=\"article\" \/>\n<meta property=\"og:title\" content=\"Fe y Alegr\u00eda Universidad apuesta por la innovaci\u00f3n - Fe y Alegr\u00eda en Venezuela\" \/>\n<meta property=\"og:description\" content=\"El seminario del Programa Fe y Alegr\u00eda Universidad sirvi\u00f3 para profundizar sobre los elementos que deben identificar su propuesta.\" \/>\n<meta property=\"og:url\" content=\"https:\/\/www.feyalegria.org\/venezuela\/fe-y-alegria-universidad-apuesta-por-la-innovacion-en-su-modelo-educativo\/\" \/>\n<meta property=\"og:site_name\" content=\"Fe y Alegr\u00eda en Venezuela\" \/>\n<meta property=\"article:published_time\" content=\"2023-07-20T22:00:10+00:00\" \/>\n<meta property=\"article:modified_time\" content=\"2023-07-20T22:11:58+00:00\" \/>\n<meta property=\"og:image\" content=\"https:\/\/d3pugrm67vf9n7.cloudfront.net\/wp-content\/uploads\/sites\/4\/2023\/07\/20215507\/Fe-y-Alegria-Universidad-2072023.jpeg\" \/>\n\t<meta property=\"og:image:width\" content=\"775\" \/>\n\t<meta property=\"og:image:height\" content=\"601\" \/>\n\t<meta property=\"og:image:type\" content=\"image\/jpeg\" \/>\n<meta name=\"twitter:card\" content=\"summary_large_image\" \/>\n<meta name=\"twitter:label1\" content=\"Escrito por\" \/>\n\t<meta name=\"twitter:data1\" content=\"\" \/>\n\t<meta name=\"twitter:label2\" content=\"Tiempo de lectura\" \/>\n\t<meta name=\"twitter:data2\" content=\"5 minutos\" \/>\n<script type=\"application\/ld+json\" class=\"yoast-schema-graph\">{\"@context\":\"https:\\\/\\\/schema.org\",\"@graph\":[{\"@type\":\"Article\",\"@id\":\"https:\\\/\\\/www.feyalegria.org\\\/venezuela\\\/fe-y-alegria-universidad-apuesta-por-la-innovacion-en-su-modelo-educativo\\\/#article\",\"isPartOf\":{\"@id\":\"https:\\\/\\\/www.feyalegria.org\\\/venezuela\\\/fe-y-alegria-universidad-apuesta-por-la-innovacion-en-su-modelo-educativo\\\/\"},\"author\":{\"name\":\"\",\"@id\":\"\"},\"headline\":\"Fe y Alegr\u00eda Universidad apuesta por la innovaci\u00f3n\",\"datePublished\":\"2023-07-20T22:00:10+00:00\",\"dateModified\":\"2023-07-20T22:11:58+00:00\",\"mainEntityOfPage\":{\"@id\":\"https:\\\/\\\/www.feyalegria.org\\\/venezuela\\\/fe-y-alegria-universidad-apuesta-por-la-innovacion-en-su-modelo-educativo\\\/\"},\"wordCount\":957,\"image\":{\"@id\":\"https:\\\/\\\/www.feyalegria.org\\\/venezuela\\\/fe-y-alegria-universidad-apuesta-por-la-innovacion-en-su-modelo-educativo\\\/#primaryimage\"},\"thumbnailUrl\":\"https:\\\/\\\/d3pugrm67vf9n7.cloudfront.net\\\/wp-content\\\/uploads\\\/sites\\\/4\\\/2023\\\/07\\\/20215507\\\/Fe-y-Alegria-Universidad-2072023.jpeg\",\"keywords\":[\"Fe y Alegr\u00eda\",\"Fe y Alegr\u00eda Universidad\",\"Venezuela\"],\"articleSection\":[\"Noticias\"],\"inLanguage\":\"es\"},{\"@type\":\"WebPage\",\"@id\":\"https:\\\/\\\/www.feyalegria.org\\\/venezuela\\\/fe-y-alegria-universidad-apuesta-por-la-innovacion-en-su-modelo-educativo\\\/\",\"url\":\"https:\\\/\\\/www.feyalegria.org\\\/venezuela\\\/fe-y-alegria-universidad-apuesta-por-la-innovacion-en-su-modelo-educativo\\\/\",\"name\":\"Fe y Alegr\u00eda Universidad apuesta por la innovaci\u00f3n - Fe y Alegr\u00eda en Venezuela\",\"isPartOf\":{\"@id\":\"https:\\\/\\\/www.feyalegria.org\\\/venezuela\\\/#website\"},\"primaryImageOfPage\":{\"@id\":\"https:\\\/\\\/www.feyalegria.org\\\/venezuela\\\/fe-y-alegria-universidad-apuesta-por-la-innovacion-en-su-modelo-educativo\\\/#primaryimage\"},\"image\":{\"@id\":\"https:\\\/\\\/www.feyalegria.org\\\/venezuela\\\/fe-y-alegria-universidad-apuesta-por-la-innovacion-en-su-modelo-educativo\\\/#primaryimage\"},\"thumbnailUrl\":\"https:\\\/\\\/d3pugrm67vf9n7.cloudfront.net\\\/wp-content\\\/uploads\\\/sites\\\/4\\\/2023\\\/07\\\/20215507\\\/Fe-y-Alegria-Universidad-2072023.jpeg\",\"datePublished\":\"2023-07-20T22:00:10+00:00\",\"dateModified\":\"2023-07-20T22:11:58+00:00\",\"author\":{\"@id\":\"\"},\"inLanguage\":\"es\",\"potentialAction\":[{\"@type\":\"ReadAction\",\"target\":[\"https:\\\/\\\/www.feyalegria.org\\\/venezuela\\\/fe-y-alegria-universidad-apuesta-por-la-innovacion-en-su-modelo-educativo\\\/\"]}]},{\"@type\":\"ImageObject\",\"inLanguage\":\"es\",\"@id\":\"https:\\\/\\\/www.feyalegria.org\\\/venezuela\\\/fe-y-alegria-universidad-apuesta-por-la-innovacion-en-su-modelo-educativo\\\/#primaryimage\",\"url\":\"https:\\\/\\\/d3pugrm67vf9n7.cloudfront.net\\\/wp-content\\\/uploads\\\/sites\\\/4\\\/2023\\\/07\\\/20215507\\\/Fe-y-Alegria-Universidad-2072023.jpeg\",\"contentUrl\":\"https:\\\/\\\/d3pugrm67vf9n7.cloudfront.net\\\/wp-content\\\/uploads\\\/sites\\\/4\\\/2023\\\/07\\\/20215507\\\/Fe-y-Alegria-Universidad-2072023.jpeg\",\"width\":775,\"height\":601},{\"@type\":\"WebSite\",\"@id\":\"https:\\\/\\\/www.feyalegria.org\\\/venezuela\\\/#website\",\"url\":\"https:\\\/\\\/www.feyalegria.org\\\/venezuela\\\/\",\"name\":\"Fe y Alegr\u00eda en Venezuela\",\"description\":\"\",\"potentialAction\":[{\"@type\":\"SearchAction\",\"target\":{\"@type\":\"EntryPoint\",\"urlTemplate\":\"https:\\\/\\\/www.feyalegria.org\\\/venezuela\\\/?s={search_term_string}\"},\"query-input\":{\"@type\":\"PropertyValueSpecification\",\"valueRequired\":true,\"valueName\":\"search_term_string\"}}],\"inLanguage\":\"es\"},{\"@type\":\"Person\",\"@id\":\"\",\"url\":\"https:\\\/\\\/www.feyalegria.org\\\/venezuela\\\/author\\\/\"}]}<\/script>\n<!-- \/ Yoast SEO plugin. -->","yoast_head_json":{"title":"Fe y Alegr\u00eda Universidad apuesta por la innovaci\u00f3n - Fe y Alegr\u00eda en Venezuela","robots":{"index":"index","follow":"follow","max-snippet":"max-snippet:-1","max-image-preview":"max-image-preview:large","max-video-preview":"max-video-preview:-1"},"canonical":"https:\/\/www.feyalegria.org\/venezuela\/fe-y-alegria-universidad-apuesta-por-la-innovacion-en-su-modelo-educativo\/","og_locale":"es_ES","og_type":"article","og_title":"Fe y Alegr\u00eda Universidad apuesta por la innovaci\u00f3n - Fe y Alegr\u00eda en Venezuela","og_description":"El seminario del Programa Fe y Alegr\u00eda Universidad sirvi\u00f3 para profundizar sobre los elementos que deben identificar su propuesta.","og_url":"https:\/\/www.feyalegria.org\/venezuela\/fe-y-alegria-universidad-apuesta-por-la-innovacion-en-su-modelo-educativo\/","og_site_name":"Fe y Alegr\u00eda en Venezuela","article_published_time":"2023-07-20T22:00:10+00:00","article_modified_time":"2023-07-20T22:11:58+00:00","og_image":[{"width":775,"height":601,"url":"https:\/\/d3pugrm67vf9n7.cloudfront.net\/wp-content\/uploads\/sites\/4\/2023\/07\/20215507\/Fe-y-Alegria-Universidad-2072023.jpeg","type":"image\/jpeg"}],"twitter_card":"summary_large_image","twitter_misc":{"Escrito por":"","Tiempo de lectura":"5 minutos"},"schema":{"@context":"https:\/\/schema.org","@graph":[{"@type":"Article","@id":"https:\/\/www.feyalegria.org\/venezuela\/fe-y-alegria-universidad-apuesta-por-la-innovacion-en-su-modelo-educativo\/#article","isPartOf":{"@id":"https:\/\/www.feyalegria.org\/venezuela\/fe-y-alegria-universidad-apuesta-por-la-innovacion-en-su-modelo-educativo\/"},"author":{"name":"","@id":""},"headline":"Fe y Alegr\u00eda Universidad apuesta por la innovaci\u00f3n","datePublished":"2023-07-20T22:00:10+00:00","dateModified":"2023-07-20T22:11:58+00:00","mainEntityOfPage":{"@id":"https:\/\/www.feyalegria.org\/venezuela\/fe-y-alegria-universidad-apuesta-por-la-innovacion-en-su-modelo-educativo\/"},"wordCount":957,"image":{"@id":"https:\/\/www.feyalegria.org\/venezuela\/fe-y-alegria-universidad-apuesta-por-la-innovacion-en-su-modelo-educativo\/#primaryimage"},"thumbnailUrl":"https:\/\/d3pugrm67vf9n7.cloudfront.net\/wp-content\/uploads\/sites\/4\/2023\/07\/20215507\/Fe-y-Alegria-Universidad-2072023.jpeg","keywords":["Fe y Alegr\u00eda","Fe y Alegr\u00eda Universidad","Venezuela"],"articleSection":["Noticias"],"inLanguage":"es"},{"@type":"WebPage","@id":"https:\/\/www.feyalegria.org\/venezuela\/fe-y-alegria-universidad-apuesta-por-la-innovacion-en-su-modelo-educativo\/","url":"https:\/\/www.feyalegria.org\/venezuela\/fe-y-alegria-universidad-apuesta-por-la-innovacion-en-su-modelo-educativo\/","name":"Fe y Alegr\u00eda Universidad apuesta por la innovaci\u00f3n - Fe y Alegr\u00eda en Venezuela","isPartOf":{"@id":"https:\/\/www.feyalegria.org\/venezuela\/#website"},"primaryImageOfPage":{"@id":"https:\/\/www.feyalegria.org\/venezuela\/fe-y-alegria-universidad-apuesta-por-la-innovacion-en-su-modelo-educativo\/#primaryimage"},"image":{"@id":"https:\/\/www.feyalegria.org\/venezuela\/fe-y-alegria-universidad-apuesta-por-la-innovacion-en-su-modelo-educativo\/#primaryimage"},"thumbnailUrl":"https:\/\/d3pugrm67vf9n7.cloudfront.net\/wp-content\/uploads\/sites\/4\/2023\/07\/20215507\/Fe-y-Alegria-Universidad-2072023.jpeg","datePublished":"2023-07-20T22:00:10+00:00","dateModified":"2023-07-20T22:11:58+00:00","author":{"@id":""},"inLanguage":"es","potentialAction":[{"@type":"ReadAction","target":["https:\/\/www.feyalegria.org\/venezuela\/fe-y-alegria-universidad-apuesta-por-la-innovacion-en-su-modelo-educativo\/"]}]},{"@type":"ImageObject","inLanguage":"es","@id":"https:\/\/www.feyalegria.org\/venezuela\/fe-y-alegria-universidad-apuesta-por-la-innovacion-en-su-modelo-educativo\/#primaryimage","url":"https:\/\/d3pugrm67vf9n7.cloudfront.net\/wp-content\/uploads\/sites\/4\/2023\/07\/20215507\/Fe-y-Alegria-Universidad-2072023.jpeg","contentUrl":"https:\/\/d3pugrm67vf9n7.cloudfront.net\/wp-content\/uploads\/sites\/4\/2023\/07\/20215507\/Fe-y-Alegria-Universidad-2072023.jpeg","width":775,"height":601},{"@type":"WebSite","@id":"https:\/\/www.feyalegria.org\/venezuela\/#website","url":"https:\/\/www.feyalegria.org\/venezuela\/","name":"Fe y Alegr\u00eda en Venezuela","description":"","potentialAction":[{"@type":"SearchAction","target":{"@type":"EntryPoint","urlTemplate":"https:\/\/www.feyalegria.org\/venezuela\/?s={search_term_string}"},"query-input":{"@type":"PropertyValueSpecification","valueRequired":true,"valueName":"search_term_string"}}],"inLanguage":"es"},{"@type":"Person","@id":"","url":"https:\/\/www.feyalegria.org\/venezuela\/author\/"}]}},"_links":{"self":[{"href":"https:\/\/www.feyalegria.org\/venezuela\/wp-json\/wp\/v2\/posts\/3966","targetHints":{"allow":["GET"]}}],"collection":[{"href":"https:\/\/www.feyalegria.org\/venezuela\/wp-json\/wp\/v2\/posts"}],"about":[{"href":"https:\/\/www.feyalegria.org\/venezuela\/wp-json\/wp\/v2\/types\/post"}],"author":[{"embeddable":true,"href":"https:\/\/www.feyalegria.org\/venezuela\/wp-json\/wp\/v2\/users\/75"}],"replies":[{"embeddable":true,"href":"https:\/\/www.feyalegria.org\/venezuela\/wp-json\/wp\/v2\/comments?post=3966"}],"version-history":[{"count":0,"href":"https:\/\/www.feyalegria.org\/venezuela\/wp-json\/wp\/v2\/posts\/3966\/revisions"}],"wp:featuredmedia":[{"embeddable":true,"href":"https:\/\/www.feyalegria.org\/venezuela\/wp-json\/wp\/v2\/media\/3968"}],"wp:attachment":[{"href":"https:\/\/www.feyalegria.org\/venezuela\/wp-json\/wp\/v2\/media?parent=3966"}],"wp:term":[{"taxonomy":"category","embeddable":true,"href":"https:\/\/www.feyalegria.org\/venezuela\/wp-json\/wp\/v2\/categories?post=3966"},{"taxonomy":"post_tag","embeddable":true,"href":"https:\/\/www.feyalegria.org\/venezuela\/wp-json\/wp\/v2\/tags?post=3966"},{"taxonomy":"post_folder","embeddable":true,"href":"https:\/\/www.feyalegria.org\/venezuela\/wp-json\/wp\/v2\/post_folder?post=3966"}],"curies":[{"name":"wp","href":"https:\/\/api.w.org\/{rel}","templated":true}]}}