{"id":4145,"date":"2023-11-16T13:12:21","date_gmt":"2023-11-16T13:12:21","guid":{"rendered":"https:\/\/dev-ve.feyalegria.org\/?p=4145"},"modified":"2023-11-16T13:12:21","modified_gmt":"2023-11-16T13:12:21","slug":"fe-y-alegria-capacitacion-propicia-oportunidades-educativas-en-poblaciones-rurales","status":"publish","type":"post","link":"https:\/\/www.feyalegria.org\/venezuela\/fe-y-alegria-capacitacion-propicia-oportunidades-educativas-en-poblaciones-rurales\/","title":{"rendered":"Fe y Alegr\u00eda Capacitaci\u00f3n oportunidades educativas en poblaciones rurales"},"content":{"rendered":"<div class=\"wpb-content-wrapper\"><p>[vc_row][vc_column][vc_column_text]<\/p>\n<h1>Fe y Alegr\u00eda Capacitaci\u00f3n oportunidades educativas en poblaciones rurales<\/h1>\n<p>[\/vc_column_text][vc_single_image image=\u00bb4163&#8243; img_size=\u00bblarge\u00bb alignment=\u00bbcenter\u00bb][vc_column_text]<span style=\"font-weight: 400\">Con el fin de mejorar la calidad de vida de j\u00f3venes y adultos con escasas oportunidades, <strong>Fe y Alegr\u00eda Capacitaci\u00f3n<\/strong> contin\u00faa ofreciendo formaci\u00f3n laboral y para el emprendimiento en zonas rurales de Venezuela.\u00a0\u00a0\u00a0\u00a0\u00a0<\/span>[\/vc_column_text][vc_column_text]<span style=\"font-weight: 400\">Y ese es el caso de lo que ocurre en el fronterizo estado Apure. Yulis Orasmas, responsable del programa en el lugar, nos explica que en Apure cuentan con dos centros educativos de capacitaci\u00f3n: Capacitaci\u00f3n Jos\u00e9 Pastor, ubicado en la poblaci\u00f3n de Guadualito, municipio P\u00e1ez; y Capacitaci\u00f3n Pueblo Viejo, en la ciudad de San Fernando, municipio capital de la entidad.\u00a0<\/span>[\/vc_column_text][vc_column_text]<span style=\"font-weight: 400\">Orasmas relata que en los lapsos comprendidos de julio- a octubre-2023, entre los dos centros, han logrado formar a 385 participantes en\u00a0 oficios del \u00e1rea manual y de servicios como lo son corte y costura, reposter\u00eda, peluquer\u00eda, barber\u00eda, manicure y pedicura, asistente de farmacia, analista contable, asistente gerencial.<\/span>[\/vc_column_text][vc_column_text]<span style=\"font-weight: 400\">Los participantes realizan pr\u00e1cticas profesionales y en los cursos del \u00e1rea manual, elaboran y presentan su plan de negocios que les permita fortalecer competencias que garanticen la inserci\u00f3n laboral.<\/span>[\/vc_column_text][vc_column_text]<span style=\"font-weight: 400\">Actualmente, el 65 % de la poblaci\u00f3n atendida son j\u00f3venes entre 16 y 30 a\u00f1os de edad. Esto representa una se\u00f1al positiva ya que a\u00f1os anteriores, el 95 % de los participantes era poblaci\u00f3n adulta que superaba los 35 y hasta 40 a\u00f1os de edad.<\/span>[\/vc_column_text][vc_column_text]<span style=\"font-weight: 400\">En t\u00e9rminos generales, los j\u00f3venes y adultos pueden recibir formaci\u00f3n en reposter\u00eda, panader\u00eda, ofim\u00e1tica, conservaci\u00f3n de alimentos, reparaci\u00f3n de electrodom\u00e9sticos, barber\u00eda, corte y costura, analista contable y peluquer\u00eda.<\/span>[\/vc_column_text][vc_column_text]<\/p>\n<h4><b>2023: a\u00f1o de frutos\u00a0<\/b><\/h4>\n<p>[\/vc_column_text][vc_column_text]<span style=\"font-weight: 400\">Para el balance de este a\u00f1o que va culminando, la coordinadora nacional del programa, Sandra Chac\u00f3n, se\u00f1al\u00f3 que desde el a\u00f1o 2016 se est\u00e1 trabajando en el pa\u00eds en la innovaci\u00f3n de diversos planes y programas de estudio para la formaci\u00f3n en valores, espiritualidad, en materia laboral y para emprender iniciativas de negocios productivos.\u00a0<\/span>[\/vc_column_text][vc_column_text]<span style=\"font-weight: 400\">\u201cCreemos que el desarrollo personal y profesional de nuestros participantes\u00a0 para que sean protagonistas de sus comunidades. Buscamos que tengan la mejor capacitaci\u00f3n para contribuir con su inserci\u00f3n laboral y su vinculaci\u00f3n con el mundo del emprendimiento\u201d, comenta la profesora Chac\u00f3n.\u00a0<\/span>[\/vc_column_text][vc_column_text]<b>Fe y Alegr\u00eda Capacitaci\u00f3n<\/b><span style=\"font-weight: 400\"> atendi\u00f3 a 4.966 participantes en 294 procesos formativos durante el per\u00edodo 2022-2023 y entre sus logros resalta la experiencia de la Red de Emprendedores que han venido montando sus iniciativas de negocios.\u00a0<\/span>[\/vc_column_text][vc_column_text]<span style=\"font-weight: 400\">En este programa, que naci\u00f3 en marzo de 1998 y que luego de 25 a\u00f1os cuenta con 54 centros a nivel nacional, su propuesta formativa se basa en tres modalidades: presencial, semipresencial y a distancia, diversificando los tipos de capacitaci\u00f3n con cursos, talleres y seminarios.<\/span>[\/vc_column_text][vc_column_text]<span style=\"font-weight: 400\">Dichas formaciones tienen una duraci\u00f3n de 12 semanas e incluyen materiales pedag\u00f3gicos creados especialmente para garantizar el buen desempe\u00f1o del participante, pudiendo seguir paso a paso el logro de las competencias previstas, combinando el saber, el hacer y el ser.<\/span>[\/vc_column_text][vc_column_text]<span style=\"font-weight: 400\">Los participantes son acompa\u00f1ados por expertos, facilitadores integrales que vinculan en su pr\u00e1ctica pedag\u00f3gica las competencias de oficio, competencias sicosociales y competencias para el emprendimiento y la empleabilidad, puntos vitales en la propuesta formativa.<\/span>[\/vc_column_text][vc_column_text]<strong>Por Javier Barrios<\/strong>[\/vc_column_text][\/vc_column][\/vc_row]<\/p>\n<\/div>","protected":false},"excerpt":{"rendered":"<div style=\"height: 180px\">Fe y Alegr\u00eda Capacitaci\u00f3n contin\u00faa ofreciendo formaci\u00f3n laboral y para el emprendimiento en zonas rurales de Venezuela.<\/div>\n","protected":false},"author":6,"featured_media":4163,"comment_status":"closed","ping_status":"closed","sticky":false,"template":"","format":"standard","meta":{"_acf_changed":false,"footnotes":""},"categories":[183],"tags":[634,448],"post_folder":[],"class_list":["post-4145","post","type-post","status-publish","format-standard","has-post-thumbnail","hentry","category-noticias","tag-capacitacion","tag-venezuela"],"acf":[],"yoast_head":"<!-- This site is optimized with the Yoast SEO plugin v27.5 - https:\/\/yoast.com\/product\/yoast-seo-wordpress\/ -->\n<title>Fe y Alegr\u00eda Capacitaci\u00f3n oportunidades educativas en poblaciones rurales - Fe y Alegr\u00eda en Venezuela<\/title>\n<meta name=\"robots\" content=\"index, follow, max-snippet:-1, max-image-preview:large, max-video-preview:-1\" \/>\n<link rel=\"canonical\" href=\"https:\/\/www.feyalegria.org\/venezuela\/fe-y-alegria-capacitacion-propicia-oportunidades-educativas-en-poblaciones-rurales\/\" \/>\n<meta property=\"og:locale\" content=\"es_ES\" \/>\n<meta property=\"og:type\" content=\"article\" \/>\n<meta property=\"og:title\" content=\"Fe y Alegr\u00eda Capacitaci\u00f3n oportunidades educativas en poblaciones rurales - Fe y Alegr\u00eda en Venezuela\" \/>\n<meta property=\"og:description\" content=\"Fe y Alegr\u00eda Capacitaci\u00f3n contin\u00faa ofreciendo formaci\u00f3n laboral y para el emprendimiento en zonas rurales de Venezuela.\" \/>\n<meta property=\"og:url\" content=\"https:\/\/www.feyalegria.org\/venezuela\/fe-y-alegria-capacitacion-propicia-oportunidades-educativas-en-poblaciones-rurales\/\" \/>\n<meta property=\"og:site_name\" content=\"Fe y Alegr\u00eda en Venezuela\" \/>\n<meta property=\"article:published_time\" content=\"2023-11-16T13:12:21+00:00\" \/>\n<meta name=\"author\" content=\"Erika Briceno\" \/>\n<meta name=\"twitter:card\" content=\"summary_large_image\" \/>\n<meta name=\"twitter:label1\" content=\"Escrito por\" \/>\n\t<meta name=\"twitter:data1\" content=\"Erika Briceno\" \/>\n\t<meta name=\"twitter:label2\" content=\"Tiempo de lectura\" \/>\n\t<meta name=\"twitter:data2\" content=\"3 minutos\" \/>\n<script type=\"application\/ld+json\" class=\"yoast-schema-graph\">{\"@context\":\"https:\\\/\\\/schema.org\",\"@graph\":[{\"@type\":\"Article\",\"@id\":\"https:\\\/\\\/www.feyalegria.org\\\/venezuela\\\/fe-y-alegria-capacitacion-propicia-oportunidades-educativas-en-poblaciones-rurales\\\/#article\",\"isPartOf\":{\"@id\":\"https:\\\/\\\/www.feyalegria.org\\\/venezuela\\\/fe-y-alegria-capacitacion-propicia-oportunidades-educativas-en-poblaciones-rurales\\\/\"},\"author\":{\"name\":\"Erika Briceno\",\"@id\":\"https:\\\/\\\/www.feyalegria.org\\\/venezuela\\\/#\\\/schema\\\/person\\\/fcd504e06f93320841b99f79f3ab0180\"},\"headline\":\"Fe y Alegr\u00eda Capacitaci\u00f3n oportunidades educativas en poblaciones rurales\",\"datePublished\":\"2023-11-16T13:12:21+00:00\",\"mainEntityOfPage\":{\"@id\":\"https:\\\/\\\/www.feyalegria.org\\\/venezuela\\\/fe-y-alegria-capacitacion-propicia-oportunidades-educativas-en-poblaciones-rurales\\\/\"},\"wordCount\":668,\"image\":{\"@id\":\"https:\\\/\\\/www.feyalegria.org\\\/venezuela\\\/fe-y-alegria-capacitacion-propicia-oportunidades-educativas-en-poblaciones-rurales\\\/#primaryimage\"},\"thumbnailUrl\":\"\",\"keywords\":[\"Capacitaci\u00f3n\",\"Venezuela\"],\"articleSection\":[\"Noticias\"],\"inLanguage\":\"es\"},{\"@type\":\"WebPage\",\"@id\":\"https:\\\/\\\/www.feyalegria.org\\\/venezuela\\\/fe-y-alegria-capacitacion-propicia-oportunidades-educativas-en-poblaciones-rurales\\\/\",\"url\":\"https:\\\/\\\/www.feyalegria.org\\\/venezuela\\\/fe-y-alegria-capacitacion-propicia-oportunidades-educativas-en-poblaciones-rurales\\\/\",\"name\":\"Fe y Alegr\u00eda Capacitaci\u00f3n oportunidades educativas en poblaciones rurales - Fe y Alegr\u00eda en Venezuela\",\"isPartOf\":{\"@id\":\"https:\\\/\\\/www.feyalegria.org\\\/venezuela\\\/#website\"},\"primaryImageOfPage\":{\"@id\":\"https:\\\/\\\/www.feyalegria.org\\\/venezuela\\\/fe-y-alegria-capacitacion-propicia-oportunidades-educativas-en-poblaciones-rurales\\\/#primaryimage\"},\"image\":{\"@id\":\"https:\\\/\\\/www.feyalegria.org\\\/venezuela\\\/fe-y-alegria-capacitacion-propicia-oportunidades-educativas-en-poblaciones-rurales\\\/#primaryimage\"},\"thumbnailUrl\":\"\",\"datePublished\":\"2023-11-16T13:12:21+00:00\",\"author\":{\"@id\":\"https:\\\/\\\/www.feyalegria.org\\\/venezuela\\\/#\\\/schema\\\/person\\\/fcd504e06f93320841b99f79f3ab0180\"},\"inLanguage\":\"es\",\"potentialAction\":[{\"@type\":\"ReadAction\",\"target\":[\"https:\\\/\\\/www.feyalegria.org\\\/venezuela\\\/fe-y-alegria-capacitacion-propicia-oportunidades-educativas-en-poblaciones-rurales\\\/\"]}]},{\"@type\":\"ImageObject\",\"inLanguage\":\"es\",\"@id\":\"https:\\\/\\\/www.feyalegria.org\\\/venezuela\\\/fe-y-alegria-capacitacion-propicia-oportunidades-educativas-en-poblaciones-rurales\\\/#primaryimage\",\"url\":\"\",\"contentUrl\":\"\"},{\"@type\":\"WebSite\",\"@id\":\"https:\\\/\\\/www.feyalegria.org\\\/venezuela\\\/#website\",\"url\":\"https:\\\/\\\/www.feyalegria.org\\\/venezuela\\\/\",\"name\":\"Fe y Alegr\u00eda en Venezuela\",\"description\":\"\",\"potentialAction\":[{\"@type\":\"SearchAction\",\"target\":{\"@type\":\"EntryPoint\",\"urlTemplate\":\"https:\\\/\\\/www.feyalegria.org\\\/venezuela\\\/?s={search_term_string}\"},\"query-input\":{\"@type\":\"PropertyValueSpecification\",\"valueRequired\":true,\"valueName\":\"search_term_string\"}}],\"inLanguage\":\"es\"},{\"@type\":\"Person\",\"@id\":\"https:\\\/\\\/www.feyalegria.org\\\/venezuela\\\/#\\\/schema\\\/person\\\/fcd504e06f93320841b99f79f3ab0180\",\"name\":\"Erika Briceno\",\"url\":\"https:\\\/\\\/www.feyalegria.org\\\/venezuela\\\/author\\\/comunfifya\\\/\"}]}<\/script>\n<!-- \/ Yoast SEO plugin. -->","yoast_head_json":{"title":"Fe y Alegr\u00eda Capacitaci\u00f3n oportunidades educativas en poblaciones rurales - Fe y Alegr\u00eda en Venezuela","robots":{"index":"index","follow":"follow","max-snippet":"max-snippet:-1","max-image-preview":"max-image-preview:large","max-video-preview":"max-video-preview:-1"},"canonical":"https:\/\/www.feyalegria.org\/venezuela\/fe-y-alegria-capacitacion-propicia-oportunidades-educativas-en-poblaciones-rurales\/","og_locale":"es_ES","og_type":"article","og_title":"Fe y Alegr\u00eda Capacitaci\u00f3n oportunidades educativas en poblaciones rurales - Fe y Alegr\u00eda en Venezuela","og_description":"Fe y Alegr\u00eda Capacitaci\u00f3n contin\u00faa ofreciendo formaci\u00f3n laboral y para el emprendimiento en zonas rurales de Venezuela.","og_url":"https:\/\/www.feyalegria.org\/venezuela\/fe-y-alegria-capacitacion-propicia-oportunidades-educativas-en-poblaciones-rurales\/","og_site_name":"Fe y Alegr\u00eda en Venezuela","article_published_time":"2023-11-16T13:12:21+00:00","author":"Erika Briceno","twitter_card":"summary_large_image","twitter_misc":{"Escrito por":"Erika Briceno","Tiempo de lectura":"3 minutos"},"schema":{"@context":"https:\/\/schema.org","@graph":[{"@type":"Article","@id":"https:\/\/www.feyalegria.org\/venezuela\/fe-y-alegria-capacitacion-propicia-oportunidades-educativas-en-poblaciones-rurales\/#article","isPartOf":{"@id":"https:\/\/www.feyalegria.org\/venezuela\/fe-y-alegria-capacitacion-propicia-oportunidades-educativas-en-poblaciones-rurales\/"},"author":{"name":"Erika Briceno","@id":"https:\/\/www.feyalegria.org\/venezuela\/#\/schema\/person\/fcd504e06f93320841b99f79f3ab0180"},"headline":"Fe y Alegr\u00eda Capacitaci\u00f3n oportunidades educativas en poblaciones rurales","datePublished":"2023-11-16T13:12:21+00:00","mainEntityOfPage":{"@id":"https:\/\/www.feyalegria.org\/venezuela\/fe-y-alegria-capacitacion-propicia-oportunidades-educativas-en-poblaciones-rurales\/"},"wordCount":668,"image":{"@id":"https:\/\/www.feyalegria.org\/venezuela\/fe-y-alegria-capacitacion-propicia-oportunidades-educativas-en-poblaciones-rurales\/#primaryimage"},"thumbnailUrl":"","keywords":["Capacitaci\u00f3n","Venezuela"],"articleSection":["Noticias"],"inLanguage":"es"},{"@type":"WebPage","@id":"https:\/\/www.feyalegria.org\/venezuela\/fe-y-alegria-capacitacion-propicia-oportunidades-educativas-en-poblaciones-rurales\/","url":"https:\/\/www.feyalegria.org\/venezuela\/fe-y-alegria-capacitacion-propicia-oportunidades-educativas-en-poblaciones-rurales\/","name":"Fe y Alegr\u00eda Capacitaci\u00f3n oportunidades educativas en poblaciones rurales - Fe y Alegr\u00eda en Venezuela","isPartOf":{"@id":"https:\/\/www.feyalegria.org\/venezuela\/#website"},"primaryImageOfPage":{"@id":"https:\/\/www.feyalegria.org\/venezuela\/fe-y-alegria-capacitacion-propicia-oportunidades-educativas-en-poblaciones-rurales\/#primaryimage"},"image":{"@id":"https:\/\/www.feyalegria.org\/venezuela\/fe-y-alegria-capacitacion-propicia-oportunidades-educativas-en-poblaciones-rurales\/#primaryimage"},"thumbnailUrl":"","datePublished":"2023-11-16T13:12:21+00:00","author":{"@id":"https:\/\/www.feyalegria.org\/venezuela\/#\/schema\/person\/fcd504e06f93320841b99f79f3ab0180"},"inLanguage":"es","potentialAction":[{"@type":"ReadAction","target":["https:\/\/www.feyalegria.org\/venezuela\/fe-y-alegria-capacitacion-propicia-oportunidades-educativas-en-poblaciones-rurales\/"]}]},{"@type":"ImageObject","inLanguage":"es","@id":"https:\/\/www.feyalegria.org\/venezuela\/fe-y-alegria-capacitacion-propicia-oportunidades-educativas-en-poblaciones-rurales\/#primaryimage","url":"","contentUrl":""},{"@type":"WebSite","@id":"https:\/\/www.feyalegria.org\/venezuela\/#website","url":"https:\/\/www.feyalegria.org\/venezuela\/","name":"Fe y Alegr\u00eda en Venezuela","description":"","potentialAction":[{"@type":"SearchAction","target":{"@type":"EntryPoint","urlTemplate":"https:\/\/www.feyalegria.org\/venezuela\/?s={search_term_string}"},"query-input":{"@type":"PropertyValueSpecification","valueRequired":true,"valueName":"search_term_string"}}],"inLanguage":"es"},{"@type":"Person","@id":"https:\/\/www.feyalegria.org\/venezuela\/#\/schema\/person\/fcd504e06f93320841b99f79f3ab0180","name":"Erika Briceno","url":"https:\/\/www.feyalegria.org\/venezuela\/author\/comunfifya\/"}]}},"_links":{"self":[{"href":"https:\/\/www.feyalegria.org\/venezuela\/wp-json\/wp\/v2\/posts\/4145","targetHints":{"allow":["GET"]}}],"collection":[{"href":"https:\/\/www.feyalegria.org\/venezuela\/wp-json\/wp\/v2\/posts"}],"about":[{"href":"https:\/\/www.feyalegria.org\/venezuela\/wp-json\/wp\/v2\/types\/post"}],"author":[{"embeddable":true,"href":"https:\/\/www.feyalegria.org\/venezuela\/wp-json\/wp\/v2\/users\/6"}],"replies":[{"embeddable":true,"href":"https:\/\/www.feyalegria.org\/venezuela\/wp-json\/wp\/v2\/comments?post=4145"}],"version-history":[{"count":0,"href":"https:\/\/www.feyalegria.org\/venezuela\/wp-json\/wp\/v2\/posts\/4145\/revisions"}],"wp:featuredmedia":[{"embeddable":true,"href":"https:\/\/www.feyalegria.org\/venezuela\/wp-json\/"}],"wp:attachment":[{"href":"https:\/\/www.feyalegria.org\/venezuela\/wp-json\/wp\/v2\/media?parent=4145"}],"wp:term":[{"taxonomy":"category","embeddable":true,"href":"https:\/\/www.feyalegria.org\/venezuela\/wp-json\/wp\/v2\/categories?post=4145"},{"taxonomy":"post_tag","embeddable":true,"href":"https:\/\/www.feyalegria.org\/venezuela\/wp-json\/wp\/v2\/tags?post=4145"},{"taxonomy":"post_folder","embeddable":true,"href":"https:\/\/www.feyalegria.org\/venezuela\/wp-json\/wp\/v2\/post_folder?post=4145"}],"curies":[{"name":"wp","href":"https:\/\/api.w.org\/{rel}","templated":true}]}}