 {"id":4737,"date":"2024-02-15T12:48:53","date_gmt":"2024-02-15T12:48:53","guid":{"rendered":"https:\/\/dev-ve.feyalegria.org\/?p=4737"},"modified":"2024-02-15T12:48:53","modified_gmt":"2024-02-15T12:48:53","slug":"director-nacional-de-fe-y-alegria-educomunicacion-visito-el-estado-zulia-para-fortalecer-condiciones-de-trabajo","status":"publish","type":"post","link":"https:\/\/www.feyalegria.org\/venezuela\/director-nacional-de-fe-y-alegria-educomunicacion-visito-el-estado-zulia-para-fortalecer-condiciones-de-trabajo\/","title":{"rendered":"Director nacional de Fe y Alegr\u00eda Educomunicaci\u00f3n visit\u00f3 el estado Zulia para fortalecer condiciones de trabajo"},"content":{"rendered":"<div class=\"wpb-content-wrapper\"><p>[vc_row][vc_column][vc_column_text]<\/p>\n<h1>Director nacional de Fe y Alegr\u00eda Educomunicaci\u00f3n realiza una gira en el estado Zulia para fortalecer condiciones de trabajo<\/h1>\n<p>[\/vc_column_text][vc_single_image image=\u00bb4740&#8243; img_size=\u00bb800&#215;400&#8243; alignment=\u00bbcenter\u00bb onclick=\u00bblink_image\u00bb][vc_column_text]Luis S\u00e1nchez, director nacional del programa <strong>Fe y Alegr\u00eda Educomunicaci\u00f3n<\/strong>,\u00a0realiz\u00f3 una gira por las oficinas ubicadas en tres municipios del estado Zulia: Maracaibo, Machiques de Perij\u00e1 y Guajira, con el objetivo de fortalecer el acompa\u00f1amiento a los equipos locales y mejorar las condiciones de trabajo.<\/p>\n<p>&nbsp;<\/p>\n<p>\u00abEsta visita se enmarca en una estrategia que <strong>Fe y Alegr\u00eda<\/strong> ha desarrollado a lo largo de su historia: el seguimiento y acompa\u00f1amiento a los equipos locales\u00bb, coment\u00f3 S\u00e1nchez.<\/p>\n<p>&nbsp;<\/p>\n<p>En ese sentido, destac\u00f3 que sostuvo un di\u00e1logo con todo el personal para visualizar de qu\u00e9 manera desde el movimiento <strong>Fe y Alegr\u00eda<\/strong> y la direcci\u00f3n nacional pueden acompa\u00f1ar y fortalecer las condiciones de los equipos locales.<\/p>\n<p>&nbsp;<\/p>\n<p>S\u00e1nchez tambi\u00e9n mencion\u00f3 que la visita buscaba \u00abacercarnos al talento humano que d\u00eda a d\u00eda hace que el movimiento siga latiendo, que ese coraz\u00f3n se siga expandiendo y conectando con las comunidades\u00bb.[\/vc_column_text][vc_single_image image=\u00bb4741&#8243; img_size=\u00bb800&#215;400&#8243; alignment=\u00bbcenter\u00bb onclick=\u00bblink_image\u00bb][vc_column_text]<\/p>\n<h4><\/h4>\n<h4>Revisi\u00f3n del modelo Educomunicaci\u00f3n<\/h4>\n<p>&nbsp;<\/p>\n<p><strong>Fe y Alegr\u00eda Educomunicaci\u00f3n<\/strong> se encuentra en un proceso de revisi\u00f3n a la luz del modelo de educaci\u00f3n de calidad que <strong>Fe y Alegr\u00eda<\/strong> Venezuela desarrolla.<\/p>\n<p>&nbsp;<\/p>\n<p>\u00abDe ah\u00ed queremos seguir expandiendo nuestro servicio e incrementar nuestra incidencia en las comunidades, as\u00ed como en los espacios de aprendizaje, fortaleciendo la educaci\u00f3n intercultural biling\u00fce, sobre todo en el estado Zulia, con las etnias wayuu, yukpa y bar\u00ed\u00bb, explic\u00f3 S\u00e1nchez.<\/p>\n<p>&nbsp;<\/p>\n<h4>Celebraciones en el 2025<\/h4>\n<p>&nbsp;<\/p>\n<p>La gira tambi\u00e9n sirvi\u00f3 como espacio para invitar a todos a prepararse para celebrar los 50 a\u00f1os de la radio educativa que <strong>Fe y Alegr\u00eda<\/strong> ha liderado y los 70 a\u00f1os del movimiento que se cumplir\u00e1n en 2025.[\/vc_column_text][vc_single_image image=\u00bb4739&#8243; img_size=\u00bb800&#215;400&#8243; alignment=\u00bbcenter\u00bb onclick=\u00bblink_image\u00bb][vc_column_text]<strong>Por Graciela de los \u00c1ngeles Portillo<\/strong>[\/vc_column_text][\/vc_column][\/vc_row]<\/p>\n<\/div>","protected":false},"excerpt":{"rendered":"<p>Luis S\u00e1nchez, director nacional del programa Fe y Alegr\u00eda Educomunicaci\u00f3n, visit\u00f3 las oficinas de tres municipios del estado Zulia para acompa\u00f1ar a los equipos locales.<\/p>\n","protected":false},"author":6,"featured_media":4740,"comment_status":"open","ping_status":"open","sticky":false,"template":"","format":"standard","meta":{"_acf_changed":false,"footnotes":""},"categories":[13,183],"tags":[400,709],"post_folder":[],"class_list":["post-4737","post","type-post","status-publish","format-standard","has-post-thumbnail","hentry","category-irfa","category-noticias","tag-fe-y-alegria","tag-fe-y-alegria-educomunicacion"],"acf":[],"yoast_head":"<!-- This site is optimized with the Yoast SEO plugin v27.5 - https:\/\/yoast.com\/product\/yoast-seo-wordpress\/ -->\n<title>Director nacional de Fe y Alegr\u00eda Educomunicaci\u00f3n visit\u00f3 el estado Zulia para fortalecer condiciones de trabajo - Fe y Alegr\u00eda en Venezuela<\/title>\n<meta name=\"robots\" content=\"index, follow, max-snippet:-1, max-image-preview:large, max-video-preview:-1\" \/>\n<link rel=\"canonical\" href=\"https:\/\/www.feyalegria.org\/venezuela\/director-nacional-de-fe-y-alegria-educomunicacion-visito-el-estado-zulia-para-fortalecer-condiciones-de-trabajo\/\" \/>\n<meta property=\"og:locale\" content=\"es_ES\" \/>\n<meta property=\"og:type\" content=\"article\" \/>\n<meta property=\"og:title\" content=\"Director nacional de Fe y Alegr\u00eda Educomunicaci\u00f3n visit\u00f3 el estado Zulia para fortalecer condiciones de trabajo - Fe y Alegr\u00eda en Venezuela\" \/>\n<meta property=\"og:description\" content=\"Luis S\u00e1nchez, director nacional del programa Fe y Alegr\u00eda Educomunicaci\u00f3n, visit\u00f3 las oficinas de tres municipios del estado Zulia para acompa\u00f1ar a los equipos locales.\" \/>\n<meta property=\"og:url\" content=\"https:\/\/www.feyalegria.org\/venezuela\/director-nacional-de-fe-y-alegria-educomunicacion-visito-el-estado-zulia-para-fortalecer-condiciones-de-trabajo\/\" \/>\n<meta property=\"og:site_name\" content=\"Fe y Alegr\u00eda en Venezuela\" \/>\n<meta property=\"article:published_time\" content=\"2024-02-15T12:48:53+00:00\" \/>\n<meta name=\"author\" content=\"Erika Briceno\" \/>\n<meta name=\"twitter:card\" content=\"summary_large_image\" \/>\n<meta name=\"twitter:label1\" content=\"Escrito por\" \/>\n\t<meta name=\"twitter:data1\" content=\"Erika Briceno\" \/>\n\t<meta name=\"twitter:label2\" content=\"Tiempo de lectura\" \/>\n\t<meta name=\"twitter:data2\" content=\"2 minutos\" \/>\n<script type=\"application\/ld+json\" class=\"yoast-schema-graph\">{\"@context\":\"https:\\\/\\\/schema.org\",\"@graph\":[{\"@type\":\"Article\",\"@id\":\"https:\\\/\\\/www.feyalegria.org\\\/venezuela\\\/director-nacional-de-fe-y-alegria-educomunicacion-visito-el-estado-zulia-para-fortalecer-condiciones-de-trabajo\\\/#article\",\"isPartOf\":{\"@id\":\"https:\\\/\\\/www.feyalegria.org\\\/venezuela\\\/director-nacional-de-fe-y-alegria-educomunicacion-visito-el-estado-zulia-para-fortalecer-condiciones-de-trabajo\\\/\"},\"author\":{\"name\":\"Erika Briceno\",\"@id\":\"https:\\\/\\\/www.feyalegria.org\\\/venezuela\\\/#\\\/schema\\\/person\\\/fcd504e06f93320841b99f79f3ab0180\"},\"headline\":\"Director nacional de Fe y Alegr\u00eda Educomunicaci\u00f3n visit\u00f3 el estado Zulia para fortalecer condiciones de trabajo\",\"datePublished\":\"2024-02-15T12:48:53+00:00\",\"mainEntityOfPage\":{\"@id\":\"https:\\\/\\\/www.feyalegria.org\\\/venezuela\\\/director-nacional-de-fe-y-alegria-educomunicacion-visito-el-estado-zulia-para-fortalecer-condiciones-de-trabajo\\\/\"},\"wordCount\":404,\"commentCount\":0,\"image\":{\"@id\":\"https:\\\/\\\/www.feyalegria.org\\\/venezuela\\\/director-nacional-de-fe-y-alegria-educomunicacion-visito-el-estado-zulia-para-fortalecer-condiciones-de-trabajo\\\/#primaryimage\"},\"thumbnailUrl\":\"\",\"keywords\":[\"Fe y Alegr\u00eda\",\"Fe y Alegr\u00eda Educomunicaci\u00f3n\"],\"articleSection\":[\"IRFA\",\"Noticias\"],\"inLanguage\":\"es\",\"potentialAction\":[{\"@type\":\"CommentAction\",\"name\":\"Comment\",\"target\":[\"https:\\\/\\\/www.feyalegria.org\\\/venezuela\\\/director-nacional-de-fe-y-alegria-educomunicacion-visito-el-estado-zulia-para-fortalecer-condiciones-de-trabajo\\\/#respond\"]}]},{\"@type\":\"WebPage\",\"@id\":\"https:\\\/\\\/www.feyalegria.org\\\/venezuela\\\/director-nacional-de-fe-y-alegria-educomunicacion-visito-el-estado-zulia-para-fortalecer-condiciones-de-trabajo\\\/\",\"url\":\"https:\\\/\\\/www.feyalegria.org\\\/venezuela\\\/director-nacional-de-fe-y-alegria-educomunicacion-visito-el-estado-zulia-para-fortalecer-condiciones-de-trabajo\\\/\",\"name\":\"Director nacional de Fe y Alegr\u00eda Educomunicaci\u00f3n visit\u00f3 el estado Zulia para fortalecer condiciones de trabajo - Fe y Alegr\u00eda en Venezuela\",\"isPartOf\":{\"@id\":\"https:\\\/\\\/www.feyalegria.org\\\/venezuela\\\/#website\"},\"primaryImageOfPage\":{\"@id\":\"https:\\\/\\\/www.feyalegria.org\\\/venezuela\\\/director-nacional-de-fe-y-alegria-educomunicacion-visito-el-estado-zulia-para-fortalecer-condiciones-de-trabajo\\\/#primaryimage\"},\"image\":{\"@id\":\"https:\\\/\\\/www.feyalegria.org\\\/venezuela\\\/director-nacional-de-fe-y-alegria-educomunicacion-visito-el-estado-zulia-para-fortalecer-condiciones-de-trabajo\\\/#primaryimage\"},\"thumbnailUrl\":\"\",\"datePublished\":\"2024-02-15T12:48:53+00:00\",\"author\":{\"@id\":\"https:\\\/\\\/www.feyalegria.org\\\/venezuela\\\/#\\\/schema\\\/person\\\/fcd504e06f93320841b99f79f3ab0180\"},\"inLanguage\":\"es\",\"potentialAction\":[{\"@type\":\"ReadAction\",\"target\":[\"https:\\\/\\\/www.feyalegria.org\\\/venezuela\\\/director-nacional-de-fe-y-alegria-educomunicacion-visito-el-estado-zulia-para-fortalecer-condiciones-de-trabajo\\\/\"]}]},{\"@type\":\"ImageObject\",\"inLanguage\":\"es\",\"@id\":\"https:\\\/\\\/www.feyalegria.org\\\/venezuela\\\/director-nacional-de-fe-y-alegria-educomunicacion-visito-el-estado-zulia-para-fortalecer-condiciones-de-trabajo\\\/#primaryimage\",\"url\":\"\",\"contentUrl\":\"\"},{\"@type\":\"WebSite\",\"@id\":\"https:\\\/\\\/www.feyalegria.org\\\/venezuela\\\/#website\",\"url\":\"https:\\\/\\\/www.feyalegria.org\\\/venezuela\\\/\",\"name\":\"Fe y Alegr\u00eda en Venezuela\",\"description\":\"\",\"potentialAction\":[{\"@type\":\"SearchAction\",\"target\":{\"@type\":\"EntryPoint\",\"urlTemplate\":\"https:\\\/\\\/www.feyalegria.org\\\/venezuela\\\/?s={search_term_string}\"},\"query-input\":{\"@type\":\"PropertyValueSpecification\",\"valueRequired\":true,\"valueName\":\"search_term_string\"}}],\"inLanguage\":\"es\"},{\"@type\":\"Person\",\"@id\":\"https:\\\/\\\/www.feyalegria.org\\\/venezuela\\\/#\\\/schema\\\/person\\\/fcd504e06f93320841b99f79f3ab0180\",\"name\":\"Erika Briceno\",\"url\":\"https:\\\/\\\/www.feyalegria.org\\\/venezuela\\\/author\\\/comunfifya\\\/\"}]}<\/script>\n<!-- \/ Yoast SEO plugin. -->","yoast_head_json":{"title":"Director nacional de Fe y Alegr\u00eda Educomunicaci\u00f3n visit\u00f3 el estado Zulia para fortalecer condiciones de trabajo - Fe y Alegr\u00eda en Venezuela","robots":{"index":"index","follow":"follow","max-snippet":"max-snippet:-1","max-image-preview":"max-image-preview:large","max-video-preview":"max-video-preview:-1"},"canonical":"https:\/\/www.feyalegria.org\/venezuela\/director-nacional-de-fe-y-alegria-educomunicacion-visito-el-estado-zulia-para-fortalecer-condiciones-de-trabajo\/","og_locale":"es_ES","og_type":"article","og_title":"Director nacional de Fe y Alegr\u00eda Educomunicaci\u00f3n visit\u00f3 el estado Zulia para fortalecer condiciones de trabajo - Fe y Alegr\u00eda en Venezuela","og_description":"Luis S\u00e1nchez, director nacional del programa Fe y Alegr\u00eda Educomunicaci\u00f3n, visit\u00f3 las oficinas de tres municipios del estado Zulia para acompa\u00f1ar a los equipos locales.","og_url":"https:\/\/www.feyalegria.org\/venezuela\/director-nacional-de-fe-y-alegria-educomunicacion-visito-el-estado-zulia-para-fortalecer-condiciones-de-trabajo\/","og_site_name":"Fe y Alegr\u00eda en Venezuela","article_published_time":"2024-02-15T12:48:53+00:00","author":"Erika Briceno","twitter_card":"summary_large_image","twitter_misc":{"Escrito por":"Erika Briceno","Tiempo de lectura":"2 minutos"},"schema":{"@context":"https:\/\/schema.org","@graph":[{"@type":"Article","@id":"https:\/\/www.feyalegria.org\/venezuela\/director-nacional-de-fe-y-alegria-educomunicacion-visito-el-estado-zulia-para-fortalecer-condiciones-de-trabajo\/#article","isPartOf":{"@id":"https:\/\/www.feyalegria.org\/venezuela\/director-nacional-de-fe-y-alegria-educomunicacion-visito-el-estado-zulia-para-fortalecer-condiciones-de-trabajo\/"},"author":{"name":"Erika Briceno","@id":"https:\/\/www.feyalegria.org\/venezuela\/#\/schema\/person\/fcd504e06f93320841b99f79f3ab0180"},"headline":"Director nacional de Fe y Alegr\u00eda Educomunicaci\u00f3n visit\u00f3 el estado Zulia para fortalecer condiciones de trabajo","datePublished":"2024-02-15T12:48:53+00:00","mainEntityOfPage":{"@id":"https:\/\/www.feyalegria.org\/venezuela\/director-nacional-de-fe-y-alegria-educomunicacion-visito-el-estado-zulia-para-fortalecer-condiciones-de-trabajo\/"},"wordCount":404,"commentCount":0,"image":{"@id":"https:\/\/www.feyalegria.org\/venezuela\/director-nacional-de-fe-y-alegria-educomunicacion-visito-el-estado-zulia-para-fortalecer-condiciones-de-trabajo\/#primaryimage"},"thumbnailUrl":"","keywords":["Fe y Alegr\u00eda","Fe y Alegr\u00eda Educomunicaci\u00f3n"],"articleSection":["IRFA","Noticias"],"inLanguage":"es","potentialAction":[{"@type":"CommentAction","name":"Comment","target":["https:\/\/www.feyalegria.org\/venezuela\/director-nacional-de-fe-y-alegria-educomunicacion-visito-el-estado-zulia-para-fortalecer-condiciones-de-trabajo\/#respond"]}]},{"@type":"WebPage","@id":"https:\/\/www.feyalegria.org\/venezuela\/director-nacional-de-fe-y-alegria-educomunicacion-visito-el-estado-zulia-para-fortalecer-condiciones-de-trabajo\/","url":"https:\/\/www.feyalegria.org\/venezuela\/director-nacional-de-fe-y-alegria-educomunicacion-visito-el-estado-zulia-para-fortalecer-condiciones-de-trabajo\/","name":"Director nacional de Fe y Alegr\u00eda Educomunicaci\u00f3n visit\u00f3 el estado Zulia para fortalecer condiciones de trabajo - Fe y Alegr\u00eda en Venezuela","isPartOf":{"@id":"https:\/\/www.feyalegria.org\/venezuela\/#website"},"primaryImageOfPage":{"@id":"https:\/\/www.feyalegria.org\/venezuela\/director-nacional-de-fe-y-alegria-educomunicacion-visito-el-estado-zulia-para-fortalecer-condiciones-de-trabajo\/#primaryimage"},"image":{"@id":"https:\/\/www.feyalegria.org\/venezuela\/director-nacional-de-fe-y-alegria-educomunicacion-visito-el-estado-zulia-para-fortalecer-condiciones-de-trabajo\/#primaryimage"},"thumbnailUrl":"","datePublished":"2024-02-15T12:48:53+00:00","author":{"@id":"https:\/\/www.feyalegria.org\/venezuela\/#\/schema\/person\/fcd504e06f93320841b99f79f3ab0180"},"inLanguage":"es","potentialAction":[{"@type":"ReadAction","target":["https:\/\/www.feyalegria.org\/venezuela\/director-nacional-de-fe-y-alegria-educomunicacion-visito-el-estado-zulia-para-fortalecer-condiciones-de-trabajo\/"]}]},{"@type":"ImageObject","inLanguage":"es","@id":"https:\/\/www.feyalegria.org\/venezuela\/director-nacional-de-fe-y-alegria-educomunicacion-visito-el-estado-zulia-para-fortalecer-condiciones-de-trabajo\/#primaryimage","url":"","contentUrl":""},{"@type":"WebSite","@id":"https:\/\/www.feyalegria.org\/venezuela\/#website","url":"https:\/\/www.feyalegria.org\/venezuela\/","name":"Fe y Alegr\u00eda en Venezuela","description":"","potentialAction":[{"@type":"SearchAction","target":{"@type":"EntryPoint","urlTemplate":"https:\/\/www.feyalegria.org\/venezuela\/?s={search_term_string}"},"query-input":{"@type":"PropertyValueSpecification","valueRequired":true,"valueName":"search_term_string"}}],"inLanguage":"es"},{"@type":"Person","@id":"https:\/\/www.feyalegria.org\/venezuela\/#\/schema\/person\/fcd504e06f93320841b99f79f3ab0180","name":"Erika Briceno","url":"https:\/\/www.feyalegria.org\/venezuela\/author\/comunfifya\/"}]}},"_links":{"self":[{"href":"https:\/\/www.feyalegria.org\/venezuela\/wp-json\/wp\/v2\/posts\/4737","targetHints":{"allow":["GET"]}}],"collection":[{"href":"https:\/\/www.feyalegria.org\/venezuela\/wp-json\/wp\/v2\/posts"}],"about":[{"href":"https:\/\/www.feyalegria.org\/venezuela\/wp-json\/wp\/v2\/types\/post"}],"author":[{"embeddable":true,"href":"https:\/\/www.feyalegria.org\/venezuela\/wp-json\/wp\/v2\/users\/6"}],"replies":[{"embeddable":true,"href":"https:\/\/www.feyalegria.org\/venezuela\/wp-json\/wp\/v2\/comments?post=4737"}],"version-history":[{"count":0,"href":"https:\/\/www.feyalegria.org\/venezuela\/wp-json\/wp\/v2\/posts\/4737\/revisions"}],"wp:featuredmedia":[{"embeddable":true,"href":"https:\/\/www.feyalegria.org\/venezuela\/wp-json\/"}],"wp:attachment":[{"href":"https:\/\/www.feyalegria.org\/venezuela\/wp-json\/wp\/v2\/media?parent=4737"}],"wp:term":[{"taxonomy":"category","embeddable":true,"href":"https:\/\/www.feyalegria.org\/venezuela\/wp-json\/wp\/v2\/categories?post=4737"},{"taxonomy":"post_tag","embeddable":true,"href":"https:\/\/www.feyalegria.org\/venezuela\/wp-json\/wp\/v2\/tags?post=4737"},{"taxonomy":"post_folder","embeddable":true,"href":"https:\/\/www.feyalegria.org\/venezuela\/wp-json\/wp\/v2\/post_folder?post=4737"}],"curies":[{"name":"wp","href":"https:\/\/api.w.org\/{rel}","templated":true}]}}