 {"id":5494,"date":"2024-04-01T12:50:10","date_gmt":"2024-04-01T12:50:10","guid":{"rendered":"https:\/\/www.feyalegria.org\/venezuela\/?p=5494"},"modified":"2024-04-01T19:05:25","modified_gmt":"2024-04-01T19:05:25","slug":"emprender-con-proposito-un-camino-a-la-productividad","status":"publish","type":"post","link":"https:\/\/www.feyalegria.org\/venezuela\/emprender-con-proposito-un-camino-a-la-productividad\/","title":{"rendered":"Emprender con prop\u00f3sito: un camino a la productividad"},"content":{"rendered":"<div class=\"wpb-content-wrapper\"><p>[vc_row][vc_column][vc_column_text]<\/p>\n<h1>Emprender con prop\u00f3sito: un camino a la productividad<\/h1>\n<p>[\/vc_column_text][vc_single_image image=\u00bb5534&#8243; img_size=\u00bb800&#215;400&#8243; alignment=\u00bbcenter\u00bb onclick=\u00bblink_image\u00bb][vc_column_text]<\/p>\n<p style=\"text-align: right\"><strong>Germ\u00e1n Osorio<\/strong><br \/>\n<em>Referente de Comunicaci\u00f3n de Fe y Alegr\u00eda Capacitaci\u00f3n<\/em><\/p>\n<p>[\/vc_column_text][vc_separator][vc_column_text]<\/p>\n<p style=\"text-align: justify\"><span style=\"font-weight: 400\">El\u00a0enfoque de emprendimiento es un componente elemental de la propuesta curricular de este programa.\u00a0Consecuentemente, a medida que el participante se va formando y adquiriendo habilidades para emprender, paralelamente est\u00e1 capacit\u00e1ndose en el oficio, en donde tambi\u00e9n dise\u00f1a el modelo de negocio y crea un Producto M\u00ednimo Viable (PMV).\u00a0<\/span><\/p>\n<p>&nbsp;<\/p>\n<p style=\"text-align: justify\"><span style=\"font-weight: 400\">Una vez planteado un PMV que ha sido validado con el cliente, se invita al participante\u00a0 a una feria de emprendimiento, en donde tiene la oportunidad de presentar su producto, exponer su experiencia delante un jurado que, tras evaluarlo, posteriormente escoge unos ganadores a quienes se les otorga un capital semilla. Esta inversi\u00f3n inicial puede ser equipamiento y\/o insumos que puedan impulsar el desarrollo de su producto, haciendo crecer su emprendimiento.\u00a0<\/span><\/p>\n<p>&nbsp;<\/p>\n<p style=\"text-align: justify\"><span style=\"font-weight: 400\">Cabe destacar que, ya en la feria de emprendimiento, se le denomina al participante como un emprendedor potencial.<\/span><\/p>\n<p>&nbsp;<\/p>\n<p style=\"text-align: justify\"><b><i><img loading=\"lazy\" decoding=\"async\" class=\" wp-image-5535 alignleft\" src=\"https:\/\/d3pugrm67vf9n7.cloudfront.net\/wp-content\/uploads\/sites\/4\/2024\/04\/01162903\/Red-Emprendedores-1-1-188x300.jpg\" alt=\"\" width=\"236\" height=\"377\" srcset=\"https:\/\/d3pugrm67vf9n7.cloudfront.net\/wp-content\/uploads\/sites\/4\/2024\/04\/01162903\/Red-Emprendedores-1-1-188x300.jpg 188w, https:\/\/d3pugrm67vf9n7.cloudfront.net\/wp-content\/uploads\/sites\/4\/2024\/04\/01162903\/Red-Emprendedores-1-1.jpg 500w\" sizes=\"auto, (max-width: 236px) 100vw, 236px\" \/>Recientemente se llev\u00f3 a cabo la\u00a0II Feria de Emprendedores<\/i><\/b><span style=\"font-weight: 400\">\u00a0en los estados Aragua y Zulia, gracias a la Empresa Accenture bajo el nombre <\/span><b><i>\u00abHacia un mundo digital y sostenible\u00bb<\/i><\/b><b><i>, <\/i><\/b><span style=\"font-weight: 400\">asignando capital a los proyectos ganadores del concurso por oficio. Con esta actividad, se busca dar apoyo para que los participantes puedan consolidar su emprendimiento e insertarse laboralmente a trav\u00e9s de sus propias iniciativas. Todo esto bajo el acompa\u00f1amiento de especialistas de Capacitaci\u00f3n y del Centro de formaci\u00f3n e investigaci\u00f3n Padre Joaqu\u00edn (CFIPJ).<\/span><\/p>\n<p>&nbsp;<\/p>\n<p style=\"text-align: justify\"><span style=\"font-weight: 400\">A trav\u00e9s del programa Capacitaci\u00f3n se le permite a los participantes crear habilidades blandas para el desarrollo de su proyecto de vida, ganar seguridad en el medio y sobre todo concientizar que los problemas sociales que existen en nuestro entorno, es problema de todos y siempre podemos aportar.\u00a0<\/span><\/p>\n<p>&nbsp;<\/p>\n<p style=\"text-align: justify\"><span style=\"font-weight: 400\">En este espacio se les invita a los j\u00f3venes a entender que emprender es empoderarse. Empoderarse ante situaciones de sus contextos, dando soluciones reales, que mejoren su calidad de vida. La intenci\u00f3n es que <\/span><i><span style=\"font-weight: 400\">desarrollen habilidades para emprender y empoderarse, <\/span><\/i><b><i>utilizando el emprendimiento como un mecanismo para la inserci\u00f3n laboral de j\u00f3venes y adultos<\/i><\/b><i><span style=\"font-weight: 400\">.<\/span><\/i><\/p>\n<p>&nbsp;<\/p>\n<p style=\"text-align: justify\"><i><span style=\"font-weight: 400\">Fe y Alegr\u00eda Capacitaci\u00f3n consciente de esta realidad, se plante\u00f3 responder por estas personas -generalmente entre 15 y 25 a\u00f1os de edad- en situaci\u00f3n de desempleo o sin cursar estudios, motiv\u00e1ndolos inscribirse en cursos de capacitaci\u00f3n donde puedan desarrollar sus potencialidades y competencias a trav\u00e9s de la formaci\u00f3n en oficios de diversas \u00e1reas como: hogar y manualidades; bienes y servicios; industrial y agropecuaria, entre otros.\u00a0<\/span><\/i><\/p>\n<p>[\/vc_column_text][vc_column_text]<\/p>\n<p style=\"text-align: right\"><strong>Caracas, 1 de abril de 2024<\/strong><\/p>\n<p>[\/vc_column_text][vc_row_inner][vc_column_inner width=\u00bb1\/2&#8243;][vc_single_image image=\u00bb5537&#8243; img_size=\u00bbfull\u00bb alignment=\u00bbcenter\u00bb onclick=\u00bblink_image\u00bb][\/vc_column_inner][vc_column_inner width=\u00bb1\/2&#8243;][vc_single_image image=\u00bb5538&#8243; img_size=\u00bbfull\u00bb alignment=\u00bbcenter\u00bb onclick=\u00bblink_image\u00bb][\/vc_column_inner][\/vc_row_inner][\/vc_column][\/vc_row]<\/p>\n<\/div>","protected":false},"excerpt":{"rendered":"<div style=\"height: 265px\">El programa Capacitaci\u00f3n promueve la formaci\u00f3n en emprendimiento en j\u00f3venes y adultos que ingresan a nuestros centros.o<\/div>\n","protected":false},"author":6,"featured_media":5534,"comment_status":"open","ping_status":"open","sticky":false,"template":"","format":"standard","meta":{"_acf_changed":false,"footnotes":""},"categories":[746],"tags":[634,752],"post_folder":[],"class_list":["post-5494","post","type-post","status-publish","format-standard","has-post-thumbnail","hentry","category-boletin-interno","tag-capacitacion","tag-reposteria"],"acf":[],"yoast_head":"<!-- This site is optimized with the Yoast SEO plugin v27.4 - https:\/\/yoast.com\/product\/yoast-seo-wordpress\/ -->\n<title>Emprender con prop\u00f3sito: un camino a la productividad - Fe y Alegr\u00eda en Venezuela<\/title>\n<meta name=\"description\" content=\"El programa Capacitaci\u00f3n promueve la formaci\u00f3n en emprendimiento en j\u00f3venes y adultos que ingresan a nuestros centros.\" \/>\n<meta name=\"robots\" content=\"index, follow, max-snippet:-1, max-image-preview:large, max-video-preview:-1\" \/>\n<link rel=\"canonical\" href=\"https:\/\/www.feyalegria.org\/venezuela\/emprender-con-proposito-un-camino-a-la-productividad\/\" \/>\n<meta property=\"og:locale\" content=\"es_ES\" \/>\n<meta property=\"og:type\" content=\"article\" \/>\n<meta property=\"og:title\" content=\"Emprender con prop\u00f3sito: un camino a la productividad - Fe y Alegr\u00eda en Venezuela\" \/>\n<meta property=\"og:description\" content=\"El programa Capacitaci\u00f3n promueve la formaci\u00f3n en emprendimiento en j\u00f3venes y adultos que ingresan a nuestros centros.\" \/>\n<meta property=\"og:url\" content=\"https:\/\/www.feyalegria.org\/venezuela\/emprender-con-proposito-un-camino-a-la-productividad\/\" \/>\n<meta property=\"og:site_name\" content=\"Fe y Alegr\u00eda en Venezuela\" \/>\n<meta property=\"article:published_time\" content=\"2024-04-01T12:50:10+00:00\" \/>\n<meta property=\"article:modified_time\" content=\"2024-04-01T19:05:25+00:00\" \/>\n<meta property=\"og:image\" content=\"https:\/\/d3pugrm67vf9n7.cloudfront.net\/wp-content\/uploads\/sites\/4\/2024\/04\/01162413\/Red-Emprendedores-1-2.jpg\" \/>\n\t<meta property=\"og:image:width\" content=\"800\" \/>\n\t<meta property=\"og:image:height\" content=\"500\" \/>\n\t<meta property=\"og:image:type\" content=\"image\/jpeg\" \/>\n<meta name=\"author\" content=\"Erika Briceno\" \/>\n<meta name=\"twitter:card\" content=\"summary_large_image\" \/>\n<meta name=\"twitter:label1\" content=\"Escrito por\" \/>\n\t<meta name=\"twitter:data1\" content=\"Erika Briceno\" \/>\n\t<meta name=\"twitter:label2\" content=\"Tiempo de lectura\" \/>\n\t<meta name=\"twitter:data2\" content=\"3 minutos\" \/>\n<script type=\"application\/ld+json\" class=\"yoast-schema-graph\">{\"@context\":\"https:\\\/\\\/schema.org\",\"@graph\":[{\"@type\":\"Article\",\"@id\":\"https:\\\/\\\/www.feyalegria.org\\\/venezuela\\\/emprender-con-proposito-un-camino-a-la-productividad\\\/#article\",\"isPartOf\":{\"@id\":\"https:\\\/\\\/www.feyalegria.org\\\/venezuela\\\/emprender-con-proposito-un-camino-a-la-productividad\\\/\"},\"author\":{\"name\":\"Erika Briceno\",\"@id\":\"https:\\\/\\\/www.feyalegria.org\\\/venezuela\\\/#\\\/schema\\\/person\\\/fcd504e06f93320841b99f79f3ab0180\"},\"headline\":\"Emprender con prop\u00f3sito: un camino a la productividad\",\"datePublished\":\"2024-04-01T12:50:10+00:00\",\"dateModified\":\"2024-04-01T19:05:25+00:00\",\"mainEntityOfPage\":{\"@id\":\"https:\\\/\\\/www.feyalegria.org\\\/venezuela\\\/emprender-con-proposito-un-camino-a-la-productividad\\\/\"},\"wordCount\":545,\"commentCount\":0,\"image\":{\"@id\":\"https:\\\/\\\/www.feyalegria.org\\\/venezuela\\\/emprender-con-proposito-un-camino-a-la-productividad\\\/#primaryimage\"},\"thumbnailUrl\":\"https:\\\/\\\/d3pugrm67vf9n7.cloudfront.net\\\/wp-content\\\/uploads\\\/sites\\\/4\\\/2024\\\/04\\\/01162413\\\/Red-Emprendedores-1-2.jpg\",\"keywords\":[\"Capacitaci\u00f3n\",\"Reposter\u00eda\"],\"articleSection\":[\"Bolet\u00edn Interno\"],\"inLanguage\":\"es\",\"potentialAction\":[{\"@type\":\"CommentAction\",\"name\":\"Comment\",\"target\":[\"https:\\\/\\\/www.feyalegria.org\\\/venezuela\\\/emprender-con-proposito-un-camino-a-la-productividad\\\/#respond\"]}]},{\"@type\":\"WebPage\",\"@id\":\"https:\\\/\\\/www.feyalegria.org\\\/venezuela\\\/emprender-con-proposito-un-camino-a-la-productividad\\\/\",\"url\":\"https:\\\/\\\/www.feyalegria.org\\\/venezuela\\\/emprender-con-proposito-un-camino-a-la-productividad\\\/\",\"name\":\"Emprender con prop\u00f3sito: un camino a la productividad - Fe y Alegr\u00eda en Venezuela\",\"isPartOf\":{\"@id\":\"https:\\\/\\\/www.feyalegria.org\\\/venezuela\\\/#website\"},\"primaryImageOfPage\":{\"@id\":\"https:\\\/\\\/www.feyalegria.org\\\/venezuela\\\/emprender-con-proposito-un-camino-a-la-productividad\\\/#primaryimage\"},\"image\":{\"@id\":\"https:\\\/\\\/www.feyalegria.org\\\/venezuela\\\/emprender-con-proposito-un-camino-a-la-productividad\\\/#primaryimage\"},\"thumbnailUrl\":\"https:\\\/\\\/d3pugrm67vf9n7.cloudfront.net\\\/wp-content\\\/uploads\\\/sites\\\/4\\\/2024\\\/04\\\/01162413\\\/Red-Emprendedores-1-2.jpg\",\"datePublished\":\"2024-04-01T12:50:10+00:00\",\"dateModified\":\"2024-04-01T19:05:25+00:00\",\"author\":{\"@id\":\"https:\\\/\\\/www.feyalegria.org\\\/venezuela\\\/#\\\/schema\\\/person\\\/fcd504e06f93320841b99f79f3ab0180\"},\"description\":\"El programa Capacitaci\u00f3n promueve la formaci\u00f3n en emprendimiento en j\u00f3venes y adultos que ingresan a nuestros centros.\",\"inLanguage\":\"es\",\"potentialAction\":[{\"@type\":\"ReadAction\",\"target\":[\"https:\\\/\\\/www.feyalegria.org\\\/venezuela\\\/emprender-con-proposito-un-camino-a-la-productividad\\\/\"]}]},{\"@type\":\"ImageObject\",\"inLanguage\":\"es\",\"@id\":\"https:\\\/\\\/www.feyalegria.org\\\/venezuela\\\/emprender-con-proposito-un-camino-a-la-productividad\\\/#primaryimage\",\"url\":\"https:\\\/\\\/d3pugrm67vf9n7.cloudfront.net\\\/wp-content\\\/uploads\\\/sites\\\/4\\\/2024\\\/04\\\/01162413\\\/Red-Emprendedores-1-2.jpg\",\"contentUrl\":\"https:\\\/\\\/d3pugrm67vf9n7.cloudfront.net\\\/wp-content\\\/uploads\\\/sites\\\/4\\\/2024\\\/04\\\/01162413\\\/Red-Emprendedores-1-2.jpg\",\"width\":800,\"height\":500},{\"@type\":\"WebSite\",\"@id\":\"https:\\\/\\\/www.feyalegria.org\\\/venezuela\\\/#website\",\"url\":\"https:\\\/\\\/www.feyalegria.org\\\/venezuela\\\/\",\"name\":\"Fe y Alegr\u00eda en Venezuela\",\"description\":\"\",\"potentialAction\":[{\"@type\":\"SearchAction\",\"target\":{\"@type\":\"EntryPoint\",\"urlTemplate\":\"https:\\\/\\\/www.feyalegria.org\\\/venezuela\\\/?s={search_term_string}\"},\"query-input\":{\"@type\":\"PropertyValueSpecification\",\"valueRequired\":true,\"valueName\":\"search_term_string\"}}],\"inLanguage\":\"es\"},{\"@type\":\"Person\",\"@id\":\"https:\\\/\\\/www.feyalegria.org\\\/venezuela\\\/#\\\/schema\\\/person\\\/fcd504e06f93320841b99f79f3ab0180\",\"name\":\"Erika Briceno\",\"url\":\"https:\\\/\\\/www.feyalegria.org\\\/venezuela\\\/author\\\/comunfifya\\\/\"}]}<\/script>\n<!-- \/ Yoast SEO plugin. -->","yoast_head_json":{"title":"Emprender con prop\u00f3sito: un camino a la productividad - Fe y Alegr\u00eda en Venezuela","description":"El programa Capacitaci\u00f3n promueve la formaci\u00f3n en emprendimiento en j\u00f3venes y adultos que ingresan a nuestros centros.","robots":{"index":"index","follow":"follow","max-snippet":"max-snippet:-1","max-image-preview":"max-image-preview:large","max-video-preview":"max-video-preview:-1"},"canonical":"https:\/\/www.feyalegria.org\/venezuela\/emprender-con-proposito-un-camino-a-la-productividad\/","og_locale":"es_ES","og_type":"article","og_title":"Emprender con prop\u00f3sito: un camino a la productividad - Fe y Alegr\u00eda en Venezuela","og_description":"El programa Capacitaci\u00f3n promueve la formaci\u00f3n en emprendimiento en j\u00f3venes y adultos que ingresan a nuestros centros.","og_url":"https:\/\/www.feyalegria.org\/venezuela\/emprender-con-proposito-un-camino-a-la-productividad\/","og_site_name":"Fe y Alegr\u00eda en Venezuela","article_published_time":"2024-04-01T12:50:10+00:00","article_modified_time":"2024-04-01T19:05:25+00:00","og_image":[{"width":800,"height":500,"url":"https:\/\/d3pugrm67vf9n7.cloudfront.net\/wp-content\/uploads\/sites\/4\/2024\/04\/01162413\/Red-Emprendedores-1-2.jpg","type":"image\/jpeg"}],"author":"Erika Briceno","twitter_card":"summary_large_image","twitter_misc":{"Escrito por":"Erika Briceno","Tiempo de lectura":"3 minutos"},"schema":{"@context":"https:\/\/schema.org","@graph":[{"@type":"Article","@id":"https:\/\/www.feyalegria.org\/venezuela\/emprender-con-proposito-un-camino-a-la-productividad\/#article","isPartOf":{"@id":"https:\/\/www.feyalegria.org\/venezuela\/emprender-con-proposito-un-camino-a-la-productividad\/"},"author":{"name":"Erika Briceno","@id":"https:\/\/www.feyalegria.org\/venezuela\/#\/schema\/person\/fcd504e06f93320841b99f79f3ab0180"},"headline":"Emprender con prop\u00f3sito: un camino a la productividad","datePublished":"2024-04-01T12:50:10+00:00","dateModified":"2024-04-01T19:05:25+00:00","mainEntityOfPage":{"@id":"https:\/\/www.feyalegria.org\/venezuela\/emprender-con-proposito-un-camino-a-la-productividad\/"},"wordCount":545,"commentCount":0,"image":{"@id":"https:\/\/www.feyalegria.org\/venezuela\/emprender-con-proposito-un-camino-a-la-productividad\/#primaryimage"},"thumbnailUrl":"https:\/\/d3pugrm67vf9n7.cloudfront.net\/wp-content\/uploads\/sites\/4\/2024\/04\/01162413\/Red-Emprendedores-1-2.jpg","keywords":["Capacitaci\u00f3n","Reposter\u00eda"],"articleSection":["Bolet\u00edn Interno"],"inLanguage":"es","potentialAction":[{"@type":"CommentAction","name":"Comment","target":["https:\/\/www.feyalegria.org\/venezuela\/emprender-con-proposito-un-camino-a-la-productividad\/#respond"]}]},{"@type":"WebPage","@id":"https:\/\/www.feyalegria.org\/venezuela\/emprender-con-proposito-un-camino-a-la-productividad\/","url":"https:\/\/www.feyalegria.org\/venezuela\/emprender-con-proposito-un-camino-a-la-productividad\/","name":"Emprender con prop\u00f3sito: un camino a la productividad - Fe y Alegr\u00eda en Venezuela","isPartOf":{"@id":"https:\/\/www.feyalegria.org\/venezuela\/#website"},"primaryImageOfPage":{"@id":"https:\/\/www.feyalegria.org\/venezuela\/emprender-con-proposito-un-camino-a-la-productividad\/#primaryimage"},"image":{"@id":"https:\/\/www.feyalegria.org\/venezuela\/emprender-con-proposito-un-camino-a-la-productividad\/#primaryimage"},"thumbnailUrl":"https:\/\/d3pugrm67vf9n7.cloudfront.net\/wp-content\/uploads\/sites\/4\/2024\/04\/01162413\/Red-Emprendedores-1-2.jpg","datePublished":"2024-04-01T12:50:10+00:00","dateModified":"2024-04-01T19:05:25+00:00","author":{"@id":"https:\/\/www.feyalegria.org\/venezuela\/#\/schema\/person\/fcd504e06f93320841b99f79f3ab0180"},"description":"El programa Capacitaci\u00f3n promueve la formaci\u00f3n en emprendimiento en j\u00f3venes y adultos que ingresan a nuestros centros.","inLanguage":"es","potentialAction":[{"@type":"ReadAction","target":["https:\/\/www.feyalegria.org\/venezuela\/emprender-con-proposito-un-camino-a-la-productividad\/"]}]},{"@type":"ImageObject","inLanguage":"es","@id":"https:\/\/www.feyalegria.org\/venezuela\/emprender-con-proposito-un-camino-a-la-productividad\/#primaryimage","url":"https:\/\/d3pugrm67vf9n7.cloudfront.net\/wp-content\/uploads\/sites\/4\/2024\/04\/01162413\/Red-Emprendedores-1-2.jpg","contentUrl":"https:\/\/d3pugrm67vf9n7.cloudfront.net\/wp-content\/uploads\/sites\/4\/2024\/04\/01162413\/Red-Emprendedores-1-2.jpg","width":800,"height":500},{"@type":"WebSite","@id":"https:\/\/www.feyalegria.org\/venezuela\/#website","url":"https:\/\/www.feyalegria.org\/venezuela\/","name":"Fe y Alegr\u00eda en Venezuela","description":"","potentialAction":[{"@type":"SearchAction","target":{"@type":"EntryPoint","urlTemplate":"https:\/\/www.feyalegria.org\/venezuela\/?s={search_term_string}"},"query-input":{"@type":"PropertyValueSpecification","valueRequired":true,"valueName":"search_term_string"}}],"inLanguage":"es"},{"@type":"Person","@id":"https:\/\/www.feyalegria.org\/venezuela\/#\/schema\/person\/fcd504e06f93320841b99f79f3ab0180","name":"Erika Briceno","url":"https:\/\/www.feyalegria.org\/venezuela\/author\/comunfifya\/"}]}},"_links":{"self":[{"href":"https:\/\/www.feyalegria.org\/venezuela\/wp-json\/wp\/v2\/posts\/5494","targetHints":{"allow":["GET"]}}],"collection":[{"href":"https:\/\/www.feyalegria.org\/venezuela\/wp-json\/wp\/v2\/posts"}],"about":[{"href":"https:\/\/www.feyalegria.org\/venezuela\/wp-json\/wp\/v2\/types\/post"}],"author":[{"embeddable":true,"href":"https:\/\/www.feyalegria.org\/venezuela\/wp-json\/wp\/v2\/users\/6"}],"replies":[{"embeddable":true,"href":"https:\/\/www.feyalegria.org\/venezuela\/wp-json\/wp\/v2\/comments?post=5494"}],"version-history":[{"count":0,"href":"https:\/\/www.feyalegria.org\/venezuela\/wp-json\/wp\/v2\/posts\/5494\/revisions"}],"wp:featuredmedia":[{"embeddable":true,"href":"https:\/\/www.feyalegria.org\/venezuela\/wp-json\/wp\/v2\/media\/5534"}],"wp:attachment":[{"href":"https:\/\/www.feyalegria.org\/venezuela\/wp-json\/wp\/v2\/media?parent=5494"}],"wp:term":[{"taxonomy":"category","embeddable":true,"href":"https:\/\/www.feyalegria.org\/venezuela\/wp-json\/wp\/v2\/categories?post=5494"},{"taxonomy":"post_tag","embeddable":true,"href":"https:\/\/www.feyalegria.org\/venezuela\/wp-json\/wp\/v2\/tags?post=5494"},{"taxonomy":"post_folder","embeddable":true,"href":"https:\/\/www.feyalegria.org\/venezuela\/wp-json\/wp\/v2\/post_folder?post=5494"}],"curies":[{"name":"wp","href":"https:\/\/api.w.org\/{rel}","templated":true}]}}