 {"id":5659,"date":"2024-04-16T23:03:37","date_gmt":"2024-04-16T23:03:37","guid":{"rendered":"https:\/\/www.feyalegria.org\/venezuela\/?p=5659"},"modified":"2024-04-16T23:04:05","modified_gmt":"2024-04-16T23:04:05","slug":"emprender-con-proposito-la-propuesta-de-fe-y-alegria-para-el-desarrollo-social","status":"publish","type":"post","link":"https:\/\/www.feyalegria.org\/venezuela\/emprender-con-proposito-la-propuesta-de-fe-y-alegria-para-el-desarrollo-social\/","title":{"rendered":"Emprender con prop\u00f3sito: la propuesta de Fe y Alegr\u00eda para el desarrollo social"},"content":{"rendered":"<div class=\"wpb-content-wrapper\"><p>[vc_row][vc_column][vc_column_text css=\u00bb\u00bb]<\/p>\n<h1><b>Emprender con prop\u00f3sito: la propuesta de Fe y Alegr\u00eda para el desarrollo social<\/b><\/h1>\n<p>[\/vc_column_text][vc_single_image image=\u00bb5670&#8243; img_size=\u00bbfull\u00bb alignment=\u00bbcenter\u00bb onclick=\u00bblink_image\u00bb css=\u00bb\u00bb][vc_column_text css=\u00bb\u00bb]<\/p>\n<p style=\"text-align: right\"><strong>Germ\u00e1n Osorio<\/strong><\/p>\n<p style=\"text-align: right\"><em>Referente de Comunicaci\u00f3n de Fe y Alegr\u00eda Capacitaci\u00f3n<\/em><\/p>\n<p>[\/vc_column_text][vc_separator][vc_column_text css=\u00bb\u00bb]<\/p>\n<p style=\"text-align: justify\"><span style=\"font-weight: 400\">En el marco de la celebraci\u00f3n del D\u00eda Mundial del Emprendimiento cada 16 de abril, Mar\u00eda M\u00e9ndez, responsable de la l\u00ednea de formaci\u00f3n del Centro de Formaci\u00f3n e Investigaci\u00f3n Padre Joaqu\u00edn (CFIPJ), considera que la formaci\u00f3n para el trabajo tiene como prop\u00f3sito mejorar la empleabilidad. El objetivo es desarrollar una serie de competencias blandas en el campo laboral y la b\u00fasqueda de mayores oportunidades de inserci\u00f3n laboral para los j\u00f3venes.<\/span><\/p>\n<p>&nbsp;<\/p>\n<p style=\"text-align: justify\"><span style=\"font-weight: 400\">\u201cEn estos \u00faltimos a\u00f1os, el empleo ya no es el mayor factor para la inserci\u00f3n laboral, sino el emprendimiento\u201d, acot\u00f3.<\/span><\/p>\n<p>&nbsp;<\/p>\n<p style=\"text-align: left\"><span style=\"font-weight: 400\">En este sentido, desde Fe y Alegr\u00eda se ha trabajado en el desarrollo de un plan de estudios de formaci\u00f3n para el emprendimiento con enfoque en la educaci\u00f3n popular. M\u00e9ndez explic\u00f3 que durante el proceso han descubierto que el emprendimiento con prop\u00f3sito tiene la intencionalidad de resolver un problema y aportar a la sociedad.<\/span><\/p>\n<p>&nbsp;<\/p>\n<p style=\"text-align: justify\"><span style=\"font-weight: 400\">Desde el CFIPJ se vinculan los 4 programas Fe y Alegr\u00eda: EduComunicaci\u00f3n, Escuela, Universidad y Capacitaci\u00f3n en esta iniciativa.<\/span><\/p>\n<p>&nbsp;<\/p>\n<p style=\"text-align: justify\"><span style=\"font-weight: 400\">\u201cSe ha visto mayor incidencia en el programa Capacitaci\u00f3n, porque el enfoque de emprendimiento es un componente de la propuesta curricular de este programa\u201d, agreg\u00f3 M\u00e9ndez.<\/span><\/p>\n<p>&nbsp;<\/p>\n<p style=\"text-align: justify\"><span style=\"font-weight: 400\">En dicho programa, a medida que el participante se va formando y adquiriendo habilidades para emprender, paralelamente se capacita en el oficio. El participante dise\u00f1a el modelo de negocio y va creando un producto m\u00ednimo viable.<\/span><\/p>\n<p>&nbsp;<\/p>\n<p style=\"text-align: justify\"><span style=\"font-weight: 400\">\u201cPara nosotros es muy importante el producto m\u00ednimo viable (PMV), ya que el emprendedor debe iniciar a incursionar en el mercado desde sus capacidades y recursos, realizando un producto real a menor escala y evalu\u00e1ndose con el cliente\u201d, asegur\u00f3.<\/span><\/p>\n<p>&nbsp;<\/p>\n<p style=\"text-align: left\"><b>Aprender y emprender<\/b><\/p>\n<p>&nbsp;<\/p>\n<p style=\"text-align: justify\"><span style=\"font-weight: 400\">Al finalizar de dise\u00f1ar el modelo de negocio, los participantes son invitados a una feria de emprendimiento, donde presentan su producto, dan su experiencia delante de un jurado. Este eval\u00faa al emprendedor y se escogen ganadores, a los cuales se les entrega un capital semilla. Este capital semilla puede ser equipamiento y\/o insumos que impulsar\u00e1 el crecimiento de su producto, haciendo crecer su emprendimiento. Cabe destacar que, ya en la feria de emprendimiento, se le denomina al participante como un emprendedor potencial.<\/span><\/p>\n<p>&nbsp;<\/p>\n<p style=\"text-align: justify\"><span style=\"font-weight: 400\">De la misma manera, la profesora Mar\u00eda M\u00e9ndez destac\u00f3 que desde el CFIPJ hacen seguimiento por un a\u00f1o a los emprendedores, a trav\u00e9s de sus redes sociales y algunas visitas. Tambi\u00e9n les entregan un est\u00edmulo en capital semilla que tiene un plus mayor para estos emprendimientos. Adem\u00e1s, se han creado laboratorios de emprendimiento, en donde se siguen formando en temas que surgen para ayudar al emprendimiento a crecer mucho m\u00e1s.<\/span><\/p>\n<p>&nbsp;<\/p>\n<p style=\"text-align: left\"><span style=\"font-weight: 400\">\u201cLa \u00fanica forma de mirar al pa\u00eds con ojos bondadosos es haciendo que lo que tienes lo pongas al servicio de otros. Yo creo que, desde esa mirada, de esos emprendedores y ecosistemas de emprendimiento que existen all\u00ed fuera, saben que cuando nacieron, lo hicieron tambi\u00e9n con debilidades y en funci\u00f3n de eso ofrecen un servicio a nuevos emprendedores para seguir aumentando la red de emprendimiento\u201d, destac\u00f3.<\/span><\/p>\n<p>&nbsp;<\/p>\n<p style=\"text-align: justify\"><span style=\"font-weight: 400\">En ese sentido, se\u00f1al\u00f3 que el pa\u00eds va a desarrollarse y va a cambiar \u201cmientras todos tengamos una mirada de colaboraci\u00f3n y de trabajo en alianza\u201d. M\u00e9ndez apunt\u00f3 que la juventud cuenta con Fe y Alegr\u00eda para desarrollar sus proyectos de emprendimientos.<\/span><\/p>\n<p>&nbsp;<\/p>\n<p style=\"text-align: justify\"><span style=\"font-weight: 400\">\u201cFe y Alegr\u00eda a trav\u00e9s de sus formaciones permite crear habilidades blandas para el desarrollo del proyecto de vida, para tener mayor seguridad, para mirar que los problemas sociales que existen son problemas de todos y que todos podemos aportar\u201d, asegur\u00f3.<\/span><\/p>\n<p>[\/vc_column_text][vc_column_text css=\u00bb\u00bb]<\/p>\n<p style=\"text-align: right\"><strong>Caracas, 16 de abril de 2024<\/strong><\/p>\n<p>[\/vc_column_text][\/vc_column][\/vc_row]<\/p>\n<\/div>","protected":false},"excerpt":{"rendered":"<div style=\"height: 265px\">En Fe y Alegr\u00eda la formaci\u00f3n para el trabajo tiene como prop\u00f3sito mejorar la empleabilidad y desarrollar una serie de competencias blandas en el campo laboral para la b\u00fasqueda de mayores oportunidades de inserci\u00f3n laboral de j\u00f3venes.<\/div>\n","protected":false},"author":6,"featured_media":5670,"comment_status":"open","ping_status":"open","sticky":false,"template":"","format":"standard","meta":{"_acf_changed":false,"footnotes":""},"categories":[183],"tags":[634,766,774],"post_folder":[],"class_list":["post-5659","post","type-post","status-publish","format-standard","has-post-thumbnail","hentry","category-noticias","tag-capacitacion","tag-cursos","tag-emprendimiento"],"acf":[],"yoast_head":"<!-- This site is optimized with the Yoast SEO plugin v27.4 - https:\/\/yoast.com\/product\/yoast-seo-wordpress\/ -->\n<title>Emprender con prop\u00f3sito: la propuesta de Fe y Alegr\u00eda para el desarrollo social - Fe y Alegr\u00eda en Venezuela<\/title>\n<meta name=\"description\" content=\"La formaci\u00f3n para el trabajo tiene como prop\u00f3sito mejorar la empleabilidad y desarrollar una serie de competencias blandas en campo laboral\" \/>\n<meta name=\"robots\" content=\"index, follow, max-snippet:-1, max-image-preview:large, max-video-preview:-1\" \/>\n<link rel=\"canonical\" href=\"https:\/\/www.feyalegria.org\/venezuela\/emprender-con-proposito-la-propuesta-de-fe-y-alegria-para-el-desarrollo-social\/\" \/>\n<meta property=\"og:locale\" content=\"es_ES\" \/>\n<meta property=\"og:type\" content=\"article\" \/>\n<meta property=\"og:title\" content=\"Emprender con prop\u00f3sito: la propuesta de Fe y Alegr\u00eda para el desarrollo social - Fe y Alegr\u00eda en Venezuela\" \/>\n<meta property=\"og:description\" content=\"La formaci\u00f3n para el trabajo tiene como prop\u00f3sito mejorar la empleabilidad y desarrollar una serie de competencias blandas en campo laboral\" \/>\n<meta property=\"og:url\" content=\"https:\/\/www.feyalegria.org\/venezuela\/emprender-con-proposito-la-propuesta-de-fe-y-alegria-para-el-desarrollo-social\/\" \/>\n<meta property=\"og:site_name\" content=\"Fe y Alegr\u00eda en Venezuela\" \/>\n<meta property=\"article:published_time\" content=\"2024-04-16T23:03:37+00:00\" \/>\n<meta property=\"article:modified_time\" content=\"2024-04-16T23:04:05+00:00\" \/>\n<meta property=\"og:image\" content=\"https:\/\/d3pugrm67vf9n7.cloudfront.net\/wp-content\/uploads\/sites\/4\/2024\/04\/16224957\/Santiago-de-Onia-189-2.jpg\" \/>\n\t<meta property=\"og:image:width\" content=\"749\" \/>\n\t<meta property=\"og:image:height\" content=\"500\" \/>\n\t<meta property=\"og:image:type\" content=\"image\/jpeg\" \/>\n<meta name=\"author\" content=\"Erika Briceno\" \/>\n<meta name=\"twitter:card\" content=\"summary_large_image\" \/>\n<meta name=\"twitter:label1\" content=\"Escrito por\" \/>\n\t<meta name=\"twitter:data1\" content=\"Erika Briceno\" \/>\n\t<meta name=\"twitter:label2\" content=\"Tiempo de lectura\" \/>\n\t<meta name=\"twitter:data2\" content=\"4 minutos\" \/>\n<script type=\"application\/ld+json\" class=\"yoast-schema-graph\">{\"@context\":\"https:\\\/\\\/schema.org\",\"@graph\":[{\"@type\":\"Article\",\"@id\":\"https:\\\/\\\/www.feyalegria.org\\\/venezuela\\\/emprender-con-proposito-la-propuesta-de-fe-y-alegria-para-el-desarrollo-social\\\/#article\",\"isPartOf\":{\"@id\":\"https:\\\/\\\/www.feyalegria.org\\\/venezuela\\\/emprender-con-proposito-la-propuesta-de-fe-y-alegria-para-el-desarrollo-social\\\/\"},\"author\":{\"name\":\"Erika Briceno\",\"@id\":\"https:\\\/\\\/www.feyalegria.org\\\/venezuela\\\/#\\\/schema\\\/person\\\/fcd504e06f93320841b99f79f3ab0180\"},\"headline\":\"Emprender con prop\u00f3sito: la propuesta de Fe y Alegr\u00eda para el desarrollo social\",\"datePublished\":\"2024-04-16T23:03:37+00:00\",\"dateModified\":\"2024-04-16T23:04:05+00:00\",\"mainEntityOfPage\":{\"@id\":\"https:\\\/\\\/www.feyalegria.org\\\/venezuela\\\/emprender-con-proposito-la-propuesta-de-fe-y-alegria-para-el-desarrollo-social\\\/\"},\"wordCount\":729,\"commentCount\":0,\"image\":{\"@id\":\"https:\\\/\\\/www.feyalegria.org\\\/venezuela\\\/emprender-con-proposito-la-propuesta-de-fe-y-alegria-para-el-desarrollo-social\\\/#primaryimage\"},\"thumbnailUrl\":\"https:\\\/\\\/d3pugrm67vf9n7.cloudfront.net\\\/wp-content\\\/uploads\\\/sites\\\/4\\\/2024\\\/04\\\/16224957\\\/Santiago-de-Onia-189-2.jpg\",\"keywords\":[\"Capacitaci\u00f3n\",\"Cursos\",\"emprendimiento\"],\"articleSection\":[\"Noticias\"],\"inLanguage\":\"es\",\"potentialAction\":[{\"@type\":\"CommentAction\",\"name\":\"Comment\",\"target\":[\"https:\\\/\\\/www.feyalegria.org\\\/venezuela\\\/emprender-con-proposito-la-propuesta-de-fe-y-alegria-para-el-desarrollo-social\\\/#respond\"]}]},{\"@type\":\"WebPage\",\"@id\":\"https:\\\/\\\/www.feyalegria.org\\\/venezuela\\\/emprender-con-proposito-la-propuesta-de-fe-y-alegria-para-el-desarrollo-social\\\/\",\"url\":\"https:\\\/\\\/www.feyalegria.org\\\/venezuela\\\/emprender-con-proposito-la-propuesta-de-fe-y-alegria-para-el-desarrollo-social\\\/\",\"name\":\"Emprender con prop\u00f3sito: la propuesta de Fe y Alegr\u00eda para el desarrollo social - Fe y Alegr\u00eda en Venezuela\",\"isPartOf\":{\"@id\":\"https:\\\/\\\/www.feyalegria.org\\\/venezuela\\\/#website\"},\"primaryImageOfPage\":{\"@id\":\"https:\\\/\\\/www.feyalegria.org\\\/venezuela\\\/emprender-con-proposito-la-propuesta-de-fe-y-alegria-para-el-desarrollo-social\\\/#primaryimage\"},\"image\":{\"@id\":\"https:\\\/\\\/www.feyalegria.org\\\/venezuela\\\/emprender-con-proposito-la-propuesta-de-fe-y-alegria-para-el-desarrollo-social\\\/#primaryimage\"},\"thumbnailUrl\":\"https:\\\/\\\/d3pugrm67vf9n7.cloudfront.net\\\/wp-content\\\/uploads\\\/sites\\\/4\\\/2024\\\/04\\\/16224957\\\/Santiago-de-Onia-189-2.jpg\",\"datePublished\":\"2024-04-16T23:03:37+00:00\",\"dateModified\":\"2024-04-16T23:04:05+00:00\",\"author\":{\"@id\":\"https:\\\/\\\/www.feyalegria.org\\\/venezuela\\\/#\\\/schema\\\/person\\\/fcd504e06f93320841b99f79f3ab0180\"},\"description\":\"La formaci\u00f3n para el trabajo tiene como prop\u00f3sito mejorar la empleabilidad y desarrollar una serie de competencias blandas en campo laboral\",\"inLanguage\":\"es\",\"potentialAction\":[{\"@type\":\"ReadAction\",\"target\":[\"https:\\\/\\\/www.feyalegria.org\\\/venezuela\\\/emprender-con-proposito-la-propuesta-de-fe-y-alegria-para-el-desarrollo-social\\\/\"]}]},{\"@type\":\"ImageObject\",\"inLanguage\":\"es\",\"@id\":\"https:\\\/\\\/www.feyalegria.org\\\/venezuela\\\/emprender-con-proposito-la-propuesta-de-fe-y-alegria-para-el-desarrollo-social\\\/#primaryimage\",\"url\":\"https:\\\/\\\/d3pugrm67vf9n7.cloudfront.net\\\/wp-content\\\/uploads\\\/sites\\\/4\\\/2024\\\/04\\\/16224957\\\/Santiago-de-Onia-189-2.jpg\",\"contentUrl\":\"https:\\\/\\\/d3pugrm67vf9n7.cloudfront.net\\\/wp-content\\\/uploads\\\/sites\\\/4\\\/2024\\\/04\\\/16224957\\\/Santiago-de-Onia-189-2.jpg\",\"width\":749,\"height\":500},{\"@type\":\"WebSite\",\"@id\":\"https:\\\/\\\/www.feyalegria.org\\\/venezuela\\\/#website\",\"url\":\"https:\\\/\\\/www.feyalegria.org\\\/venezuela\\\/\",\"name\":\"Fe y Alegr\u00eda en Venezuela\",\"description\":\"\",\"potentialAction\":[{\"@type\":\"SearchAction\",\"target\":{\"@type\":\"EntryPoint\",\"urlTemplate\":\"https:\\\/\\\/www.feyalegria.org\\\/venezuela\\\/?s={search_term_string}\"},\"query-input\":{\"@type\":\"PropertyValueSpecification\",\"valueRequired\":true,\"valueName\":\"search_term_string\"}}],\"inLanguage\":\"es\"},{\"@type\":\"Person\",\"@id\":\"https:\\\/\\\/www.feyalegria.org\\\/venezuela\\\/#\\\/schema\\\/person\\\/fcd504e06f93320841b99f79f3ab0180\",\"name\":\"Erika Briceno\",\"url\":\"https:\\\/\\\/www.feyalegria.org\\\/venezuela\\\/author\\\/comunfifya\\\/\"}]}<\/script>\n<!-- \/ Yoast SEO plugin. -->","yoast_head_json":{"title":"Emprender con prop\u00f3sito: la propuesta de Fe y Alegr\u00eda para el desarrollo social - Fe y Alegr\u00eda en Venezuela","description":"La formaci\u00f3n para el trabajo tiene como prop\u00f3sito mejorar la empleabilidad y desarrollar una serie de competencias blandas en campo laboral","robots":{"index":"index","follow":"follow","max-snippet":"max-snippet:-1","max-image-preview":"max-image-preview:large","max-video-preview":"max-video-preview:-1"},"canonical":"https:\/\/www.feyalegria.org\/venezuela\/emprender-con-proposito-la-propuesta-de-fe-y-alegria-para-el-desarrollo-social\/","og_locale":"es_ES","og_type":"article","og_title":"Emprender con prop\u00f3sito: la propuesta de Fe y Alegr\u00eda para el desarrollo social - Fe y Alegr\u00eda en Venezuela","og_description":"La formaci\u00f3n para el trabajo tiene como prop\u00f3sito mejorar la empleabilidad y desarrollar una serie de competencias blandas en campo laboral","og_url":"https:\/\/www.feyalegria.org\/venezuela\/emprender-con-proposito-la-propuesta-de-fe-y-alegria-para-el-desarrollo-social\/","og_site_name":"Fe y Alegr\u00eda en Venezuela","article_published_time":"2024-04-16T23:03:37+00:00","article_modified_time":"2024-04-16T23:04:05+00:00","og_image":[{"width":749,"height":500,"url":"https:\/\/d3pugrm67vf9n7.cloudfront.net\/wp-content\/uploads\/sites\/4\/2024\/04\/16224957\/Santiago-de-Onia-189-2.jpg","type":"image\/jpeg"}],"author":"Erika Briceno","twitter_card":"summary_large_image","twitter_misc":{"Escrito por":"Erika Briceno","Tiempo de lectura":"4 minutos"},"schema":{"@context":"https:\/\/schema.org","@graph":[{"@type":"Article","@id":"https:\/\/www.feyalegria.org\/venezuela\/emprender-con-proposito-la-propuesta-de-fe-y-alegria-para-el-desarrollo-social\/#article","isPartOf":{"@id":"https:\/\/www.feyalegria.org\/venezuela\/emprender-con-proposito-la-propuesta-de-fe-y-alegria-para-el-desarrollo-social\/"},"author":{"name":"Erika Briceno","@id":"https:\/\/www.feyalegria.org\/venezuela\/#\/schema\/person\/fcd504e06f93320841b99f79f3ab0180"},"headline":"Emprender con prop\u00f3sito: la propuesta de Fe y Alegr\u00eda para el desarrollo social","datePublished":"2024-04-16T23:03:37+00:00","dateModified":"2024-04-16T23:04:05+00:00","mainEntityOfPage":{"@id":"https:\/\/www.feyalegria.org\/venezuela\/emprender-con-proposito-la-propuesta-de-fe-y-alegria-para-el-desarrollo-social\/"},"wordCount":729,"commentCount":0,"image":{"@id":"https:\/\/www.feyalegria.org\/venezuela\/emprender-con-proposito-la-propuesta-de-fe-y-alegria-para-el-desarrollo-social\/#primaryimage"},"thumbnailUrl":"https:\/\/d3pugrm67vf9n7.cloudfront.net\/wp-content\/uploads\/sites\/4\/2024\/04\/16224957\/Santiago-de-Onia-189-2.jpg","keywords":["Capacitaci\u00f3n","Cursos","emprendimiento"],"articleSection":["Noticias"],"inLanguage":"es","potentialAction":[{"@type":"CommentAction","name":"Comment","target":["https:\/\/www.feyalegria.org\/venezuela\/emprender-con-proposito-la-propuesta-de-fe-y-alegria-para-el-desarrollo-social\/#respond"]}]},{"@type":"WebPage","@id":"https:\/\/www.feyalegria.org\/venezuela\/emprender-con-proposito-la-propuesta-de-fe-y-alegria-para-el-desarrollo-social\/","url":"https:\/\/www.feyalegria.org\/venezuela\/emprender-con-proposito-la-propuesta-de-fe-y-alegria-para-el-desarrollo-social\/","name":"Emprender con prop\u00f3sito: la propuesta de Fe y Alegr\u00eda para el desarrollo social - Fe y Alegr\u00eda en Venezuela","isPartOf":{"@id":"https:\/\/www.feyalegria.org\/venezuela\/#website"},"primaryImageOfPage":{"@id":"https:\/\/www.feyalegria.org\/venezuela\/emprender-con-proposito-la-propuesta-de-fe-y-alegria-para-el-desarrollo-social\/#primaryimage"},"image":{"@id":"https:\/\/www.feyalegria.org\/venezuela\/emprender-con-proposito-la-propuesta-de-fe-y-alegria-para-el-desarrollo-social\/#primaryimage"},"thumbnailUrl":"https:\/\/d3pugrm67vf9n7.cloudfront.net\/wp-content\/uploads\/sites\/4\/2024\/04\/16224957\/Santiago-de-Onia-189-2.jpg","datePublished":"2024-04-16T23:03:37+00:00","dateModified":"2024-04-16T23:04:05+00:00","author":{"@id":"https:\/\/www.feyalegria.org\/venezuela\/#\/schema\/person\/fcd504e06f93320841b99f79f3ab0180"},"description":"La formaci\u00f3n para el trabajo tiene como prop\u00f3sito mejorar la empleabilidad y desarrollar una serie de competencias blandas en campo laboral","inLanguage":"es","potentialAction":[{"@type":"ReadAction","target":["https:\/\/www.feyalegria.org\/venezuela\/emprender-con-proposito-la-propuesta-de-fe-y-alegria-para-el-desarrollo-social\/"]}]},{"@type":"ImageObject","inLanguage":"es","@id":"https:\/\/www.feyalegria.org\/venezuela\/emprender-con-proposito-la-propuesta-de-fe-y-alegria-para-el-desarrollo-social\/#primaryimage","url":"https:\/\/d3pugrm67vf9n7.cloudfront.net\/wp-content\/uploads\/sites\/4\/2024\/04\/16224957\/Santiago-de-Onia-189-2.jpg","contentUrl":"https:\/\/d3pugrm67vf9n7.cloudfront.net\/wp-content\/uploads\/sites\/4\/2024\/04\/16224957\/Santiago-de-Onia-189-2.jpg","width":749,"height":500},{"@type":"WebSite","@id":"https:\/\/www.feyalegria.org\/venezuela\/#website","url":"https:\/\/www.feyalegria.org\/venezuela\/","name":"Fe y Alegr\u00eda en Venezuela","description":"","potentialAction":[{"@type":"SearchAction","target":{"@type":"EntryPoint","urlTemplate":"https:\/\/www.feyalegria.org\/venezuela\/?s={search_term_string}"},"query-input":{"@type":"PropertyValueSpecification","valueRequired":true,"valueName":"search_term_string"}}],"inLanguage":"es"},{"@type":"Person","@id":"https:\/\/www.feyalegria.org\/venezuela\/#\/schema\/person\/fcd504e06f93320841b99f79f3ab0180","name":"Erika Briceno","url":"https:\/\/www.feyalegria.org\/venezuela\/author\/comunfifya\/"}]}},"_links":{"self":[{"href":"https:\/\/www.feyalegria.org\/venezuela\/wp-json\/wp\/v2\/posts\/5659","targetHints":{"allow":["GET"]}}],"collection":[{"href":"https:\/\/www.feyalegria.org\/venezuela\/wp-json\/wp\/v2\/posts"}],"about":[{"href":"https:\/\/www.feyalegria.org\/venezuela\/wp-json\/wp\/v2\/types\/post"}],"author":[{"embeddable":true,"href":"https:\/\/www.feyalegria.org\/venezuela\/wp-json\/wp\/v2\/users\/6"}],"replies":[{"embeddable":true,"href":"https:\/\/www.feyalegria.org\/venezuela\/wp-json\/wp\/v2\/comments?post=5659"}],"version-history":[{"count":0,"href":"https:\/\/www.feyalegria.org\/venezuela\/wp-json\/wp\/v2\/posts\/5659\/revisions"}],"wp:featuredmedia":[{"embeddable":true,"href":"https:\/\/www.feyalegria.org\/venezuela\/wp-json\/wp\/v2\/media\/5670"}],"wp:attachment":[{"href":"https:\/\/www.feyalegria.org\/venezuela\/wp-json\/wp\/v2\/media?parent=5659"}],"wp:term":[{"taxonomy":"category","embeddable":true,"href":"https:\/\/www.feyalegria.org\/venezuela\/wp-json\/wp\/v2\/categories?post=5659"},{"taxonomy":"post_tag","embeddable":true,"href":"https:\/\/www.feyalegria.org\/venezuela\/wp-json\/wp\/v2\/tags?post=5659"},{"taxonomy":"post_folder","embeddable":true,"href":"https:\/\/www.feyalegria.org\/venezuela\/wp-json\/wp\/v2\/post_folder?post=5659"}],"curies":[{"name":"wp","href":"https:\/\/api.w.org\/{rel}","templated":true}]}}