 {"id":5660,"date":"2024-04-24T19:41:11","date_gmt":"2024-04-24T19:41:11","guid":{"rendered":"https:\/\/www.feyalegria.org\/venezuela\/?p=5660"},"modified":"2024-04-24T19:41:11","modified_gmt":"2024-04-24T19:41:11","slug":"nos-vestimos-de-gala-para-mostrar-nuestro-trabajo","status":"publish","type":"post","link":"https:\/\/www.feyalegria.org\/venezuela\/nos-vestimos-de-gala-para-mostrar-nuestro-trabajo\/","title":{"rendered":"Nos vestimos de gala para mostrar nuestro trabajo"},"content":{"rendered":"<div class=\"wpb-content-wrapper\"><p>[vc_row][vc_column][vc_column_text css=\u00bb\u00bb]<\/p>\n<h1><b>Nos vestimos de gala para mostrar nuestro trabajo<\/b><\/h1>\n<p>[\/vc_column_text][vc_single_image image=\u00bb5720&#8243; img_size=\u00bbfull\u00bb alignment=\u00bbcenter\u00bb css=\u00bb\u00bb][vc_column_text css=\u00bb\u00bb]<\/p>\n<p style=\"text-align: right\"><b>Yorgelis Cogollo<br \/>\n<\/b><em>Referente de Comunicaci\u00f3n de Fe y Alegr\u00eda Escuela<\/em><\/p>\n<p>[\/vc_column_text][vc_separator][vc_column_text css=\u00bb\u00bb]<\/p>\n<p style=\"text-align: justify\"><i><span style=\"font-weight: 400\">Este mi\u00e9rcoles 23 de abril, la unidad educativa Fe y Alegr\u00eda Virginia de Ru\u00edz, ubicada en Caracas, dio a conocer las actividades que llevan a cabo, as\u00ed como los\u00a0 programas de emprendimiento que se han ido consolidando en la instituci\u00f3n. Esta jornada escolar cont\u00f3 con la visita del presidente ejecutivo del Banco Provincial BBVA, Sr. Fernando Alonso, cuyo motivo de visita fue conocer de manera cercana las actividades que est\u00e1n realizando los centros educativos<\/span><\/i><\/p>\n<p>&nbsp;<\/p>\n<p style=\"text-align: justify\"><span style=\"font-weight: 400\">La actividad cont\u00f3 con la participaci\u00f3n de la Directora del programa Escuela, Noelbis Aguilar, quien mostr\u00f3 de manera amplia los modelos de aprendizaje\u00a0 que existen en los 175 centros educativos y la implementaci\u00f3n de nuevas herramientas que son cruciales a la hora de emprender para que los estudiantes puedan ampliar sus conocimientos y darle continuidad a sus proyectos innovadores. A su vez, la coordinadora nacional pedag\u00f3gica de educaci\u00f3n media general y t\u00e9cnica, Dosmary D\u00edaz, manifest\u00f3 la gran importancia de la articulaci\u00f3n, acompa\u00f1amiento y seguimiento de estos emprendimientos que llevan a cabo los estudiantes, que generan un triple impacto en las comunidades donde circulan los j\u00f3venes de la instituci\u00f3n.\u00a0<\/span><\/p>\n<p>&nbsp;<\/p>\n<p style=\"text-align: justify\"><span style=\"font-weight: 400\">El presidente ejecutivo se solidariz\u00f3 con Fe y Alegr\u00eda por la gran labor del equipo docente en los estudiantes para desarrollar propuestas innovadoras que los ayude a motivarlos para as\u00ed descubrir sus habilidades y vocaciones en las distintas \u00e1reas del emprendimiento, tambi\u00e9n la capacidad de comunicar lo que se vende, pensando en los desaf\u00edos que se puedan tener a la hora de impulsar un producto o servicios y poder alcanzar los objetivos, como fidelizar el producto final.<\/span><\/p>\n<p>&nbsp;<\/p>\n<p style=\"text-align: justify\"><span style=\"font-weight: 400\">El equipo de BBVA luego de conocer el sistema educativo, hizo un recorrido por la instituci\u00f3n donde conocieron sus espacios y diversos stands de los estudiantes de media general y t\u00e9cnica. Se logr\u00f3 conocer a detalle\u00a0 la barber\u00eda y peluquer\u00eda, la bisuter\u00eda Craft\u00a0 y un excelente stand de comida con tem\u00e1tica del viejo oeste. All\u00ed los estudiantes lograron determinar\u00a0 sus potenciales clientes, su atributo diferenciador, y por su puesto, brindar un servicio conectando con el p\u00fablico.\u00a0<\/span><\/p>\n<p>&nbsp;<\/p>\n<p style=\"text-align: justify\"><span style=\"font-weight: 400\">La actividad finaliz\u00f3 con la interpretaci\u00f3n de \u201cAlma llanera\u00bb por parte de la orquesta sinf\u00f3nica y estudiantes de la instituci\u00f3n, sac\u00e1ndoles una sonrisa a los participantes.\u00a0<\/span><\/p>\n<p><span style=\"font-weight: 400\">\u00a0\u00a0<\/span><\/p>\n<p>[\/vc_column_text][vc_column_text css=\u00bb\u00bb]<\/p>\n<p style=\"text-align: right\"><strong>Caracas, 24 de abril de 2024<\/strong><\/p>\n<p>[\/vc_column_text][vc_row_inner][vc_column_inner width=\u00bb1\/12&#8243;][\/vc_column_inner][vc_column_inner width=\u00bb5\/6&#8243;][vc_gallery interval=\u00bb3&#8243; images=\u00bb5721,5722,5723,5724,5729&#8243; img_size=\u00bbfull\u00bb css=\u00bb\u00bb][\/vc_column_inner][vc_column_inner width=\u00bb1\/12&#8243;][\/vc_column_inner][\/vc_row_inner][\/vc_column][\/vc_row]<\/p>\n<\/div>","protected":false},"excerpt":{"rendered":"<div style=\"height: 265px\">La unidad educativa Fe y Alegr\u00eda Virginia de Ru\u00edz, ubicada en Caracas, dio a conocer las actividades que llevan a cabo, as\u00ed como los  programas de emprendimiento que se han ido consolidando en la instituci\u00f3n<\/div>\n","protected":false},"author":6,"featured_media":5720,"comment_status":"open","ping_status":"open","sticky":false,"template":"","format":"standard","meta":{"_acf_changed":false,"footnotes":""},"categories":[746],"tags":[740,774],"post_folder":[],"class_list":["post-5660","post","type-post","status-publish","format-standard","has-post-thumbnail","hentry","category-boletin-interno","tag-educacion-en-venezuela","tag-emprendimiento"],"acf":[],"yoast_head":"<!-- This site is optimized with the Yoast SEO plugin v27.4 - https:\/\/yoast.com\/product\/yoast-seo-wordpress\/ -->\n<title>Nos vestimos de gala para mostrar nuestro trabajo - Fe y Alegr\u00eda en Venezuela<\/title>\n<meta name=\"description\" content=\"La UE Fe y Alegr\u00eda Virginia de Ru\u00edz, en Caracas, dio a conocer las actividades que llevan a cabo, as\u00ed como los programas de emprendimiento\" \/>\n<meta name=\"robots\" content=\"index, follow, max-snippet:-1, max-image-preview:large, max-video-preview:-1\" \/>\n<link rel=\"canonical\" href=\"https:\/\/www.feyalegria.org\/venezuela\/nos-vestimos-de-gala-para-mostrar-nuestro-trabajo\/\" \/>\n<meta property=\"og:locale\" content=\"es_ES\" \/>\n<meta property=\"og:type\" content=\"article\" \/>\n<meta property=\"og:title\" content=\"Nos vestimos de gala para mostrar nuestro trabajo - Fe y Alegr\u00eda en Venezuela\" \/>\n<meta property=\"og:description\" content=\"La UE Fe y Alegr\u00eda Virginia de Ru\u00edz, en Caracas, dio a conocer las actividades que llevan a cabo, as\u00ed como los programas de emprendimiento\" \/>\n<meta property=\"og:url\" content=\"https:\/\/www.feyalegria.org\/venezuela\/nos-vestimos-de-gala-para-mostrar-nuestro-trabajo\/\" \/>\n<meta property=\"og:site_name\" content=\"Fe y Alegr\u00eda en Venezuela\" \/>\n<meta property=\"article:published_time\" content=\"2024-04-24T19:41:11+00:00\" \/>\n<meta property=\"og:image\" content=\"https:\/\/d3pugrm67vf9n7.cloudfront.net\/wp-content\/uploads\/sites\/4\/2024\/04\/24192915\/Escuela-bol4-2.jpg\" \/>\n\t<meta property=\"og:image:width\" content=\"800\" \/>\n\t<meta property=\"og:image:height\" content=\"500\" \/>\n\t<meta property=\"og:image:type\" content=\"image\/jpeg\" \/>\n<meta name=\"author\" content=\"Erika Briceno\" \/>\n<meta name=\"twitter:card\" content=\"summary_large_image\" \/>\n<meta name=\"twitter:label1\" content=\"Escrito por\" \/>\n\t<meta name=\"twitter:data1\" content=\"Erika Briceno\" \/>\n\t<meta name=\"twitter:label2\" content=\"Tiempo de lectura\" \/>\n\t<meta name=\"twitter:data2\" content=\"4 minutos\" \/>\n<script type=\"application\/ld+json\" class=\"yoast-schema-graph\">{\"@context\":\"https:\\\/\\\/schema.org\",\"@graph\":[{\"@type\":\"Article\",\"@id\":\"https:\\\/\\\/www.feyalegria.org\\\/venezuela\\\/nos-vestimos-de-gala-para-mostrar-nuestro-trabajo\\\/#article\",\"isPartOf\":{\"@id\":\"https:\\\/\\\/www.feyalegria.org\\\/venezuela\\\/nos-vestimos-de-gala-para-mostrar-nuestro-trabajo\\\/\"},\"author\":{\"name\":\"Erika Briceno\",\"@id\":\"https:\\\/\\\/www.feyalegria.org\\\/venezuela\\\/#\\\/schema\\\/person\\\/fcd504e06f93320841b99f79f3ab0180\"},\"headline\":\"Nos vestimos de gala para mostrar nuestro trabajo\",\"datePublished\":\"2024-04-24T19:41:11+00:00\",\"mainEntityOfPage\":{\"@id\":\"https:\\\/\\\/www.feyalegria.org\\\/venezuela\\\/nos-vestimos-de-gala-para-mostrar-nuestro-trabajo\\\/\"},\"wordCount\":507,\"commentCount\":0,\"image\":{\"@id\":\"https:\\\/\\\/www.feyalegria.org\\\/venezuela\\\/nos-vestimos-de-gala-para-mostrar-nuestro-trabajo\\\/#primaryimage\"},\"thumbnailUrl\":\"https:\\\/\\\/d3pugrm67vf9n7.cloudfront.net\\\/wp-content\\\/uploads\\\/sites\\\/4\\\/2024\\\/04\\\/24192915\\\/Escuela-bol4-2.jpg\",\"keywords\":[\"Educaci\u00f3n en Venezuela\",\"emprendimiento\"],\"articleSection\":[\"Bolet\u00edn Interno\"],\"inLanguage\":\"es\",\"potentialAction\":[{\"@type\":\"CommentAction\",\"name\":\"Comment\",\"target\":[\"https:\\\/\\\/www.feyalegria.org\\\/venezuela\\\/nos-vestimos-de-gala-para-mostrar-nuestro-trabajo\\\/#respond\"]}]},{\"@type\":\"WebPage\",\"@id\":\"https:\\\/\\\/www.feyalegria.org\\\/venezuela\\\/nos-vestimos-de-gala-para-mostrar-nuestro-trabajo\\\/\",\"url\":\"https:\\\/\\\/www.feyalegria.org\\\/venezuela\\\/nos-vestimos-de-gala-para-mostrar-nuestro-trabajo\\\/\",\"name\":\"Nos vestimos de gala para mostrar nuestro trabajo - Fe y Alegr\u00eda en Venezuela\",\"isPartOf\":{\"@id\":\"https:\\\/\\\/www.feyalegria.org\\\/venezuela\\\/#website\"},\"primaryImageOfPage\":{\"@id\":\"https:\\\/\\\/www.feyalegria.org\\\/venezuela\\\/nos-vestimos-de-gala-para-mostrar-nuestro-trabajo\\\/#primaryimage\"},\"image\":{\"@id\":\"https:\\\/\\\/www.feyalegria.org\\\/venezuela\\\/nos-vestimos-de-gala-para-mostrar-nuestro-trabajo\\\/#primaryimage\"},\"thumbnailUrl\":\"https:\\\/\\\/d3pugrm67vf9n7.cloudfront.net\\\/wp-content\\\/uploads\\\/sites\\\/4\\\/2024\\\/04\\\/24192915\\\/Escuela-bol4-2.jpg\",\"datePublished\":\"2024-04-24T19:41:11+00:00\",\"author\":{\"@id\":\"https:\\\/\\\/www.feyalegria.org\\\/venezuela\\\/#\\\/schema\\\/person\\\/fcd504e06f93320841b99f79f3ab0180\"},\"description\":\"La UE Fe y Alegr\u00eda Virginia de Ru\u00edz, en Caracas, dio a conocer las actividades que llevan a cabo, as\u00ed como los programas de emprendimiento\",\"inLanguage\":\"es\",\"potentialAction\":[{\"@type\":\"ReadAction\",\"target\":[\"https:\\\/\\\/www.feyalegria.org\\\/venezuela\\\/nos-vestimos-de-gala-para-mostrar-nuestro-trabajo\\\/\"]}]},{\"@type\":\"ImageObject\",\"inLanguage\":\"es\",\"@id\":\"https:\\\/\\\/www.feyalegria.org\\\/venezuela\\\/nos-vestimos-de-gala-para-mostrar-nuestro-trabajo\\\/#primaryimage\",\"url\":\"https:\\\/\\\/d3pugrm67vf9n7.cloudfront.net\\\/wp-content\\\/uploads\\\/sites\\\/4\\\/2024\\\/04\\\/24192915\\\/Escuela-bol4-2.jpg\",\"contentUrl\":\"https:\\\/\\\/d3pugrm67vf9n7.cloudfront.net\\\/wp-content\\\/uploads\\\/sites\\\/4\\\/2024\\\/04\\\/24192915\\\/Escuela-bol4-2.jpg\",\"width\":800,\"height\":500},{\"@type\":\"WebSite\",\"@id\":\"https:\\\/\\\/www.feyalegria.org\\\/venezuela\\\/#website\",\"url\":\"https:\\\/\\\/www.feyalegria.org\\\/venezuela\\\/\",\"name\":\"Fe y Alegr\u00eda en Venezuela\",\"description\":\"\",\"potentialAction\":[{\"@type\":\"SearchAction\",\"target\":{\"@type\":\"EntryPoint\",\"urlTemplate\":\"https:\\\/\\\/www.feyalegria.org\\\/venezuela\\\/?s={search_term_string}\"},\"query-input\":{\"@type\":\"PropertyValueSpecification\",\"valueRequired\":true,\"valueName\":\"search_term_string\"}}],\"inLanguage\":\"es\"},{\"@type\":\"Person\",\"@id\":\"https:\\\/\\\/www.feyalegria.org\\\/venezuela\\\/#\\\/schema\\\/person\\\/fcd504e06f93320841b99f79f3ab0180\",\"name\":\"Erika Briceno\",\"url\":\"https:\\\/\\\/www.feyalegria.org\\\/venezuela\\\/author\\\/comunfifya\\\/\"}]}<\/script>\n<!-- \/ Yoast SEO plugin. -->","yoast_head_json":{"title":"Nos vestimos de gala para mostrar nuestro trabajo - Fe y Alegr\u00eda en Venezuela","description":"La UE Fe y Alegr\u00eda Virginia de Ru\u00edz, en Caracas, dio a conocer las actividades que llevan a cabo, as\u00ed como los programas de emprendimiento","robots":{"index":"index","follow":"follow","max-snippet":"max-snippet:-1","max-image-preview":"max-image-preview:large","max-video-preview":"max-video-preview:-1"},"canonical":"https:\/\/www.feyalegria.org\/venezuela\/nos-vestimos-de-gala-para-mostrar-nuestro-trabajo\/","og_locale":"es_ES","og_type":"article","og_title":"Nos vestimos de gala para mostrar nuestro trabajo - Fe y Alegr\u00eda en Venezuela","og_description":"La UE Fe y Alegr\u00eda Virginia de Ru\u00edz, en Caracas, dio a conocer las actividades que llevan a cabo, as\u00ed como los programas de emprendimiento","og_url":"https:\/\/www.feyalegria.org\/venezuela\/nos-vestimos-de-gala-para-mostrar-nuestro-trabajo\/","og_site_name":"Fe y Alegr\u00eda en Venezuela","article_published_time":"2024-04-24T19:41:11+00:00","og_image":[{"width":800,"height":500,"url":"https:\/\/d3pugrm67vf9n7.cloudfront.net\/wp-content\/uploads\/sites\/4\/2024\/04\/24192915\/Escuela-bol4-2.jpg","type":"image\/jpeg"}],"author":"Erika Briceno","twitter_card":"summary_large_image","twitter_misc":{"Escrito por":"Erika Briceno","Tiempo de lectura":"4 minutos"},"schema":{"@context":"https:\/\/schema.org","@graph":[{"@type":"Article","@id":"https:\/\/www.feyalegria.org\/venezuela\/nos-vestimos-de-gala-para-mostrar-nuestro-trabajo\/#article","isPartOf":{"@id":"https:\/\/www.feyalegria.org\/venezuela\/nos-vestimos-de-gala-para-mostrar-nuestro-trabajo\/"},"author":{"name":"Erika Briceno","@id":"https:\/\/www.feyalegria.org\/venezuela\/#\/schema\/person\/fcd504e06f93320841b99f79f3ab0180"},"headline":"Nos vestimos de gala para mostrar nuestro trabajo","datePublished":"2024-04-24T19:41:11+00:00","mainEntityOfPage":{"@id":"https:\/\/www.feyalegria.org\/venezuela\/nos-vestimos-de-gala-para-mostrar-nuestro-trabajo\/"},"wordCount":507,"commentCount":0,"image":{"@id":"https:\/\/www.feyalegria.org\/venezuela\/nos-vestimos-de-gala-para-mostrar-nuestro-trabajo\/#primaryimage"},"thumbnailUrl":"https:\/\/d3pugrm67vf9n7.cloudfront.net\/wp-content\/uploads\/sites\/4\/2024\/04\/24192915\/Escuela-bol4-2.jpg","keywords":["Educaci\u00f3n en Venezuela","emprendimiento"],"articleSection":["Bolet\u00edn Interno"],"inLanguage":"es","potentialAction":[{"@type":"CommentAction","name":"Comment","target":["https:\/\/www.feyalegria.org\/venezuela\/nos-vestimos-de-gala-para-mostrar-nuestro-trabajo\/#respond"]}]},{"@type":"WebPage","@id":"https:\/\/www.feyalegria.org\/venezuela\/nos-vestimos-de-gala-para-mostrar-nuestro-trabajo\/","url":"https:\/\/www.feyalegria.org\/venezuela\/nos-vestimos-de-gala-para-mostrar-nuestro-trabajo\/","name":"Nos vestimos de gala para mostrar nuestro trabajo - Fe y Alegr\u00eda en Venezuela","isPartOf":{"@id":"https:\/\/www.feyalegria.org\/venezuela\/#website"},"primaryImageOfPage":{"@id":"https:\/\/www.feyalegria.org\/venezuela\/nos-vestimos-de-gala-para-mostrar-nuestro-trabajo\/#primaryimage"},"image":{"@id":"https:\/\/www.feyalegria.org\/venezuela\/nos-vestimos-de-gala-para-mostrar-nuestro-trabajo\/#primaryimage"},"thumbnailUrl":"https:\/\/d3pugrm67vf9n7.cloudfront.net\/wp-content\/uploads\/sites\/4\/2024\/04\/24192915\/Escuela-bol4-2.jpg","datePublished":"2024-04-24T19:41:11+00:00","author":{"@id":"https:\/\/www.feyalegria.org\/venezuela\/#\/schema\/person\/fcd504e06f93320841b99f79f3ab0180"},"description":"La UE Fe y Alegr\u00eda Virginia de Ru\u00edz, en Caracas, dio a conocer las actividades que llevan a cabo, as\u00ed como los programas de emprendimiento","inLanguage":"es","potentialAction":[{"@type":"ReadAction","target":["https:\/\/www.feyalegria.org\/venezuela\/nos-vestimos-de-gala-para-mostrar-nuestro-trabajo\/"]}]},{"@type":"ImageObject","inLanguage":"es","@id":"https:\/\/www.feyalegria.org\/venezuela\/nos-vestimos-de-gala-para-mostrar-nuestro-trabajo\/#primaryimage","url":"https:\/\/d3pugrm67vf9n7.cloudfront.net\/wp-content\/uploads\/sites\/4\/2024\/04\/24192915\/Escuela-bol4-2.jpg","contentUrl":"https:\/\/d3pugrm67vf9n7.cloudfront.net\/wp-content\/uploads\/sites\/4\/2024\/04\/24192915\/Escuela-bol4-2.jpg","width":800,"height":500},{"@type":"WebSite","@id":"https:\/\/www.feyalegria.org\/venezuela\/#website","url":"https:\/\/www.feyalegria.org\/venezuela\/","name":"Fe y Alegr\u00eda en Venezuela","description":"","potentialAction":[{"@type":"SearchAction","target":{"@type":"EntryPoint","urlTemplate":"https:\/\/www.feyalegria.org\/venezuela\/?s={search_term_string}"},"query-input":{"@type":"PropertyValueSpecification","valueRequired":true,"valueName":"search_term_string"}}],"inLanguage":"es"},{"@type":"Person","@id":"https:\/\/www.feyalegria.org\/venezuela\/#\/schema\/person\/fcd504e06f93320841b99f79f3ab0180","name":"Erika Briceno","url":"https:\/\/www.feyalegria.org\/venezuela\/author\/comunfifya\/"}]}},"_links":{"self":[{"href":"https:\/\/www.feyalegria.org\/venezuela\/wp-json\/wp\/v2\/posts\/5660","targetHints":{"allow":["GET"]}}],"collection":[{"href":"https:\/\/www.feyalegria.org\/venezuela\/wp-json\/wp\/v2\/posts"}],"about":[{"href":"https:\/\/www.feyalegria.org\/venezuela\/wp-json\/wp\/v2\/types\/post"}],"author":[{"embeddable":true,"href":"https:\/\/www.feyalegria.org\/venezuela\/wp-json\/wp\/v2\/users\/6"}],"replies":[{"embeddable":true,"href":"https:\/\/www.feyalegria.org\/venezuela\/wp-json\/wp\/v2\/comments?post=5660"}],"version-history":[{"count":0,"href":"https:\/\/www.feyalegria.org\/venezuela\/wp-json\/wp\/v2\/posts\/5660\/revisions"}],"wp:featuredmedia":[{"embeddable":true,"href":"https:\/\/www.feyalegria.org\/venezuela\/wp-json\/wp\/v2\/media\/5720"}],"wp:attachment":[{"href":"https:\/\/www.feyalegria.org\/venezuela\/wp-json\/wp\/v2\/media?parent=5660"}],"wp:term":[{"taxonomy":"category","embeddable":true,"href":"https:\/\/www.feyalegria.org\/venezuela\/wp-json\/wp\/v2\/categories?post=5660"},{"taxonomy":"post_tag","embeddable":true,"href":"https:\/\/www.feyalegria.org\/venezuela\/wp-json\/wp\/v2\/tags?post=5660"},{"taxonomy":"post_folder","embeddable":true,"href":"https:\/\/www.feyalegria.org\/venezuela\/wp-json\/wp\/v2\/post_folder?post=5660"}],"curies":[{"name":"wp","href":"https:\/\/api.w.org\/{rel}","templated":true}]}}