 {"id":5669,"date":"2024-04-18T12:09:52","date_gmt":"2024-04-18T12:09:52","guid":{"rendered":"https:\/\/www.feyalegria.org\/venezuela\/?p=5669"},"modified":"2024-04-18T12:11:56","modified_gmt":"2024-04-18T12:11:56","slug":"formamos-para-promover-el-talento-productivo","status":"publish","type":"post","link":"https:\/\/www.feyalegria.org\/venezuela\/formamos-para-promover-el-talento-productivo\/","title":{"rendered":"Formamos para promover el  talento productivo"},"content":{"rendered":"<div class=\"wpb-content-wrapper\"><p>[vc_row][vc_column][vc_column_text css=\u00bb\u00bb]<\/p>\n<h1>Formamos para promover el talento productivo<\/h1>\n<p>[\/vc_column_text][vc_single_image image=\u00bb5675&#8243; img_size=\u00bbfull\u00bb alignment=\u00bbcenter\u00bb css=\u00bb\u00bb][vc_column_text css=\u00bb\u00bb]<\/p>\n<p style=\"text-align: right\"><strong>Germ\u00e1n Osorio<\/strong><br \/>\n<em>Referente de Comunicaci\u00f3n de Fe y Alegr\u00eda Capacitaci\u00f3n<\/em><\/p>\n<p>[\/vc_column_text][vc_separator][vc_column_text css=\u00bb\u00bb]<\/p>\n<p style=\"text-align: justify\"><span style=\"font-weight: 400\">El programa Capacitaci\u00f3n forja alianzas con la ONG <\/span><b>SOS Aldeas Infantiles Venezuela<\/b><span style=\"font-weight: 400\">, que con su apoyo financiero para las inscripciones e insumos, colaborar\u00e1 en la formaci\u00f3n de participantes a trav\u00e9s de cursos y talleres <\/span><span style=\"font-weight: 400\">en las \u00e1reas de hogar, artes manuales y bienes y servicios.\u00a0<\/span><\/p>\n<p>&nbsp;<\/p>\n<p style=\"text-align: justify\"><span style=\"font-weight: 400\">El pasado mes de noviembre se llevaron a cabo dos procesos formativos como el taller de Elaboraci\u00f3n de bizcocho, torta fr\u00eda y decoraci\u00f3n y un curso de Barber\u00eda, gracias a\u00a0 la alianza entre <\/span><b>SOS Aldeas Infantiles Venezuela y Fe y alegr\u00eda<\/b><span style=\"font-weight: 400\">, proyecto realizado por el responsable del centro de Capacitaci\u00f3n Maracaibo del estado Zulia Prof. German Osorio de la mano con las colaboradoras de SOS Aldeas Infantiles Lcda. en educaci\u00f3n Yorelis Ortega y Lcda en Trabajo social, Janexi Borges.<\/span><\/p>\n<p>&nbsp;<\/p>\n<p style=\"text-align: justify\"><span style=\"font-weight: 400\">Cabe destacar que en estos procesos formativos participaron madres cuidadoras del Centro Social SOS Aldeas Infantiles en el municipio La Ca\u00f1ada de Urdaneta, comunidad en general y familias atendidas por esta ONG\u00a0 en la comunidad del sector 05 del\u00a0 Barrio Trinitarias en Maracaibo, con una poblaci\u00f3n atendida en el taller de 16 personas y en el curso de 18 personas.<\/span><\/p>\n<p>&nbsp;<\/p>\n<p style=\"text-align: justify\"><span style=\"font-weight: 400\">Por otra parte, el pasado 27 de febrero, gracias a la reciente alianza entre <\/span><b>SOS Aldeas Infantiles Venezuela<\/b><span style=\"font-weight: 400\"> y <\/span><b>Fe y Alegr\u00eda en el estado Aragua, <\/b><span style=\"font-weight: 400\">espec\u00edficamente<\/span><b>\u00a0 <\/b><span style=\"font-weight: 400\">en el centro de capacitaci\u00f3n Virgen del Rosario, se dio el primer encuentro con participantes del proceso formativo en el oficio de Reposter\u00eda, el el cual contamos con 20 personas inscritas (un hombre y 19 mujeres). Este proyecto realizado por la Direcci\u00f3n Nacional del programa a cargo de la Profesora Sandra Chac\u00f3n MgS. y el responsable del estado Aragua, el Prof. Jhonathan Silva; de la mano de las colaboradoras de SOS Aldeas, la Lcda. en Sociolog\u00eda Alba Reyes y la Lcda. en educaci\u00f3n Yunnadith Le\u00f3n.\u00a0<\/span><\/p>\n<p>&nbsp;<\/p>\n<p style=\"text-align: justify\"><span style=\"font-weight: 400\">En los inicios de estos proyectos formativos se dio a conocer qui\u00e9nes somos, lo que ofrecemos y c\u00f3mo lo hacemos. Se destac\u00f3 la importancia de emprender con prop\u00f3sito y c\u00f3mo nuestra propuesta curricular impulsa a la inserci\u00f3n laboral de estas personas, motivando a nuestros participantes\u00a0 a creer en un futuro m\u00e1s pr\u00f3spero en el que puedan desarrollar sus propias habilidades para sustentar un mejor estilo de vida.\u00a0<\/span><\/p>\n<p>&nbsp;<\/p>\n<p style=\"text-align: justify\"><span style=\"font-weight: 400\">El objetivo principal de estas formaciones no solo es capacitar y cambiar la realidad de cada hombre o mujer que integran estos grupos, sino sembrar un esp\u00edritu emprendedor desde el primer d\u00eda, que al cosecharse debidamente pueda generar bienestar econ\u00f3mico, involucrando el n\u00facleo familiar y por ende, a la comunidad.<\/span><\/p>\n<p>&nbsp;<\/p>\n<p style=\"text-align: justify\"><span style=\"font-weight: 400\">Recordando las palabras de nuestro fundador, el Padre Jos\u00e9 Mar\u00eda Velaz:<\/span><\/p>\n<p>&nbsp;<\/p>\n<p style=\"text-align: justify\"><b><i>\u00abLa educaci\u00f3n de los pobres, no puede ser una pobre educaci\u00f3n\u00bb<\/i><\/b><\/p>\n<p>&nbsp;<\/p>\n<p style=\"text-align: justify\"><span style=\"font-weight: 400\">Bajo este pensamiento se har\u00e1 el esfuerzo entre ambas instituciones para cumplir con los ideales que compartimos, asimismo, estamos en conversaci\u00f3n constante para ampliar la oferta formativa en los diferentes oficios que ofrece el programa de capacitaci\u00f3n, esto ayudar\u00e1 a formar en diferentes \u00e1reas las familias atendidas por esta ONG y j\u00f3venes en\u00a0 comunidad que se involucran directa o indirectamente con esta organizaci\u00f3n.<\/span><\/p>\n<p>[\/vc_column_text][vc_column_text css=\u00bb\u00bb]<\/p>\n<p style=\"text-align: right\"><strong>Caracas, 17 de abril de 2024<\/strong><\/p>\n<p>[\/vc_column_text][vc_row_inner][vc_column_inner width=\u00bb1\/3&#8243;][vc_single_image image=\u00bb5678&#8243; img_size=\u00bbfull\u00bb alignment=\u00bbcenter\u00bb onclick=\u00bblink_image\u00bb css=\u00bb\u00bb][\/vc_column_inner][vc_column_inner width=\u00bb1\/3&#8243;][vc_single_image image=\u00bb5676&#8243; img_size=\u00bbfull\u00bb alignment=\u00bbcenter\u00bb onclick=\u00bblink_image\u00bb css=\u00bb\u00bb][\/vc_column_inner][vc_column_inner width=\u00bb1\/3&#8243;][vc_single_image image=\u00bb5677&#8243; img_size=\u00bbfull\u00bb alignment=\u00bbcenter\u00bb onclick=\u00bblink_image\u00bb css=\u00bb\u00bb][\/vc_column_inner][\/vc_row_inner][\/vc_column][\/vc_row]<\/p>\n<\/div>","protected":false},"excerpt":{"rendered":"<div style=\"height: 265px\">El objetivo principal de las formaciones no solo es capacitar y cambiar la realidad de cada hombre o mujer que integran estos grupos, sino sembrar un esp\u00edritu emprendedor desde el primer d\u00eda<\/div>\n","protected":false},"author":6,"featured_media":5675,"comment_status":"open","ping_status":"open","sticky":false,"template":"","format":"standard","meta":{"_acf_changed":false,"footnotes":""},"categories":[746],"tags":[634,766],"post_folder":[],"class_list":["post-5669","post","type-post","status-publish","format-standard","has-post-thumbnail","hentry","category-boletin-interno","tag-capacitacion","tag-cursos"],"acf":[],"yoast_head":"<!-- This site is optimized with the Yoast SEO plugin v27.4 - https:\/\/yoast.com\/product\/yoast-seo-wordpress\/ -->\n<title>Formamos para promover el talento productivo - Fe y Alegr\u00eda en Venezuela<\/title>\n<meta name=\"description\" content=\"El objetivo de estas formaciones no solo es capacitar y cambiar la realidad de cada participante sino sembrar un esp\u00edritu emprendedor\" \/>\n<meta name=\"robots\" content=\"index, follow, max-snippet:-1, max-image-preview:large, max-video-preview:-1\" \/>\n<link rel=\"canonical\" href=\"https:\/\/www.feyalegria.org\/venezuela\/formamos-para-promover-el-talento-productivo\/\" \/>\n<meta property=\"og:locale\" content=\"es_ES\" \/>\n<meta property=\"og:type\" content=\"article\" \/>\n<meta property=\"og:title\" content=\"Formamos para promover el talento productivo - Fe y Alegr\u00eda en Venezuela\" \/>\n<meta property=\"og:description\" content=\"El objetivo de estas formaciones no solo es capacitar y cambiar la realidad de cada participante sino sembrar un esp\u00edritu emprendedor\" \/>\n<meta property=\"og:url\" content=\"https:\/\/www.feyalegria.org\/venezuela\/formamos-para-promover-el-talento-productivo\/\" \/>\n<meta property=\"og:site_name\" content=\"Fe y Alegr\u00eda en Venezuela\" \/>\n<meta property=\"article:published_time\" content=\"2024-04-18T12:09:52+00:00\" \/>\n<meta property=\"article:modified_time\" content=\"2024-04-18T12:11:56+00:00\" \/>\n<meta property=\"og:image\" content=\"https:\/\/d3pugrm67vf9n7.cloudfront.net\/wp-content\/uploads\/sites\/4\/2024\/04\/18115956\/Barbeira_SOS-Maracaibo.jpg\" \/>\n\t<meta property=\"og:image:width\" content=\"800\" \/>\n\t<meta property=\"og:image:height\" content=\"500\" \/>\n\t<meta property=\"og:image:type\" content=\"image\/jpeg\" \/>\n<meta name=\"author\" content=\"Erika Briceno\" \/>\n<meta name=\"twitter:card\" content=\"summary_large_image\" \/>\n<meta name=\"twitter:label1\" content=\"Escrito por\" \/>\n\t<meta name=\"twitter:data1\" content=\"Erika Briceno\" \/>\n\t<meta name=\"twitter:label2\" content=\"Tiempo de lectura\" \/>\n\t<meta name=\"twitter:data2\" content=\"3 minutos\" \/>\n<script type=\"application\/ld+json\" class=\"yoast-schema-graph\">{\"@context\":\"https:\\\/\\\/schema.org\",\"@graph\":[{\"@type\":\"Article\",\"@id\":\"https:\\\/\\\/www.feyalegria.org\\\/venezuela\\\/formamos-para-promover-el-talento-productivo\\\/#article\",\"isPartOf\":{\"@id\":\"https:\\\/\\\/www.feyalegria.org\\\/venezuela\\\/formamos-para-promover-el-talento-productivo\\\/\"},\"author\":{\"name\":\"Erika Briceno\",\"@id\":\"https:\\\/\\\/www.feyalegria.org\\\/venezuela\\\/#\\\/schema\\\/person\\\/fcd504e06f93320841b99f79f3ab0180\"},\"headline\":\"Formamos para promover el talento productivo\",\"datePublished\":\"2024-04-18T12:09:52+00:00\",\"dateModified\":\"2024-04-18T12:11:56+00:00\",\"mainEntityOfPage\":{\"@id\":\"https:\\\/\\\/www.feyalegria.org\\\/venezuela\\\/formamos-para-promover-el-talento-productivo\\\/\"},\"wordCount\":683,\"commentCount\":0,\"image\":{\"@id\":\"https:\\\/\\\/www.feyalegria.org\\\/venezuela\\\/formamos-para-promover-el-talento-productivo\\\/#primaryimage\"},\"thumbnailUrl\":\"https:\\\/\\\/d3pugrm67vf9n7.cloudfront.net\\\/wp-content\\\/uploads\\\/sites\\\/4\\\/2024\\\/04\\\/18115956\\\/Barbeira_SOS-Maracaibo.jpg\",\"keywords\":[\"Capacitaci\u00f3n\",\"Cursos\"],\"articleSection\":[\"Bolet\u00edn Interno\"],\"inLanguage\":\"es\",\"potentialAction\":[{\"@type\":\"CommentAction\",\"name\":\"Comment\",\"target\":[\"https:\\\/\\\/www.feyalegria.org\\\/venezuela\\\/formamos-para-promover-el-talento-productivo\\\/#respond\"]}]},{\"@type\":\"WebPage\",\"@id\":\"https:\\\/\\\/www.feyalegria.org\\\/venezuela\\\/formamos-para-promover-el-talento-productivo\\\/\",\"url\":\"https:\\\/\\\/www.feyalegria.org\\\/venezuela\\\/formamos-para-promover-el-talento-productivo\\\/\",\"name\":\"Formamos para promover el talento productivo - Fe y Alegr\u00eda en Venezuela\",\"isPartOf\":{\"@id\":\"https:\\\/\\\/www.feyalegria.org\\\/venezuela\\\/#website\"},\"primaryImageOfPage\":{\"@id\":\"https:\\\/\\\/www.feyalegria.org\\\/venezuela\\\/formamos-para-promover-el-talento-productivo\\\/#primaryimage\"},\"image\":{\"@id\":\"https:\\\/\\\/www.feyalegria.org\\\/venezuela\\\/formamos-para-promover-el-talento-productivo\\\/#primaryimage\"},\"thumbnailUrl\":\"https:\\\/\\\/d3pugrm67vf9n7.cloudfront.net\\\/wp-content\\\/uploads\\\/sites\\\/4\\\/2024\\\/04\\\/18115956\\\/Barbeira_SOS-Maracaibo.jpg\",\"datePublished\":\"2024-04-18T12:09:52+00:00\",\"dateModified\":\"2024-04-18T12:11:56+00:00\",\"author\":{\"@id\":\"https:\\\/\\\/www.feyalegria.org\\\/venezuela\\\/#\\\/schema\\\/person\\\/fcd504e06f93320841b99f79f3ab0180\"},\"description\":\"El objetivo de estas formaciones no solo es capacitar y cambiar la realidad de cada participante sino sembrar un esp\u00edritu emprendedor\",\"inLanguage\":\"es\",\"potentialAction\":[{\"@type\":\"ReadAction\",\"target\":[\"https:\\\/\\\/www.feyalegria.org\\\/venezuela\\\/formamos-para-promover-el-talento-productivo\\\/\"]}]},{\"@type\":\"ImageObject\",\"inLanguage\":\"es\",\"@id\":\"https:\\\/\\\/www.feyalegria.org\\\/venezuela\\\/formamos-para-promover-el-talento-productivo\\\/#primaryimage\",\"url\":\"https:\\\/\\\/d3pugrm67vf9n7.cloudfront.net\\\/wp-content\\\/uploads\\\/sites\\\/4\\\/2024\\\/04\\\/18115956\\\/Barbeira_SOS-Maracaibo.jpg\",\"contentUrl\":\"https:\\\/\\\/d3pugrm67vf9n7.cloudfront.net\\\/wp-content\\\/uploads\\\/sites\\\/4\\\/2024\\\/04\\\/18115956\\\/Barbeira_SOS-Maracaibo.jpg\",\"width\":800,\"height\":500},{\"@type\":\"WebSite\",\"@id\":\"https:\\\/\\\/www.feyalegria.org\\\/venezuela\\\/#website\",\"url\":\"https:\\\/\\\/www.feyalegria.org\\\/venezuela\\\/\",\"name\":\"Fe y Alegr\u00eda en Venezuela\",\"description\":\"\",\"potentialAction\":[{\"@type\":\"SearchAction\",\"target\":{\"@type\":\"EntryPoint\",\"urlTemplate\":\"https:\\\/\\\/www.feyalegria.org\\\/venezuela\\\/?s={search_term_string}\"},\"query-input\":{\"@type\":\"PropertyValueSpecification\",\"valueRequired\":true,\"valueName\":\"search_term_string\"}}],\"inLanguage\":\"es\"},{\"@type\":\"Person\",\"@id\":\"https:\\\/\\\/www.feyalegria.org\\\/venezuela\\\/#\\\/schema\\\/person\\\/fcd504e06f93320841b99f79f3ab0180\",\"name\":\"Erika Briceno\",\"url\":\"https:\\\/\\\/www.feyalegria.org\\\/venezuela\\\/author\\\/comunfifya\\\/\"}]}<\/script>\n<!-- \/ Yoast SEO plugin. -->","yoast_head_json":{"title":"Formamos para promover el talento productivo - Fe y Alegr\u00eda en Venezuela","description":"El objetivo de estas formaciones no solo es capacitar y cambiar la realidad de cada participante sino sembrar un esp\u00edritu emprendedor","robots":{"index":"index","follow":"follow","max-snippet":"max-snippet:-1","max-image-preview":"max-image-preview:large","max-video-preview":"max-video-preview:-1"},"canonical":"https:\/\/www.feyalegria.org\/venezuela\/formamos-para-promover-el-talento-productivo\/","og_locale":"es_ES","og_type":"article","og_title":"Formamos para promover el talento productivo - Fe y Alegr\u00eda en Venezuela","og_description":"El objetivo de estas formaciones no solo es capacitar y cambiar la realidad de cada participante sino sembrar un esp\u00edritu emprendedor","og_url":"https:\/\/www.feyalegria.org\/venezuela\/formamos-para-promover-el-talento-productivo\/","og_site_name":"Fe y Alegr\u00eda en Venezuela","article_published_time":"2024-04-18T12:09:52+00:00","article_modified_time":"2024-04-18T12:11:56+00:00","og_image":[{"width":800,"height":500,"url":"https:\/\/d3pugrm67vf9n7.cloudfront.net\/wp-content\/uploads\/sites\/4\/2024\/04\/18115956\/Barbeira_SOS-Maracaibo.jpg","type":"image\/jpeg"}],"author":"Erika Briceno","twitter_card":"summary_large_image","twitter_misc":{"Escrito por":"Erika Briceno","Tiempo de lectura":"3 minutos"},"schema":{"@context":"https:\/\/schema.org","@graph":[{"@type":"Article","@id":"https:\/\/www.feyalegria.org\/venezuela\/formamos-para-promover-el-talento-productivo\/#article","isPartOf":{"@id":"https:\/\/www.feyalegria.org\/venezuela\/formamos-para-promover-el-talento-productivo\/"},"author":{"name":"Erika Briceno","@id":"https:\/\/www.feyalegria.org\/venezuela\/#\/schema\/person\/fcd504e06f93320841b99f79f3ab0180"},"headline":"Formamos para promover el talento productivo","datePublished":"2024-04-18T12:09:52+00:00","dateModified":"2024-04-18T12:11:56+00:00","mainEntityOfPage":{"@id":"https:\/\/www.feyalegria.org\/venezuela\/formamos-para-promover-el-talento-productivo\/"},"wordCount":683,"commentCount":0,"image":{"@id":"https:\/\/www.feyalegria.org\/venezuela\/formamos-para-promover-el-talento-productivo\/#primaryimage"},"thumbnailUrl":"https:\/\/d3pugrm67vf9n7.cloudfront.net\/wp-content\/uploads\/sites\/4\/2024\/04\/18115956\/Barbeira_SOS-Maracaibo.jpg","keywords":["Capacitaci\u00f3n","Cursos"],"articleSection":["Bolet\u00edn Interno"],"inLanguage":"es","potentialAction":[{"@type":"CommentAction","name":"Comment","target":["https:\/\/www.feyalegria.org\/venezuela\/formamos-para-promover-el-talento-productivo\/#respond"]}]},{"@type":"WebPage","@id":"https:\/\/www.feyalegria.org\/venezuela\/formamos-para-promover-el-talento-productivo\/","url":"https:\/\/www.feyalegria.org\/venezuela\/formamos-para-promover-el-talento-productivo\/","name":"Formamos para promover el talento productivo - Fe y Alegr\u00eda en Venezuela","isPartOf":{"@id":"https:\/\/www.feyalegria.org\/venezuela\/#website"},"primaryImageOfPage":{"@id":"https:\/\/www.feyalegria.org\/venezuela\/formamos-para-promover-el-talento-productivo\/#primaryimage"},"image":{"@id":"https:\/\/www.feyalegria.org\/venezuela\/formamos-para-promover-el-talento-productivo\/#primaryimage"},"thumbnailUrl":"https:\/\/d3pugrm67vf9n7.cloudfront.net\/wp-content\/uploads\/sites\/4\/2024\/04\/18115956\/Barbeira_SOS-Maracaibo.jpg","datePublished":"2024-04-18T12:09:52+00:00","dateModified":"2024-04-18T12:11:56+00:00","author":{"@id":"https:\/\/www.feyalegria.org\/venezuela\/#\/schema\/person\/fcd504e06f93320841b99f79f3ab0180"},"description":"El objetivo de estas formaciones no solo es capacitar y cambiar la realidad de cada participante sino sembrar un esp\u00edritu emprendedor","inLanguage":"es","potentialAction":[{"@type":"ReadAction","target":["https:\/\/www.feyalegria.org\/venezuela\/formamos-para-promover-el-talento-productivo\/"]}]},{"@type":"ImageObject","inLanguage":"es","@id":"https:\/\/www.feyalegria.org\/venezuela\/formamos-para-promover-el-talento-productivo\/#primaryimage","url":"https:\/\/d3pugrm67vf9n7.cloudfront.net\/wp-content\/uploads\/sites\/4\/2024\/04\/18115956\/Barbeira_SOS-Maracaibo.jpg","contentUrl":"https:\/\/d3pugrm67vf9n7.cloudfront.net\/wp-content\/uploads\/sites\/4\/2024\/04\/18115956\/Barbeira_SOS-Maracaibo.jpg","width":800,"height":500},{"@type":"WebSite","@id":"https:\/\/www.feyalegria.org\/venezuela\/#website","url":"https:\/\/www.feyalegria.org\/venezuela\/","name":"Fe y Alegr\u00eda en Venezuela","description":"","potentialAction":[{"@type":"SearchAction","target":{"@type":"EntryPoint","urlTemplate":"https:\/\/www.feyalegria.org\/venezuela\/?s={search_term_string}"},"query-input":{"@type":"PropertyValueSpecification","valueRequired":true,"valueName":"search_term_string"}}],"inLanguage":"es"},{"@type":"Person","@id":"https:\/\/www.feyalegria.org\/venezuela\/#\/schema\/person\/fcd504e06f93320841b99f79f3ab0180","name":"Erika Briceno","url":"https:\/\/www.feyalegria.org\/venezuela\/author\/comunfifya\/"}]}},"_links":{"self":[{"href":"https:\/\/www.feyalegria.org\/venezuela\/wp-json\/wp\/v2\/posts\/5669","targetHints":{"allow":["GET"]}}],"collection":[{"href":"https:\/\/www.feyalegria.org\/venezuela\/wp-json\/wp\/v2\/posts"}],"about":[{"href":"https:\/\/www.feyalegria.org\/venezuela\/wp-json\/wp\/v2\/types\/post"}],"author":[{"embeddable":true,"href":"https:\/\/www.feyalegria.org\/venezuela\/wp-json\/wp\/v2\/users\/6"}],"replies":[{"embeddable":true,"href":"https:\/\/www.feyalegria.org\/venezuela\/wp-json\/wp\/v2\/comments?post=5669"}],"version-history":[{"count":0,"href":"https:\/\/www.feyalegria.org\/venezuela\/wp-json\/wp\/v2\/posts\/5669\/revisions"}],"wp:featuredmedia":[{"embeddable":true,"href":"https:\/\/www.feyalegria.org\/venezuela\/wp-json\/wp\/v2\/media\/5675"}],"wp:attachment":[{"href":"https:\/\/www.feyalegria.org\/venezuela\/wp-json\/wp\/v2\/media?parent=5669"}],"wp:term":[{"taxonomy":"category","embeddable":true,"href":"https:\/\/www.feyalegria.org\/venezuela\/wp-json\/wp\/v2\/categories?post=5669"},{"taxonomy":"post_tag","embeddable":true,"href":"https:\/\/www.feyalegria.org\/venezuela\/wp-json\/wp\/v2\/tags?post=5669"},{"taxonomy":"post_folder","embeddable":true,"href":"https:\/\/www.feyalegria.org\/venezuela\/wp-json\/wp\/v2\/post_folder?post=5669"}],"curies":[{"name":"wp","href":"https:\/\/api.w.org\/{rel}","templated":true}]}}