 {"id":5798,"date":"2024-05-02T16:18:48","date_gmt":"2024-05-02T16:18:48","guid":{"rendered":"https:\/\/www.feyalegria.org\/venezuela\/?p=5798"},"modified":"2024-05-02T17:44:07","modified_gmt":"2024-05-02T17:44:07","slug":"una-feria-que-contagia-cultura","status":"publish","type":"post","link":"https:\/\/www.feyalegria.org\/venezuela\/una-feria-que-contagia-cultura\/","title":{"rendered":"Una Feria que contagia cultura"},"content":{"rendered":"<div class=\"wpb-content-wrapper\"><p>[vc_row][vc_column][vc_column_text css=\u00bb\u00bb]<\/p>\n<h1><b><i>Una Feria que contagia cultura<\/i><\/b><\/h1>\n<p>[\/vc_column_text][vc_single_image image=\u00bb5804&#8243; img_size=\u00bbfull\u00bb alignment=\u00bbcenter\u00bb css=\u00bb\u00bb][vc_column_text css=\u00bb\u00bb]<\/p>\n<p style=\"text-align: right\"><b>Yorgelis Cogollo<br \/>\n<\/b><em>Referente de Comunicaci\u00f3n de Fe y Alegr\u00eda Escuela<\/em><\/p>\n<p>[\/vc_column_text][vc_separator][vc_column_text css=\u00bb\u00bb]<\/p>\n<p style=\"text-align: justify\"><span style=\"font-weight: 400\">El programa Escuela particip\u00f3 en la feria de la lectura del Colegio Integral El \u00c1vila, con el objetivo de promover los valores de lectura y contagiar de entusiasmo a los estudiantes de Fe y Alegr\u00eda al momento de tomar un libro.\u00a0<\/span><\/p>\n<p>&nbsp;<\/p>\n<p style=\"text-align: justify\"><span style=\"font-weight: 400\">Esta actividad estuvo orientada bajo el lema \u201c<\/span><b>Cada lectura, un renacimiento\u201d<\/b><span style=\"font-weight: 400\">, frase que emprende una etapa crucial en la historia universal,\u00a0 ya que dio paso al mundo moderno, cultivando en la sociedad el uso de la raz\u00f3n, el inter\u00e9s por la condici\u00f3n humana y el desarrollo integral de la persona. \u00c9ste tiempo moderno desemboc\u00f3 en una enorme producci\u00f3n en las artes, la escultura y la pintura. Con esta consigna el colegio decidi\u00f3 dar paso a la celebraci\u00f3n del libro, dando a conocer la gran importancia de la imprenta y c\u00f3mo este instrumento favorece al acceso a la lectura y la difusi\u00f3n de la cultura.\u00a0<\/span><\/p>\n<p>&nbsp;<\/p>\n<p style=\"text-align: justify\"><span style=\"font-weight: 400\">La feria cont\u00f3 con diferentes stands para la compra y venta de libros y, desde el 22 al 26 de abril, el colegio estar\u00e1 llevando a cabo diversas\u00a0 actividades culturales y literarias para que el estudiante pueda ampliar sus conocimientos de manera recreativa.\u00a0<\/span><\/p>\n<p>&nbsp;<\/p>\n<p style=\"text-align: justify\"><span style=\"font-weight: 400\">Durante la semana, el equipo docente de Fe y Alegr\u00eda de Caracas-La Guaira particip\u00f3 en la Feria. Entre ellos se encontraban Aisel Ricarte y Marbella Longan, profesoras y promotoras del Centro de Recursos para el Aprendizaje (CERPA) de la U.E. Eugenio Andr\u00e9s Mendoza; Mar\u00eda Eugenia Azabache, profesora y promotora del CERPA de la U.E Sagrada Familia de Fe y Alegr\u00eda; y Basby Gonz\u00e1lez, subdirectora del colegio Padre Jos\u00e9 Mar\u00eda V\u00e9laz. Este destacado grupo de docentes llev\u00f3 a cabo diversas actividades en la feria, que incluyeron cantos, cuentos e interpretaciones de personajes c\u00e9lebres de la literatura venezolana. Los estudiantes disfrutaron de un d\u00eda agradable en compa\u00f1\u00eda de este talentoso equipo docente.<\/span><\/p>\n<p>&nbsp;<\/p>\n<p style=\"text-align: justify\"><span style=\"font-weight: 400\">El coraz\u00f3n de Fe y Alegr\u00eda siempre est\u00e1 presente en cada espacio de aprendizaje para acompa\u00f1ar al estudiante en su proceso de formaci\u00f3n. Al ser part\u00edcipe de este evento, el movimiento fomenta valores al mismo tiempo que educa, dejando una huella en cada uno de los participantes.<\/span><\/p>\n<p>[\/vc_column_text][vc_row_inner][vc_column_inner width=\u00bb1\/2&#8243;][vc_single_image image=\u00bb5803&#8243; img_size=\u00bbfull\u00bb alignment=\u00bbcenter\u00bb onclick=\u00bblink_image\u00bb css=\u00bb\u00bb][\/vc_column_inner][vc_column_inner width=\u00bb1\/2&#8243;][vc_single_image image=\u00bb5805&#8243; img_size=\u00bbfull\u00bb alignment=\u00bbcenter\u00bb onclick=\u00bblink_image\u00bb css=\u00bb\u00bb][\/vc_column_inner][\/vc_row_inner][vc_column_text css=\u00bb\u00bb]<\/p>\n<p style=\"text-align: right\"><strong>Caracas, 2 de mayo de 2024<\/strong><\/p>\n<p>[\/vc_column_text][\/vc_column][\/vc_row]<\/p>\n<\/div>","protected":false},"excerpt":{"rendered":"<div style=\"height: 265px\">El programa Escuela particip\u00f3 en la feria de la lectura del Colegio Integral El \u00c1vila, con el objetivo de promover los valores de lectura y el entusiasmo en los estudiantes&#8230;<\/div>\n","protected":false},"author":6,"featured_media":5803,"comment_status":"open","ping_status":"open","sticky":false,"template":"","format":"standard","meta":{"_acf_changed":false,"footnotes":""},"categories":[746],"tags":[740,382,804],"post_folder":[],"class_list":["post-5798","post","type-post","status-publish","format-standard","has-post-thumbnail","hentry","category-boletin-interno","tag-educacion-en-venezuela","tag-escuela","tag-promocion-de-la-lectura"],"acf":[],"yoast_head":"<!-- This site is optimized with the Yoast SEO plugin v27.4 - https:\/\/yoast.com\/product\/yoast-seo-wordpress\/ -->\n<title>Una Feria que contagia cultura - Fe y Alegr\u00eda en Venezuela<\/title>\n<meta name=\"description\" content=\"El programa Escuela particip\u00f3 en la feria de la lectura del Colegio Integral El \u00c1vila, con el objetivo de promover los valores de lectura\" \/>\n<meta name=\"robots\" content=\"index, follow, max-snippet:-1, max-image-preview:large, max-video-preview:-1\" \/>\n<link rel=\"canonical\" href=\"https:\/\/www.feyalegria.org\/venezuela\/una-feria-que-contagia-cultura\/\" \/>\n<meta property=\"og:locale\" content=\"es_ES\" \/>\n<meta property=\"og:type\" content=\"article\" \/>\n<meta property=\"og:title\" content=\"Una Feria que contagia cultura - Fe y Alegr\u00eda en Venezuela\" \/>\n<meta property=\"og:description\" content=\"El programa Escuela particip\u00f3 en la feria de la lectura del Colegio Integral El \u00c1vila, con el objetivo de promover los valores de lectura\" \/>\n<meta property=\"og:url\" content=\"https:\/\/www.feyalegria.org\/venezuela\/una-feria-que-contagia-cultura\/\" \/>\n<meta property=\"og:site_name\" content=\"Fe y Alegr\u00eda en Venezuela\" \/>\n<meta property=\"article:published_time\" content=\"2024-05-02T16:18:48+00:00\" \/>\n<meta property=\"article:modified_time\" content=\"2024-05-02T17:44:07+00:00\" \/>\n<meta property=\"og:image\" content=\"https:\/\/d3pugrm67vf9n7.cloudfront.net\/wp-content\/uploads\/sites\/4\/2024\/05\/02161318\/1Escuela-5.jpg\" \/>\n\t<meta property=\"og:image:width\" content=\"800\" \/>\n\t<meta property=\"og:image:height\" content=\"500\" \/>\n\t<meta property=\"og:image:type\" content=\"image\/jpeg\" \/>\n<meta name=\"author\" content=\"Erika Briceno\" \/>\n<meta name=\"twitter:card\" content=\"summary_large_image\" \/>\n<meta name=\"twitter:label1\" content=\"Escrito por\" \/>\n\t<meta name=\"twitter:data1\" content=\"Erika Briceno\" \/>\n\t<meta name=\"twitter:label2\" content=\"Tiempo de lectura\" \/>\n\t<meta name=\"twitter:data2\" content=\"3 minutos\" \/>\n<script type=\"application\/ld+json\" class=\"yoast-schema-graph\">{\"@context\":\"https:\\\/\\\/schema.org\",\"@graph\":[{\"@type\":\"Article\",\"@id\":\"https:\\\/\\\/www.feyalegria.org\\\/venezuela\\\/una-feria-que-contagia-cultura\\\/#article\",\"isPartOf\":{\"@id\":\"https:\\\/\\\/www.feyalegria.org\\\/venezuela\\\/una-feria-que-contagia-cultura\\\/\"},\"author\":{\"name\":\"Erika Briceno\",\"@id\":\"https:\\\/\\\/www.feyalegria.org\\\/venezuela\\\/#\\\/schema\\\/person\\\/fcd504e06f93320841b99f79f3ab0180\"},\"headline\":\"Una Feria que contagia cultura\",\"datePublished\":\"2024-05-02T16:18:48+00:00\",\"dateModified\":\"2024-05-02T17:44:07+00:00\",\"mainEntityOfPage\":{\"@id\":\"https:\\\/\\\/www.feyalegria.org\\\/venezuela\\\/una-feria-que-contagia-cultura\\\/\"},\"wordCount\":492,\"commentCount\":0,\"image\":{\"@id\":\"https:\\\/\\\/www.feyalegria.org\\\/venezuela\\\/una-feria-que-contagia-cultura\\\/#primaryimage\"},\"thumbnailUrl\":\"https:\\\/\\\/d3pugrm67vf9n7.cloudfront.net\\\/wp-content\\\/uploads\\\/sites\\\/4\\\/2024\\\/05\\\/02161318\\\/1Escuela-5.jpg\",\"keywords\":[\"Educaci\u00f3n en Venezuela\",\"Escuela\",\"Promoci\u00f3n de la lectura\"],\"articleSection\":[\"Bolet\u00edn Interno\"],\"inLanguage\":\"es\",\"potentialAction\":[{\"@type\":\"CommentAction\",\"name\":\"Comment\",\"target\":[\"https:\\\/\\\/www.feyalegria.org\\\/venezuela\\\/una-feria-que-contagia-cultura\\\/#respond\"]}]},{\"@type\":\"WebPage\",\"@id\":\"https:\\\/\\\/www.feyalegria.org\\\/venezuela\\\/una-feria-que-contagia-cultura\\\/\",\"url\":\"https:\\\/\\\/www.feyalegria.org\\\/venezuela\\\/una-feria-que-contagia-cultura\\\/\",\"name\":\"Una Feria que contagia cultura - Fe y Alegr\u00eda en Venezuela\",\"isPartOf\":{\"@id\":\"https:\\\/\\\/www.feyalegria.org\\\/venezuela\\\/#website\"},\"primaryImageOfPage\":{\"@id\":\"https:\\\/\\\/www.feyalegria.org\\\/venezuela\\\/una-feria-que-contagia-cultura\\\/#primaryimage\"},\"image\":{\"@id\":\"https:\\\/\\\/www.feyalegria.org\\\/venezuela\\\/una-feria-que-contagia-cultura\\\/#primaryimage\"},\"thumbnailUrl\":\"https:\\\/\\\/d3pugrm67vf9n7.cloudfront.net\\\/wp-content\\\/uploads\\\/sites\\\/4\\\/2024\\\/05\\\/02161318\\\/1Escuela-5.jpg\",\"datePublished\":\"2024-05-02T16:18:48+00:00\",\"dateModified\":\"2024-05-02T17:44:07+00:00\",\"author\":{\"@id\":\"https:\\\/\\\/www.feyalegria.org\\\/venezuela\\\/#\\\/schema\\\/person\\\/fcd504e06f93320841b99f79f3ab0180\"},\"description\":\"El programa Escuela particip\u00f3 en la feria de la lectura del Colegio Integral El \u00c1vila, con el objetivo de promover los valores de lectura\",\"inLanguage\":\"es\",\"potentialAction\":[{\"@type\":\"ReadAction\",\"target\":[\"https:\\\/\\\/www.feyalegria.org\\\/venezuela\\\/una-feria-que-contagia-cultura\\\/\"]}]},{\"@type\":\"ImageObject\",\"inLanguage\":\"es\",\"@id\":\"https:\\\/\\\/www.feyalegria.org\\\/venezuela\\\/una-feria-que-contagia-cultura\\\/#primaryimage\",\"url\":\"https:\\\/\\\/d3pugrm67vf9n7.cloudfront.net\\\/wp-content\\\/uploads\\\/sites\\\/4\\\/2024\\\/05\\\/02161318\\\/1Escuela-5.jpg\",\"contentUrl\":\"https:\\\/\\\/d3pugrm67vf9n7.cloudfront.net\\\/wp-content\\\/uploads\\\/sites\\\/4\\\/2024\\\/05\\\/02161318\\\/1Escuela-5.jpg\",\"width\":800,\"height\":500},{\"@type\":\"WebSite\",\"@id\":\"https:\\\/\\\/www.feyalegria.org\\\/venezuela\\\/#website\",\"url\":\"https:\\\/\\\/www.feyalegria.org\\\/venezuela\\\/\",\"name\":\"Fe y Alegr\u00eda en Venezuela\",\"description\":\"\",\"potentialAction\":[{\"@type\":\"SearchAction\",\"target\":{\"@type\":\"EntryPoint\",\"urlTemplate\":\"https:\\\/\\\/www.feyalegria.org\\\/venezuela\\\/?s={search_term_string}\"},\"query-input\":{\"@type\":\"PropertyValueSpecification\",\"valueRequired\":true,\"valueName\":\"search_term_string\"}}],\"inLanguage\":\"es\"},{\"@type\":\"Person\",\"@id\":\"https:\\\/\\\/www.feyalegria.org\\\/venezuela\\\/#\\\/schema\\\/person\\\/fcd504e06f93320841b99f79f3ab0180\",\"name\":\"Erika Briceno\",\"url\":\"https:\\\/\\\/www.feyalegria.org\\\/venezuela\\\/author\\\/comunfifya\\\/\"}]}<\/script>\n<!-- \/ Yoast SEO plugin. -->","yoast_head_json":{"title":"Una Feria que contagia cultura - Fe y Alegr\u00eda en Venezuela","description":"El programa Escuela particip\u00f3 en la feria de la lectura del Colegio Integral El \u00c1vila, con el objetivo de promover los valores de lectura","robots":{"index":"index","follow":"follow","max-snippet":"max-snippet:-1","max-image-preview":"max-image-preview:large","max-video-preview":"max-video-preview:-1"},"canonical":"https:\/\/www.feyalegria.org\/venezuela\/una-feria-que-contagia-cultura\/","og_locale":"es_ES","og_type":"article","og_title":"Una Feria que contagia cultura - Fe y Alegr\u00eda en Venezuela","og_description":"El programa Escuela particip\u00f3 en la feria de la lectura del Colegio Integral El \u00c1vila, con el objetivo de promover los valores de lectura","og_url":"https:\/\/www.feyalegria.org\/venezuela\/una-feria-que-contagia-cultura\/","og_site_name":"Fe y Alegr\u00eda en Venezuela","article_published_time":"2024-05-02T16:18:48+00:00","article_modified_time":"2024-05-02T17:44:07+00:00","og_image":[{"width":800,"height":500,"url":"https:\/\/d3pugrm67vf9n7.cloudfront.net\/wp-content\/uploads\/sites\/4\/2024\/05\/02161318\/1Escuela-5.jpg","type":"image\/jpeg"}],"author":"Erika Briceno","twitter_card":"summary_large_image","twitter_misc":{"Escrito por":"Erika Briceno","Tiempo de lectura":"3 minutos"},"schema":{"@context":"https:\/\/schema.org","@graph":[{"@type":"Article","@id":"https:\/\/www.feyalegria.org\/venezuela\/una-feria-que-contagia-cultura\/#article","isPartOf":{"@id":"https:\/\/www.feyalegria.org\/venezuela\/una-feria-que-contagia-cultura\/"},"author":{"name":"Erika Briceno","@id":"https:\/\/www.feyalegria.org\/venezuela\/#\/schema\/person\/fcd504e06f93320841b99f79f3ab0180"},"headline":"Una Feria que contagia cultura","datePublished":"2024-05-02T16:18:48+00:00","dateModified":"2024-05-02T17:44:07+00:00","mainEntityOfPage":{"@id":"https:\/\/www.feyalegria.org\/venezuela\/una-feria-que-contagia-cultura\/"},"wordCount":492,"commentCount":0,"image":{"@id":"https:\/\/www.feyalegria.org\/venezuela\/una-feria-que-contagia-cultura\/#primaryimage"},"thumbnailUrl":"https:\/\/d3pugrm67vf9n7.cloudfront.net\/wp-content\/uploads\/sites\/4\/2024\/05\/02161318\/1Escuela-5.jpg","keywords":["Educaci\u00f3n en Venezuela","Escuela","Promoci\u00f3n de la lectura"],"articleSection":["Bolet\u00edn Interno"],"inLanguage":"es","potentialAction":[{"@type":"CommentAction","name":"Comment","target":["https:\/\/www.feyalegria.org\/venezuela\/una-feria-que-contagia-cultura\/#respond"]}]},{"@type":"WebPage","@id":"https:\/\/www.feyalegria.org\/venezuela\/una-feria-que-contagia-cultura\/","url":"https:\/\/www.feyalegria.org\/venezuela\/una-feria-que-contagia-cultura\/","name":"Una Feria que contagia cultura - Fe y Alegr\u00eda en Venezuela","isPartOf":{"@id":"https:\/\/www.feyalegria.org\/venezuela\/#website"},"primaryImageOfPage":{"@id":"https:\/\/www.feyalegria.org\/venezuela\/una-feria-que-contagia-cultura\/#primaryimage"},"image":{"@id":"https:\/\/www.feyalegria.org\/venezuela\/una-feria-que-contagia-cultura\/#primaryimage"},"thumbnailUrl":"https:\/\/d3pugrm67vf9n7.cloudfront.net\/wp-content\/uploads\/sites\/4\/2024\/05\/02161318\/1Escuela-5.jpg","datePublished":"2024-05-02T16:18:48+00:00","dateModified":"2024-05-02T17:44:07+00:00","author":{"@id":"https:\/\/www.feyalegria.org\/venezuela\/#\/schema\/person\/fcd504e06f93320841b99f79f3ab0180"},"description":"El programa Escuela particip\u00f3 en la feria de la lectura del Colegio Integral El \u00c1vila, con el objetivo de promover los valores de lectura","inLanguage":"es","potentialAction":[{"@type":"ReadAction","target":["https:\/\/www.feyalegria.org\/venezuela\/una-feria-que-contagia-cultura\/"]}]},{"@type":"ImageObject","inLanguage":"es","@id":"https:\/\/www.feyalegria.org\/venezuela\/una-feria-que-contagia-cultura\/#primaryimage","url":"https:\/\/d3pugrm67vf9n7.cloudfront.net\/wp-content\/uploads\/sites\/4\/2024\/05\/02161318\/1Escuela-5.jpg","contentUrl":"https:\/\/d3pugrm67vf9n7.cloudfront.net\/wp-content\/uploads\/sites\/4\/2024\/05\/02161318\/1Escuela-5.jpg","width":800,"height":500},{"@type":"WebSite","@id":"https:\/\/www.feyalegria.org\/venezuela\/#website","url":"https:\/\/www.feyalegria.org\/venezuela\/","name":"Fe y Alegr\u00eda en Venezuela","description":"","potentialAction":[{"@type":"SearchAction","target":{"@type":"EntryPoint","urlTemplate":"https:\/\/www.feyalegria.org\/venezuela\/?s={search_term_string}"},"query-input":{"@type":"PropertyValueSpecification","valueRequired":true,"valueName":"search_term_string"}}],"inLanguage":"es"},{"@type":"Person","@id":"https:\/\/www.feyalegria.org\/venezuela\/#\/schema\/person\/fcd504e06f93320841b99f79f3ab0180","name":"Erika Briceno","url":"https:\/\/www.feyalegria.org\/venezuela\/author\/comunfifya\/"}]}},"_links":{"self":[{"href":"https:\/\/www.feyalegria.org\/venezuela\/wp-json\/wp\/v2\/posts\/5798","targetHints":{"allow":["GET"]}}],"collection":[{"href":"https:\/\/www.feyalegria.org\/venezuela\/wp-json\/wp\/v2\/posts"}],"about":[{"href":"https:\/\/www.feyalegria.org\/venezuela\/wp-json\/wp\/v2\/types\/post"}],"author":[{"embeddable":true,"href":"https:\/\/www.feyalegria.org\/venezuela\/wp-json\/wp\/v2\/users\/6"}],"replies":[{"embeddable":true,"href":"https:\/\/www.feyalegria.org\/venezuela\/wp-json\/wp\/v2\/comments?post=5798"}],"version-history":[{"count":0,"href":"https:\/\/www.feyalegria.org\/venezuela\/wp-json\/wp\/v2\/posts\/5798\/revisions"}],"wp:featuredmedia":[{"embeddable":true,"href":"https:\/\/www.feyalegria.org\/venezuela\/wp-json\/wp\/v2\/media\/5803"}],"wp:attachment":[{"href":"https:\/\/www.feyalegria.org\/venezuela\/wp-json\/wp\/v2\/media?parent=5798"}],"wp:term":[{"taxonomy":"category","embeddable":true,"href":"https:\/\/www.feyalegria.org\/venezuela\/wp-json\/wp\/v2\/categories?post=5798"},{"taxonomy":"post_tag","embeddable":true,"href":"https:\/\/www.feyalegria.org\/venezuela\/wp-json\/wp\/v2\/tags?post=5798"},{"taxonomy":"post_folder","embeddable":true,"href":"https:\/\/www.feyalegria.org\/venezuela\/wp-json\/wp\/v2\/post_folder?post=5798"}],"curies":[{"name":"wp","href":"https:\/\/api.w.org\/{rel}","templated":true}]}}