{"id":5998,"date":"2024-05-16T13:42:10","date_gmt":"2024-05-16T13:42:10","guid":{"rendered":"https:\/\/www.feyalegria.org\/venezuela\/?p=5998"},"modified":"2024-05-16T13:55:12","modified_gmt":"2024-05-16T13:55:12","slug":"textiles-reyes-tejiendo-un-futuro-mejor-para-la-comunidad","status":"publish","type":"post","link":"https:\/\/www.feyalegria.org\/venezuela\/textiles-reyes-tejiendo-un-futuro-mejor-para-la-comunidad\/","title":{"rendered":"Textiles Reyes: tejiendo un futuro mejor para la comunidad"},"content":{"rendered":"<div class=\"wpb-content-wrapper\"><p>[vc_row][vc_column][vc_column_text css=\u00bb\u00bb]<\/p>\n<h1><b>Textiles Reyes: tejiendo un futuro mejor para la comunidad<\/b><\/h1>\n<p>[\/vc_column_text][vc_single_image image=\u00bb5999&#8243; img_size=\u00bbfull\u00bb alignment=\u00bbcenter\u00bb css=\u00bb\u00bb][vc_column_text css=\u00bb\u00bb]<\/p>\n<p style=\"text-align: right\"><strong>Germ\u00e1n Osorio | <\/strong><em>Referente de Comunicaci\u00f3n de Fe y Alegr\u00eda Capacitaci\u00f3n<\/em><\/p>\n<p style=\"text-align: right\"><strong>Lisbeth Rodr\u00edguez |<\/strong> <em>Coordinadora Nacional Emprendimiento, Productividad y Comunicaciones<\/em><\/p>\n<p>[\/vc_column_text][vc_separator][vc_column_text css=\u00bb\u00bb]<\/p>\n<p style=\"text-align: justify\"><span style=\"font-weight: 400\">\u00a1Aliados somos m\u00e1s grandes! A partir de una alianza entre el programa Capacitaci\u00f3n y la empresa SEDATEX para formar emprendedores textiles mediante cursos de corte y costura, surgi\u00f3 la Unidad Productiva Textiles Reyes, un proyecto impulsado por un grupo de participantes en honor a nuestro cofundador de Fe y Alegr\u00eda, Abraham Reyes.<\/span><\/p>\n<p style=\"text-align: justify\"><span style=\"font-weight: 400\"><br \/>\nUbicada en la comunidad Sim\u00f3n Bol\u00edvar de la parroquia Uni\u00f3n en Barquisimeto, estado Lara, esta unidad de producci\u00f3n confecciona uniformes deportivos, escolares y m\u00e9dicos. El equipo est\u00e1 conformado por cuatro personas: Mariana Mendoza (administradora), In\u00e9s Vertucci (costurera), Crist\u00f3bal Moreno (dise\u00f1ador) y Maryelis Mendoza (apoyo log\u00edstico).<\/span><\/p>\n<p style=\"text-align: justify\"><span style=\"font-weight: 400\"><br \/>\nTextiles Reyes se distingue por su compromiso con el medio ambiente, implementando pr\u00e1cticas sostenibles en su proceso de producci\u00f3n. Utilizan materiales reciclables y biodegradables en la elaboraci\u00f3n de sus uniformes, reduciendo as\u00ed su impacto ambiental y contribuyendo a la conservaci\u00f3n del entorno natural de la comunidad Sim\u00f3n Bol\u00edvar.<\/span><\/p>\n<h3 style=\"text-align: justify\"><span style=\"font-weight: 400\"><br \/>\nEl impulso de SEDATEX y el capital semilla<\/span><\/h3>\n<p style=\"text-align: justify\"><span style=\"font-weight: 400\"><br \/>\nEn este emprendimiento, SEDATEX jug\u00f3 un papel fundamental al facilitar la materia prima necesaria para las pr\u00e1cticas de los participantes. Adem\u00e1s, les otorg\u00f3 dos m\u00e1quinas de coser rectas industriales, una m\u00e1quina overlock industrial y una m\u00e1quina bordadora. Adicionalmente, aportaron el capital semilla para que el emprendimiento pudiera iniciar su producto m\u00ednimo viable y consolidarse en el tiempo.<\/span><\/p>\n<p style=\"text-align: justify\"><span style=\"font-weight: 400\"><br \/>\nM\u00e1s all\u00e1 de su funci\u00f3n productiva, Textiles Reyes se ha convertido en un espacio de aprendizaje pr\u00e1ctico para los participantes de los cursos de Fe y Alegr\u00eda Capacitaci\u00f3n. Los estudiantes tienen la oportunidad de poner en pr\u00e1ctica sus conocimientos y habilidades en un entorno real, adquiriendo experiencia valiosa para su futuro profesional.<\/span><\/p>\n<h3 style=\"text-align: justify\"><span style=\"font-weight: 400\"><br \/>\nLa meta: crecer y fortalecer el emprendimiento<\/span><\/h3>\n<p style=\"text-align: justify\"><span style=\"font-weight: 400\"><br \/>\nCrist\u00f3bal Moreno, encargado de dise\u00f1o de Textiles Reyes, nos coment\u00f3 que si bien el camino no ha sido f\u00e1cil, han logrado fortalecer el elemento productivo y sustentable del centro de capacitaci\u00f3n.<\/span><\/p>\n<p style=\"text-align: justify\"><span style=\"font-weight: 400\"><br \/>\n\u00abNo ha sido f\u00e1cil por lo que implica iniciar un emprendimiento en la realidad actual que vive nuestro pa\u00eds, pero se han dado los pasos para ir creando las bases para que Textiles Reyes a mediano plazo d\u00e9 los frutos que todos esperamos\u00bb, expres\u00f3 con esperanza.<\/span><\/p>\n<p style=\"text-align: justify\"><span style=\"font-weight: 400\"><br \/>\nEl equipo de Textiles Reyes trabaja incansablemente para convertirse en un referente en la elaboraci\u00f3n de productos textiles de calidad, satisfaciendo las demandas del sector empresarial, educativo y de salud. Adem\u00e1s, buscan generar fuentes de empleo que contribuyan a mejorar las condiciones econ\u00f3micas de quienes forman parte de este emprendimiento, bajo un enfoque colaborativo y cooperativista.<\/span><\/p>\n<p style=\"text-align: justify\"><span style=\"font-weight: 400\"><br \/>\nEn l\u00ednea con nuestro programa de capacitaci\u00f3n, Textiles Reyes invita a establecer pedidos y alianzas estrat\u00e9gicas que beneficien a ambas partes, fortaleciendo la sostenibilidad de los centros y fomentando una cultura productiva.<\/span><\/p>\n<p style=\"text-align: justify\"><span style=\"font-weight: 400\"><br \/>\nCon una visi\u00f3n clara de crecimiento y sostenibilidad, la Unidad Productiva Textiles Reyes se proyecta como un ejemplo de emprendimiento social y econ\u00f3mico en la regi\u00f3n, inspirando a otros a seguir su ejemplo y contribuir al desarrollo de sus comunidades.<\/span><\/p>\n<p>[\/vc_column_text][vc_row_inner][vc_column_inner width=\u00bb1\/2&#8243;][vc_single_image image=\u00bb6001&#8243; img_size=\u00bbfull\u00bb alignment=\u00bbcenter\u00bb css=\u00bb\u00bb][\/vc_column_inner][vc_column_inner width=\u00bb1\/2&#8243;][vc_single_image image=\u00bb6000&#8243; img_size=\u00bbfull\u00bb alignment=\u00bbcenter\u00bb css=\u00bb\u00bb][\/vc_column_inner][\/vc_row_inner][vc_column_text css=\u00bb\u00bb]<\/p>\n<p style=\"text-align: right\"><strong>Caracas, 16 de mayo de 2024<\/strong><\/p>\n<p>[\/vc_column_text][\/vc_column][\/vc_row]<\/p>\n<\/div>","protected":false},"excerpt":{"rendered":"<div style=\"height: 265px\">\u00a1Aliados somos m\u00e1s grandes! A partir de una alianza entre el programa Capacitaci\u00f3n y la empresa SEDATEX para formar emprendedores textiles mediante cursos de corte y costura, surgi\u00f3 la Unidad Productiva Textiles Reyes<\/div>\n","protected":false},"author":6,"featured_media":5999,"comment_status":"open","ping_status":"open","sticky":false,"template":"","format":"standard","meta":{"_acf_changed":false,"footnotes":""},"categories":[746],"tags":[634,823],"post_folder":[],"class_list":["post-5998","post","type-post","status-publish","format-standard","has-post-thumbnail","hentry","category-boletin-interno","tag-capacitacion","tag-textiles"],"acf":[],"yoast_head":"<!-- This site is optimized with the Yoast SEO plugin v27.5 - https:\/\/yoast.com\/product\/yoast-seo-wordpress\/ -->\n<title>Textiles Reyes: tejiendo un futuro mejor para la comunidad - Fe y Alegr\u00eda en Venezuela<\/title>\n<meta name=\"description\" content=\"A partir de una alianza surgi\u00f3 la Unidad Productiva Textiles Reyes para formar emprendedores textiles mediante cursos de corte y costura\" \/>\n<meta name=\"robots\" content=\"index, follow, max-snippet:-1, max-image-preview:large, max-video-preview:-1\" \/>\n<link rel=\"canonical\" href=\"https:\/\/www.feyalegria.org\/venezuela\/textiles-reyes-tejiendo-un-futuro-mejor-para-la-comunidad\/\" \/>\n<meta property=\"og:locale\" content=\"es_ES\" \/>\n<meta property=\"og:type\" content=\"article\" \/>\n<meta property=\"og:title\" content=\"Textiles Reyes: tejiendo un futuro mejor para la comunidad - Fe y Alegr\u00eda en Venezuela\" \/>\n<meta property=\"og:description\" content=\"A partir de una alianza surgi\u00f3 la Unidad Productiva Textiles Reyes para formar emprendedores textiles mediante cursos de corte y costura\" \/>\n<meta property=\"og:url\" content=\"https:\/\/www.feyalegria.org\/venezuela\/textiles-reyes-tejiendo-un-futuro-mejor-para-la-comunidad\/\" \/>\n<meta property=\"og:site_name\" content=\"Fe y Alegr\u00eda en Venezuela\" \/>\n<meta property=\"article:published_time\" content=\"2024-05-16T13:42:10+00:00\" \/>\n<meta property=\"article:modified_time\" content=\"2024-05-16T13:55:12+00:00\" \/>\n<meta property=\"og:image\" content=\"https:\/\/d3pugrm67vf9n7.cloudfront.net\/wp-content\/uploads\/sites\/4\/2024\/05\/16133342\/1-Capacitacion-160524.jpg\" \/>\n\t<meta property=\"og:image:width\" content=\"800\" \/>\n\t<meta property=\"og:image:height\" content=\"500\" \/>\n\t<meta property=\"og:image:type\" content=\"image\/jpeg\" \/>\n<meta name=\"author\" content=\"Erika Briceno\" \/>\n<meta name=\"twitter:card\" content=\"summary_large_image\" \/>\n<meta name=\"twitter:label1\" content=\"Escrito por\" \/>\n\t<meta name=\"twitter:data1\" content=\"Erika Briceno\" \/>\n\t<meta name=\"twitter:label2\" content=\"Tiempo de lectura\" \/>\n\t<meta name=\"twitter:data2\" content=\"3 minutos\" \/>\n<script type=\"application\/ld+json\" class=\"yoast-schema-graph\">{\"@context\":\"https:\\\/\\\/schema.org\",\"@graph\":[{\"@type\":\"Article\",\"@id\":\"https:\\\/\\\/www.feyalegria.org\\\/venezuela\\\/textiles-reyes-tejiendo-un-futuro-mejor-para-la-comunidad\\\/#article\",\"isPartOf\":{\"@id\":\"https:\\\/\\\/www.feyalegria.org\\\/venezuela\\\/textiles-reyes-tejiendo-un-futuro-mejor-para-la-comunidad\\\/\"},\"author\":{\"name\":\"Erika Briceno\",\"@id\":\"https:\\\/\\\/www.feyalegria.org\\\/venezuela\\\/#\\\/schema\\\/person\\\/fcd504e06f93320841b99f79f3ab0180\"},\"headline\":\"Textiles Reyes: tejiendo un futuro mejor para la comunidad\",\"datePublished\":\"2024-05-16T13:42:10+00:00\",\"dateModified\":\"2024-05-16T13:55:12+00:00\",\"mainEntityOfPage\":{\"@id\":\"https:\\\/\\\/www.feyalegria.org\\\/venezuela\\\/textiles-reyes-tejiendo-un-futuro-mejor-para-la-comunidad\\\/\"},\"wordCount\":652,\"commentCount\":0,\"image\":{\"@id\":\"https:\\\/\\\/www.feyalegria.org\\\/venezuela\\\/textiles-reyes-tejiendo-un-futuro-mejor-para-la-comunidad\\\/#primaryimage\"},\"thumbnailUrl\":\"https:\\\/\\\/d3pugrm67vf9n7.cloudfront.net\\\/wp-content\\\/uploads\\\/sites\\\/4\\\/2024\\\/05\\\/16133342\\\/1-Capacitacion-160524.jpg\",\"keywords\":[\"Capacitaci\u00f3n\",\"Textiles\"],\"articleSection\":[\"Bolet\u00edn Interno\"],\"inLanguage\":\"es\",\"potentialAction\":[{\"@type\":\"CommentAction\",\"name\":\"Comment\",\"target\":[\"https:\\\/\\\/www.feyalegria.org\\\/venezuela\\\/textiles-reyes-tejiendo-un-futuro-mejor-para-la-comunidad\\\/#respond\"]}]},{\"@type\":\"WebPage\",\"@id\":\"https:\\\/\\\/www.feyalegria.org\\\/venezuela\\\/textiles-reyes-tejiendo-un-futuro-mejor-para-la-comunidad\\\/\",\"url\":\"https:\\\/\\\/www.feyalegria.org\\\/venezuela\\\/textiles-reyes-tejiendo-un-futuro-mejor-para-la-comunidad\\\/\",\"name\":\"Textiles Reyes: tejiendo un futuro mejor para la comunidad - Fe y Alegr\u00eda en Venezuela\",\"isPartOf\":{\"@id\":\"https:\\\/\\\/www.feyalegria.org\\\/venezuela\\\/#website\"},\"primaryImageOfPage\":{\"@id\":\"https:\\\/\\\/www.feyalegria.org\\\/venezuela\\\/textiles-reyes-tejiendo-un-futuro-mejor-para-la-comunidad\\\/#primaryimage\"},\"image\":{\"@id\":\"https:\\\/\\\/www.feyalegria.org\\\/venezuela\\\/textiles-reyes-tejiendo-un-futuro-mejor-para-la-comunidad\\\/#primaryimage\"},\"thumbnailUrl\":\"https:\\\/\\\/d3pugrm67vf9n7.cloudfront.net\\\/wp-content\\\/uploads\\\/sites\\\/4\\\/2024\\\/05\\\/16133342\\\/1-Capacitacion-160524.jpg\",\"datePublished\":\"2024-05-16T13:42:10+00:00\",\"dateModified\":\"2024-05-16T13:55:12+00:00\",\"author\":{\"@id\":\"https:\\\/\\\/www.feyalegria.org\\\/venezuela\\\/#\\\/schema\\\/person\\\/fcd504e06f93320841b99f79f3ab0180\"},\"description\":\"A partir de una alianza surgi\u00f3 la Unidad Productiva Textiles Reyes para formar emprendedores textiles mediante cursos de corte y costura\",\"inLanguage\":\"es\",\"potentialAction\":[{\"@type\":\"ReadAction\",\"target\":[\"https:\\\/\\\/www.feyalegria.org\\\/venezuela\\\/textiles-reyes-tejiendo-un-futuro-mejor-para-la-comunidad\\\/\"]}]},{\"@type\":\"ImageObject\",\"inLanguage\":\"es\",\"@id\":\"https:\\\/\\\/www.feyalegria.org\\\/venezuela\\\/textiles-reyes-tejiendo-un-futuro-mejor-para-la-comunidad\\\/#primaryimage\",\"url\":\"https:\\\/\\\/d3pugrm67vf9n7.cloudfront.net\\\/wp-content\\\/uploads\\\/sites\\\/4\\\/2024\\\/05\\\/16133342\\\/1-Capacitacion-160524.jpg\",\"contentUrl\":\"https:\\\/\\\/d3pugrm67vf9n7.cloudfront.net\\\/wp-content\\\/uploads\\\/sites\\\/4\\\/2024\\\/05\\\/16133342\\\/1-Capacitacion-160524.jpg\",\"width\":800,\"height\":500},{\"@type\":\"WebSite\",\"@id\":\"https:\\\/\\\/www.feyalegria.org\\\/venezuela\\\/#website\",\"url\":\"https:\\\/\\\/www.feyalegria.org\\\/venezuela\\\/\",\"name\":\"Fe y Alegr\u00eda en Venezuela\",\"description\":\"\",\"potentialAction\":[{\"@type\":\"SearchAction\",\"target\":{\"@type\":\"EntryPoint\",\"urlTemplate\":\"https:\\\/\\\/www.feyalegria.org\\\/venezuela\\\/?s={search_term_string}\"},\"query-input\":{\"@type\":\"PropertyValueSpecification\",\"valueRequired\":true,\"valueName\":\"search_term_string\"}}],\"inLanguage\":\"es\"},{\"@type\":\"Person\",\"@id\":\"https:\\\/\\\/www.feyalegria.org\\\/venezuela\\\/#\\\/schema\\\/person\\\/fcd504e06f93320841b99f79f3ab0180\",\"name\":\"Erika Briceno\",\"url\":\"https:\\\/\\\/www.feyalegria.org\\\/venezuela\\\/author\\\/comunfifya\\\/\"}]}<\/script>\n<!-- \/ Yoast SEO plugin. -->","yoast_head_json":{"title":"Textiles Reyes: tejiendo un futuro mejor para la comunidad - Fe y Alegr\u00eda en Venezuela","description":"A partir de una alianza surgi\u00f3 la Unidad Productiva Textiles Reyes para formar emprendedores textiles mediante cursos de corte y costura","robots":{"index":"index","follow":"follow","max-snippet":"max-snippet:-1","max-image-preview":"max-image-preview:large","max-video-preview":"max-video-preview:-1"},"canonical":"https:\/\/www.feyalegria.org\/venezuela\/textiles-reyes-tejiendo-un-futuro-mejor-para-la-comunidad\/","og_locale":"es_ES","og_type":"article","og_title":"Textiles Reyes: tejiendo un futuro mejor para la comunidad - Fe y Alegr\u00eda en Venezuela","og_description":"A partir de una alianza surgi\u00f3 la Unidad Productiva Textiles Reyes para formar emprendedores textiles mediante cursos de corte y costura","og_url":"https:\/\/www.feyalegria.org\/venezuela\/textiles-reyes-tejiendo-un-futuro-mejor-para-la-comunidad\/","og_site_name":"Fe y Alegr\u00eda en Venezuela","article_published_time":"2024-05-16T13:42:10+00:00","article_modified_time":"2024-05-16T13:55:12+00:00","og_image":[{"width":800,"height":500,"url":"https:\/\/d3pugrm67vf9n7.cloudfront.net\/wp-content\/uploads\/sites\/4\/2024\/05\/16133342\/1-Capacitacion-160524.jpg","type":"image\/jpeg"}],"author":"Erika Briceno","twitter_card":"summary_large_image","twitter_misc":{"Escrito por":"Erika Briceno","Tiempo de lectura":"3 minutos"},"schema":{"@context":"https:\/\/schema.org","@graph":[{"@type":"Article","@id":"https:\/\/www.feyalegria.org\/venezuela\/textiles-reyes-tejiendo-un-futuro-mejor-para-la-comunidad\/#article","isPartOf":{"@id":"https:\/\/www.feyalegria.org\/venezuela\/textiles-reyes-tejiendo-un-futuro-mejor-para-la-comunidad\/"},"author":{"name":"Erika Briceno","@id":"https:\/\/www.feyalegria.org\/venezuela\/#\/schema\/person\/fcd504e06f93320841b99f79f3ab0180"},"headline":"Textiles Reyes: tejiendo un futuro mejor para la comunidad","datePublished":"2024-05-16T13:42:10+00:00","dateModified":"2024-05-16T13:55:12+00:00","mainEntityOfPage":{"@id":"https:\/\/www.feyalegria.org\/venezuela\/textiles-reyes-tejiendo-un-futuro-mejor-para-la-comunidad\/"},"wordCount":652,"commentCount":0,"image":{"@id":"https:\/\/www.feyalegria.org\/venezuela\/textiles-reyes-tejiendo-un-futuro-mejor-para-la-comunidad\/#primaryimage"},"thumbnailUrl":"https:\/\/d3pugrm67vf9n7.cloudfront.net\/wp-content\/uploads\/sites\/4\/2024\/05\/16133342\/1-Capacitacion-160524.jpg","keywords":["Capacitaci\u00f3n","Textiles"],"articleSection":["Bolet\u00edn Interno"],"inLanguage":"es","potentialAction":[{"@type":"CommentAction","name":"Comment","target":["https:\/\/www.feyalegria.org\/venezuela\/textiles-reyes-tejiendo-un-futuro-mejor-para-la-comunidad\/#respond"]}]},{"@type":"WebPage","@id":"https:\/\/www.feyalegria.org\/venezuela\/textiles-reyes-tejiendo-un-futuro-mejor-para-la-comunidad\/","url":"https:\/\/www.feyalegria.org\/venezuela\/textiles-reyes-tejiendo-un-futuro-mejor-para-la-comunidad\/","name":"Textiles Reyes: tejiendo un futuro mejor para la comunidad - Fe y Alegr\u00eda en Venezuela","isPartOf":{"@id":"https:\/\/www.feyalegria.org\/venezuela\/#website"},"primaryImageOfPage":{"@id":"https:\/\/www.feyalegria.org\/venezuela\/textiles-reyes-tejiendo-un-futuro-mejor-para-la-comunidad\/#primaryimage"},"image":{"@id":"https:\/\/www.feyalegria.org\/venezuela\/textiles-reyes-tejiendo-un-futuro-mejor-para-la-comunidad\/#primaryimage"},"thumbnailUrl":"https:\/\/d3pugrm67vf9n7.cloudfront.net\/wp-content\/uploads\/sites\/4\/2024\/05\/16133342\/1-Capacitacion-160524.jpg","datePublished":"2024-05-16T13:42:10+00:00","dateModified":"2024-05-16T13:55:12+00:00","author":{"@id":"https:\/\/www.feyalegria.org\/venezuela\/#\/schema\/person\/fcd504e06f93320841b99f79f3ab0180"},"description":"A partir de una alianza surgi\u00f3 la Unidad Productiva Textiles Reyes para formar emprendedores textiles mediante cursos de corte y costura","inLanguage":"es","potentialAction":[{"@type":"ReadAction","target":["https:\/\/www.feyalegria.org\/venezuela\/textiles-reyes-tejiendo-un-futuro-mejor-para-la-comunidad\/"]}]},{"@type":"ImageObject","inLanguage":"es","@id":"https:\/\/www.feyalegria.org\/venezuela\/textiles-reyes-tejiendo-un-futuro-mejor-para-la-comunidad\/#primaryimage","url":"https:\/\/d3pugrm67vf9n7.cloudfront.net\/wp-content\/uploads\/sites\/4\/2024\/05\/16133342\/1-Capacitacion-160524.jpg","contentUrl":"https:\/\/d3pugrm67vf9n7.cloudfront.net\/wp-content\/uploads\/sites\/4\/2024\/05\/16133342\/1-Capacitacion-160524.jpg","width":800,"height":500},{"@type":"WebSite","@id":"https:\/\/www.feyalegria.org\/venezuela\/#website","url":"https:\/\/www.feyalegria.org\/venezuela\/","name":"Fe y Alegr\u00eda en Venezuela","description":"","potentialAction":[{"@type":"SearchAction","target":{"@type":"EntryPoint","urlTemplate":"https:\/\/www.feyalegria.org\/venezuela\/?s={search_term_string}"},"query-input":{"@type":"PropertyValueSpecification","valueRequired":true,"valueName":"search_term_string"}}],"inLanguage":"es"},{"@type":"Person","@id":"https:\/\/www.feyalegria.org\/venezuela\/#\/schema\/person\/fcd504e06f93320841b99f79f3ab0180","name":"Erika Briceno","url":"https:\/\/www.feyalegria.org\/venezuela\/author\/comunfifya\/"}]}},"_links":{"self":[{"href":"https:\/\/www.feyalegria.org\/venezuela\/wp-json\/wp\/v2\/posts\/5998","targetHints":{"allow":["GET"]}}],"collection":[{"href":"https:\/\/www.feyalegria.org\/venezuela\/wp-json\/wp\/v2\/posts"}],"about":[{"href":"https:\/\/www.feyalegria.org\/venezuela\/wp-json\/wp\/v2\/types\/post"}],"author":[{"embeddable":true,"href":"https:\/\/www.feyalegria.org\/venezuela\/wp-json\/wp\/v2\/users\/6"}],"replies":[{"embeddable":true,"href":"https:\/\/www.feyalegria.org\/venezuela\/wp-json\/wp\/v2\/comments?post=5998"}],"version-history":[{"count":0,"href":"https:\/\/www.feyalegria.org\/venezuela\/wp-json\/wp\/v2\/posts\/5998\/revisions"}],"wp:featuredmedia":[{"embeddable":true,"href":"https:\/\/www.feyalegria.org\/venezuela\/wp-json\/wp\/v2\/media\/5999"}],"wp:attachment":[{"href":"https:\/\/www.feyalegria.org\/venezuela\/wp-json\/wp\/v2\/media?parent=5998"}],"wp:term":[{"taxonomy":"category","embeddable":true,"href":"https:\/\/www.feyalegria.org\/venezuela\/wp-json\/wp\/v2\/categories?post=5998"},{"taxonomy":"post_tag","embeddable":true,"href":"https:\/\/www.feyalegria.org\/venezuela\/wp-json\/wp\/v2\/tags?post=5998"},{"taxonomy":"post_folder","embeddable":true,"href":"https:\/\/www.feyalegria.org\/venezuela\/wp-json\/wp\/v2\/post_folder?post=5998"}],"curies":[{"name":"wp","href":"https:\/\/api.w.org\/{rel}","templated":true}]}}