 {"id":6090,"date":"2024-05-29T21:08:45","date_gmt":"2024-05-29T21:08:45","guid":{"rendered":"https:\/\/www.feyalegria.org\/venezuela\/?p=6090"},"modified":"2024-05-29T21:08:45","modified_gmt":"2024-05-29T21:08:45","slug":"jovenes-que-tejen-futuro","status":"publish","type":"post","link":"https:\/\/www.feyalegria.org\/venezuela\/jovenes-que-tejen-futuro\/","title":{"rendered":"J\u00f3venes que tejen futuro"},"content":{"rendered":"<div class=\"wpb-content-wrapper\"><p>[vc_row][vc_column][vc_column_text css=\u00bb\u00bb]<\/p>\n<h1><b>J\u00f3venes que tejen futuro<\/b><\/h1>\n<p>[\/vc_column_text][vc_single_image image=\u00bb6091&#8243; img_size=\u00bbfull\u00bb alignment=\u00bbcenter\u00bb css=\u00bb\u00bb][vc_column_text css=\u00bb\u00bb]<\/p>\n<p style=\"text-align: right\"><strong>Germ\u00e1n Osorio | <\/strong><em>Referente de Comunicaci\u00f3n de Fe y Alegr\u00eda Capacitaci\u00f3n<\/em><\/p>\n<p style=\"text-align: right\"><strong>Braulio Berm\u00fadez |<\/strong> <em>Responsable del Centro de Capacitaci\u00f3n Santa In\u00e9s<\/em><\/p>\n<p>[\/vc_column_text][vc_separator][vc_column_text css=\u00bb\u00bb]<\/p>\n<p style=\"text-align: justify\"><span style=\"font-weight: 400\">Un grupo de j\u00f3venes que participan en el curso de corte y confecci\u00f3n de uniformes en el centro de capacitaci\u00f3n Santa In\u00e9s, ubicado en la ciudad de Cuman\u00e1 del estado Sucre, recibieron la formaci\u00f3n \u00abRentabilidad de Negocios\u00bb, el cual responde a la l\u00ednea de emprendimiento del programa Capacitaci\u00f3n.<\/span><\/p>\n<p>&nbsp;<\/p>\n<p style=\"text-align: justify\"><span style=\"font-weight: 400\"><br \/>\nEl taller facilitado por Carlos Eduardo Pe\u00f1a, se realiz\u00f3 el pasado martes 14 de mayo, forma parte del plan de estudio que implementa la empresa SEDATEX en alianza con Fe y Alegr\u00eda Capacitaci\u00f3n.<\/span><\/p>\n<p>&nbsp;<\/p>\n<p style=\"text-align: justify\"><span style=\"font-weight: 400\"><br \/>\n\u00abEl enfoque de este taller est\u00e1 en los elementos para analizar la factibilidad econ\u00f3mica de los proyectos emprendedores. Se tratan temas de inversi\u00f3n, costos, precio de venta, flujo de caja y evaluaci\u00f3n financiera\u00bb, explic\u00f3 Pe\u00f1a.<\/span><\/p>\n<p>&nbsp;<\/p>\n<p style=\"text-align: justify\"><span style=\"font-weight: 400\"><br \/>\nCada uno de los temas abordados en el taller gener\u00f3 una discusi\u00f3n socializada por parte de los j\u00f3venes y el facilitador, con principal \u00e9nfasis en la experiencia emprendedora.<\/span><\/p>\n<p>&nbsp;<\/p>\n<p style=\"text-align: justify\"><span style=\"font-weight: 400\"><br \/>\nCeleste Vel\u00e1squez, una de las participantes del taller, manifest\u00f3 que el taller brind\u00f3 herramientas importantes \u00abpara que nosotros podamos realizar nuestros emprendimientos con \u00e9xito, y lograr encontrar la manera de hacer una propuesta de valor que se ajuste al mercado para ofrecer un producto de calidad, de buen precio y obtener ganancias de manera rentable\u00bb.<\/span><\/p>\n<p>&nbsp;<\/p>\n<p style=\"text-align: justify\"><span style=\"font-weight: 400\"><br \/>\nAsimismo, la participante Joseanny Torres afirm\u00f3 que el taller de Rentabilidad de Negocios fue de \u00abgran utilidad\u00bb para desarrollar de manera profesional sus emprendimientos.<\/span><\/p>\n<p>&nbsp;<\/p>\n<p style=\"text-align: justify\"><span style=\"font-weight: 400\"><br \/>\n\u00abNos mostraron la manera correcta de sacarle el costo a cada uno de nuestros productos, para as\u00ed no tener p\u00e9rdidas y que sea un emprendimiento rentable\u00bb, agreg\u00f3 Torres.<\/span><\/p>\n<p>&nbsp;<\/p>\n<p style=\"text-align: justify\"><span style=\"font-weight: 400\"><br \/>\nEn Fe y Alegr\u00eda Capacitaci\u00f3n, estamos constantemente promoviendo e impulsando la capacitaci\u00f3n en apoyo al emprendimiento y la inserci\u00f3n laboral de nuestros participantes. Por esta raz\u00f3n, la formaci\u00f3n en Rentabilidad de Negocios es fundamental para brindar a nuestros emprendedores potenciales, las herramientas necesarias para alcanzar el \u00e9xito en sus emprendimientos.<br \/>\n<\/span><\/p>\n<p>[\/vc_column_text][vc_column_text css=\u00bb\u00bb]<\/p>\n<p style=\"text-align: right\"><strong>Caracas, 29 de mayo de 2024<\/strong><\/p>\n<p>[\/vc_column_text][\/vc_column][\/vc_row]<\/p>\n<\/div>","protected":false},"excerpt":{"rendered":"<div style=\"height: 265px\"> j\u00f3venes que participan en el curso de corte y confecci\u00f3n de uniformes recibieron la formaci\u00f3n \u00abRentabilidad de Negocios\u00bb, Con el objetivo de fortalecer sus competencias como emprendedores.<\/div>\n","protected":false},"author":6,"featured_media":6091,"comment_status":"open","ping_status":"open","sticky":false,"template":"","format":"standard","meta":{"_acf_changed":false,"footnotes":""},"categories":[746],"tags":[634,774],"post_folder":[],"class_list":["post-6090","post","type-post","status-publish","format-standard","has-post-thumbnail","hentry","category-boletin-interno","tag-capacitacion","tag-emprendimiento"],"acf":[],"yoast_head":"<!-- This site is optimized with the Yoast SEO plugin v27.4 - https:\/\/yoast.com\/product\/yoast-seo-wordpress\/ -->\n<title>J\u00f3venes que tejen futuro - Fe y Alegr\u00eda en Venezuela<\/title>\n<meta name=\"description\" content=\"J\u00f3venes que participan en el curso de corte y confecci\u00f3n de uniformes recibieron la formaci\u00f3n &quot;Rentabilidad de Negocios&quot;.\" \/>\n<meta name=\"robots\" content=\"index, follow, max-snippet:-1, max-image-preview:large, max-video-preview:-1\" \/>\n<link rel=\"canonical\" href=\"https:\/\/www.feyalegria.org\/venezuela\/jovenes-que-tejen-futuro\/\" \/>\n<meta property=\"og:locale\" content=\"es_ES\" \/>\n<meta property=\"og:type\" content=\"article\" \/>\n<meta property=\"og:title\" content=\"J\u00f3venes que tejen futuro - Fe y Alegr\u00eda en Venezuela\" \/>\n<meta property=\"og:description\" content=\"J\u00f3venes que participan en el curso de corte y confecci\u00f3n de uniformes recibieron la formaci\u00f3n &quot;Rentabilidad de Negocios&quot;.\" \/>\n<meta property=\"og:url\" content=\"https:\/\/www.feyalegria.org\/venezuela\/jovenes-que-tejen-futuro\/\" \/>\n<meta property=\"og:site_name\" content=\"Fe y Alegr\u00eda en Venezuela\" \/>\n<meta property=\"article:published_time\" content=\"2024-05-29T21:08:45+00:00\" \/>\n<meta property=\"og:image\" content=\"https:\/\/d3pugrm67vf9n7.cloudfront.net\/wp-content\/uploads\/sites\/4\/2024\/05\/29210042\/Fe-y-legria-capacitacion-9-1.jpg\" \/>\n\t<meta property=\"og:image:width\" content=\"800\" \/>\n\t<meta property=\"og:image:height\" content=\"500\" \/>\n\t<meta property=\"og:image:type\" content=\"image\/jpeg\" \/>\n<meta name=\"author\" content=\"Erika Briceno\" \/>\n<meta name=\"twitter:card\" content=\"summary_large_image\" \/>\n<meta name=\"twitter:label1\" content=\"Escrito por\" \/>\n\t<meta name=\"twitter:data1\" content=\"Erika Briceno\" \/>\n\t<meta name=\"twitter:label2\" content=\"Tiempo de lectura\" \/>\n\t<meta name=\"twitter:data2\" content=\"2 minutos\" \/>\n<script type=\"application\/ld+json\" class=\"yoast-schema-graph\">{\"@context\":\"https:\\\/\\\/schema.org\",\"@graph\":[{\"@type\":\"Article\",\"@id\":\"https:\\\/\\\/www.feyalegria.org\\\/venezuela\\\/jovenes-que-tejen-futuro\\\/#article\",\"isPartOf\":{\"@id\":\"https:\\\/\\\/www.feyalegria.org\\\/venezuela\\\/jovenes-que-tejen-futuro\\\/\"},\"author\":{\"name\":\"Erika Briceno\",\"@id\":\"https:\\\/\\\/www.feyalegria.org\\\/venezuela\\\/#\\\/schema\\\/person\\\/fcd504e06f93320841b99f79f3ab0180\"},\"headline\":\"J\u00f3venes que tejen futuro\",\"datePublished\":\"2024-05-29T21:08:45+00:00\",\"mainEntityOfPage\":{\"@id\":\"https:\\\/\\\/www.feyalegria.org\\\/venezuela\\\/jovenes-que-tejen-futuro\\\/\"},\"wordCount\":419,\"commentCount\":0,\"image\":{\"@id\":\"https:\\\/\\\/www.feyalegria.org\\\/venezuela\\\/jovenes-que-tejen-futuro\\\/#primaryimage\"},\"thumbnailUrl\":\"https:\\\/\\\/d3pugrm67vf9n7.cloudfront.net\\\/wp-content\\\/uploads\\\/sites\\\/4\\\/2024\\\/05\\\/29210042\\\/Fe-y-legria-capacitacion-9-1.jpg\",\"keywords\":[\"Capacitaci\u00f3n\",\"emprendimiento\"],\"articleSection\":[\"Bolet\u00edn Interno\"],\"inLanguage\":\"es\",\"potentialAction\":[{\"@type\":\"CommentAction\",\"name\":\"Comment\",\"target\":[\"https:\\\/\\\/www.feyalegria.org\\\/venezuela\\\/jovenes-que-tejen-futuro\\\/#respond\"]}]},{\"@type\":\"WebPage\",\"@id\":\"https:\\\/\\\/www.feyalegria.org\\\/venezuela\\\/jovenes-que-tejen-futuro\\\/\",\"url\":\"https:\\\/\\\/www.feyalegria.org\\\/venezuela\\\/jovenes-que-tejen-futuro\\\/\",\"name\":\"J\u00f3venes que tejen futuro - Fe y Alegr\u00eda en Venezuela\",\"isPartOf\":{\"@id\":\"https:\\\/\\\/www.feyalegria.org\\\/venezuela\\\/#website\"},\"primaryImageOfPage\":{\"@id\":\"https:\\\/\\\/www.feyalegria.org\\\/venezuela\\\/jovenes-que-tejen-futuro\\\/#primaryimage\"},\"image\":{\"@id\":\"https:\\\/\\\/www.feyalegria.org\\\/venezuela\\\/jovenes-que-tejen-futuro\\\/#primaryimage\"},\"thumbnailUrl\":\"https:\\\/\\\/d3pugrm67vf9n7.cloudfront.net\\\/wp-content\\\/uploads\\\/sites\\\/4\\\/2024\\\/05\\\/29210042\\\/Fe-y-legria-capacitacion-9-1.jpg\",\"datePublished\":\"2024-05-29T21:08:45+00:00\",\"author\":{\"@id\":\"https:\\\/\\\/www.feyalegria.org\\\/venezuela\\\/#\\\/schema\\\/person\\\/fcd504e06f93320841b99f79f3ab0180\"},\"description\":\"J\u00f3venes que participan en el curso de corte y confecci\u00f3n de uniformes recibieron la formaci\u00f3n \\\"Rentabilidad de Negocios\\\".\",\"inLanguage\":\"es\",\"potentialAction\":[{\"@type\":\"ReadAction\",\"target\":[\"https:\\\/\\\/www.feyalegria.org\\\/venezuela\\\/jovenes-que-tejen-futuro\\\/\"]}]},{\"@type\":\"ImageObject\",\"inLanguage\":\"es\",\"@id\":\"https:\\\/\\\/www.feyalegria.org\\\/venezuela\\\/jovenes-que-tejen-futuro\\\/#primaryimage\",\"url\":\"https:\\\/\\\/d3pugrm67vf9n7.cloudfront.net\\\/wp-content\\\/uploads\\\/sites\\\/4\\\/2024\\\/05\\\/29210042\\\/Fe-y-legria-capacitacion-9-1.jpg\",\"contentUrl\":\"https:\\\/\\\/d3pugrm67vf9n7.cloudfront.net\\\/wp-content\\\/uploads\\\/sites\\\/4\\\/2024\\\/05\\\/29210042\\\/Fe-y-legria-capacitacion-9-1.jpg\",\"width\":800,\"height\":500},{\"@type\":\"WebSite\",\"@id\":\"https:\\\/\\\/www.feyalegria.org\\\/venezuela\\\/#website\",\"url\":\"https:\\\/\\\/www.feyalegria.org\\\/venezuela\\\/\",\"name\":\"Fe y Alegr\u00eda en Venezuela\",\"description\":\"\",\"potentialAction\":[{\"@type\":\"SearchAction\",\"target\":{\"@type\":\"EntryPoint\",\"urlTemplate\":\"https:\\\/\\\/www.feyalegria.org\\\/venezuela\\\/?s={search_term_string}\"},\"query-input\":{\"@type\":\"PropertyValueSpecification\",\"valueRequired\":true,\"valueName\":\"search_term_string\"}}],\"inLanguage\":\"es\"},{\"@type\":\"Person\",\"@id\":\"https:\\\/\\\/www.feyalegria.org\\\/venezuela\\\/#\\\/schema\\\/person\\\/fcd504e06f93320841b99f79f3ab0180\",\"name\":\"Erika Briceno\",\"url\":\"https:\\\/\\\/www.feyalegria.org\\\/venezuela\\\/author\\\/comunfifya\\\/\"}]}<\/script>\n<!-- \/ Yoast SEO plugin. -->","yoast_head_json":{"title":"J\u00f3venes que tejen futuro - Fe y Alegr\u00eda en Venezuela","description":"J\u00f3venes que participan en el curso de corte y confecci\u00f3n de uniformes recibieron la formaci\u00f3n \"Rentabilidad de Negocios\".","robots":{"index":"index","follow":"follow","max-snippet":"max-snippet:-1","max-image-preview":"max-image-preview:large","max-video-preview":"max-video-preview:-1"},"canonical":"https:\/\/www.feyalegria.org\/venezuela\/jovenes-que-tejen-futuro\/","og_locale":"es_ES","og_type":"article","og_title":"J\u00f3venes que tejen futuro - Fe y Alegr\u00eda en Venezuela","og_description":"J\u00f3venes que participan en el curso de corte y confecci\u00f3n de uniformes recibieron la formaci\u00f3n \"Rentabilidad de Negocios\".","og_url":"https:\/\/www.feyalegria.org\/venezuela\/jovenes-que-tejen-futuro\/","og_site_name":"Fe y Alegr\u00eda en Venezuela","article_published_time":"2024-05-29T21:08:45+00:00","og_image":[{"width":800,"height":500,"url":"https:\/\/d3pugrm67vf9n7.cloudfront.net\/wp-content\/uploads\/sites\/4\/2024\/05\/29210042\/Fe-y-legria-capacitacion-9-1.jpg","type":"image\/jpeg"}],"author":"Erika Briceno","twitter_card":"summary_large_image","twitter_misc":{"Escrito por":"Erika Briceno","Tiempo de lectura":"2 minutos"},"schema":{"@context":"https:\/\/schema.org","@graph":[{"@type":"Article","@id":"https:\/\/www.feyalegria.org\/venezuela\/jovenes-que-tejen-futuro\/#article","isPartOf":{"@id":"https:\/\/www.feyalegria.org\/venezuela\/jovenes-que-tejen-futuro\/"},"author":{"name":"Erika Briceno","@id":"https:\/\/www.feyalegria.org\/venezuela\/#\/schema\/person\/fcd504e06f93320841b99f79f3ab0180"},"headline":"J\u00f3venes que tejen futuro","datePublished":"2024-05-29T21:08:45+00:00","mainEntityOfPage":{"@id":"https:\/\/www.feyalegria.org\/venezuela\/jovenes-que-tejen-futuro\/"},"wordCount":419,"commentCount":0,"image":{"@id":"https:\/\/www.feyalegria.org\/venezuela\/jovenes-que-tejen-futuro\/#primaryimage"},"thumbnailUrl":"https:\/\/d3pugrm67vf9n7.cloudfront.net\/wp-content\/uploads\/sites\/4\/2024\/05\/29210042\/Fe-y-legria-capacitacion-9-1.jpg","keywords":["Capacitaci\u00f3n","emprendimiento"],"articleSection":["Bolet\u00edn Interno"],"inLanguage":"es","potentialAction":[{"@type":"CommentAction","name":"Comment","target":["https:\/\/www.feyalegria.org\/venezuela\/jovenes-que-tejen-futuro\/#respond"]}]},{"@type":"WebPage","@id":"https:\/\/www.feyalegria.org\/venezuela\/jovenes-que-tejen-futuro\/","url":"https:\/\/www.feyalegria.org\/venezuela\/jovenes-que-tejen-futuro\/","name":"J\u00f3venes que tejen futuro - Fe y Alegr\u00eda en Venezuela","isPartOf":{"@id":"https:\/\/www.feyalegria.org\/venezuela\/#website"},"primaryImageOfPage":{"@id":"https:\/\/www.feyalegria.org\/venezuela\/jovenes-que-tejen-futuro\/#primaryimage"},"image":{"@id":"https:\/\/www.feyalegria.org\/venezuela\/jovenes-que-tejen-futuro\/#primaryimage"},"thumbnailUrl":"https:\/\/d3pugrm67vf9n7.cloudfront.net\/wp-content\/uploads\/sites\/4\/2024\/05\/29210042\/Fe-y-legria-capacitacion-9-1.jpg","datePublished":"2024-05-29T21:08:45+00:00","author":{"@id":"https:\/\/www.feyalegria.org\/venezuela\/#\/schema\/person\/fcd504e06f93320841b99f79f3ab0180"},"description":"J\u00f3venes que participan en el curso de corte y confecci\u00f3n de uniformes recibieron la formaci\u00f3n \"Rentabilidad de Negocios\".","inLanguage":"es","potentialAction":[{"@type":"ReadAction","target":["https:\/\/www.feyalegria.org\/venezuela\/jovenes-que-tejen-futuro\/"]}]},{"@type":"ImageObject","inLanguage":"es","@id":"https:\/\/www.feyalegria.org\/venezuela\/jovenes-que-tejen-futuro\/#primaryimage","url":"https:\/\/d3pugrm67vf9n7.cloudfront.net\/wp-content\/uploads\/sites\/4\/2024\/05\/29210042\/Fe-y-legria-capacitacion-9-1.jpg","contentUrl":"https:\/\/d3pugrm67vf9n7.cloudfront.net\/wp-content\/uploads\/sites\/4\/2024\/05\/29210042\/Fe-y-legria-capacitacion-9-1.jpg","width":800,"height":500},{"@type":"WebSite","@id":"https:\/\/www.feyalegria.org\/venezuela\/#website","url":"https:\/\/www.feyalegria.org\/venezuela\/","name":"Fe y Alegr\u00eda en Venezuela","description":"","potentialAction":[{"@type":"SearchAction","target":{"@type":"EntryPoint","urlTemplate":"https:\/\/www.feyalegria.org\/venezuela\/?s={search_term_string}"},"query-input":{"@type":"PropertyValueSpecification","valueRequired":true,"valueName":"search_term_string"}}],"inLanguage":"es"},{"@type":"Person","@id":"https:\/\/www.feyalegria.org\/venezuela\/#\/schema\/person\/fcd504e06f93320841b99f79f3ab0180","name":"Erika Briceno","url":"https:\/\/www.feyalegria.org\/venezuela\/author\/comunfifya\/"}]}},"_links":{"self":[{"href":"https:\/\/www.feyalegria.org\/venezuela\/wp-json\/wp\/v2\/posts\/6090","targetHints":{"allow":["GET"]}}],"collection":[{"href":"https:\/\/www.feyalegria.org\/venezuela\/wp-json\/wp\/v2\/posts"}],"about":[{"href":"https:\/\/www.feyalegria.org\/venezuela\/wp-json\/wp\/v2\/types\/post"}],"author":[{"embeddable":true,"href":"https:\/\/www.feyalegria.org\/venezuela\/wp-json\/wp\/v2\/users\/6"}],"replies":[{"embeddable":true,"href":"https:\/\/www.feyalegria.org\/venezuela\/wp-json\/wp\/v2\/comments?post=6090"}],"version-history":[{"count":0,"href":"https:\/\/www.feyalegria.org\/venezuela\/wp-json\/wp\/v2\/posts\/6090\/revisions"}],"wp:featuredmedia":[{"embeddable":true,"href":"https:\/\/www.feyalegria.org\/venezuela\/wp-json\/wp\/v2\/media\/6091"}],"wp:attachment":[{"href":"https:\/\/www.feyalegria.org\/venezuela\/wp-json\/wp\/v2\/media?parent=6090"}],"wp:term":[{"taxonomy":"category","embeddable":true,"href":"https:\/\/www.feyalegria.org\/venezuela\/wp-json\/wp\/v2\/categories?post=6090"},{"taxonomy":"post_tag","embeddable":true,"href":"https:\/\/www.feyalegria.org\/venezuela\/wp-json\/wp\/v2\/tags?post=6090"},{"taxonomy":"post_folder","embeddable":true,"href":"https:\/\/www.feyalegria.org\/venezuela\/wp-json\/wp\/v2\/post_folder?post=6090"}],"curies":[{"name":"wp","href":"https:\/\/api.w.org\/{rel}","templated":true}]}}