{"id":6147,"date":"2024-06-05T20:05:28","date_gmt":"2024-06-05T20:05:28","guid":{"rendered":"https:\/\/www.feyalegria.org\/venezuela\/?p=6147"},"modified":"2024-06-17T19:27:44","modified_gmt":"2024-06-17T19:27:44","slug":"un-encuentro-de-aprendizaje-y-dialogo-2","status":"publish","type":"post","link":"https:\/\/www.feyalegria.org\/venezuela\/un-encuentro-de-aprendizaje-y-dialogo-2\/","title":{"rendered":"Un encuentro de aprendizaje y di\u00e1logo"},"content":{"rendered":"<div class=\"wpb-content-wrapper\"><p>[vc_row][vc_column][vc_column_text css=\u00bb\u00bb]<\/p>\n<h1><b>Un encuentro de aprendizaje y di\u00e1logo<\/b><\/h1>\n<p>[\/vc_column_text][vc_single_image image=\u00bb6148&#8243; img_size=\u00bbfull\u00bb alignment=\u00bbcenter\u00bb css=\u00bb\u00bb][vc_column_text css=\u00bb\u00bb]<\/p>\n<p style=\"text-align: right\"><strong>Germ\u00e1n Osorio | <\/strong><em>Referente de Comunicaci\u00f3n de Fe y Alegr\u00eda Capacitaci\u00f3n<\/em><\/p>\n<p>[\/vc_column_text][vc_separator][vc_column_text css=\u00bb\u00bb]<\/p>\n<p style=\"text-align: justify\">Entre el lunes 27 y el viernes 31 de mayo del a\u00f1o en curso, se llev\u00f3 a cabo el Encuentro Nacional de Equipo Ampliado de Fe y Alegr\u00eda Capacitaci\u00f3n, en la Casa de Encuentro Villa del Rosario, ubicada en El Junquito, municipio Libertador, Distrito Capital.<\/p>\n<p>&nbsp;<\/p>\n<p style=\"text-align: justify\">Durante una semana de intensa actividad, participaron todos los miembros del equipo nacional y los responsables estatales del programa Capacitaci\u00f3n. El encuentro se caracteriz\u00f3 por un ambiente de aprendizaje e intercambio, donde se desarrollaron actividades formativas, din\u00e1micas de trabajo en grupo y mesas de di\u00e1logo.<\/p>\n<p>&nbsp;<\/p>\n<p style=\"text-align: justify\">En los primeros tres d\u00edas, la formaci\u00f3n estuvo a cargo de la profesora Mar\u00eda M\u00e9ndez, quien se enfoc\u00f3 en temas relevantes como la gesti\u00f3n desde la productividad, el modelo educativo del programa y las estrategias de intervenci\u00f3n para el mejoramiento continuo. Asimismo, se revis\u00f3 el Plan Operativo Anual (POA) del programa y se examin\u00f3 el Modelo Educativo de Fe y Alegr\u00eda Venezuela.<\/p>\n<p>&nbsp;<\/p>\n<p style=\"text-align: justify\">La profesora M\u00e9ndez destac\u00f3 la importancia de empoderar a quienes gestionan estos procesos para que el programa contin\u00fae su crecimiento y se adapte a las necesidades del mercado.<\/p>\n<p>&nbsp;<\/p>\n<p style=\"text-align: justify\">\u201cEl programa de capacitaci\u00f3n ha hecho toda una redimensi\u00f3n de su propuesta. Ha dado pasos bien significativos e importantes, pero ya hay que ayudarle a que d\u00e9 un paso m\u00e1s all\u00e1, para que no se quede en la rutina, porque el mercado se mueve y los programas se tienen que mover\u201d, expres\u00f3 M\u00e9ndez.<\/p>\n<p>&nbsp;<\/p>\n<p style=\"text-align: justify\">De esa manera, insisti\u00f3 en que \u201chay que empoderar a quienes gestionan estos procesos y ese realmente es el objetivo que se alcanz\u00f3 en esta jornada\u201d.<\/p>\n<p>&nbsp;<\/p>\n<h3 style=\"text-align: justify\">Actualizaci\u00f3n laboral<\/h3>\n<p>&nbsp;<\/p>\n<p style=\"text-align: justify\">Entre los facilitadores, estuvo presente Jaime Cuello, asesor de la empresa Vencred, quien imparti\u00f3 una ponencia sobre la gesti\u00f3n desde la optimizaci\u00f3n de recursos y la sostenibilidad, con quien se concluy\u00f3 con una jornada centrada en la administraci\u00f3n nacional del programa, y especialmente en el sistema de cobranzas implementado este a\u00f1o.<\/p>\n<p>&nbsp;<\/p>\n<p style=\"text-align: justify\">En esta sesi\u00f3n, se brindaron herramientas y se aclararon dudas para garantizar la correcta actualizaci\u00f3n de cuentas y acompa\u00f1ar eficazmente este proceso en marcha del programa de capacitaci\u00f3n.<\/p>\n<p>&nbsp;<\/p>\n<h3 style=\"text-align: justify\">Mirada espiritual: reflexi\u00f3n y compromiso<\/h3>\n<p>&nbsp;<\/p>\n<p style=\"text-align: justify\">El encuentro tambi\u00e9n cont\u00f3 con la participaci\u00f3n del P. Jos\u00e9 Gregorio Ter\u00e1n, S.J., director general de Fe y Alegr\u00eda Venezuela, y Mireya Escalante, acompa\u00f1ante del programa Capacitaci\u00f3n. Ambos enfocaron su trabajo en la gesti\u00f3n desde la interioridad y el cuido del otro.<\/p>\n<p>&nbsp;<\/p>\n<p style=\"text-align: justify\">Se reflexion\u00f3 sobre los cambios a los que se ha enfrentado Fe y Alegr\u00eda, pensando en la forma en que el programa Capacitaci\u00f3n ha abordado estos cambios. Los participantes fueron invitados a so\u00f1ar con el programa ideal y plasmar ese sue\u00f1o en un texto.<\/p>\n<p>&nbsp;<\/p>\n<p style=\"text-align: justify\">El Encuentro Nacional de Equipo Ampliado de Fe y Alegr\u00eda Capacitaci\u00f3n fue un espacio de enriquecimiento profesional, espiritual y personal. Los participantes regresaron a sus comunidades con nuevas herramientas y estrategias para continuar fortaleciendo el programa y brindando oportunidades de formaci\u00f3n a miles de personas en toda Venezuela.<\/p>\n<p>[\/vc_column_text][vc_column_text css=\u00bb\u00bb]<\/p>\n<p style=\"text-align: right\"><strong>Caracas, 5 de junio de 2024<\/strong><\/p>\n<p>[\/vc_column_text][\/vc_column][\/vc_row]<\/p>\n<\/div>","protected":false},"excerpt":{"rendered":"<div style=\"height: 265px\">Entre el 27 y el 31 de mayo se llev\u00f3 a cabo el Encuentro Nacional de Equipo Ampliado de Fe y Alegr\u00eda Capacitaci\u00f3n. Espacio donde se abord\u00f3 el Plan Operativo Anual (POA) del programa y el Modelo Educativo de Fe y Alegr\u00eda Venezuela<\/div>\n","protected":false},"author":6,"featured_media":6148,"comment_status":"open","ping_status":"open","sticky":false,"template":"","format":"standard","meta":{"_acf_changed":false,"footnotes":""},"categories":[746],"tags":[634],"post_folder":[],"class_list":["post-6147","post","type-post","status-publish","format-standard","has-post-thumbnail","hentry","category-boletin-interno","tag-capacitacion"],"acf":[],"yoast_head":"<!-- This site is optimized with the Yoast SEO plugin v27.5 - https:\/\/yoast.com\/product\/yoast-seo-wordpress\/ -->\n<title>Un encuentro de aprendizaje y di\u00e1logo - Fe y Alegr\u00eda en Venezuela<\/title>\n<meta name=\"description\" content=\"Entre el 27 y el 31 de mayo se llev\u00f3 a cabo el Encuentro Nacional de Equipo Ampliado de Fe y Alegr\u00eda Capacitaci\u00f3n.\" \/>\n<meta name=\"robots\" content=\"index, follow, max-snippet:-1, max-image-preview:large, max-video-preview:-1\" \/>\n<link rel=\"canonical\" href=\"https:\/\/www.feyalegria.org\/venezuela\/un-encuentro-de-aprendizaje-y-dialogo-2\/\" \/>\n<meta property=\"og:locale\" content=\"es_ES\" \/>\n<meta property=\"og:type\" content=\"article\" \/>\n<meta property=\"og:title\" content=\"Un encuentro de aprendizaje y di\u00e1logo - Fe y Alegr\u00eda en Venezuela\" \/>\n<meta property=\"og:description\" content=\"Entre el 27 y el 31 de mayo se llev\u00f3 a cabo el Encuentro Nacional de Equipo Ampliado de Fe y Alegr\u00eda Capacitaci\u00f3n.\" \/>\n<meta property=\"og:url\" content=\"https:\/\/www.feyalegria.org\/venezuela\/un-encuentro-de-aprendizaje-y-dialogo-2\/\" \/>\n<meta property=\"og:site_name\" content=\"Fe y Alegr\u00eda en Venezuela\" \/>\n<meta property=\"article:published_time\" content=\"2024-06-05T20:05:28+00:00\" \/>\n<meta property=\"article:modified_time\" content=\"2024-06-17T19:27:44+00:00\" \/>\n<meta property=\"og:image\" content=\"https:\/\/d3pugrm67vf9n7.cloudfront.net\/wp-content\/uploads\/sites\/4\/2024\/06\/05195004\/Capacitacion-9-1.jpg\" \/>\n\t<meta property=\"og:image:width\" content=\"800\" \/>\n\t<meta property=\"og:image:height\" content=\"500\" \/>\n\t<meta property=\"og:image:type\" content=\"image\/jpeg\" \/>\n<meta name=\"author\" content=\"Erika Briceno\" \/>\n<meta name=\"twitter:card\" content=\"summary_large_image\" \/>\n<meta name=\"twitter:label1\" content=\"Escrito por\" \/>\n\t<meta name=\"twitter:data1\" content=\"Erika Briceno\" \/>\n\t<meta name=\"twitter:label2\" content=\"Tiempo de lectura\" \/>\n\t<meta name=\"twitter:data2\" content=\"3 minutos\" \/>\n<script type=\"application\/ld+json\" class=\"yoast-schema-graph\">{\"@context\":\"https:\\\/\\\/schema.org\",\"@graph\":[{\"@type\":\"Article\",\"@id\":\"https:\\\/\\\/www.feyalegria.org\\\/venezuela\\\/un-encuentro-de-aprendizaje-y-dialogo-2\\\/#article\",\"isPartOf\":{\"@id\":\"https:\\\/\\\/www.feyalegria.org\\\/venezuela\\\/un-encuentro-de-aprendizaje-y-dialogo-2\\\/\"},\"author\":{\"name\":\"Erika Briceno\",\"@id\":\"https:\\\/\\\/www.feyalegria.org\\\/venezuela\\\/#\\\/schema\\\/person\\\/fcd504e06f93320841b99f79f3ab0180\"},\"headline\":\"Un encuentro de aprendizaje y di\u00e1logo\",\"datePublished\":\"2024-06-05T20:05:28+00:00\",\"dateModified\":\"2024-06-17T19:27:44+00:00\",\"mainEntityOfPage\":{\"@id\":\"https:\\\/\\\/www.feyalegria.org\\\/venezuela\\\/un-encuentro-de-aprendizaje-y-dialogo-2\\\/\"},\"wordCount\":613,\"commentCount\":0,\"image\":{\"@id\":\"https:\\\/\\\/www.feyalegria.org\\\/venezuela\\\/un-encuentro-de-aprendizaje-y-dialogo-2\\\/#primaryimage\"},\"thumbnailUrl\":\"https:\\\/\\\/d3pugrm67vf9n7.cloudfront.net\\\/wp-content\\\/uploads\\\/sites\\\/4\\\/2024\\\/06\\\/05195004\\\/Capacitacion-9-1.jpg\",\"keywords\":[\"Capacitaci\u00f3n\"],\"articleSection\":[\"Bolet\u00edn Interno\"],\"inLanguage\":\"es\",\"potentialAction\":[{\"@type\":\"CommentAction\",\"name\":\"Comment\",\"target\":[\"https:\\\/\\\/www.feyalegria.org\\\/venezuela\\\/un-encuentro-de-aprendizaje-y-dialogo-2\\\/#respond\"]}]},{\"@type\":\"WebPage\",\"@id\":\"https:\\\/\\\/www.feyalegria.org\\\/venezuela\\\/un-encuentro-de-aprendizaje-y-dialogo-2\\\/\",\"url\":\"https:\\\/\\\/www.feyalegria.org\\\/venezuela\\\/un-encuentro-de-aprendizaje-y-dialogo-2\\\/\",\"name\":\"Un encuentro de aprendizaje y di\u00e1logo - Fe y Alegr\u00eda en Venezuela\",\"isPartOf\":{\"@id\":\"https:\\\/\\\/www.feyalegria.org\\\/venezuela\\\/#website\"},\"primaryImageOfPage\":{\"@id\":\"https:\\\/\\\/www.feyalegria.org\\\/venezuela\\\/un-encuentro-de-aprendizaje-y-dialogo-2\\\/#primaryimage\"},\"image\":{\"@id\":\"https:\\\/\\\/www.feyalegria.org\\\/venezuela\\\/un-encuentro-de-aprendizaje-y-dialogo-2\\\/#primaryimage\"},\"thumbnailUrl\":\"https:\\\/\\\/d3pugrm67vf9n7.cloudfront.net\\\/wp-content\\\/uploads\\\/sites\\\/4\\\/2024\\\/06\\\/05195004\\\/Capacitacion-9-1.jpg\",\"datePublished\":\"2024-06-05T20:05:28+00:00\",\"dateModified\":\"2024-06-17T19:27:44+00:00\",\"author\":{\"@id\":\"https:\\\/\\\/www.feyalegria.org\\\/venezuela\\\/#\\\/schema\\\/person\\\/fcd504e06f93320841b99f79f3ab0180\"},\"description\":\"Entre el 27 y el 31 de mayo se llev\u00f3 a cabo el Encuentro Nacional de Equipo Ampliado de Fe y Alegr\u00eda Capacitaci\u00f3n.\",\"inLanguage\":\"es\",\"potentialAction\":[{\"@type\":\"ReadAction\",\"target\":[\"https:\\\/\\\/www.feyalegria.org\\\/venezuela\\\/un-encuentro-de-aprendizaje-y-dialogo-2\\\/\"]}]},{\"@type\":\"ImageObject\",\"inLanguage\":\"es\",\"@id\":\"https:\\\/\\\/www.feyalegria.org\\\/venezuela\\\/un-encuentro-de-aprendizaje-y-dialogo-2\\\/#primaryimage\",\"url\":\"https:\\\/\\\/d3pugrm67vf9n7.cloudfront.net\\\/wp-content\\\/uploads\\\/sites\\\/4\\\/2024\\\/06\\\/05195004\\\/Capacitacion-9-1.jpg\",\"contentUrl\":\"https:\\\/\\\/d3pugrm67vf9n7.cloudfront.net\\\/wp-content\\\/uploads\\\/sites\\\/4\\\/2024\\\/06\\\/05195004\\\/Capacitacion-9-1.jpg\",\"width\":800,\"height\":500},{\"@type\":\"WebSite\",\"@id\":\"https:\\\/\\\/www.feyalegria.org\\\/venezuela\\\/#website\",\"url\":\"https:\\\/\\\/www.feyalegria.org\\\/venezuela\\\/\",\"name\":\"Fe y Alegr\u00eda en Venezuela\",\"description\":\"\",\"potentialAction\":[{\"@type\":\"SearchAction\",\"target\":{\"@type\":\"EntryPoint\",\"urlTemplate\":\"https:\\\/\\\/www.feyalegria.org\\\/venezuela\\\/?s={search_term_string}\"},\"query-input\":{\"@type\":\"PropertyValueSpecification\",\"valueRequired\":true,\"valueName\":\"search_term_string\"}}],\"inLanguage\":\"es\"},{\"@type\":\"Person\",\"@id\":\"https:\\\/\\\/www.feyalegria.org\\\/venezuela\\\/#\\\/schema\\\/person\\\/fcd504e06f93320841b99f79f3ab0180\",\"name\":\"Erika Briceno\",\"url\":\"https:\\\/\\\/www.feyalegria.org\\\/venezuela\\\/author\\\/comunfifya\\\/\"}]}<\/script>\n<!-- \/ Yoast SEO plugin. -->","yoast_head_json":{"title":"Un encuentro de aprendizaje y di\u00e1logo - Fe y Alegr\u00eda en Venezuela","description":"Entre el 27 y el 31 de mayo se llev\u00f3 a cabo el Encuentro Nacional de Equipo Ampliado de Fe y Alegr\u00eda Capacitaci\u00f3n.","robots":{"index":"index","follow":"follow","max-snippet":"max-snippet:-1","max-image-preview":"max-image-preview:large","max-video-preview":"max-video-preview:-1"},"canonical":"https:\/\/www.feyalegria.org\/venezuela\/un-encuentro-de-aprendizaje-y-dialogo-2\/","og_locale":"es_ES","og_type":"article","og_title":"Un encuentro de aprendizaje y di\u00e1logo - Fe y Alegr\u00eda en Venezuela","og_description":"Entre el 27 y el 31 de mayo se llev\u00f3 a cabo el Encuentro Nacional de Equipo Ampliado de Fe y Alegr\u00eda Capacitaci\u00f3n.","og_url":"https:\/\/www.feyalegria.org\/venezuela\/un-encuentro-de-aprendizaje-y-dialogo-2\/","og_site_name":"Fe y Alegr\u00eda en Venezuela","article_published_time":"2024-06-05T20:05:28+00:00","article_modified_time":"2024-06-17T19:27:44+00:00","og_image":[{"width":800,"height":500,"url":"https:\/\/d3pugrm67vf9n7.cloudfront.net\/wp-content\/uploads\/sites\/4\/2024\/06\/05195004\/Capacitacion-9-1.jpg","type":"image\/jpeg"}],"author":"Erika Briceno","twitter_card":"summary_large_image","twitter_misc":{"Escrito por":"Erika Briceno","Tiempo de lectura":"3 minutos"},"schema":{"@context":"https:\/\/schema.org","@graph":[{"@type":"Article","@id":"https:\/\/www.feyalegria.org\/venezuela\/un-encuentro-de-aprendizaje-y-dialogo-2\/#article","isPartOf":{"@id":"https:\/\/www.feyalegria.org\/venezuela\/un-encuentro-de-aprendizaje-y-dialogo-2\/"},"author":{"name":"Erika Briceno","@id":"https:\/\/www.feyalegria.org\/venezuela\/#\/schema\/person\/fcd504e06f93320841b99f79f3ab0180"},"headline":"Un encuentro de aprendizaje y di\u00e1logo","datePublished":"2024-06-05T20:05:28+00:00","dateModified":"2024-06-17T19:27:44+00:00","mainEntityOfPage":{"@id":"https:\/\/www.feyalegria.org\/venezuela\/un-encuentro-de-aprendizaje-y-dialogo-2\/"},"wordCount":613,"commentCount":0,"image":{"@id":"https:\/\/www.feyalegria.org\/venezuela\/un-encuentro-de-aprendizaje-y-dialogo-2\/#primaryimage"},"thumbnailUrl":"https:\/\/d3pugrm67vf9n7.cloudfront.net\/wp-content\/uploads\/sites\/4\/2024\/06\/05195004\/Capacitacion-9-1.jpg","keywords":["Capacitaci\u00f3n"],"articleSection":["Bolet\u00edn Interno"],"inLanguage":"es","potentialAction":[{"@type":"CommentAction","name":"Comment","target":["https:\/\/www.feyalegria.org\/venezuela\/un-encuentro-de-aprendizaje-y-dialogo-2\/#respond"]}]},{"@type":"WebPage","@id":"https:\/\/www.feyalegria.org\/venezuela\/un-encuentro-de-aprendizaje-y-dialogo-2\/","url":"https:\/\/www.feyalegria.org\/venezuela\/un-encuentro-de-aprendizaje-y-dialogo-2\/","name":"Un encuentro de aprendizaje y di\u00e1logo - Fe y Alegr\u00eda en Venezuela","isPartOf":{"@id":"https:\/\/www.feyalegria.org\/venezuela\/#website"},"primaryImageOfPage":{"@id":"https:\/\/www.feyalegria.org\/venezuela\/un-encuentro-de-aprendizaje-y-dialogo-2\/#primaryimage"},"image":{"@id":"https:\/\/www.feyalegria.org\/venezuela\/un-encuentro-de-aprendizaje-y-dialogo-2\/#primaryimage"},"thumbnailUrl":"https:\/\/d3pugrm67vf9n7.cloudfront.net\/wp-content\/uploads\/sites\/4\/2024\/06\/05195004\/Capacitacion-9-1.jpg","datePublished":"2024-06-05T20:05:28+00:00","dateModified":"2024-06-17T19:27:44+00:00","author":{"@id":"https:\/\/www.feyalegria.org\/venezuela\/#\/schema\/person\/fcd504e06f93320841b99f79f3ab0180"},"description":"Entre el 27 y el 31 de mayo se llev\u00f3 a cabo el Encuentro Nacional de Equipo Ampliado de Fe y Alegr\u00eda Capacitaci\u00f3n.","inLanguage":"es","potentialAction":[{"@type":"ReadAction","target":["https:\/\/www.feyalegria.org\/venezuela\/un-encuentro-de-aprendizaje-y-dialogo-2\/"]}]},{"@type":"ImageObject","inLanguage":"es","@id":"https:\/\/www.feyalegria.org\/venezuela\/un-encuentro-de-aprendizaje-y-dialogo-2\/#primaryimage","url":"https:\/\/d3pugrm67vf9n7.cloudfront.net\/wp-content\/uploads\/sites\/4\/2024\/06\/05195004\/Capacitacion-9-1.jpg","contentUrl":"https:\/\/d3pugrm67vf9n7.cloudfront.net\/wp-content\/uploads\/sites\/4\/2024\/06\/05195004\/Capacitacion-9-1.jpg","width":800,"height":500},{"@type":"WebSite","@id":"https:\/\/www.feyalegria.org\/venezuela\/#website","url":"https:\/\/www.feyalegria.org\/venezuela\/","name":"Fe y Alegr\u00eda en Venezuela","description":"","potentialAction":[{"@type":"SearchAction","target":{"@type":"EntryPoint","urlTemplate":"https:\/\/www.feyalegria.org\/venezuela\/?s={search_term_string}"},"query-input":{"@type":"PropertyValueSpecification","valueRequired":true,"valueName":"search_term_string"}}],"inLanguage":"es"},{"@type":"Person","@id":"https:\/\/www.feyalegria.org\/venezuela\/#\/schema\/person\/fcd504e06f93320841b99f79f3ab0180","name":"Erika Briceno","url":"https:\/\/www.feyalegria.org\/venezuela\/author\/comunfifya\/"}]}},"_links":{"self":[{"href":"https:\/\/www.feyalegria.org\/venezuela\/wp-json\/wp\/v2\/posts\/6147","targetHints":{"allow":["GET"]}}],"collection":[{"href":"https:\/\/www.feyalegria.org\/venezuela\/wp-json\/wp\/v2\/posts"}],"about":[{"href":"https:\/\/www.feyalegria.org\/venezuela\/wp-json\/wp\/v2\/types\/post"}],"author":[{"embeddable":true,"href":"https:\/\/www.feyalegria.org\/venezuela\/wp-json\/wp\/v2\/users\/6"}],"replies":[{"embeddable":true,"href":"https:\/\/www.feyalegria.org\/venezuela\/wp-json\/wp\/v2\/comments?post=6147"}],"version-history":[{"count":0,"href":"https:\/\/www.feyalegria.org\/venezuela\/wp-json\/wp\/v2\/posts\/6147\/revisions"}],"wp:featuredmedia":[{"embeddable":true,"href":"https:\/\/www.feyalegria.org\/venezuela\/wp-json\/wp\/v2\/media\/6148"}],"wp:attachment":[{"href":"https:\/\/www.feyalegria.org\/venezuela\/wp-json\/wp\/v2\/media?parent=6147"}],"wp:term":[{"taxonomy":"category","embeddable":true,"href":"https:\/\/www.feyalegria.org\/venezuela\/wp-json\/wp\/v2\/categories?post=6147"},{"taxonomy":"post_tag","embeddable":true,"href":"https:\/\/www.feyalegria.org\/venezuela\/wp-json\/wp\/v2\/tags?post=6147"},{"taxonomy":"post_folder","embeddable":true,"href":"https:\/\/www.feyalegria.org\/venezuela\/wp-json\/wp\/v2\/post_folder?post=6147"}],"curies":[{"name":"wp","href":"https:\/\/api.w.org\/{rel}","templated":true}]}}