{"id":6363,"date":"2024-07-03T05:36:03","date_gmt":"2024-07-03T05:36:03","guid":{"rendered":"https:\/\/www.feyalegria.org\/venezuela\/?p=6363"},"modified":"2024-07-03T05:36:03","modified_gmt":"2024-07-03T05:36:03","slug":"fe-y-alegria-occidente-participa-en-conversatorio-sobre-panorama-politico","status":"publish","type":"post","link":"https:\/\/www.feyalegria.org\/venezuela\/fe-y-alegria-occidente-participa-en-conversatorio-sobre-panorama-politico\/","title":{"rendered":"Fe y Alegr\u00eda Occidente participa en conversatorio sobre panorama pol\u00edtico"},"content":{"rendered":"<div class=\"wpb-content-wrapper\"><p>[vc_row][vc_column][vc_column_text css=\u00bb\u00bb]<\/p>\n<h1><b>Fe y Alegr\u00eda Occidente participa en conversatorio sobre panorama pol\u00edtico\u00a0<\/b><\/h1>\n<p>[\/vc_column_text][vc_single_image image=\u00bb6364&#8243; img_size=\u00bbFull\u00bb alignment=\u00bbcenter\u00bb css=\u00bb\u00bb][vc_column_text css=\u00bb\u00bb]<\/p>\n<p style=\"text-align: right\"><b>Ver\u00f3nica Cubill\u00e1n |<\/b>\u00a0<em>Referente de Comunicaci\u00f3n del Centro de Formaci\u00f3n e Investigaci\u00f3n Padre Joaqu\u00edn<\/em><\/p>\n<p style=\"text-align: right\"><strong>Mar\u00eda Parra | <\/strong><span style=\"font-weight: 400\">Miembro del equipo de RAIZ<\/span><\/p>\n<p>[\/vc_column_text][vc_separator][vc_column_text css=\u00bb\u00bb]<\/p>\n<p style=\"text-align: justify\">La Red Apost\u00f3lica Ignaciana del Zulia (RAIZ), en su compromiso por servir a la comunidad y promover el di\u00e1logo constructivo, organiz\u00f3 el conversatorio \u00abPosibles escenarios de cara a las elecciones presidenciales 2024\u00bb. Este evento, realizado el 26 de junio en la ciudad de Maracaibo, reuni\u00f3 a destacados expertos para analizar la coyuntura pol\u00edtica actual y reflexionar sobre los posibles escenarios que se avecinan en el marco de los pr\u00f3ximos comicios electorales.<\/p>\n<p>&nbsp;<\/p>\n<p style=\"text-align: justify\">El conversatorio cont\u00f3 con la valiosa participaci\u00f3n de los polit\u00f3logos Efra\u00edn Rinc\u00f3n y Lucrecia Morales, y del economista Rodrigo Cabezas. Bajo la moderaci\u00f3n de Iran\u00ed Acosta, los ponentes abordaron temas cruciales como el papel de la sociedad civil en el proceso electoral, los desaf\u00edos y oportunidades que presenta el panorama pol\u00edtico actual, y las perspectivas de cambio para el pa\u00eds.<\/p>\n<p>&nbsp;<\/p>\n<p style=\"text-align: justify\">La actividad, transmitida en vivo a trav\u00e9s de las redes sociales de la RAIZ, convoc\u00f3 a una nutrida audiencia conformada por representantes de las distintas obras de la Compa\u00f1\u00eda de Jes\u00fas, entre ellas el Centro de Formaci\u00f3n e Investigaci\u00f3n Padre Joaqu\u00edn y dem\u00e1s instancias de Fe y Alegr\u00eda de la regi\u00f3n Occidente, que integran la Red, estudiantes, miembros de organizaciones no gubernamentales y p\u00fablico en general. Todos ellos, unidos por la incertidumbre y la esperanza ante el futuro del pa\u00eds, se congregaron para escuchar las perspectivas de los expertos y participar en un di\u00e1logo enriquecedor.<\/p>\n<p>&nbsp;<\/p>\n<p style=\"text-align: justify\">Los expertos transmitieron un mensaje de optimismo racional, basado en la fortaleza y el compromiso de la sociedad civil venezolana. Instaron a los ciudadanos a informarse, participar activamente en el debate p\u00fablico y ejercer su voto de manera responsable, con la convicci\u00f3n de que juntos podemos construir un futuro mejor para el pa\u00eds.<\/p>\n<p>&nbsp;<\/p>\n<p style=\"text-align: justify\">La Red Apost\u00f3lica Ignaciana del Zulia, a trav\u00e9s de este tipo de iniciativas, reafirma su compromiso con el di\u00e1logo, la reflexi\u00f3n y la b\u00fasqueda de soluciones constructivas para los desaf\u00edos que enfrenta Venezuela.<\/p>\n<p>&nbsp;<\/p>\n<p style=\"text-align: justify\">Revive el debate y las opiniones de los expertos a trav\u00e9s del siguiente enlace:<\/p>\n<p>[\/vc_column_text][vc_row_inner][vc_column_inner][vc_video link=\u00bbhttps:\/\/www.youtube.com\/live\/_sq_S3d_-os?si=SwOqehHxjnv_miHo\u00bb css=\u00bb\u00bb][\/vc_column_inner][\/vc_row_inner][vc_column_text css=\u00bb\u00bb]<\/p>\n<p style=\"text-align: right\"><strong>Caracas, 2 de julio de 2024<\/strong><\/p>\n<p>[\/vc_column_text][\/vc_column][\/vc_row]<\/p>\n<\/div>","protected":false},"excerpt":{"rendered":"<div style=\"height: 265px\">La Red Apost\u00f3lica Ignaciana del Zulia (RAIZ), en su compromiso por servir a la comunidad y promover el di\u00e1logo constructivo, organiz\u00f3 el conversatorio \u00abPosibles escenarios de cara a las elecciones presidenciales 2024\u00bb.<\/div>\n","protected":false},"author":6,"featured_media":6364,"comment_status":"open","ping_status":"open","sticky":false,"template":"","format":"standard","meta":{"_acf_changed":false,"footnotes":""},"categories":[746],"tags":[430,891],"post_folder":[],"class_list":["post-6363","post","type-post","status-publish","format-standard","has-post-thumbnail","hentry","category-boletin-interno","tag-cfipj","tag-panorama-politico"],"acf":[],"yoast_head":"<!-- This site is optimized with the Yoast SEO plugin v27.5 - https:\/\/yoast.com\/product\/yoast-seo-wordpress\/ -->\n<title>Fe y Alegr\u00eda Occidente participa en conversatorio sobre panorama pol\u00edtico - Fe y Alegr\u00eda en Venezuela<\/title>\n<meta name=\"description\" content=\"La Red Apost\u00f3lica Ignaciana del Zulia (RAIZ), organiz\u00f3 el conversatorio &quot;Posibles escenarios de cara a las elecciones presidenciales 2024&quot;.\" \/>\n<meta name=\"robots\" content=\"index, follow, max-snippet:-1, max-image-preview:large, max-video-preview:-1\" \/>\n<link rel=\"canonical\" href=\"https:\/\/www.feyalegria.org\/venezuela\/fe-y-alegria-occidente-participa-en-conversatorio-sobre-panorama-politico\/\" \/>\n<meta property=\"og:locale\" content=\"es_ES\" \/>\n<meta property=\"og:type\" content=\"article\" \/>\n<meta property=\"og:title\" content=\"Fe y Alegr\u00eda Occidente participa en conversatorio sobre panorama pol\u00edtico - Fe y Alegr\u00eda en Venezuela\" \/>\n<meta property=\"og:description\" content=\"La Red Apost\u00f3lica Ignaciana del Zulia (RAIZ), organiz\u00f3 el conversatorio &quot;Posibles escenarios de cara a las elecciones presidenciales 2024&quot;.\" \/>\n<meta property=\"og:url\" content=\"https:\/\/www.feyalegria.org\/venezuela\/fe-y-alegria-occidente-participa-en-conversatorio-sobre-panorama-politico\/\" \/>\n<meta property=\"og:site_name\" content=\"Fe y Alegr\u00eda en Venezuela\" \/>\n<meta property=\"article:published_time\" content=\"2024-07-03T05:36:03+00:00\" \/>\n<meta property=\"og:image\" content=\"https:\/\/d3pugrm67vf9n7.cloudfront.net\/wp-content\/uploads\/sites\/4\/2024\/07\/03053125\/CFIPJ-14-1.jpg\" \/>\n\t<meta property=\"og:image:width\" content=\"800\" \/>\n\t<meta property=\"og:image:height\" content=\"500\" \/>\n\t<meta property=\"og:image:type\" content=\"image\/jpeg\" \/>\n<meta name=\"author\" content=\"Erika Briceno\" \/>\n<meta name=\"twitter:card\" content=\"summary_large_image\" \/>\n<meta name=\"twitter:label1\" content=\"Escrito por\" \/>\n\t<meta name=\"twitter:data1\" content=\"Erika Briceno\" \/>\n\t<meta name=\"twitter:label2\" content=\"Tiempo de lectura\" \/>\n\t<meta name=\"twitter:data2\" content=\"3 minutos\" \/>\n<script type=\"application\/ld+json\" class=\"yoast-schema-graph\">{\"@context\":\"https:\\\/\\\/schema.org\",\"@graph\":[{\"@type\":\"Article\",\"@id\":\"https:\\\/\\\/www.feyalegria.org\\\/venezuela\\\/fe-y-alegria-occidente-participa-en-conversatorio-sobre-panorama-politico\\\/#article\",\"isPartOf\":{\"@id\":\"https:\\\/\\\/www.feyalegria.org\\\/venezuela\\\/fe-y-alegria-occidente-participa-en-conversatorio-sobre-panorama-politico\\\/\"},\"author\":{\"name\":\"Erika Briceno\",\"@id\":\"https:\\\/\\\/www.feyalegria.org\\\/venezuela\\\/#\\\/schema\\\/person\\\/fcd504e06f93320841b99f79f3ab0180\"},\"headline\":\"Fe y Alegr\u00eda Occidente participa en conversatorio sobre panorama pol\u00edtico\",\"datePublished\":\"2024-07-03T05:36:03+00:00\",\"mainEntityOfPage\":{\"@id\":\"https:\\\/\\\/www.feyalegria.org\\\/venezuela\\\/fe-y-alegria-occidente-participa-en-conversatorio-sobre-panorama-politico\\\/\"},\"wordCount\":494,\"commentCount\":0,\"image\":{\"@id\":\"https:\\\/\\\/www.feyalegria.org\\\/venezuela\\\/fe-y-alegria-occidente-participa-en-conversatorio-sobre-panorama-politico\\\/#primaryimage\"},\"thumbnailUrl\":\"https:\\\/\\\/d3pugrm67vf9n7.cloudfront.net\\\/wp-content\\\/uploads\\\/sites\\\/4\\\/2024\\\/07\\\/03053125\\\/CFIPJ-14-1.jpg\",\"keywords\":[\"CFIPJ\",\"Panorama pol\u00edtico\"],\"articleSection\":[\"Bolet\u00edn Interno\"],\"inLanguage\":\"es\",\"potentialAction\":[{\"@type\":\"CommentAction\",\"name\":\"Comment\",\"target\":[\"https:\\\/\\\/www.feyalegria.org\\\/venezuela\\\/fe-y-alegria-occidente-participa-en-conversatorio-sobre-panorama-politico\\\/#respond\"]}]},{\"@type\":\"WebPage\",\"@id\":\"https:\\\/\\\/www.feyalegria.org\\\/venezuela\\\/fe-y-alegria-occidente-participa-en-conversatorio-sobre-panorama-politico\\\/\",\"url\":\"https:\\\/\\\/www.feyalegria.org\\\/venezuela\\\/fe-y-alegria-occidente-participa-en-conversatorio-sobre-panorama-politico\\\/\",\"name\":\"Fe y Alegr\u00eda Occidente participa en conversatorio sobre panorama pol\u00edtico - Fe y Alegr\u00eda en Venezuela\",\"isPartOf\":{\"@id\":\"https:\\\/\\\/www.feyalegria.org\\\/venezuela\\\/#website\"},\"primaryImageOfPage\":{\"@id\":\"https:\\\/\\\/www.feyalegria.org\\\/venezuela\\\/fe-y-alegria-occidente-participa-en-conversatorio-sobre-panorama-politico\\\/#primaryimage\"},\"image\":{\"@id\":\"https:\\\/\\\/www.feyalegria.org\\\/venezuela\\\/fe-y-alegria-occidente-participa-en-conversatorio-sobre-panorama-politico\\\/#primaryimage\"},\"thumbnailUrl\":\"https:\\\/\\\/d3pugrm67vf9n7.cloudfront.net\\\/wp-content\\\/uploads\\\/sites\\\/4\\\/2024\\\/07\\\/03053125\\\/CFIPJ-14-1.jpg\",\"datePublished\":\"2024-07-03T05:36:03+00:00\",\"author\":{\"@id\":\"https:\\\/\\\/www.feyalegria.org\\\/venezuela\\\/#\\\/schema\\\/person\\\/fcd504e06f93320841b99f79f3ab0180\"},\"description\":\"La Red Apost\u00f3lica Ignaciana del Zulia (RAIZ), organiz\u00f3 el conversatorio \\\"Posibles escenarios de cara a las elecciones presidenciales 2024\\\".\",\"inLanguage\":\"es\",\"potentialAction\":[{\"@type\":\"ReadAction\",\"target\":[\"https:\\\/\\\/www.feyalegria.org\\\/venezuela\\\/fe-y-alegria-occidente-participa-en-conversatorio-sobre-panorama-politico\\\/\"]}]},{\"@type\":\"ImageObject\",\"inLanguage\":\"es\",\"@id\":\"https:\\\/\\\/www.feyalegria.org\\\/venezuela\\\/fe-y-alegria-occidente-participa-en-conversatorio-sobre-panorama-politico\\\/#primaryimage\",\"url\":\"https:\\\/\\\/d3pugrm67vf9n7.cloudfront.net\\\/wp-content\\\/uploads\\\/sites\\\/4\\\/2024\\\/07\\\/03053125\\\/CFIPJ-14-1.jpg\",\"contentUrl\":\"https:\\\/\\\/d3pugrm67vf9n7.cloudfront.net\\\/wp-content\\\/uploads\\\/sites\\\/4\\\/2024\\\/07\\\/03053125\\\/CFIPJ-14-1.jpg\",\"width\":800,\"height\":500},{\"@type\":\"WebSite\",\"@id\":\"https:\\\/\\\/www.feyalegria.org\\\/venezuela\\\/#website\",\"url\":\"https:\\\/\\\/www.feyalegria.org\\\/venezuela\\\/\",\"name\":\"Fe y Alegr\u00eda en Venezuela\",\"description\":\"\",\"potentialAction\":[{\"@type\":\"SearchAction\",\"target\":{\"@type\":\"EntryPoint\",\"urlTemplate\":\"https:\\\/\\\/www.feyalegria.org\\\/venezuela\\\/?s={search_term_string}\"},\"query-input\":{\"@type\":\"PropertyValueSpecification\",\"valueRequired\":true,\"valueName\":\"search_term_string\"}}],\"inLanguage\":\"es\"},{\"@type\":\"Person\",\"@id\":\"https:\\\/\\\/www.feyalegria.org\\\/venezuela\\\/#\\\/schema\\\/person\\\/fcd504e06f93320841b99f79f3ab0180\",\"name\":\"Erika Briceno\",\"url\":\"https:\\\/\\\/www.feyalegria.org\\\/venezuela\\\/author\\\/comunfifya\\\/\"}]}<\/script>\n<!-- \/ Yoast SEO plugin. -->","yoast_head_json":{"title":"Fe y Alegr\u00eda Occidente participa en conversatorio sobre panorama pol\u00edtico - Fe y Alegr\u00eda en Venezuela","description":"La Red Apost\u00f3lica Ignaciana del Zulia (RAIZ), organiz\u00f3 el conversatorio \"Posibles escenarios de cara a las elecciones presidenciales 2024\".","robots":{"index":"index","follow":"follow","max-snippet":"max-snippet:-1","max-image-preview":"max-image-preview:large","max-video-preview":"max-video-preview:-1"},"canonical":"https:\/\/www.feyalegria.org\/venezuela\/fe-y-alegria-occidente-participa-en-conversatorio-sobre-panorama-politico\/","og_locale":"es_ES","og_type":"article","og_title":"Fe y Alegr\u00eda Occidente participa en conversatorio sobre panorama pol\u00edtico - Fe y Alegr\u00eda en Venezuela","og_description":"La Red Apost\u00f3lica Ignaciana del Zulia (RAIZ), organiz\u00f3 el conversatorio \"Posibles escenarios de cara a las elecciones presidenciales 2024\".","og_url":"https:\/\/www.feyalegria.org\/venezuela\/fe-y-alegria-occidente-participa-en-conversatorio-sobre-panorama-politico\/","og_site_name":"Fe y Alegr\u00eda en Venezuela","article_published_time":"2024-07-03T05:36:03+00:00","og_image":[{"width":800,"height":500,"url":"https:\/\/d3pugrm67vf9n7.cloudfront.net\/wp-content\/uploads\/sites\/4\/2024\/07\/03053125\/CFIPJ-14-1.jpg","type":"image\/jpeg"}],"author":"Erika Briceno","twitter_card":"summary_large_image","twitter_misc":{"Escrito por":"Erika Briceno","Tiempo de lectura":"3 minutos"},"schema":{"@context":"https:\/\/schema.org","@graph":[{"@type":"Article","@id":"https:\/\/www.feyalegria.org\/venezuela\/fe-y-alegria-occidente-participa-en-conversatorio-sobre-panorama-politico\/#article","isPartOf":{"@id":"https:\/\/www.feyalegria.org\/venezuela\/fe-y-alegria-occidente-participa-en-conversatorio-sobre-panorama-politico\/"},"author":{"name":"Erika Briceno","@id":"https:\/\/www.feyalegria.org\/venezuela\/#\/schema\/person\/fcd504e06f93320841b99f79f3ab0180"},"headline":"Fe y Alegr\u00eda Occidente participa en conversatorio sobre panorama pol\u00edtico","datePublished":"2024-07-03T05:36:03+00:00","mainEntityOfPage":{"@id":"https:\/\/www.feyalegria.org\/venezuela\/fe-y-alegria-occidente-participa-en-conversatorio-sobre-panorama-politico\/"},"wordCount":494,"commentCount":0,"image":{"@id":"https:\/\/www.feyalegria.org\/venezuela\/fe-y-alegria-occidente-participa-en-conversatorio-sobre-panorama-politico\/#primaryimage"},"thumbnailUrl":"https:\/\/d3pugrm67vf9n7.cloudfront.net\/wp-content\/uploads\/sites\/4\/2024\/07\/03053125\/CFIPJ-14-1.jpg","keywords":["CFIPJ","Panorama pol\u00edtico"],"articleSection":["Bolet\u00edn Interno"],"inLanguage":"es","potentialAction":[{"@type":"CommentAction","name":"Comment","target":["https:\/\/www.feyalegria.org\/venezuela\/fe-y-alegria-occidente-participa-en-conversatorio-sobre-panorama-politico\/#respond"]}]},{"@type":"WebPage","@id":"https:\/\/www.feyalegria.org\/venezuela\/fe-y-alegria-occidente-participa-en-conversatorio-sobre-panorama-politico\/","url":"https:\/\/www.feyalegria.org\/venezuela\/fe-y-alegria-occidente-participa-en-conversatorio-sobre-panorama-politico\/","name":"Fe y Alegr\u00eda Occidente participa en conversatorio sobre panorama pol\u00edtico - Fe y Alegr\u00eda en Venezuela","isPartOf":{"@id":"https:\/\/www.feyalegria.org\/venezuela\/#website"},"primaryImageOfPage":{"@id":"https:\/\/www.feyalegria.org\/venezuela\/fe-y-alegria-occidente-participa-en-conversatorio-sobre-panorama-politico\/#primaryimage"},"image":{"@id":"https:\/\/www.feyalegria.org\/venezuela\/fe-y-alegria-occidente-participa-en-conversatorio-sobre-panorama-politico\/#primaryimage"},"thumbnailUrl":"https:\/\/d3pugrm67vf9n7.cloudfront.net\/wp-content\/uploads\/sites\/4\/2024\/07\/03053125\/CFIPJ-14-1.jpg","datePublished":"2024-07-03T05:36:03+00:00","author":{"@id":"https:\/\/www.feyalegria.org\/venezuela\/#\/schema\/person\/fcd504e06f93320841b99f79f3ab0180"},"description":"La Red Apost\u00f3lica Ignaciana del Zulia (RAIZ), organiz\u00f3 el conversatorio \"Posibles escenarios de cara a las elecciones presidenciales 2024\".","inLanguage":"es","potentialAction":[{"@type":"ReadAction","target":["https:\/\/www.feyalegria.org\/venezuela\/fe-y-alegria-occidente-participa-en-conversatorio-sobre-panorama-politico\/"]}]},{"@type":"ImageObject","inLanguage":"es","@id":"https:\/\/www.feyalegria.org\/venezuela\/fe-y-alegria-occidente-participa-en-conversatorio-sobre-panorama-politico\/#primaryimage","url":"https:\/\/d3pugrm67vf9n7.cloudfront.net\/wp-content\/uploads\/sites\/4\/2024\/07\/03053125\/CFIPJ-14-1.jpg","contentUrl":"https:\/\/d3pugrm67vf9n7.cloudfront.net\/wp-content\/uploads\/sites\/4\/2024\/07\/03053125\/CFIPJ-14-1.jpg","width":800,"height":500},{"@type":"WebSite","@id":"https:\/\/www.feyalegria.org\/venezuela\/#website","url":"https:\/\/www.feyalegria.org\/venezuela\/","name":"Fe y Alegr\u00eda en Venezuela","description":"","potentialAction":[{"@type":"SearchAction","target":{"@type":"EntryPoint","urlTemplate":"https:\/\/www.feyalegria.org\/venezuela\/?s={search_term_string}"},"query-input":{"@type":"PropertyValueSpecification","valueRequired":true,"valueName":"search_term_string"}}],"inLanguage":"es"},{"@type":"Person","@id":"https:\/\/www.feyalegria.org\/venezuela\/#\/schema\/person\/fcd504e06f93320841b99f79f3ab0180","name":"Erika Briceno","url":"https:\/\/www.feyalegria.org\/venezuela\/author\/comunfifya\/"}]}},"_links":{"self":[{"href":"https:\/\/www.feyalegria.org\/venezuela\/wp-json\/wp\/v2\/posts\/6363","targetHints":{"allow":["GET"]}}],"collection":[{"href":"https:\/\/www.feyalegria.org\/venezuela\/wp-json\/wp\/v2\/posts"}],"about":[{"href":"https:\/\/www.feyalegria.org\/venezuela\/wp-json\/wp\/v2\/types\/post"}],"author":[{"embeddable":true,"href":"https:\/\/www.feyalegria.org\/venezuela\/wp-json\/wp\/v2\/users\/6"}],"replies":[{"embeddable":true,"href":"https:\/\/www.feyalegria.org\/venezuela\/wp-json\/wp\/v2\/comments?post=6363"}],"version-history":[{"count":0,"href":"https:\/\/www.feyalegria.org\/venezuela\/wp-json\/wp\/v2\/posts\/6363\/revisions"}],"wp:featuredmedia":[{"embeddable":true,"href":"https:\/\/www.feyalegria.org\/venezuela\/wp-json\/wp\/v2\/media\/6364"}],"wp:attachment":[{"href":"https:\/\/www.feyalegria.org\/venezuela\/wp-json\/wp\/v2\/media?parent=6363"}],"wp:term":[{"taxonomy":"category","embeddable":true,"href":"https:\/\/www.feyalegria.org\/venezuela\/wp-json\/wp\/v2\/categories?post=6363"},{"taxonomy":"post_tag","embeddable":true,"href":"https:\/\/www.feyalegria.org\/venezuela\/wp-json\/wp\/v2\/tags?post=6363"},{"taxonomy":"post_folder","embeddable":true,"href":"https:\/\/www.feyalegria.org\/venezuela\/wp-json\/wp\/v2\/post_folder?post=6363"}],"curies":[{"name":"wp","href":"https:\/\/api.w.org\/{rel}","templated":true}]}}