{"id":6385,"date":"2024-07-11T01:57:22","date_gmt":"2024-07-11T01:57:22","guid":{"rendered":"https:\/\/www.feyalegria.org\/venezuela\/?p=6385"},"modified":"2024-07-11T01:57:22","modified_gmt":"2024-07-11T01:57:22","slug":"fortalecemos-nuestras-capacidades-pedagogicas-para-innovar","status":"publish","type":"post","link":"https:\/\/www.feyalegria.org\/venezuela\/fortalecemos-nuestras-capacidades-pedagogicas-para-innovar\/","title":{"rendered":"Fortalecemos nuestras capacidades pedag\u00f3gicas para innovar"},"content":{"rendered":"<div class=\"wpb-content-wrapper\"><p>[vc_row][vc_column][vc_column_text css=\u00bb\u00bb]<\/p>\n<h1><strong>Fortalecemos nuestras capacidades pedag\u00f3gicas para innovar\u00a0<\/strong><\/h1>\n<p>[\/vc_column_text][vc_single_image image=\u00bb6386&#8243; img_size=\u00bbfull\u00bb alignment=\u00bbcenter\u00bb css=\u00bb\u00bb][vc_column_text css=\u00bb\u00bb]<\/p>\n<p style=\"text-align: right\"><strong>Germ\u00e1n Osorio | <\/strong><em>Referente de Comunicaci\u00f3n de Fe y Alegr\u00eda Capacitaci\u00f3n<\/em><\/p>\n<p>[\/vc_column_text][vc_separator][vc_column_text css=\u00bb\u00bb]<\/p>\n<p style=\"text-align: justify\">Con el objetivo de enriquecer los procesos formativos en nuestros centros de capacitaci\u00f3n, hemos iniciado la primera fase de una formaci\u00f3n pedag\u00f3gica dirigida a responsables de centros y coordinadores de \u00e1reas de los estados Lara y Zulia. En esta etapa inicial, 39 participantes han adquirido conocimientos sobre la metodolog\u00eda del programa de los 6 pasos, estrategias pedag\u00f3gicas, actividades experienciales, formatos de evaluaci\u00f3n y acompa\u00f1amiento.<\/p>\n<p>&nbsp;<\/p>\n<p style=\"text-align: justify\"><img loading=\"lazy\" decoding=\"async\" class=\" wp-image-6387 alignleft\" src=\"https:\/\/d3pugrm67vf9n7.cloudfront.net\/wp-content\/uploads\/sites\/4\/2024\/07\/11014832\/Capacitacion-15-3-225x300.jpg\" alt=\"\" width=\"325\" height=\"433\" srcset=\"https:\/\/d3pugrm67vf9n7.cloudfront.net\/wp-content\/uploads\/sites\/4\/2024\/07\/11014832\/Capacitacion-15-3-225x300.jpg 225w, https:\/\/d3pugrm67vf9n7.cloudfront.net\/wp-content\/uploads\/sites\/4\/2024\/07\/11014832\/Capacitacion-15-3.jpg 600w\" sizes=\"auto, (max-width: 325px) 100vw, 325px\" \/>Olivia Villanueva, responsable del centro de capacitaci\u00f3n Padre Jos\u00e9 Mar\u00eda Velaz, ubicado en el municipio Valmore Rodr\u00edguez del estado Zulia, nos cont\u00f3 su satisfacci\u00f3n con la formaci\u00f3n recibida.<\/p>\n<p>&nbsp;<\/p>\n<p style=\"text-align: justify\">\u00abEsta capacitaci\u00f3n ha fortalecido mi dominio de la metodolog\u00eda del programa y me ha capacitado para brindar un acompa\u00f1amiento efectivo a los facilitadores durante los procesos formativos que desarrollan en nuestro centro\u00bb, afirm\u00f3 Villanueva.<\/p>\n<p>&nbsp;<\/p>\n<p style=\"text-align: justify\">La formaci\u00f3n pedag\u00f3gica busca fortalecer los entornos de aprendizaje de una manera integral en cada centro de capacitaci\u00f3n. A trav\u00e9s de este programa, se busca potenciar el desarrollo de habilidades en los participantes para aumentar sus posibilidades de inserci\u00f3n laboral.<\/p>\n<p>&nbsp;<\/p>\n<p style=\"text-align: justify\">Esta experiencia ha contribuido al empoderamiento de los responsables de centros de capacitaci\u00f3n y coordinadores de \u00e1reas de los estados Lara y Zulia en los aspectos pedag\u00f3gicos, estrat\u00e9gicos y de acompa\u00f1amiento.<\/p>\n<p>&nbsp;<\/p>\n<p style=\"text-align: justify\">Esta iniciativa demuestra el compromiso y la iniciativa de Fe y Alegr\u00eda Capacitaci\u00f3n en su labor de formaci\u00f3n y desarrollo profesional, garantizando un futuro s\u00f3lido y prometedor para todos sus centros de Capacitaci\u00f3n.<\/p>\n<p>[\/vc_column_text][vc_single_image image=\u00bb6388&#8243; img_size=\u00bbfull\u00bb alignment=\u00bbcenter\u00bb onclick=\u00bblink_image\u00bb css=\u00bb\u00bb][vc_column_text css=\u00bb\u00bb]<\/p>\n<h3 style=\"text-align: justify\">Segunda fase y multiplicaci\u00f3n del conocimiento<\/h3>\n<p>&nbsp;<\/p>\n<p style=\"text-align: justify\">SEn una segunda fase, los participantes de la formaci\u00f3n pedag\u00f3gica multiplicar\u00e1n el conocimiento adquirido a los facilitadores integrales de los centros. De esta manera, se espera lograr un impacto significativo en la calidad de los procesos formativos que se ofrecen en todos los centros de Fe y Alegr\u00eda Capacitaci\u00f3n en los estados Lara y Zulia.<\/p>\n<p>[\/vc_column_text][vc_column_text css=\u00bb\u00bb]<\/p>\n<p style=\"text-align: right\"><strong>Caracas, 10 de julio de 2024<\/strong><\/p>\n<p>[\/vc_column_text][\/vc_column][\/vc_row]<\/p>\n<\/div>","protected":false},"excerpt":{"rendered":"<div style=\"height: 265px\">Con el objetivo de enriquecer los procesos formativos en centros de capacitaci\u00f3n, inici\u00f3 la fase de formaci\u00f3n pedag\u00f3gica dirigida a responsables de centros y coordinadores de \u00e1reas de los estados Lara y Zulia.<\/div>\n","protected":false},"author":6,"featured_media":6386,"comment_status":"open","ping_status":"open","sticky":false,"template":"","format":"standard","meta":{"_acf_changed":false,"footnotes":""},"categories":[746],"tags":[634,899],"post_folder":[],"class_list":["post-6385","post","type-post","status-publish","format-standard","has-post-thumbnail","hentry","category-boletin-interno","tag-capacitacion","tag-formacion-pedagogica"],"acf":[],"yoast_head":"<!-- This site is optimized with the Yoast SEO plugin v27.5 - https:\/\/yoast.com\/product\/yoast-seo-wordpress\/ -->\n<title>Fortalecemos nuestras capacidades pedag\u00f3gicas para innovar - Fe y Alegr\u00eda en Venezuela<\/title>\n<meta name=\"description\" content=\"Con el objetivo de enriquecer los procesos formativos en nuestros centros de capacitaci\u00f3n, hemos iniciado la fase de una formaci\u00f3n pedag\u00f3gica\" \/>\n<meta name=\"robots\" content=\"index, follow, max-snippet:-1, max-image-preview:large, max-video-preview:-1\" \/>\n<link rel=\"canonical\" href=\"https:\/\/www.feyalegria.org\/venezuela\/fortalecemos-nuestras-capacidades-pedagogicas-para-innovar\/\" \/>\n<meta property=\"og:locale\" content=\"es_ES\" \/>\n<meta property=\"og:type\" content=\"article\" \/>\n<meta property=\"og:title\" content=\"Fortalecemos nuestras capacidades pedag\u00f3gicas para innovar - Fe y Alegr\u00eda en Venezuela\" \/>\n<meta property=\"og:description\" content=\"Con el objetivo de enriquecer los procesos formativos en nuestros centros de capacitaci\u00f3n, hemos iniciado la fase de una formaci\u00f3n pedag\u00f3gica\" \/>\n<meta property=\"og:url\" content=\"https:\/\/www.feyalegria.org\/venezuela\/fortalecemos-nuestras-capacidades-pedagogicas-para-innovar\/\" \/>\n<meta property=\"og:site_name\" content=\"Fe y Alegr\u00eda en Venezuela\" \/>\n<meta property=\"article:published_time\" content=\"2024-07-11T01:57:22+00:00\" \/>\n<meta property=\"og:image\" content=\"https:\/\/d3pugrm67vf9n7.cloudfront.net\/wp-content\/uploads\/sites\/4\/2024\/07\/11014829\/Capacitacion-15-1.jpg\" \/>\n\t<meta property=\"og:image:width\" content=\"800\" \/>\n\t<meta property=\"og:image:height\" content=\"500\" \/>\n\t<meta property=\"og:image:type\" content=\"image\/jpeg\" \/>\n<meta name=\"author\" content=\"Erika Briceno\" \/>\n<meta name=\"twitter:card\" content=\"summary_large_image\" \/>\n<meta name=\"twitter:label1\" content=\"Escrito por\" \/>\n\t<meta name=\"twitter:data1\" content=\"Erika Briceno\" \/>\n\t<meta name=\"twitter:label2\" content=\"Tiempo de lectura\" \/>\n\t<meta name=\"twitter:data2\" content=\"3 minutos\" \/>\n<script type=\"application\/ld+json\" class=\"yoast-schema-graph\">{\"@context\":\"https:\\\/\\\/schema.org\",\"@graph\":[{\"@type\":\"Article\",\"@id\":\"https:\\\/\\\/www.feyalegria.org\\\/venezuela\\\/fortalecemos-nuestras-capacidades-pedagogicas-para-innovar\\\/#article\",\"isPartOf\":{\"@id\":\"https:\\\/\\\/www.feyalegria.org\\\/venezuela\\\/fortalecemos-nuestras-capacidades-pedagogicas-para-innovar\\\/\"},\"author\":{\"name\":\"Erika Briceno\",\"@id\":\"https:\\\/\\\/www.feyalegria.org\\\/venezuela\\\/#\\\/schema\\\/person\\\/fcd504e06f93320841b99f79f3ab0180\"},\"headline\":\"Fortalecemos nuestras capacidades pedag\u00f3gicas para innovar\",\"datePublished\":\"2024-07-11T01:57:22+00:00\",\"mainEntityOfPage\":{\"@id\":\"https:\\\/\\\/www.feyalegria.org\\\/venezuela\\\/fortalecemos-nuestras-capacidades-pedagogicas-para-innovar\\\/\"},\"wordCount\":430,\"commentCount\":0,\"image\":{\"@id\":\"https:\\\/\\\/www.feyalegria.org\\\/venezuela\\\/fortalecemos-nuestras-capacidades-pedagogicas-para-innovar\\\/#primaryimage\"},\"thumbnailUrl\":\"https:\\\/\\\/d3pugrm67vf9n7.cloudfront.net\\\/wp-content\\\/uploads\\\/sites\\\/4\\\/2024\\\/07\\\/11014829\\\/Capacitacion-15-1.jpg\",\"keywords\":[\"Capacitaci\u00f3n\",\"Formaci\u00f3n pedag\u00f3gica\"],\"articleSection\":[\"Bolet\u00edn Interno\"],\"inLanguage\":\"es\",\"potentialAction\":[{\"@type\":\"CommentAction\",\"name\":\"Comment\",\"target\":[\"https:\\\/\\\/www.feyalegria.org\\\/venezuela\\\/fortalecemos-nuestras-capacidades-pedagogicas-para-innovar\\\/#respond\"]}]},{\"@type\":\"WebPage\",\"@id\":\"https:\\\/\\\/www.feyalegria.org\\\/venezuela\\\/fortalecemos-nuestras-capacidades-pedagogicas-para-innovar\\\/\",\"url\":\"https:\\\/\\\/www.feyalegria.org\\\/venezuela\\\/fortalecemos-nuestras-capacidades-pedagogicas-para-innovar\\\/\",\"name\":\"Fortalecemos nuestras capacidades pedag\u00f3gicas para innovar - Fe y Alegr\u00eda en Venezuela\",\"isPartOf\":{\"@id\":\"https:\\\/\\\/www.feyalegria.org\\\/venezuela\\\/#website\"},\"primaryImageOfPage\":{\"@id\":\"https:\\\/\\\/www.feyalegria.org\\\/venezuela\\\/fortalecemos-nuestras-capacidades-pedagogicas-para-innovar\\\/#primaryimage\"},\"image\":{\"@id\":\"https:\\\/\\\/www.feyalegria.org\\\/venezuela\\\/fortalecemos-nuestras-capacidades-pedagogicas-para-innovar\\\/#primaryimage\"},\"thumbnailUrl\":\"https:\\\/\\\/d3pugrm67vf9n7.cloudfront.net\\\/wp-content\\\/uploads\\\/sites\\\/4\\\/2024\\\/07\\\/11014829\\\/Capacitacion-15-1.jpg\",\"datePublished\":\"2024-07-11T01:57:22+00:00\",\"author\":{\"@id\":\"https:\\\/\\\/www.feyalegria.org\\\/venezuela\\\/#\\\/schema\\\/person\\\/fcd504e06f93320841b99f79f3ab0180\"},\"description\":\"Con el objetivo de enriquecer los procesos formativos en nuestros centros de capacitaci\u00f3n, hemos iniciado la fase de una formaci\u00f3n pedag\u00f3gica\",\"inLanguage\":\"es\",\"potentialAction\":[{\"@type\":\"ReadAction\",\"target\":[\"https:\\\/\\\/www.feyalegria.org\\\/venezuela\\\/fortalecemos-nuestras-capacidades-pedagogicas-para-innovar\\\/\"]}]},{\"@type\":\"ImageObject\",\"inLanguage\":\"es\",\"@id\":\"https:\\\/\\\/www.feyalegria.org\\\/venezuela\\\/fortalecemos-nuestras-capacidades-pedagogicas-para-innovar\\\/#primaryimage\",\"url\":\"https:\\\/\\\/d3pugrm67vf9n7.cloudfront.net\\\/wp-content\\\/uploads\\\/sites\\\/4\\\/2024\\\/07\\\/11014829\\\/Capacitacion-15-1.jpg\",\"contentUrl\":\"https:\\\/\\\/d3pugrm67vf9n7.cloudfront.net\\\/wp-content\\\/uploads\\\/sites\\\/4\\\/2024\\\/07\\\/11014829\\\/Capacitacion-15-1.jpg\",\"width\":800,\"height\":500},{\"@type\":\"WebSite\",\"@id\":\"https:\\\/\\\/www.feyalegria.org\\\/venezuela\\\/#website\",\"url\":\"https:\\\/\\\/www.feyalegria.org\\\/venezuela\\\/\",\"name\":\"Fe y Alegr\u00eda en Venezuela\",\"description\":\"\",\"potentialAction\":[{\"@type\":\"SearchAction\",\"target\":{\"@type\":\"EntryPoint\",\"urlTemplate\":\"https:\\\/\\\/www.feyalegria.org\\\/venezuela\\\/?s={search_term_string}\"},\"query-input\":{\"@type\":\"PropertyValueSpecification\",\"valueRequired\":true,\"valueName\":\"search_term_string\"}}],\"inLanguage\":\"es\"},{\"@type\":\"Person\",\"@id\":\"https:\\\/\\\/www.feyalegria.org\\\/venezuela\\\/#\\\/schema\\\/person\\\/fcd504e06f93320841b99f79f3ab0180\",\"name\":\"Erika Briceno\",\"url\":\"https:\\\/\\\/www.feyalegria.org\\\/venezuela\\\/author\\\/comunfifya\\\/\"}]}<\/script>\n<!-- \/ Yoast SEO plugin. -->","yoast_head_json":{"title":"Fortalecemos nuestras capacidades pedag\u00f3gicas para innovar - Fe y Alegr\u00eda en Venezuela","description":"Con el objetivo de enriquecer los procesos formativos en nuestros centros de capacitaci\u00f3n, hemos iniciado la fase de una formaci\u00f3n pedag\u00f3gica","robots":{"index":"index","follow":"follow","max-snippet":"max-snippet:-1","max-image-preview":"max-image-preview:large","max-video-preview":"max-video-preview:-1"},"canonical":"https:\/\/www.feyalegria.org\/venezuela\/fortalecemos-nuestras-capacidades-pedagogicas-para-innovar\/","og_locale":"es_ES","og_type":"article","og_title":"Fortalecemos nuestras capacidades pedag\u00f3gicas para innovar - Fe y Alegr\u00eda en Venezuela","og_description":"Con el objetivo de enriquecer los procesos formativos en nuestros centros de capacitaci\u00f3n, hemos iniciado la fase de una formaci\u00f3n pedag\u00f3gica","og_url":"https:\/\/www.feyalegria.org\/venezuela\/fortalecemos-nuestras-capacidades-pedagogicas-para-innovar\/","og_site_name":"Fe y Alegr\u00eda en Venezuela","article_published_time":"2024-07-11T01:57:22+00:00","og_image":[{"width":800,"height":500,"url":"https:\/\/d3pugrm67vf9n7.cloudfront.net\/wp-content\/uploads\/sites\/4\/2024\/07\/11014829\/Capacitacion-15-1.jpg","type":"image\/jpeg"}],"author":"Erika Briceno","twitter_card":"summary_large_image","twitter_misc":{"Escrito por":"Erika Briceno","Tiempo de lectura":"3 minutos"},"schema":{"@context":"https:\/\/schema.org","@graph":[{"@type":"Article","@id":"https:\/\/www.feyalegria.org\/venezuela\/fortalecemos-nuestras-capacidades-pedagogicas-para-innovar\/#article","isPartOf":{"@id":"https:\/\/www.feyalegria.org\/venezuela\/fortalecemos-nuestras-capacidades-pedagogicas-para-innovar\/"},"author":{"name":"Erika Briceno","@id":"https:\/\/www.feyalegria.org\/venezuela\/#\/schema\/person\/fcd504e06f93320841b99f79f3ab0180"},"headline":"Fortalecemos nuestras capacidades pedag\u00f3gicas para innovar","datePublished":"2024-07-11T01:57:22+00:00","mainEntityOfPage":{"@id":"https:\/\/www.feyalegria.org\/venezuela\/fortalecemos-nuestras-capacidades-pedagogicas-para-innovar\/"},"wordCount":430,"commentCount":0,"image":{"@id":"https:\/\/www.feyalegria.org\/venezuela\/fortalecemos-nuestras-capacidades-pedagogicas-para-innovar\/#primaryimage"},"thumbnailUrl":"https:\/\/d3pugrm67vf9n7.cloudfront.net\/wp-content\/uploads\/sites\/4\/2024\/07\/11014829\/Capacitacion-15-1.jpg","keywords":["Capacitaci\u00f3n","Formaci\u00f3n pedag\u00f3gica"],"articleSection":["Bolet\u00edn Interno"],"inLanguage":"es","potentialAction":[{"@type":"CommentAction","name":"Comment","target":["https:\/\/www.feyalegria.org\/venezuela\/fortalecemos-nuestras-capacidades-pedagogicas-para-innovar\/#respond"]}]},{"@type":"WebPage","@id":"https:\/\/www.feyalegria.org\/venezuela\/fortalecemos-nuestras-capacidades-pedagogicas-para-innovar\/","url":"https:\/\/www.feyalegria.org\/venezuela\/fortalecemos-nuestras-capacidades-pedagogicas-para-innovar\/","name":"Fortalecemos nuestras capacidades pedag\u00f3gicas para innovar - Fe y Alegr\u00eda en Venezuela","isPartOf":{"@id":"https:\/\/www.feyalegria.org\/venezuela\/#website"},"primaryImageOfPage":{"@id":"https:\/\/www.feyalegria.org\/venezuela\/fortalecemos-nuestras-capacidades-pedagogicas-para-innovar\/#primaryimage"},"image":{"@id":"https:\/\/www.feyalegria.org\/venezuela\/fortalecemos-nuestras-capacidades-pedagogicas-para-innovar\/#primaryimage"},"thumbnailUrl":"https:\/\/d3pugrm67vf9n7.cloudfront.net\/wp-content\/uploads\/sites\/4\/2024\/07\/11014829\/Capacitacion-15-1.jpg","datePublished":"2024-07-11T01:57:22+00:00","author":{"@id":"https:\/\/www.feyalegria.org\/venezuela\/#\/schema\/person\/fcd504e06f93320841b99f79f3ab0180"},"description":"Con el objetivo de enriquecer los procesos formativos en nuestros centros de capacitaci\u00f3n, hemos iniciado la fase de una formaci\u00f3n pedag\u00f3gica","inLanguage":"es","potentialAction":[{"@type":"ReadAction","target":["https:\/\/www.feyalegria.org\/venezuela\/fortalecemos-nuestras-capacidades-pedagogicas-para-innovar\/"]}]},{"@type":"ImageObject","inLanguage":"es","@id":"https:\/\/www.feyalegria.org\/venezuela\/fortalecemos-nuestras-capacidades-pedagogicas-para-innovar\/#primaryimage","url":"https:\/\/d3pugrm67vf9n7.cloudfront.net\/wp-content\/uploads\/sites\/4\/2024\/07\/11014829\/Capacitacion-15-1.jpg","contentUrl":"https:\/\/d3pugrm67vf9n7.cloudfront.net\/wp-content\/uploads\/sites\/4\/2024\/07\/11014829\/Capacitacion-15-1.jpg","width":800,"height":500},{"@type":"WebSite","@id":"https:\/\/www.feyalegria.org\/venezuela\/#website","url":"https:\/\/www.feyalegria.org\/venezuela\/","name":"Fe y Alegr\u00eda en Venezuela","description":"","potentialAction":[{"@type":"SearchAction","target":{"@type":"EntryPoint","urlTemplate":"https:\/\/www.feyalegria.org\/venezuela\/?s={search_term_string}"},"query-input":{"@type":"PropertyValueSpecification","valueRequired":true,"valueName":"search_term_string"}}],"inLanguage":"es"},{"@type":"Person","@id":"https:\/\/www.feyalegria.org\/venezuela\/#\/schema\/person\/fcd504e06f93320841b99f79f3ab0180","name":"Erika Briceno","url":"https:\/\/www.feyalegria.org\/venezuela\/author\/comunfifya\/"}]}},"_links":{"self":[{"href":"https:\/\/www.feyalegria.org\/venezuela\/wp-json\/wp\/v2\/posts\/6385","targetHints":{"allow":["GET"]}}],"collection":[{"href":"https:\/\/www.feyalegria.org\/venezuela\/wp-json\/wp\/v2\/posts"}],"about":[{"href":"https:\/\/www.feyalegria.org\/venezuela\/wp-json\/wp\/v2\/types\/post"}],"author":[{"embeddable":true,"href":"https:\/\/www.feyalegria.org\/venezuela\/wp-json\/wp\/v2\/users\/6"}],"replies":[{"embeddable":true,"href":"https:\/\/www.feyalegria.org\/venezuela\/wp-json\/wp\/v2\/comments?post=6385"}],"version-history":[{"count":0,"href":"https:\/\/www.feyalegria.org\/venezuela\/wp-json\/wp\/v2\/posts\/6385\/revisions"}],"wp:featuredmedia":[{"embeddable":true,"href":"https:\/\/www.feyalegria.org\/venezuela\/wp-json\/wp\/v2\/media\/6386"}],"wp:attachment":[{"href":"https:\/\/www.feyalegria.org\/venezuela\/wp-json\/wp\/v2\/media?parent=6385"}],"wp:term":[{"taxonomy":"category","embeddable":true,"href":"https:\/\/www.feyalegria.org\/venezuela\/wp-json\/wp\/v2\/categories?post=6385"},{"taxonomy":"post_tag","embeddable":true,"href":"https:\/\/www.feyalegria.org\/venezuela\/wp-json\/wp\/v2\/tags?post=6385"},{"taxonomy":"post_folder","embeddable":true,"href":"https:\/\/www.feyalegria.org\/venezuela\/wp-json\/wp\/v2\/post_folder?post=6385"}],"curies":[{"name":"wp","href":"https:\/\/api.w.org\/{rel}","templated":true}]}}