{"id":6402,"date":"2024-07-11T03:04:05","date_gmt":"2024-07-11T03:04:05","guid":{"rendered":"https:\/\/www.feyalegria.org\/venezuela\/?p=6402"},"modified":"2024-07-11T03:04:05","modified_gmt":"2024-07-11T03:04:05","slug":"un-compromiso-con-la-comunidad-y-el-desarrollo-cultural","status":"publish","type":"post","link":"https:\/\/www.feyalegria.org\/venezuela\/un-compromiso-con-la-comunidad-y-el-desarrollo-cultural\/","title":{"rendered":"\u00a1Un compromiso con la comunidad y el desarrollo cultural!"},"content":{"rendered":"<div class=\"wpb-content-wrapper\"><p>[vc_row][vc_column][vc_column_text css=\u00bb\u00bb]<\/p>\n<h1><strong>\u00a1Un compromiso con la comunidad y el desarrollo cultural!<\/strong><\/h1>\n<p>[\/vc_column_text][vc_single_image image=\u00bb6408&#8243; img_size=\u00bbFull\u00bb alignment=\u00bbcenter\u00bb css=\u00bb\u00bb][vc_column_text css=\u00bb\u00bb]<\/p>\n<p style=\"text-align: right\"><b>Ver\u00f3nica Cubill\u00e1n |<\/b>\u00a0<em>Referente de Comunicaci\u00f3n del Centro de Formaci\u00f3n e Investigaci\u00f3n Padre Joaqu\u00edn<\/em><\/p>\n<p>[\/vc_column_text][vc_separator][vc_column_text css=\u00bb\u00bb]<\/p>\n<p style=\"text-align: justify\">Los ni\u00f1os, ni\u00f1as y adolescentes que hacen vida en el Centro Cultural Comunitario Padre Joaqu\u00edn (CCCPJ) disfrutar\u00e1n de una semana llena de diversi\u00f3n y aprendizaje. Este lunes, 8 de julio, inici\u00f3 el XV Plan Vacacional \u00abMi amigo El Tuc\u00e1n\u00bb, el cual est\u00e1 dirigido a los ni\u00f1os, ni\u00f1as y adolescentes que participan en las actividades del Centro Cultural durante todo el a\u00f1o.<\/p>\n<p>&nbsp;<\/p>\n<p style=\"text-align: justify\"><img loading=\"lazy\" decoding=\"async\" class=\" wp-image-6412 alignleft\" src=\"https:\/\/d3pugrm67vf9n7.cloudfront.net\/wp-content\/uploads\/sites\/4\/2024\/07\/11024658\/CFIPJ-15-10-300x188.jpg\" alt=\"\" width=\"528\" height=\"331\" srcset=\"https:\/\/d3pugrm67vf9n7.cloudfront.net\/wp-content\/uploads\/sites\/4\/2024\/07\/11024658\/CFIPJ-15-10-300x188.jpg 300w, https:\/\/d3pugrm67vf9n7.cloudfront.net\/wp-content\/uploads\/sites\/4\/2024\/07\/11024658\/CFIPJ-15-10-768x480.jpg 768w, https:\/\/d3pugrm67vf9n7.cloudfront.net\/wp-content\/uploads\/sites\/4\/2024\/07\/11024658\/CFIPJ-15-10.jpg 800w\" sizes=\"auto, (max-width: 528px) 100vw, 528px\" \/>Esta es una iniciativa del Centro de Formaci\u00f3n e Investigaci\u00f3n Padre Joaqu\u00edn, que se viene desarrollando desde hace m\u00e1s de 15 a\u00f1os en los espacios de la Biblioteca Padre Ignacio Huarte para fortalecer el desarrollo integral de los ni\u00f1os, ni\u00f1as y adolescentes, con el apoyo y participaci\u00f3n de sus familias, que residen en los alrededores del edificio de Fe y Alegr\u00eda Occidente, en especial de los sectores Santa Rosal\u00eda y El Tr\u00e1nsito.<\/p>\n<p>&nbsp;<\/p>\n<p style=\"text-align: justify\">Este compromiso con la comunidad se materializa en el desarrollo de actividades que promueven los valores como la tolerancia, el respeto por la diversidad, la resoluci\u00f3n pac\u00edfica de conflictos y la importancia del di\u00e1logo, para la construcci\u00f3n de una ciudadan\u00eda responsable y participativa.<\/p>\n<p>&nbsp;<\/p>\n<h3 style=\"text-align: justify\">Una semana llena de actividades para todos los gustos<\/h3>\n<p>&nbsp;<\/p>\n<p style=\"text-align: justify\"><img loading=\"lazy\" decoding=\"async\" class=\" wp-image-6410 alignright\" src=\"https:\/\/d3pugrm67vf9n7.cloudfront.net\/wp-content\/uploads\/sites\/4\/2024\/07\/11024653\/CFIPJ-15-8-300x188.jpg\" alt=\"\" width=\"529\" height=\"331\" srcset=\"https:\/\/d3pugrm67vf9n7.cloudfront.net\/wp-content\/uploads\/sites\/4\/2024\/07\/11024653\/CFIPJ-15-8-300x188.jpg 300w, https:\/\/d3pugrm67vf9n7.cloudfront.net\/wp-content\/uploads\/sites\/4\/2024\/07\/11024653\/CFIPJ-15-8-768x480.jpg 768w, https:\/\/d3pugrm67vf9n7.cloudfront.net\/wp-content\/uploads\/sites\/4\/2024\/07\/11024653\/CFIPJ-15-8.jpg 800w\" sizes=\"auto, (max-width: 529px) 100vw, 529px\" \/>A trav\u00e9s de una amplia gama de actividades dise\u00f1adas para estimular el desarrollo f\u00edsico, cognitivo y social de los participantes, el plan vacacional es una oportunidad para sumergirse en un universo de aprendizaje y diversi\u00f3n.<\/p>\n<p>&nbsp;<\/p>\n<p style=\"text-align: justify\">Los m\u00e1s peque\u00f1os han puesto a prueba su cuerpo con juegos de psicomotricidad que fomentan la coordinaci\u00f3n y el movimiento, mientras exploran su lado art\u00edstico a trav\u00e9s de diversas t\u00e9cnicas de artes pl\u00e1sticas. Adem\u00e1s, han aprendido de forma l\u00fadica y sencilla a prevenir accidentes, activar los sistemas de emergencia y responder ante situaciones de riesgo de la mano de profesionales de Protecci\u00f3n Civil de Maracaibo.<\/p>\n<p>&nbsp;<\/p>\n<p style=\"text-align: justify\">El desarrollo del talento art\u00edstico ha tenido un lugar especial con talleres de pintura a mano alzada, donde los participantes han trabajado diversas t\u00e9cnicas para crear obras de arte \u00fanicas. Tambi\u00e9n han descubierto nuevas formas de expresarse utilizando herramientas tecnol\u00f3gicas y, en talleres de reposter\u00eda, se ha despertado su pasi\u00f3n por la cocina, que fomenta su creatividad y habilidades culinarias mientras preparan deliciosos postres y pasteles.<\/p>\n<p>&nbsp;<\/p>\n<h3 style=\"text-align: justify\">Los pilares fundamentales para el \u00e9xito del Plan Vacacional \u00abMi amigo El Tuc\u00e1n\u00bb<\/h3>\n<p>&nbsp;<\/p>\n<p style=\"text-align: justify\">El Centro Cultural reconoce y agradece profundamente el compromiso social de las empresas aliadas, quienes con su valiosa colaboraci\u00f3n contribuyen a la formaci\u00f3n integral y el sano esparcimiento de los ni\u00f1os, ni\u00f1as y adolescentes de la comunidad. Su participaci\u00f3n en el Plan Vacacional \u00abMi amigo El Tuc\u00e1n\u00bb es un ejemplo tangible de la responsabilidad social empresarial y su impacto positivo en el desarrollo de las comunidades.<\/p>\n<p>&nbsp;<\/p>\n<p style=\"text-align: justify\">En esta edici\u00f3n, el Centro Cultural agradece especialmente el respaldo de INDUSALCA (@indusalcave), Empresas Polar y Fundaci\u00f3n Empresas Polar (@EmpresasPolar), Munchy (@alimentosmunchy), CEVAZ (@cevaz_zulia), Protecci\u00f3n Civil de Maracaibo (@proteccioncivilmcb), Condimento Mi Gochita, Cervecer\u00eda Regional (@cerveceriaregionaloficial) y los Programas de EduComunicaci\u00f3n y Escuelas de la regi\u00f3n Occidente.<\/p>\n<p>&nbsp;<\/p>\n<h3 style=\"text-align: justify\">Una experiencia inolvidable<\/h3>\n<p>&nbsp;<\/p>\n<p style=\"text-align: justify\"><img loading=\"lazy\" decoding=\"async\" class=\" wp-image-6406 alignleft\" src=\"https:\/\/d3pugrm67vf9n7.cloudfront.net\/wp-content\/uploads\/sites\/4\/2024\/07\/11024645\/CFIPJ-15-4-300x188.jpg\" alt=\"\" width=\"476\" height=\"298\" srcset=\"https:\/\/d3pugrm67vf9n7.cloudfront.net\/wp-content\/uploads\/sites\/4\/2024\/07\/11024645\/CFIPJ-15-4-300x188.jpg 300w, https:\/\/d3pugrm67vf9n7.cloudfront.net\/wp-content\/uploads\/sites\/4\/2024\/07\/11024645\/CFIPJ-15-4-768x480.jpg 768w, https:\/\/d3pugrm67vf9n7.cloudfront.net\/wp-content\/uploads\/sites\/4\/2024\/07\/11024645\/CFIPJ-15-4.jpg 800w\" sizes=\"auto, (max-width: 476px) 100vw, 476px\" \/>Es as\u00ed como el Plan Vacacional \u00abMi amigo El Tuc\u00e1n\u00bb se convierte en una oportunidad \u00fanica para que los ni\u00f1os, ni\u00f1as y adolescentes vivan una experiencia inolvidable, llena de diversi\u00f3n, aprendizaje y crecimiento personal, donde pueden desarrollar sus habilidades, fortalecer sus valores y crear recuerdos imborrables.<\/p>\n<p>&nbsp;<\/p>\n<p style=\"text-align: justify\">El cierre formal se llevar\u00e1 a cabo el 12 de julio, sin embargo el 22 de julio se realizar\u00e1 una actividad especial para los chicos de 10 a 15 a\u00f1os, en la casa de retiro de Coraz\u00f3n de Jes\u00fas en el sector de Sierra Maestra, estado Zulia, para fortalecer las relaciones que promuevan la interacci\u00f3n social, el respeto mutuo y la convivencia arm\u00f3nica, bas\u00e1ndose en los valores humanos cristianos.<\/p>\n<p>[\/vc_column_text][vc_row_inner][vc_column_inner][vc_images_carousel images=\u00bb6403,6405,6406,6407,6411,6409&#8243; img_size=\u00bbfull\u00bb css=\u00bb\u00bb][\/vc_column_inner][\/vc_row_inner][vc_column_text css=\u00bb\u00bb]<\/p>\n<p style=\"text-align: right\"><strong>Caracas, 10 de julio de 2024<\/strong><\/p>\n<p>[\/vc_column_text][\/vc_column][\/vc_row]<\/p>\n<\/div>","protected":false},"excerpt":{"rendered":"<div style=\"height: 265px\">Este 8 de julio, inici\u00f3 el XV Plan Vacacional \u00abMi amigo El Tuc\u00e1n\u00bb, dirigido a los ni\u00f1os, ni\u00f1as y adolescentes que participan en las actividades del Centro Cultural Comunitario Padre Joaqu\u00edn<\/div>\n","protected":false},"author":6,"featured_media":6408,"comment_status":"open","ping_status":"open","sticky":false,"template":"","format":"standard","meta":{"_acf_changed":false,"footnotes":""},"categories":[746],"tags":[430,901],"post_folder":[],"class_list":["post-6402","post","type-post","status-publish","format-standard","has-post-thumbnail","hentry","category-boletin-interno","tag-cfipj","tag-plan-vacacional"],"acf":[],"yoast_head":"<!-- This site is optimized with the Yoast SEO plugin v27.5 - https:\/\/yoast.com\/product\/yoast-seo-wordpress\/ -->\n<title>\u00a1Un compromiso con la comunidad y el desarrollo cultural! - Fe y Alegr\u00eda en Venezuela<\/title>\n<meta name=\"description\" content=\"Este 8 de julio, inici\u00f3 el XV Plan Vacacional &quot;Mi amigo El Tuc\u00e1n&quot;, dirigido a los ni\u00f1os, ni\u00f1as y adolescentes\" \/>\n<meta name=\"robots\" content=\"index, follow, max-snippet:-1, max-image-preview:large, max-video-preview:-1\" \/>\n<link rel=\"canonical\" href=\"https:\/\/www.feyalegria.org\/venezuela\/un-compromiso-con-la-comunidad-y-el-desarrollo-cultural\/\" \/>\n<meta property=\"og:locale\" content=\"es_ES\" \/>\n<meta property=\"og:type\" content=\"article\" \/>\n<meta property=\"og:title\" content=\"\u00a1Un compromiso con la comunidad y el desarrollo cultural! - Fe y Alegr\u00eda en Venezuela\" \/>\n<meta property=\"og:description\" content=\"Este 8 de julio, inici\u00f3 el XV Plan Vacacional &quot;Mi amigo El Tuc\u00e1n&quot;, dirigido a los ni\u00f1os, ni\u00f1as y adolescentes\" \/>\n<meta property=\"og:url\" content=\"https:\/\/www.feyalegria.org\/venezuela\/un-compromiso-con-la-comunidad-y-el-desarrollo-cultural\/\" \/>\n<meta property=\"og:site_name\" content=\"Fe y Alegr\u00eda en Venezuela\" \/>\n<meta property=\"article:published_time\" content=\"2024-07-11T03:04:05+00:00\" \/>\n<meta property=\"og:image\" content=\"https:\/\/d3pugrm67vf9n7.cloudfront.net\/wp-content\/uploads\/sites\/4\/2024\/07\/11024649\/CFIPJ-15-6.jpg\" \/>\n\t<meta property=\"og:image:width\" content=\"800\" \/>\n\t<meta property=\"og:image:height\" content=\"500\" \/>\n\t<meta property=\"og:image:type\" content=\"image\/jpeg\" \/>\n<meta name=\"author\" content=\"Erika Briceno\" \/>\n<meta name=\"twitter:card\" content=\"summary_large_image\" \/>\n<meta name=\"twitter:label1\" content=\"Escrito por\" \/>\n\t<meta name=\"twitter:data1\" content=\"Erika Briceno\" \/>\n\t<meta name=\"twitter:label2\" content=\"Tiempo de lectura\" \/>\n\t<meta name=\"twitter:data2\" content=\"6 minutos\" \/>\n<script type=\"application\/ld+json\" class=\"yoast-schema-graph\">{\"@context\":\"https:\\\/\\\/schema.org\",\"@graph\":[{\"@type\":\"Article\",\"@id\":\"https:\\\/\\\/www.feyalegria.org\\\/venezuela\\\/un-compromiso-con-la-comunidad-y-el-desarrollo-cultural\\\/#article\",\"isPartOf\":{\"@id\":\"https:\\\/\\\/www.feyalegria.org\\\/venezuela\\\/un-compromiso-con-la-comunidad-y-el-desarrollo-cultural\\\/\"},\"author\":{\"name\":\"Erika Briceno\",\"@id\":\"https:\\\/\\\/www.feyalegria.org\\\/venezuela\\\/#\\\/schema\\\/person\\\/fcd504e06f93320841b99f79f3ab0180\"},\"headline\":\"\u00a1Un compromiso con la comunidad y el desarrollo cultural!\",\"datePublished\":\"2024-07-11T03:04:05+00:00\",\"mainEntityOfPage\":{\"@id\":\"https:\\\/\\\/www.feyalegria.org\\\/venezuela\\\/un-compromiso-con-la-comunidad-y-el-desarrollo-cultural\\\/\"},\"wordCount\":778,\"commentCount\":0,\"image\":{\"@id\":\"https:\\\/\\\/www.feyalegria.org\\\/venezuela\\\/un-compromiso-con-la-comunidad-y-el-desarrollo-cultural\\\/#primaryimage\"},\"thumbnailUrl\":\"https:\\\/\\\/d3pugrm67vf9n7.cloudfront.net\\\/wp-content\\\/uploads\\\/sites\\\/4\\\/2024\\\/07\\\/11024649\\\/CFIPJ-15-6.jpg\",\"keywords\":[\"CFIPJ\",\"Plan vacacional\"],\"articleSection\":[\"Bolet\u00edn Interno\"],\"inLanguage\":\"es\",\"potentialAction\":[{\"@type\":\"CommentAction\",\"name\":\"Comment\",\"target\":[\"https:\\\/\\\/www.feyalegria.org\\\/venezuela\\\/un-compromiso-con-la-comunidad-y-el-desarrollo-cultural\\\/#respond\"]}]},{\"@type\":\"WebPage\",\"@id\":\"https:\\\/\\\/www.feyalegria.org\\\/venezuela\\\/un-compromiso-con-la-comunidad-y-el-desarrollo-cultural\\\/\",\"url\":\"https:\\\/\\\/www.feyalegria.org\\\/venezuela\\\/un-compromiso-con-la-comunidad-y-el-desarrollo-cultural\\\/\",\"name\":\"\u00a1Un compromiso con la comunidad y el desarrollo cultural! - Fe y Alegr\u00eda en Venezuela\",\"isPartOf\":{\"@id\":\"https:\\\/\\\/www.feyalegria.org\\\/venezuela\\\/#website\"},\"primaryImageOfPage\":{\"@id\":\"https:\\\/\\\/www.feyalegria.org\\\/venezuela\\\/un-compromiso-con-la-comunidad-y-el-desarrollo-cultural\\\/#primaryimage\"},\"image\":{\"@id\":\"https:\\\/\\\/www.feyalegria.org\\\/venezuela\\\/un-compromiso-con-la-comunidad-y-el-desarrollo-cultural\\\/#primaryimage\"},\"thumbnailUrl\":\"https:\\\/\\\/d3pugrm67vf9n7.cloudfront.net\\\/wp-content\\\/uploads\\\/sites\\\/4\\\/2024\\\/07\\\/11024649\\\/CFIPJ-15-6.jpg\",\"datePublished\":\"2024-07-11T03:04:05+00:00\",\"author\":{\"@id\":\"https:\\\/\\\/www.feyalegria.org\\\/venezuela\\\/#\\\/schema\\\/person\\\/fcd504e06f93320841b99f79f3ab0180\"},\"description\":\"Este 8 de julio, inici\u00f3 el XV Plan Vacacional \\\"Mi amigo El Tuc\u00e1n\\\", dirigido a los ni\u00f1os, ni\u00f1as y adolescentes\",\"inLanguage\":\"es\",\"potentialAction\":[{\"@type\":\"ReadAction\",\"target\":[\"https:\\\/\\\/www.feyalegria.org\\\/venezuela\\\/un-compromiso-con-la-comunidad-y-el-desarrollo-cultural\\\/\"]}]},{\"@type\":\"ImageObject\",\"inLanguage\":\"es\",\"@id\":\"https:\\\/\\\/www.feyalegria.org\\\/venezuela\\\/un-compromiso-con-la-comunidad-y-el-desarrollo-cultural\\\/#primaryimage\",\"url\":\"https:\\\/\\\/d3pugrm67vf9n7.cloudfront.net\\\/wp-content\\\/uploads\\\/sites\\\/4\\\/2024\\\/07\\\/11024649\\\/CFIPJ-15-6.jpg\",\"contentUrl\":\"https:\\\/\\\/d3pugrm67vf9n7.cloudfront.net\\\/wp-content\\\/uploads\\\/sites\\\/4\\\/2024\\\/07\\\/11024649\\\/CFIPJ-15-6.jpg\",\"width\":800,\"height\":500},{\"@type\":\"WebSite\",\"@id\":\"https:\\\/\\\/www.feyalegria.org\\\/venezuela\\\/#website\",\"url\":\"https:\\\/\\\/www.feyalegria.org\\\/venezuela\\\/\",\"name\":\"Fe y Alegr\u00eda en Venezuela\",\"description\":\"\",\"potentialAction\":[{\"@type\":\"SearchAction\",\"target\":{\"@type\":\"EntryPoint\",\"urlTemplate\":\"https:\\\/\\\/www.feyalegria.org\\\/venezuela\\\/?s={search_term_string}\"},\"query-input\":{\"@type\":\"PropertyValueSpecification\",\"valueRequired\":true,\"valueName\":\"search_term_string\"}}],\"inLanguage\":\"es\"},{\"@type\":\"Person\",\"@id\":\"https:\\\/\\\/www.feyalegria.org\\\/venezuela\\\/#\\\/schema\\\/person\\\/fcd504e06f93320841b99f79f3ab0180\",\"name\":\"Erika Briceno\",\"url\":\"https:\\\/\\\/www.feyalegria.org\\\/venezuela\\\/author\\\/comunfifya\\\/\"}]}<\/script>\n<!-- \/ Yoast SEO plugin. -->","yoast_head_json":{"title":"\u00a1Un compromiso con la comunidad y el desarrollo cultural! - Fe y Alegr\u00eda en Venezuela","description":"Este 8 de julio, inici\u00f3 el XV Plan Vacacional \"Mi amigo El Tuc\u00e1n\", dirigido a los ni\u00f1os, ni\u00f1as y adolescentes","robots":{"index":"index","follow":"follow","max-snippet":"max-snippet:-1","max-image-preview":"max-image-preview:large","max-video-preview":"max-video-preview:-1"},"canonical":"https:\/\/www.feyalegria.org\/venezuela\/un-compromiso-con-la-comunidad-y-el-desarrollo-cultural\/","og_locale":"es_ES","og_type":"article","og_title":"\u00a1Un compromiso con la comunidad y el desarrollo cultural! - Fe y Alegr\u00eda en Venezuela","og_description":"Este 8 de julio, inici\u00f3 el XV Plan Vacacional \"Mi amigo El Tuc\u00e1n\", dirigido a los ni\u00f1os, ni\u00f1as y adolescentes","og_url":"https:\/\/www.feyalegria.org\/venezuela\/un-compromiso-con-la-comunidad-y-el-desarrollo-cultural\/","og_site_name":"Fe y Alegr\u00eda en Venezuela","article_published_time":"2024-07-11T03:04:05+00:00","og_image":[{"width":800,"height":500,"url":"https:\/\/d3pugrm67vf9n7.cloudfront.net\/wp-content\/uploads\/sites\/4\/2024\/07\/11024649\/CFIPJ-15-6.jpg","type":"image\/jpeg"}],"author":"Erika Briceno","twitter_card":"summary_large_image","twitter_misc":{"Escrito por":"Erika Briceno","Tiempo de lectura":"6 minutos"},"schema":{"@context":"https:\/\/schema.org","@graph":[{"@type":"Article","@id":"https:\/\/www.feyalegria.org\/venezuela\/un-compromiso-con-la-comunidad-y-el-desarrollo-cultural\/#article","isPartOf":{"@id":"https:\/\/www.feyalegria.org\/venezuela\/un-compromiso-con-la-comunidad-y-el-desarrollo-cultural\/"},"author":{"name":"Erika Briceno","@id":"https:\/\/www.feyalegria.org\/venezuela\/#\/schema\/person\/fcd504e06f93320841b99f79f3ab0180"},"headline":"\u00a1Un compromiso con la comunidad y el desarrollo cultural!","datePublished":"2024-07-11T03:04:05+00:00","mainEntityOfPage":{"@id":"https:\/\/www.feyalegria.org\/venezuela\/un-compromiso-con-la-comunidad-y-el-desarrollo-cultural\/"},"wordCount":778,"commentCount":0,"image":{"@id":"https:\/\/www.feyalegria.org\/venezuela\/un-compromiso-con-la-comunidad-y-el-desarrollo-cultural\/#primaryimage"},"thumbnailUrl":"https:\/\/d3pugrm67vf9n7.cloudfront.net\/wp-content\/uploads\/sites\/4\/2024\/07\/11024649\/CFIPJ-15-6.jpg","keywords":["CFIPJ","Plan vacacional"],"articleSection":["Bolet\u00edn Interno"],"inLanguage":"es","potentialAction":[{"@type":"CommentAction","name":"Comment","target":["https:\/\/www.feyalegria.org\/venezuela\/un-compromiso-con-la-comunidad-y-el-desarrollo-cultural\/#respond"]}]},{"@type":"WebPage","@id":"https:\/\/www.feyalegria.org\/venezuela\/un-compromiso-con-la-comunidad-y-el-desarrollo-cultural\/","url":"https:\/\/www.feyalegria.org\/venezuela\/un-compromiso-con-la-comunidad-y-el-desarrollo-cultural\/","name":"\u00a1Un compromiso con la comunidad y el desarrollo cultural! - Fe y Alegr\u00eda en Venezuela","isPartOf":{"@id":"https:\/\/www.feyalegria.org\/venezuela\/#website"},"primaryImageOfPage":{"@id":"https:\/\/www.feyalegria.org\/venezuela\/un-compromiso-con-la-comunidad-y-el-desarrollo-cultural\/#primaryimage"},"image":{"@id":"https:\/\/www.feyalegria.org\/venezuela\/un-compromiso-con-la-comunidad-y-el-desarrollo-cultural\/#primaryimage"},"thumbnailUrl":"https:\/\/d3pugrm67vf9n7.cloudfront.net\/wp-content\/uploads\/sites\/4\/2024\/07\/11024649\/CFIPJ-15-6.jpg","datePublished":"2024-07-11T03:04:05+00:00","author":{"@id":"https:\/\/www.feyalegria.org\/venezuela\/#\/schema\/person\/fcd504e06f93320841b99f79f3ab0180"},"description":"Este 8 de julio, inici\u00f3 el XV Plan Vacacional \"Mi amigo El Tuc\u00e1n\", dirigido a los ni\u00f1os, ni\u00f1as y adolescentes","inLanguage":"es","potentialAction":[{"@type":"ReadAction","target":["https:\/\/www.feyalegria.org\/venezuela\/un-compromiso-con-la-comunidad-y-el-desarrollo-cultural\/"]}]},{"@type":"ImageObject","inLanguage":"es","@id":"https:\/\/www.feyalegria.org\/venezuela\/un-compromiso-con-la-comunidad-y-el-desarrollo-cultural\/#primaryimage","url":"https:\/\/d3pugrm67vf9n7.cloudfront.net\/wp-content\/uploads\/sites\/4\/2024\/07\/11024649\/CFIPJ-15-6.jpg","contentUrl":"https:\/\/d3pugrm67vf9n7.cloudfront.net\/wp-content\/uploads\/sites\/4\/2024\/07\/11024649\/CFIPJ-15-6.jpg","width":800,"height":500},{"@type":"WebSite","@id":"https:\/\/www.feyalegria.org\/venezuela\/#website","url":"https:\/\/www.feyalegria.org\/venezuela\/","name":"Fe y Alegr\u00eda en Venezuela","description":"","potentialAction":[{"@type":"SearchAction","target":{"@type":"EntryPoint","urlTemplate":"https:\/\/www.feyalegria.org\/venezuela\/?s={search_term_string}"},"query-input":{"@type":"PropertyValueSpecification","valueRequired":true,"valueName":"search_term_string"}}],"inLanguage":"es"},{"@type":"Person","@id":"https:\/\/www.feyalegria.org\/venezuela\/#\/schema\/person\/fcd504e06f93320841b99f79f3ab0180","name":"Erika Briceno","url":"https:\/\/www.feyalegria.org\/venezuela\/author\/comunfifya\/"}]}},"_links":{"self":[{"href":"https:\/\/www.feyalegria.org\/venezuela\/wp-json\/wp\/v2\/posts\/6402","targetHints":{"allow":["GET"]}}],"collection":[{"href":"https:\/\/www.feyalegria.org\/venezuela\/wp-json\/wp\/v2\/posts"}],"about":[{"href":"https:\/\/www.feyalegria.org\/venezuela\/wp-json\/wp\/v2\/types\/post"}],"author":[{"embeddable":true,"href":"https:\/\/www.feyalegria.org\/venezuela\/wp-json\/wp\/v2\/users\/6"}],"replies":[{"embeddable":true,"href":"https:\/\/www.feyalegria.org\/venezuela\/wp-json\/wp\/v2\/comments?post=6402"}],"version-history":[{"count":0,"href":"https:\/\/www.feyalegria.org\/venezuela\/wp-json\/wp\/v2\/posts\/6402\/revisions"}],"wp:featuredmedia":[{"embeddable":true,"href":"https:\/\/www.feyalegria.org\/venezuela\/wp-json\/wp\/v2\/media\/6408"}],"wp:attachment":[{"href":"https:\/\/www.feyalegria.org\/venezuela\/wp-json\/wp\/v2\/media?parent=6402"}],"wp:term":[{"taxonomy":"category","embeddable":true,"href":"https:\/\/www.feyalegria.org\/venezuela\/wp-json\/wp\/v2\/categories?post=6402"},{"taxonomy":"post_tag","embeddable":true,"href":"https:\/\/www.feyalegria.org\/venezuela\/wp-json\/wp\/v2\/tags?post=6402"},{"taxonomy":"post_folder","embeddable":true,"href":"https:\/\/www.feyalegria.org\/venezuela\/wp-json\/wp\/v2\/post_folder?post=6402"}],"curies":[{"name":"wp","href":"https:\/\/api.w.org\/{rel}","templated":true}]}}