 {"id":6447,"date":"2024-07-17T11:44:37","date_gmt":"2024-07-17T11:44:37","guid":{"rendered":"https:\/\/www.feyalegria.org\/venezuela\/?p=6447"},"modified":"2024-07-17T11:54:14","modified_gmt":"2024-07-17T11:54:14","slug":"cumana-se-enferio-con-talento-emprendedor","status":"publish","type":"post","link":"https:\/\/www.feyalegria.org\/venezuela\/cumana-se-enferio-con-talento-emprendedor\/","title":{"rendered":"Cuman\u00e1 se enferi\u00f3 con talento emprendedor"},"content":{"rendered":"<div class=\"wpb-content-wrapper\"><p>[vc_row][vc_column][vc_column_text css=\u00bb\u00bb]<\/p>\n<h1><b>Cuman\u00e1 se enferi\u00f3 con talento emprendedor<\/b><\/h1>\n<p>[\/vc_column_text][vc_single_image image=\u00bb6450&#8243; img_size=\u00bbfull\u00bb alignment=\u00bbcenter\u00bb css=\u00bb\u00bb][vc_column_text css=\u00bb\u00bb]<\/p>\n<p style=\"text-align: right\"><strong>Germ\u00e1n Osorio | <\/strong><em>Referente de Comunicaci\u00f3n de Fe y Alegr\u00eda Capacitaci\u00f3n<br \/>\n<strong>Carlos Pe\u00f1a |<\/strong> Responsable de Fe y Alegr\u00eda Capacitaci\u00f3n en el estado Sucre<\/em><\/p>\n<p>[\/vc_column_text][vc_separator][vc_column_text css=\u00bb\u00bb]<\/p>\n<p style=\"text-align: justify\">Nuestros centros de capacitaci\u00f3n en el estado Sucre siguen promoviendo el esp\u00edritu emprendedor. Los participantes de nuestros centros de capacitaci\u00f3n Cristo Resucitado y Santa In\u00e9s, ubicados en la ciudad de Cuman\u00e1 del estado Sucre, fueron los protagonistas de la I Feria de Emprendimiento, bajo el lema \u00abEn alianza por la educaci\u00f3n: Aprendemos y Emprendemos\u00bb.<\/p>\n<p>&nbsp;<\/p>\n<p style=\"text-align: justify\">Ysabel L\u00f3pez, emprendedora exitosa formada en Fe y Alegr\u00eda Capacitaci\u00f3n, nos asegur\u00f3 que estas actividades son importantes para los emprendedores ya que les permite desarrollar sus productos. Lopez, una vez que finaliz\u00f3 su formaci\u00f3n con nosotros, cre\u00f3 su propia marca de pan, llamada \u201c\u00d1a\u2019 Ysa\u201d.<\/p>\n<p>&nbsp;<\/p>\n<p style=\"text-align: justify\"><img loading=\"lazy\" decoding=\"async\" class=\" wp-image-6448 alignright\" src=\"https:\/\/d3pugrm67vf9n7.cloudfront.net\/wp-content\/uploads\/sites\/4\/2024\/07\/17113403\/Capacitacion-16-1-215x300.jpg\" alt=\"\" width=\"314\" height=\"439\" srcset=\"https:\/\/d3pugrm67vf9n7.cloudfront.net\/wp-content\/uploads\/sites\/4\/2024\/07\/17113403\/Capacitacion-16-1-215x300.jpg 215w, https:\/\/d3pugrm67vf9n7.cloudfront.net\/wp-content\/uploads\/sites\/4\/2024\/07\/17113403\/Capacitacion-16-1.jpg 500w\" sizes=\"auto, (max-width: 314px) 100vw, 314px\" \/>De la misma manera, en esta feria participaron otros egresados de nuestros programas formativos, incluyendo potenciales emprendedores en los oficios de corte y costura, y panader\u00eda; cada uno de ellos capacitados por nuestro programa y el apoyo brindado por la empresa Sedatex y la Fundaci\u00f3n Empresas Polar.<\/p>\n<p>&nbsp;<\/p>\n<p style=\"text-align: justify\">Por su parte, Francys Marcano, promotora de Fundaci\u00f3n Empresas Polar en Cuman\u00e1, expres\u00f3 su entusiasmo durante la Feria: \u201cMe encant\u00f3 la actividad, la diversidad de programas formativos ofrecidos y la presencia de un taller de costura con ventas activas\u201d, afirm\u00f3. Asimismo, sugiri\u00f3 que ser\u00eda beneficioso para la comunidad realizar estas ferias con mayor frecuencia, incluso explorar otras zonas como Caiguire.<\/p>\n<p>&nbsp;<\/p>\n<p style=\"text-align: justify\">Ambos centros han impulsado durante el 2024 un total de 12 procesos formativos en las \u00e1reas de Hogar\/Artes Manuales y Servicios. Los cursos ofrecidos incluyen asistente de farmacia, corte y costura, sistema de u\u00f1as, peluquer\u00eda, cejas y pesta\u00f1as, panader\u00eda, ofim\u00e1tica y reparaci\u00f3n de electrodom\u00e9sticos.<\/p>\n<p>&nbsp;<\/p>\n<p style=\"text-align: justify\">La I Feria de Emprendimiento en el estado Sucre fue un evento inspirador que logr\u00f3 impulsar nuestro objetivo de brindar oportunidades de formaci\u00f3n y empoderamiento a emprendedores de diversas \u00e1reas, con el fin de fortalecer sus habilidades y conocimientos para que puedan desarrollar sus emprendimientos de manera exitosa que a la vez, fortalezcan el emprendimiento local y contribuyan el desarrollo econ\u00f3mico y social de la comunidad.<\/p>\n<p>\u00a0[\/vc_column_text][\/vc_column][\/vc_row][vc_row][vc_column width=\u00bb1\/2&#8243;][vc_single_image image=\u00bb6452&#8243; img_size=\u00bbfull\u00bb alignment=\u00bbcenter\u00bb onclick=\u00bblink_image\u00bb css=\u00bb\u00bb][\/vc_column][vc_column width=\u00bb1\/2&#8243;][vc_single_image image=\u00bb6449&#8243; img_size=\u00bbfull\u00bb alignment=\u00bbcenter\u00bb css=\u00bb\u00bb][\/vc_column][\/vc_row][vc_row css=\u00bb.vc_custom_1721217182457{background-color: rgba(228,228,228,0.5) !important;*background-color: rgb(228,228,228) !important;border-radius: 5px !important;}\u00bb][vc_column][vc_column_text css=\u00bb\u00bb]<\/p>\n<p class=\"style-scope ytd-watch-metadata\"><span style=\"font-size: 17px\">Manuel Figueroa V\u00e9liz prepar\u00f3 un reportaje sobre la I Feria Aprendemos y emprendemos:<\/span><\/p>\n<p>[\/vc_column_text][vc_video link=\u00bbhttps:\/\/youtu.be\/Cf70OU3TOoE?si=baGaEboIKVDesqrX\u00bb el_width=\u00bb80&#8243; align=\u00bbcenter\u00bb css=\u00bb\u00bb][vc_row_inner][vc_column_inner][vc_column_text css=\u00bb\u00bb]<\/p>\n<p style=\"text-align: right\"><strong>Caracas, 17 de julio de 2024<\/strong><\/p>\n<p>[\/vc_column_text][\/vc_column_inner][\/vc_row_inner][\/vc_column][\/vc_row]<\/p>\n<\/div>","protected":false},"excerpt":{"rendered":"<div style=\"height: 265px\">Los participantes de nuestros centros de capacitaci\u00f3n Cristo Resucitado y Santa In\u00e9s, ubicados en Cuman\u00e1, fueron los protagonistas de la I Feria de Emprendimiento.<\/div>\n","protected":false},"author":6,"featured_media":6450,"comment_status":"open","ping_status":"open","sticky":false,"template":"","format":"standard","meta":{"_acf_changed":false,"footnotes":""},"categories":[746],"tags":[634,774],"post_folder":[],"class_list":["post-6447","post","type-post","status-publish","format-standard","has-post-thumbnail","hentry","category-boletin-interno","tag-capacitacion","tag-emprendimiento"],"acf":[],"yoast_head":"<!-- This site is optimized with the Yoast SEO plugin v27.4 - https:\/\/yoast.com\/product\/yoast-seo-wordpress\/ -->\n<title>Cuman\u00e1 se enferi\u00f3 con talento emprendedor - Fe y Alegr\u00eda en Venezuela<\/title>\n<meta name=\"description\" content=\"Participantes de centros de capacitaci\u00f3n Cristo Resucitado y Santa In\u00e9s, ubicados en Cuman\u00e1, participaron en la I Feria de Emprendimiento\" \/>\n<meta name=\"robots\" content=\"index, follow, max-snippet:-1, max-image-preview:large, max-video-preview:-1\" \/>\n<link rel=\"canonical\" href=\"https:\/\/www.feyalegria.org\/venezuela\/cumana-se-enferio-con-talento-emprendedor\/\" \/>\n<meta property=\"og:locale\" content=\"es_ES\" \/>\n<meta property=\"og:type\" content=\"article\" \/>\n<meta property=\"og:title\" content=\"Cuman\u00e1 se enferi\u00f3 con talento emprendedor - Fe y Alegr\u00eda en Venezuela\" \/>\n<meta property=\"og:description\" content=\"Participantes de centros de capacitaci\u00f3n Cristo Resucitado y Santa In\u00e9s, ubicados en Cuman\u00e1, participaron en la I Feria de Emprendimiento\" \/>\n<meta property=\"og:url\" content=\"https:\/\/www.feyalegria.org\/venezuela\/cumana-se-enferio-con-talento-emprendedor\/\" \/>\n<meta property=\"og:site_name\" content=\"Fe y Alegr\u00eda en Venezuela\" \/>\n<meta property=\"article:published_time\" content=\"2024-07-17T11:44:37+00:00\" \/>\n<meta property=\"article:modified_time\" content=\"2024-07-17T11:54:14+00:00\" \/>\n<meta property=\"og:image\" content=\"https:\/\/d3pugrm67vf9n7.cloudfront.net\/wp-content\/uploads\/sites\/4\/2024\/07\/17113408\/Capacitacion-16-3.jpg\" \/>\n\t<meta property=\"og:image:width\" content=\"800\" \/>\n\t<meta property=\"og:image:height\" content=\"500\" \/>\n\t<meta property=\"og:image:type\" content=\"image\/jpeg\" \/>\n<meta name=\"author\" content=\"Erika Briceno\" \/>\n<meta name=\"twitter:card\" content=\"summary_large_image\" \/>\n<meta name=\"twitter:label1\" content=\"Escrito por\" \/>\n\t<meta name=\"twitter:data1\" content=\"Erika Briceno\" \/>\n\t<meta name=\"twitter:label2\" content=\"Tiempo de lectura\" \/>\n\t<meta name=\"twitter:data2\" content=\"3 minutos\" \/>\n<script type=\"application\/ld+json\" class=\"yoast-schema-graph\">{\"@context\":\"https:\\\/\\\/schema.org\",\"@graph\":[{\"@type\":\"Article\",\"@id\":\"https:\\\/\\\/www.feyalegria.org\\\/venezuela\\\/cumana-se-enferio-con-talento-emprendedor\\\/#article\",\"isPartOf\":{\"@id\":\"https:\\\/\\\/www.feyalegria.org\\\/venezuela\\\/cumana-se-enferio-con-talento-emprendedor\\\/\"},\"author\":{\"name\":\"Erika Briceno\",\"@id\":\"https:\\\/\\\/www.feyalegria.org\\\/venezuela\\\/#\\\/schema\\\/person\\\/fcd504e06f93320841b99f79f3ab0180\"},\"headline\":\"Cuman\u00e1 se enferi\u00f3 con talento emprendedor\",\"datePublished\":\"2024-07-17T11:44:37+00:00\",\"dateModified\":\"2024-07-17T11:54:14+00:00\",\"mainEntityOfPage\":{\"@id\":\"https:\\\/\\\/www.feyalegria.org\\\/venezuela\\\/cumana-se-enferio-con-talento-emprendedor\\\/\"},\"wordCount\":541,\"commentCount\":1,\"image\":{\"@id\":\"https:\\\/\\\/www.feyalegria.org\\\/venezuela\\\/cumana-se-enferio-con-talento-emprendedor\\\/#primaryimage\"},\"thumbnailUrl\":\"https:\\\/\\\/d3pugrm67vf9n7.cloudfront.net\\\/wp-content\\\/uploads\\\/sites\\\/4\\\/2024\\\/07\\\/17113408\\\/Capacitacion-16-3.jpg\",\"keywords\":[\"Capacitaci\u00f3n\",\"emprendimiento\"],\"articleSection\":[\"Bolet\u00edn Interno\"],\"inLanguage\":\"es\",\"potentialAction\":[{\"@type\":\"CommentAction\",\"name\":\"Comment\",\"target\":[\"https:\\\/\\\/www.feyalegria.org\\\/venezuela\\\/cumana-se-enferio-con-talento-emprendedor\\\/#respond\"]}]},{\"@type\":\"WebPage\",\"@id\":\"https:\\\/\\\/www.feyalegria.org\\\/venezuela\\\/cumana-se-enferio-con-talento-emprendedor\\\/\",\"url\":\"https:\\\/\\\/www.feyalegria.org\\\/venezuela\\\/cumana-se-enferio-con-talento-emprendedor\\\/\",\"name\":\"Cuman\u00e1 se enferi\u00f3 con talento emprendedor - Fe y Alegr\u00eda en Venezuela\",\"isPartOf\":{\"@id\":\"https:\\\/\\\/www.feyalegria.org\\\/venezuela\\\/#website\"},\"primaryImageOfPage\":{\"@id\":\"https:\\\/\\\/www.feyalegria.org\\\/venezuela\\\/cumana-se-enferio-con-talento-emprendedor\\\/#primaryimage\"},\"image\":{\"@id\":\"https:\\\/\\\/www.feyalegria.org\\\/venezuela\\\/cumana-se-enferio-con-talento-emprendedor\\\/#primaryimage\"},\"thumbnailUrl\":\"https:\\\/\\\/d3pugrm67vf9n7.cloudfront.net\\\/wp-content\\\/uploads\\\/sites\\\/4\\\/2024\\\/07\\\/17113408\\\/Capacitacion-16-3.jpg\",\"datePublished\":\"2024-07-17T11:44:37+00:00\",\"dateModified\":\"2024-07-17T11:54:14+00:00\",\"author\":{\"@id\":\"https:\\\/\\\/www.feyalegria.org\\\/venezuela\\\/#\\\/schema\\\/person\\\/fcd504e06f93320841b99f79f3ab0180\"},\"description\":\"Participantes de centros de capacitaci\u00f3n Cristo Resucitado y Santa In\u00e9s, ubicados en Cuman\u00e1, participaron en la I Feria de Emprendimiento\",\"inLanguage\":\"es\",\"potentialAction\":[{\"@type\":\"ReadAction\",\"target\":[\"https:\\\/\\\/www.feyalegria.org\\\/venezuela\\\/cumana-se-enferio-con-talento-emprendedor\\\/\"]}]},{\"@type\":\"ImageObject\",\"inLanguage\":\"es\",\"@id\":\"https:\\\/\\\/www.feyalegria.org\\\/venezuela\\\/cumana-se-enferio-con-talento-emprendedor\\\/#primaryimage\",\"url\":\"https:\\\/\\\/d3pugrm67vf9n7.cloudfront.net\\\/wp-content\\\/uploads\\\/sites\\\/4\\\/2024\\\/07\\\/17113408\\\/Capacitacion-16-3.jpg\",\"contentUrl\":\"https:\\\/\\\/d3pugrm67vf9n7.cloudfront.net\\\/wp-content\\\/uploads\\\/sites\\\/4\\\/2024\\\/07\\\/17113408\\\/Capacitacion-16-3.jpg\",\"width\":800,\"height\":500},{\"@type\":\"WebSite\",\"@id\":\"https:\\\/\\\/www.feyalegria.org\\\/venezuela\\\/#website\",\"url\":\"https:\\\/\\\/www.feyalegria.org\\\/venezuela\\\/\",\"name\":\"Fe y Alegr\u00eda en Venezuela\",\"description\":\"\",\"potentialAction\":[{\"@type\":\"SearchAction\",\"target\":{\"@type\":\"EntryPoint\",\"urlTemplate\":\"https:\\\/\\\/www.feyalegria.org\\\/venezuela\\\/?s={search_term_string}\"},\"query-input\":{\"@type\":\"PropertyValueSpecification\",\"valueRequired\":true,\"valueName\":\"search_term_string\"}}],\"inLanguage\":\"es\"},{\"@type\":\"Person\",\"@id\":\"https:\\\/\\\/www.feyalegria.org\\\/venezuela\\\/#\\\/schema\\\/person\\\/fcd504e06f93320841b99f79f3ab0180\",\"name\":\"Erika Briceno\",\"url\":\"https:\\\/\\\/www.feyalegria.org\\\/venezuela\\\/author\\\/comunfifya\\\/\"}]}<\/script>\n<!-- \/ Yoast SEO plugin. -->","yoast_head_json":{"title":"Cuman\u00e1 se enferi\u00f3 con talento emprendedor - Fe y Alegr\u00eda en Venezuela","description":"Participantes de centros de capacitaci\u00f3n Cristo Resucitado y Santa In\u00e9s, ubicados en Cuman\u00e1, participaron en la I Feria de Emprendimiento","robots":{"index":"index","follow":"follow","max-snippet":"max-snippet:-1","max-image-preview":"max-image-preview:large","max-video-preview":"max-video-preview:-1"},"canonical":"https:\/\/www.feyalegria.org\/venezuela\/cumana-se-enferio-con-talento-emprendedor\/","og_locale":"es_ES","og_type":"article","og_title":"Cuman\u00e1 se enferi\u00f3 con talento emprendedor - Fe y Alegr\u00eda en Venezuela","og_description":"Participantes de centros de capacitaci\u00f3n Cristo Resucitado y Santa In\u00e9s, ubicados en Cuman\u00e1, participaron en la I Feria de Emprendimiento","og_url":"https:\/\/www.feyalegria.org\/venezuela\/cumana-se-enferio-con-talento-emprendedor\/","og_site_name":"Fe y Alegr\u00eda en Venezuela","article_published_time":"2024-07-17T11:44:37+00:00","article_modified_time":"2024-07-17T11:54:14+00:00","og_image":[{"width":800,"height":500,"url":"https:\/\/d3pugrm67vf9n7.cloudfront.net\/wp-content\/uploads\/sites\/4\/2024\/07\/17113408\/Capacitacion-16-3.jpg","type":"image\/jpeg"}],"author":"Erika Briceno","twitter_card":"summary_large_image","twitter_misc":{"Escrito por":"Erika Briceno","Tiempo de lectura":"3 minutos"},"schema":{"@context":"https:\/\/schema.org","@graph":[{"@type":"Article","@id":"https:\/\/www.feyalegria.org\/venezuela\/cumana-se-enferio-con-talento-emprendedor\/#article","isPartOf":{"@id":"https:\/\/www.feyalegria.org\/venezuela\/cumana-se-enferio-con-talento-emprendedor\/"},"author":{"name":"Erika Briceno","@id":"https:\/\/www.feyalegria.org\/venezuela\/#\/schema\/person\/fcd504e06f93320841b99f79f3ab0180"},"headline":"Cuman\u00e1 se enferi\u00f3 con talento emprendedor","datePublished":"2024-07-17T11:44:37+00:00","dateModified":"2024-07-17T11:54:14+00:00","mainEntityOfPage":{"@id":"https:\/\/www.feyalegria.org\/venezuela\/cumana-se-enferio-con-talento-emprendedor\/"},"wordCount":541,"commentCount":1,"image":{"@id":"https:\/\/www.feyalegria.org\/venezuela\/cumana-se-enferio-con-talento-emprendedor\/#primaryimage"},"thumbnailUrl":"https:\/\/d3pugrm67vf9n7.cloudfront.net\/wp-content\/uploads\/sites\/4\/2024\/07\/17113408\/Capacitacion-16-3.jpg","keywords":["Capacitaci\u00f3n","emprendimiento"],"articleSection":["Bolet\u00edn Interno"],"inLanguage":"es","potentialAction":[{"@type":"CommentAction","name":"Comment","target":["https:\/\/www.feyalegria.org\/venezuela\/cumana-se-enferio-con-talento-emprendedor\/#respond"]}]},{"@type":"WebPage","@id":"https:\/\/www.feyalegria.org\/venezuela\/cumana-se-enferio-con-talento-emprendedor\/","url":"https:\/\/www.feyalegria.org\/venezuela\/cumana-se-enferio-con-talento-emprendedor\/","name":"Cuman\u00e1 se enferi\u00f3 con talento emprendedor - Fe y Alegr\u00eda en Venezuela","isPartOf":{"@id":"https:\/\/www.feyalegria.org\/venezuela\/#website"},"primaryImageOfPage":{"@id":"https:\/\/www.feyalegria.org\/venezuela\/cumana-se-enferio-con-talento-emprendedor\/#primaryimage"},"image":{"@id":"https:\/\/www.feyalegria.org\/venezuela\/cumana-se-enferio-con-talento-emprendedor\/#primaryimage"},"thumbnailUrl":"https:\/\/d3pugrm67vf9n7.cloudfront.net\/wp-content\/uploads\/sites\/4\/2024\/07\/17113408\/Capacitacion-16-3.jpg","datePublished":"2024-07-17T11:44:37+00:00","dateModified":"2024-07-17T11:54:14+00:00","author":{"@id":"https:\/\/www.feyalegria.org\/venezuela\/#\/schema\/person\/fcd504e06f93320841b99f79f3ab0180"},"description":"Participantes de centros de capacitaci\u00f3n Cristo Resucitado y Santa In\u00e9s, ubicados en Cuman\u00e1, participaron en la I Feria de Emprendimiento","inLanguage":"es","potentialAction":[{"@type":"ReadAction","target":["https:\/\/www.feyalegria.org\/venezuela\/cumana-se-enferio-con-talento-emprendedor\/"]}]},{"@type":"ImageObject","inLanguage":"es","@id":"https:\/\/www.feyalegria.org\/venezuela\/cumana-se-enferio-con-talento-emprendedor\/#primaryimage","url":"https:\/\/d3pugrm67vf9n7.cloudfront.net\/wp-content\/uploads\/sites\/4\/2024\/07\/17113408\/Capacitacion-16-3.jpg","contentUrl":"https:\/\/d3pugrm67vf9n7.cloudfront.net\/wp-content\/uploads\/sites\/4\/2024\/07\/17113408\/Capacitacion-16-3.jpg","width":800,"height":500},{"@type":"WebSite","@id":"https:\/\/www.feyalegria.org\/venezuela\/#website","url":"https:\/\/www.feyalegria.org\/venezuela\/","name":"Fe y Alegr\u00eda en Venezuela","description":"","potentialAction":[{"@type":"SearchAction","target":{"@type":"EntryPoint","urlTemplate":"https:\/\/www.feyalegria.org\/venezuela\/?s={search_term_string}"},"query-input":{"@type":"PropertyValueSpecification","valueRequired":true,"valueName":"search_term_string"}}],"inLanguage":"es"},{"@type":"Person","@id":"https:\/\/www.feyalegria.org\/venezuela\/#\/schema\/person\/fcd504e06f93320841b99f79f3ab0180","name":"Erika Briceno","url":"https:\/\/www.feyalegria.org\/venezuela\/author\/comunfifya\/"}]}},"_links":{"self":[{"href":"https:\/\/www.feyalegria.org\/venezuela\/wp-json\/wp\/v2\/posts\/6447","targetHints":{"allow":["GET"]}}],"collection":[{"href":"https:\/\/www.feyalegria.org\/venezuela\/wp-json\/wp\/v2\/posts"}],"about":[{"href":"https:\/\/www.feyalegria.org\/venezuela\/wp-json\/wp\/v2\/types\/post"}],"author":[{"embeddable":true,"href":"https:\/\/www.feyalegria.org\/venezuela\/wp-json\/wp\/v2\/users\/6"}],"replies":[{"embeddable":true,"href":"https:\/\/www.feyalegria.org\/venezuela\/wp-json\/wp\/v2\/comments?post=6447"}],"version-history":[{"count":0,"href":"https:\/\/www.feyalegria.org\/venezuela\/wp-json\/wp\/v2\/posts\/6447\/revisions"}],"wp:featuredmedia":[{"embeddable":true,"href":"https:\/\/www.feyalegria.org\/venezuela\/wp-json\/wp\/v2\/media\/6450"}],"wp:attachment":[{"href":"https:\/\/www.feyalegria.org\/venezuela\/wp-json\/wp\/v2\/media?parent=6447"}],"wp:term":[{"taxonomy":"category","embeddable":true,"href":"https:\/\/www.feyalegria.org\/venezuela\/wp-json\/wp\/v2\/categories?post=6447"},{"taxonomy":"post_tag","embeddable":true,"href":"https:\/\/www.feyalegria.org\/venezuela\/wp-json\/wp\/v2\/tags?post=6447"},{"taxonomy":"post_folder","embeddable":true,"href":"https:\/\/www.feyalegria.org\/venezuela\/wp-json\/wp\/v2\/post_folder?post=6447"}],"curies":[{"name":"wp","href":"https:\/\/api.w.org\/{rel}","templated":true}]}}