{"id":6600,"date":"2024-07-31T19:25:01","date_gmt":"2024-07-31T19:25:01","guid":{"rendered":"https:\/\/www.feyalegria.org\/venezuela\/?p=6600"},"modified":"2024-07-31T22:59:04","modified_gmt":"2024-07-31T22:59:04","slug":"en-lara-iniciamos-prueba-piloto-en-curso-de-asistente-dental","status":"publish","type":"post","link":"https:\/\/www.feyalegria.org\/venezuela\/en-lara-iniciamos-prueba-piloto-en-curso-de-asistente-dental\/","title":{"rendered":"En Lara iniciamos prueba piloto en curso de Asistente Dental"},"content":{"rendered":"<div class=\"wpb-content-wrapper\"><p>[vc_row][vc_column][vc_column_text css=\u00bb\u00bb]<\/p>\n<h1>En Lara iniciamos prueba piloto en curso de Asistente Dental<\/h1>\n<p>[\/vc_column_text][vc_column_text css=\u00bb\u00bb]<\/p>\n<p style=\"text-align: right\"><strong>Germ\u00e1n Osorio | <\/strong><em>Referente de Comunicaci\u00f3n de Fe y Alegr\u00eda Capacitaci\u00f3n<\/em><\/p>\n<p style=\"text-align: right\"><span style=\"font-weight: 400\"><strong>Min\u00fa Mart\u00ednez |<\/strong>\u00a0<em>Comit\u00e9 Pedag\u00f3gico de Fe y Alegr\u00eda Capacitaci\u00f3n<\/em><\/span><\/p>\n<p>[\/vc_column_text][vc_separator][vc_column_text css=\u00bb\u00bb]<\/p>\n<p style=\"text-align: justify\"><img loading=\"lazy\" decoding=\"async\" class=\" wp-image-6625 alignright\" src=\"https:\/\/d3pugrm67vf9n7.cloudfront.net\/wp-content\/uploads\/sites\/4\/2024\/07\/31225742\/Capacitacion-18-2-214x300.jpg\" alt=\"\" width=\"319\" height=\"447\" srcset=\"https:\/\/d3pugrm67vf9n7.cloudfront.net\/wp-content\/uploads\/sites\/4\/2024\/07\/31225742\/Capacitacion-18-2-214x300.jpg 214w, https:\/\/d3pugrm67vf9n7.cloudfront.net\/wp-content\/uploads\/sites\/4\/2024\/07\/31225742\/Capacitacion-18-2.jpg 500w\" sizes=\"auto, (max-width: 319px) 100vw, 319px\" \/>Desde Fe y Alegr\u00eda Capacitaci\u00f3n nos complace anunciar el inicio de una prueba piloto en una nueva \u00e1rea de trabajo como la de Asistente Dental con 60 participantes en el centro de capacitaci\u00f3n Sanare, ubicado en el estado Lara. Esta actividad se realiza en colaboraci\u00f3n con la Fundaci\u00f3n El Tunal.<\/p>\n<p>&nbsp;<\/p>\n<p style=\"text-align: justify\">El curso est\u00e1 dise\u00f1ado para brindar a los participantes las habilidades necesarias para desempe\u00f1arse como asistentes dentales, incluyendo el manejo de herramientas odontol\u00f3gicas y el cumplimiento estricto de normas de higiene, esterilizaci\u00f3n y bioseguridad. Adem\u00e1s, el plan de estudios incorpora formaci\u00f3n en empleabilidad y desarrollo de habilidades socioemocionales.<\/p>\n<p>&nbsp;<\/p>\n<p style=\"text-align: justify\">Amparo Galian, una de las participantes del curso, expres\u00f3 su satisfacci\u00f3n: \u201cMe esfuerzo y me comprometo para culminar este curso, ha sido una experiencia enriquecedora. Esta formaci\u00f3n me permitir\u00e1 aprender y contribuir, y con la bendici\u00f3n de Dios, podr\u00e9 comenzar una nueva etapa como Asistente Dental\u201d, dijo.<\/p>\n<p>&nbsp;<\/p>\n<p style=\"text-align: justify\">Con esta iniciativa, Fe y Alegr\u00eda Capacitaci\u00f3n reafirma su compromiso con la excelencia educativa y brinda a la comunidad la oportunidad de acceder a formaci\u00f3n de calidad en el \u00e1rea de la salud bucal.<\/p>\n<p>[\/vc_column_text][vc_column_text css=\u00bb\u00bb]<\/p>\n<p style=\"text-align: right\"><strong>Caracas, 31 de julio de 2024<\/strong><\/p>\n<p>[\/vc_column_text][\/vc_column][\/vc_row]<\/p>\n<\/div>","protected":false},"excerpt":{"rendered":"<div style=\"height: 265px\">Desde Fe y Alegr\u00eda Capacitaci\u00f3n nos complace anunciar el inicio de una prueba piloto del curso de Asistente Dental en el centro de capacitaci\u00f3n Sanare, ubicado en el estado Lara.<\/div>\n","protected":false},"author":6,"featured_media":6601,"comment_status":"open","ping_status":"open","sticky":false,"template":"","format":"standard","meta":{"_acf_changed":false,"footnotes":""},"categories":[746],"tags":[919,634],"post_folder":[],"class_list":["post-6600","post","type-post","status-publish","format-standard","has-post-thumbnail","hentry","category-boletin-interno","tag-asistente-dental","tag-capacitacion"],"acf":[],"yoast_head":"<!-- This site is optimized with the Yoast SEO plugin v27.5 - https:\/\/yoast.com\/product\/yoast-seo-wordpress\/ -->\n<title>En Lara iniciamos prueba piloto en curso de Asistente Dental - Fe y Alegr\u00eda en Venezuela<\/title>\n<meta name=\"description\" content=\"Fe y Alegr\u00eda Capacitaci\u00f3n inici\u00f3 de una prueba piloto del curso de Asistente Dental en Sanare, en el estado Lara\" \/>\n<meta name=\"robots\" content=\"index, follow, max-snippet:-1, max-image-preview:large, max-video-preview:-1\" \/>\n<link rel=\"canonical\" href=\"https:\/\/www.feyalegria.org\/venezuela\/en-lara-iniciamos-prueba-piloto-en-curso-de-asistente-dental\/\" \/>\n<meta property=\"og:locale\" content=\"es_ES\" \/>\n<meta property=\"og:type\" content=\"article\" \/>\n<meta property=\"og:title\" content=\"En Lara iniciamos prueba piloto en curso de Asistente Dental - Fe y Alegr\u00eda en Venezuela\" \/>\n<meta property=\"og:description\" content=\"Fe y Alegr\u00eda Capacitaci\u00f3n inici\u00f3 de una prueba piloto del curso de Asistente Dental en Sanare, en el estado Lara\" \/>\n<meta property=\"og:url\" content=\"https:\/\/www.feyalegria.org\/venezuela\/en-lara-iniciamos-prueba-piloto-en-curso-de-asistente-dental\/\" \/>\n<meta property=\"og:site_name\" content=\"Fe y Alegr\u00eda en Venezuela\" \/>\n<meta property=\"article:published_time\" content=\"2024-07-31T19:25:01+00:00\" \/>\n<meta property=\"article:modified_time\" content=\"2024-07-31T22:59:04+00:00\" \/>\n<meta property=\"og:image\" content=\"https:\/\/d3pugrm67vf9n7.cloudfront.net\/wp-content\/uploads\/sites\/4\/2024\/07\/31192030\/Capacitacion-18-1.jpg\" \/>\n\t<meta property=\"og:image:width\" content=\"500\" \/>\n\t<meta property=\"og:image:height\" content=\"700\" \/>\n\t<meta property=\"og:image:type\" content=\"image\/jpeg\" \/>\n<meta name=\"author\" content=\"Erika Briceno\" \/>\n<meta name=\"twitter:card\" content=\"summary_large_image\" \/>\n<meta name=\"twitter:label1\" content=\"Escrito por\" \/>\n\t<meta name=\"twitter:data1\" content=\"Erika Briceno\" \/>\n\t<meta name=\"twitter:label2\" content=\"Tiempo de lectura\" \/>\n\t<meta name=\"twitter:data2\" content=\"2 minutos\" \/>\n<script type=\"application\/ld+json\" class=\"yoast-schema-graph\">{\"@context\":\"https:\\\/\\\/schema.org\",\"@graph\":[{\"@type\":\"Article\",\"@id\":\"https:\\\/\\\/www.feyalegria.org\\\/venezuela\\\/en-lara-iniciamos-prueba-piloto-en-curso-de-asistente-dental\\\/#article\",\"isPartOf\":{\"@id\":\"https:\\\/\\\/www.feyalegria.org\\\/venezuela\\\/en-lara-iniciamos-prueba-piloto-en-curso-de-asistente-dental\\\/\"},\"author\":{\"name\":\"Erika Briceno\",\"@id\":\"https:\\\/\\\/www.feyalegria.org\\\/venezuela\\\/#\\\/schema\\\/person\\\/fcd504e06f93320841b99f79f3ab0180\"},\"headline\":\"En Lara iniciamos prueba piloto en curso de Asistente Dental\",\"datePublished\":\"2024-07-31T19:25:01+00:00\",\"dateModified\":\"2024-07-31T22:59:04+00:00\",\"mainEntityOfPage\":{\"@id\":\"https:\\\/\\\/www.feyalegria.org\\\/venezuela\\\/en-lara-iniciamos-prueba-piloto-en-curso-de-asistente-dental\\\/\"},\"wordCount\":287,\"commentCount\":0,\"image\":{\"@id\":\"https:\\\/\\\/www.feyalegria.org\\\/venezuela\\\/en-lara-iniciamos-prueba-piloto-en-curso-de-asistente-dental\\\/#primaryimage\"},\"thumbnailUrl\":\"https:\\\/\\\/d3pugrm67vf9n7.cloudfront.net\\\/wp-content\\\/uploads\\\/sites\\\/4\\\/2024\\\/07\\\/31192030\\\/Capacitacion-18-1.jpg\",\"keywords\":[\"Asistente dental\",\"Capacitaci\u00f3n\"],\"articleSection\":[\"Bolet\u00edn Interno\"],\"inLanguage\":\"es\",\"potentialAction\":[{\"@type\":\"CommentAction\",\"name\":\"Comment\",\"target\":[\"https:\\\/\\\/www.feyalegria.org\\\/venezuela\\\/en-lara-iniciamos-prueba-piloto-en-curso-de-asistente-dental\\\/#respond\"]}]},{\"@type\":\"WebPage\",\"@id\":\"https:\\\/\\\/www.feyalegria.org\\\/venezuela\\\/en-lara-iniciamos-prueba-piloto-en-curso-de-asistente-dental\\\/\",\"url\":\"https:\\\/\\\/www.feyalegria.org\\\/venezuela\\\/en-lara-iniciamos-prueba-piloto-en-curso-de-asistente-dental\\\/\",\"name\":\"En Lara iniciamos prueba piloto en curso de Asistente Dental - Fe y Alegr\u00eda en Venezuela\",\"isPartOf\":{\"@id\":\"https:\\\/\\\/www.feyalegria.org\\\/venezuela\\\/#website\"},\"primaryImageOfPage\":{\"@id\":\"https:\\\/\\\/www.feyalegria.org\\\/venezuela\\\/en-lara-iniciamos-prueba-piloto-en-curso-de-asistente-dental\\\/#primaryimage\"},\"image\":{\"@id\":\"https:\\\/\\\/www.feyalegria.org\\\/venezuela\\\/en-lara-iniciamos-prueba-piloto-en-curso-de-asistente-dental\\\/#primaryimage\"},\"thumbnailUrl\":\"https:\\\/\\\/d3pugrm67vf9n7.cloudfront.net\\\/wp-content\\\/uploads\\\/sites\\\/4\\\/2024\\\/07\\\/31192030\\\/Capacitacion-18-1.jpg\",\"datePublished\":\"2024-07-31T19:25:01+00:00\",\"dateModified\":\"2024-07-31T22:59:04+00:00\",\"author\":{\"@id\":\"https:\\\/\\\/www.feyalegria.org\\\/venezuela\\\/#\\\/schema\\\/person\\\/fcd504e06f93320841b99f79f3ab0180\"},\"description\":\"Fe y Alegr\u00eda Capacitaci\u00f3n inici\u00f3 de una prueba piloto del curso de Asistente Dental en Sanare, en el estado Lara\",\"inLanguage\":\"es\",\"potentialAction\":[{\"@type\":\"ReadAction\",\"target\":[\"https:\\\/\\\/www.feyalegria.org\\\/venezuela\\\/en-lara-iniciamos-prueba-piloto-en-curso-de-asistente-dental\\\/\"]}]},{\"@type\":\"ImageObject\",\"inLanguage\":\"es\",\"@id\":\"https:\\\/\\\/www.feyalegria.org\\\/venezuela\\\/en-lara-iniciamos-prueba-piloto-en-curso-de-asistente-dental\\\/#primaryimage\",\"url\":\"https:\\\/\\\/d3pugrm67vf9n7.cloudfront.net\\\/wp-content\\\/uploads\\\/sites\\\/4\\\/2024\\\/07\\\/31192030\\\/Capacitacion-18-1.jpg\",\"contentUrl\":\"https:\\\/\\\/d3pugrm67vf9n7.cloudfront.net\\\/wp-content\\\/uploads\\\/sites\\\/4\\\/2024\\\/07\\\/31192030\\\/Capacitacion-18-1.jpg\",\"width\":500,\"height\":700},{\"@type\":\"WebSite\",\"@id\":\"https:\\\/\\\/www.feyalegria.org\\\/venezuela\\\/#website\",\"url\":\"https:\\\/\\\/www.feyalegria.org\\\/venezuela\\\/\",\"name\":\"Fe y Alegr\u00eda en Venezuela\",\"description\":\"\",\"potentialAction\":[{\"@type\":\"SearchAction\",\"target\":{\"@type\":\"EntryPoint\",\"urlTemplate\":\"https:\\\/\\\/www.feyalegria.org\\\/venezuela\\\/?s={search_term_string}\"},\"query-input\":{\"@type\":\"PropertyValueSpecification\",\"valueRequired\":true,\"valueName\":\"search_term_string\"}}],\"inLanguage\":\"es\"},{\"@type\":\"Person\",\"@id\":\"https:\\\/\\\/www.feyalegria.org\\\/venezuela\\\/#\\\/schema\\\/person\\\/fcd504e06f93320841b99f79f3ab0180\",\"name\":\"Erika Briceno\",\"url\":\"https:\\\/\\\/www.feyalegria.org\\\/venezuela\\\/author\\\/comunfifya\\\/\"}]}<\/script>\n<!-- \/ Yoast SEO plugin. -->","yoast_head_json":{"title":"En Lara iniciamos prueba piloto en curso de Asistente Dental - Fe y Alegr\u00eda en Venezuela","description":"Fe y Alegr\u00eda Capacitaci\u00f3n inici\u00f3 de una prueba piloto del curso de Asistente Dental en Sanare, en el estado Lara","robots":{"index":"index","follow":"follow","max-snippet":"max-snippet:-1","max-image-preview":"max-image-preview:large","max-video-preview":"max-video-preview:-1"},"canonical":"https:\/\/www.feyalegria.org\/venezuela\/en-lara-iniciamos-prueba-piloto-en-curso-de-asistente-dental\/","og_locale":"es_ES","og_type":"article","og_title":"En Lara iniciamos prueba piloto en curso de Asistente Dental - Fe y Alegr\u00eda en Venezuela","og_description":"Fe y Alegr\u00eda Capacitaci\u00f3n inici\u00f3 de una prueba piloto del curso de Asistente Dental en Sanare, en el estado Lara","og_url":"https:\/\/www.feyalegria.org\/venezuela\/en-lara-iniciamos-prueba-piloto-en-curso-de-asistente-dental\/","og_site_name":"Fe y Alegr\u00eda en Venezuela","article_published_time":"2024-07-31T19:25:01+00:00","article_modified_time":"2024-07-31T22:59:04+00:00","og_image":[{"width":500,"height":700,"url":"https:\/\/d3pugrm67vf9n7.cloudfront.net\/wp-content\/uploads\/sites\/4\/2024\/07\/31192030\/Capacitacion-18-1.jpg","type":"image\/jpeg"}],"author":"Erika Briceno","twitter_card":"summary_large_image","twitter_misc":{"Escrito por":"Erika Briceno","Tiempo de lectura":"2 minutos"},"schema":{"@context":"https:\/\/schema.org","@graph":[{"@type":"Article","@id":"https:\/\/www.feyalegria.org\/venezuela\/en-lara-iniciamos-prueba-piloto-en-curso-de-asistente-dental\/#article","isPartOf":{"@id":"https:\/\/www.feyalegria.org\/venezuela\/en-lara-iniciamos-prueba-piloto-en-curso-de-asistente-dental\/"},"author":{"name":"Erika Briceno","@id":"https:\/\/www.feyalegria.org\/venezuela\/#\/schema\/person\/fcd504e06f93320841b99f79f3ab0180"},"headline":"En Lara iniciamos prueba piloto en curso de Asistente Dental","datePublished":"2024-07-31T19:25:01+00:00","dateModified":"2024-07-31T22:59:04+00:00","mainEntityOfPage":{"@id":"https:\/\/www.feyalegria.org\/venezuela\/en-lara-iniciamos-prueba-piloto-en-curso-de-asistente-dental\/"},"wordCount":287,"commentCount":0,"image":{"@id":"https:\/\/www.feyalegria.org\/venezuela\/en-lara-iniciamos-prueba-piloto-en-curso-de-asistente-dental\/#primaryimage"},"thumbnailUrl":"https:\/\/d3pugrm67vf9n7.cloudfront.net\/wp-content\/uploads\/sites\/4\/2024\/07\/31192030\/Capacitacion-18-1.jpg","keywords":["Asistente dental","Capacitaci\u00f3n"],"articleSection":["Bolet\u00edn Interno"],"inLanguage":"es","potentialAction":[{"@type":"CommentAction","name":"Comment","target":["https:\/\/www.feyalegria.org\/venezuela\/en-lara-iniciamos-prueba-piloto-en-curso-de-asistente-dental\/#respond"]}]},{"@type":"WebPage","@id":"https:\/\/www.feyalegria.org\/venezuela\/en-lara-iniciamos-prueba-piloto-en-curso-de-asistente-dental\/","url":"https:\/\/www.feyalegria.org\/venezuela\/en-lara-iniciamos-prueba-piloto-en-curso-de-asistente-dental\/","name":"En Lara iniciamos prueba piloto en curso de Asistente Dental - Fe y Alegr\u00eda en Venezuela","isPartOf":{"@id":"https:\/\/www.feyalegria.org\/venezuela\/#website"},"primaryImageOfPage":{"@id":"https:\/\/www.feyalegria.org\/venezuela\/en-lara-iniciamos-prueba-piloto-en-curso-de-asistente-dental\/#primaryimage"},"image":{"@id":"https:\/\/www.feyalegria.org\/venezuela\/en-lara-iniciamos-prueba-piloto-en-curso-de-asistente-dental\/#primaryimage"},"thumbnailUrl":"https:\/\/d3pugrm67vf9n7.cloudfront.net\/wp-content\/uploads\/sites\/4\/2024\/07\/31192030\/Capacitacion-18-1.jpg","datePublished":"2024-07-31T19:25:01+00:00","dateModified":"2024-07-31T22:59:04+00:00","author":{"@id":"https:\/\/www.feyalegria.org\/venezuela\/#\/schema\/person\/fcd504e06f93320841b99f79f3ab0180"},"description":"Fe y Alegr\u00eda Capacitaci\u00f3n inici\u00f3 de una prueba piloto del curso de Asistente Dental en Sanare, en el estado Lara","inLanguage":"es","potentialAction":[{"@type":"ReadAction","target":["https:\/\/www.feyalegria.org\/venezuela\/en-lara-iniciamos-prueba-piloto-en-curso-de-asistente-dental\/"]}]},{"@type":"ImageObject","inLanguage":"es","@id":"https:\/\/www.feyalegria.org\/venezuela\/en-lara-iniciamos-prueba-piloto-en-curso-de-asistente-dental\/#primaryimage","url":"https:\/\/d3pugrm67vf9n7.cloudfront.net\/wp-content\/uploads\/sites\/4\/2024\/07\/31192030\/Capacitacion-18-1.jpg","contentUrl":"https:\/\/d3pugrm67vf9n7.cloudfront.net\/wp-content\/uploads\/sites\/4\/2024\/07\/31192030\/Capacitacion-18-1.jpg","width":500,"height":700},{"@type":"WebSite","@id":"https:\/\/www.feyalegria.org\/venezuela\/#website","url":"https:\/\/www.feyalegria.org\/venezuela\/","name":"Fe y Alegr\u00eda en Venezuela","description":"","potentialAction":[{"@type":"SearchAction","target":{"@type":"EntryPoint","urlTemplate":"https:\/\/www.feyalegria.org\/venezuela\/?s={search_term_string}"},"query-input":{"@type":"PropertyValueSpecification","valueRequired":true,"valueName":"search_term_string"}}],"inLanguage":"es"},{"@type":"Person","@id":"https:\/\/www.feyalegria.org\/venezuela\/#\/schema\/person\/fcd504e06f93320841b99f79f3ab0180","name":"Erika Briceno","url":"https:\/\/www.feyalegria.org\/venezuela\/author\/comunfifya\/"}]}},"_links":{"self":[{"href":"https:\/\/www.feyalegria.org\/venezuela\/wp-json\/wp\/v2\/posts\/6600","targetHints":{"allow":["GET"]}}],"collection":[{"href":"https:\/\/www.feyalegria.org\/venezuela\/wp-json\/wp\/v2\/posts"}],"about":[{"href":"https:\/\/www.feyalegria.org\/venezuela\/wp-json\/wp\/v2\/types\/post"}],"author":[{"embeddable":true,"href":"https:\/\/www.feyalegria.org\/venezuela\/wp-json\/wp\/v2\/users\/6"}],"replies":[{"embeddable":true,"href":"https:\/\/www.feyalegria.org\/venezuela\/wp-json\/wp\/v2\/comments?post=6600"}],"version-history":[{"count":0,"href":"https:\/\/www.feyalegria.org\/venezuela\/wp-json\/wp\/v2\/posts\/6600\/revisions"}],"wp:featuredmedia":[{"embeddable":true,"href":"https:\/\/www.feyalegria.org\/venezuela\/wp-json\/wp\/v2\/media\/6601"}],"wp:attachment":[{"href":"https:\/\/www.feyalegria.org\/venezuela\/wp-json\/wp\/v2\/media?parent=6600"}],"wp:term":[{"taxonomy":"category","embeddable":true,"href":"https:\/\/www.feyalegria.org\/venezuela\/wp-json\/wp\/v2\/categories?post=6600"},{"taxonomy":"post_tag","embeddable":true,"href":"https:\/\/www.feyalegria.org\/venezuela\/wp-json\/wp\/v2\/tags?post=6600"},{"taxonomy":"post_folder","embeddable":true,"href":"https:\/\/www.feyalegria.org\/venezuela\/wp-json\/wp\/v2\/post_folder?post=6600"}],"curies":[{"name":"wp","href":"https:\/\/api.w.org\/{rel}","templated":true}]}}