{"id":6791,"date":"2024-08-08T02:13:29","date_gmt":"2024-08-08T02:13:29","guid":{"rendered":"https:\/\/www.feyalegria.org\/venezuela\/?p=6791"},"modified":"2024-08-08T02:13:29","modified_gmt":"2024-08-08T02:13:29","slug":"conectados-y-motivados-potenciamos-nuestras-capacidades","status":"publish","type":"post","link":"https:\/\/www.feyalegria.org\/venezuela\/conectados-y-motivados-potenciamos-nuestras-capacidades\/","title":{"rendered":"\u00a1Conectados y motivados potenciamos nuestras capacidades!"},"content":{"rendered":"<div class=\"wpb-content-wrapper\"><p>[vc_row][vc_column][vc_column_text css=\u00bb\u00bb]<\/p>\n<h1>\u00a1Conectados y motivados potenciamos nuestras capacidades!<\/h1>\n<p>[\/vc_column_text][vc_single_image image=\u00bb6792&#8243; img_size=\u00bbfull\u00bb alignment=\u00bbcenter\u00bb css=\u00bb\u00bb][vc_column_text css=\u00bb\u00bb]<\/p>\n<p style=\"text-align: right;\"><strong>Germ\u00e1n Osorio | <\/strong><em>Referente de Comunicaci\u00f3n de Fe y Alegr\u00eda Capacitaci\u00f3n<\/em><\/p>\n<p style=\"text-align: right;\"><span style=\"font-weight: 400;\"><strong>Eliner Solano |<\/strong> Coordinadora Nacional de Pastoral Fe y Alegr\u00eda Capacitaci\u00f3n<\/span><\/p>\n<p>[\/vc_column_text][vc_separator][vc_column_text css=\u00bb\u00bb]<\/p>\n<p style=\"text-align: justify;\">En Fe y Alegr\u00eda Capacitaci\u00f3n lanzamos \u201cEspacios de Encuentros Virtuales\u201d, una iniciativa innovadora que promovemos desde WhatsApp, y que nos permitir\u00e1 fortalecer la uni\u00f3n y el bienestar de nuestros equipos. M\u00e1s all\u00e1 de impulsar la identidad y el compromiso del personal con nuestra misi\u00f3n, buscamos construir un ambiente colaborativo.<\/p>\n<p>&nbsp;<\/p>\n<p style=\"text-align: justify;\">Inspirados en nuestro Plan Estrat\u00e9gico, estos espacios virtuales trascienden de lo laboral a crear un entorno para el intercambio de conocimientos y experiencias. Cada grupo se convierte en un rinc\u00f3n virtual donde el saber y la amistad se entrelazan, llevando nuestra misi\u00f3n a nuevos horizontes.<\/p>\n<p>&nbsp;<\/p>\n<h3 style=\"text-align: justify;\">Fases de la transformaci\u00f3n<\/h3>\n<p>&nbsp;<\/p>\n<p style=\"text-align: justify;\">Nuestro emocionante viaje comenz\u00f3 en <strong>enero de 2024<\/strong> y se desglosa en seis fases:<\/p>\n<p style=\"text-align: justify;\">&#8211; Fase I: Capacitaci\u00f3n y aplicaci\u00f3n de una encuesta al personal (enero &#8211; febrero 2024).<\/p>\n<p style=\"text-align: justify;\">&#8211; Fase II: An\u00e1lisis de resultados y comunicaci\u00f3n (marzo 2024).<\/p>\n<p style=\"text-align: justify;\">&#8211; Fase III: Inscripci\u00f3n del personal en los Grupos de WhatsApp (abril 2024).<\/p>\n<p style=\"text-align: justify;\">&#8211; Fase IV: Registro del personal en cada grupo (abril &#8211; mayo 2024).<\/p>\n<p style=\"text-align: justify;\">&#8211; Fase V: Inicio de actividades en los grupos (mayo &#8211; julio 2024).<\/p>\n<p style=\"text-align: justify;\">&#8211; Fase VI: Evaluaci\u00f3n de resultados, alcances y ajustes (septiembre &#8211; diciembre 2024).<\/p>\n<p>&nbsp;<\/p>\n<h3 style=\"text-align: justify;\">Grupos tem\u00e1ticos<\/h3>\n<p>&nbsp;<\/p>\n<p style=\"text-align: justify;\">A trav\u00e9s de una encuesta aplicada a nuestro personal descubrimos sus pasiones y aficiones. Los resultados han derivado en 15 grupos tem\u00e1ticos que abarcan desde el arte hasta la ciencia. Entre ellos se destacan:<\/p>\n<p>&nbsp;<\/p>\n<p style=\"text-align: justify;\">&#8211; T\u00e9cnicas para el cultivo de plantas<\/p>\n<p style=\"text-align: justify;\">&#8211; C\u00edrculo de lectura<\/p>\n<p style=\"text-align: justify;\">&#8211; T\u00e9cnicas de herrer\u00eda<\/p>\n<p style=\"text-align: justify;\">&#8211; Gastronom\u00eda: recetas y postres<\/p>\n<p style=\"text-align: justify;\">&#8211; Yoga y meditaci\u00f3n<\/p>\n<p style=\"text-align: justify;\">&#8211; Mec\u00e1nica automotriz<\/p>\n<p style=\"text-align: justify;\">&#8211; Salud<\/p>\n<p style=\"text-align: justify;\">&#8211; Ciencia y tecnolog\u00eda<\/p>\n<p>&nbsp;<\/p>\n<p style=\"text-align: justify;\">En los espacios virtuales se comparten recetas, consejos pr\u00e1cticos y reflexiones sobre la vida. Son conversaciones que fomentan el apoyo mutuo, la solidaridad y el respeto.<\/p>\n<p>&nbsp;<\/p>\n<h3 style=\"text-align: justify;\">Fortalecimiento de v\u00ednculos<\/h3>\n<p>&nbsp;<\/p>\n<p style=\"text-align: justify;\">Los Espacios de Encuentro est\u00e1n dise\u00f1ados para mejorar el clima laboral y generar un impacto positivo en el desarrollo personal y social de cada integrante. Con un acompa\u00f1amiento constante de la Coordinaci\u00f3n de Pastoral, fortalecemos nuestras relaciones interpersonales y reafirmamos nuestro sentido de pertenencia a Fe y Alegr\u00eda Capacitaci\u00f3n.<\/p>\n<p>&nbsp;<\/p>\n<p style=\"text-align: justify;\">Es fundamental resaltar que este proyecto es a\u00fan nuevo y que el proceso de acompa\u00f1amiento se centra en cultivar una cultura de interacci\u00f3n y participaci\u00f3n. Para ello, se necesita paciencia y la identificaci\u00f3n de l\u00edderes naturales en cada grupo de WhatsApp, quienes recibir\u00e1n apoyo y motivaci\u00f3n para promover un ambiente din\u00e1mico de intercambio y colaboraci\u00f3n. La FASE VI ser\u00e1 un momento clave para potenciar este proyecto y fortalecer a\u00fan m\u00e1s la comunidad de Fe y Alegr\u00eda Capacitaci\u00f3n.<\/p>\n<p>[\/vc_column_text][vc_row_inner][vc_column_inner width=\u00bb1\/12&#8243;][\/vc_column_inner][vc_column_inner width=\u00bb5\/6&#8243;][vc_gallery interval=\u00bb3&#8243; images=\u00bb6794,6793,6795,6801,6800,6799,6798,6797,6796&#8243; img_size=\u00bbfull\u00bb css=\u00bb\u00bb][\/vc_column_inner][vc_column_inner width=\u00bb1\/12&#8243;][\/vc_column_inner][\/vc_row_inner][vc_column_text css=\u00bb\u00bb]<\/p>\n<p style=\"text-align: right;\"><strong>Caracas, 7 de agosto de 2024<\/strong><\/p>\n<p>[\/vc_column_text][\/vc_column][\/vc_row]<\/p>\n<\/div>","protected":false},"excerpt":{"rendered":"<div style=\"height: 265px\">En Fe y Alegr\u00eda Capacitaci\u00f3n lanzamos \u201cEspacios de Encuentros Virtuales\u201d, una iniciativa innovadora que promovemos desde WhatsApp, y que nos permitir\u00e1 fortalecer la uni\u00f3n y el bienestar de nuestros equipos.<\/div>\n","protected":false},"author":6,"featured_media":6792,"comment_status":"open","ping_status":"open","sticky":false,"template":"","format":"standard","meta":{"_acf_changed":false,"footnotes":""},"categories":[746],"tags":[634],"post_folder":[],"class_list":["post-6791","post","type-post","status-publish","format-standard","has-post-thumbnail","hentry","category-boletin-interno","tag-capacitacion"],"acf":[],"yoast_head":"<!-- This site is optimized with the Yoast SEO plugin v27.5 - https:\/\/yoast.com\/product\/yoast-seo-wordpress\/ -->\n<title>\u00a1Conectados y motivados potenciamos nuestras capacidades! - Fe y Alegr\u00eda en Venezuela<\/title>\n<meta name=\"description\" content=\"En Fe y Alegr\u00eda Capacitaci\u00f3n lanzamos \u201cEspacios de Encuentros Virtuales\u201d, una iniciativa innovadora que promovemos desde WhatsApp\" \/>\n<meta name=\"robots\" content=\"index, follow, max-snippet:-1, max-image-preview:large, max-video-preview:-1\" \/>\n<link rel=\"canonical\" href=\"https:\/\/www.feyalegria.org\/venezuela\/conectados-y-motivados-potenciamos-nuestras-capacidades\/\" \/>\n<meta property=\"og:locale\" content=\"es_ES\" \/>\n<meta property=\"og:type\" content=\"article\" \/>\n<meta property=\"og:title\" content=\"\u00a1Conectados y motivados potenciamos nuestras capacidades! - Fe y Alegr\u00eda en Venezuela\" \/>\n<meta property=\"og:description\" content=\"En Fe y Alegr\u00eda Capacitaci\u00f3n lanzamos \u201cEspacios de Encuentros Virtuales\u201d, una iniciativa innovadora que promovemos desde WhatsApp\" \/>\n<meta property=\"og:url\" content=\"https:\/\/www.feyalegria.org\/venezuela\/conectados-y-motivados-potenciamos-nuestras-capacidades\/\" \/>\n<meta property=\"og:site_name\" content=\"Fe y Alegr\u00eda en Venezuela\" \/>\n<meta property=\"article:published_time\" content=\"2024-08-08T02:13:29+00:00\" \/>\n<meta property=\"og:image\" content=\"https:\/\/d3pugrm67vf9n7.cloudfront.net\/wp-content\/uploads\/sites\/4\/2024\/08\/08020401\/Capacitacion-19-1.jpg\" \/>\n\t<meta property=\"og:image:width\" content=\"800\" \/>\n\t<meta property=\"og:image:height\" content=\"500\" \/>\n\t<meta property=\"og:image:type\" content=\"image\/jpeg\" \/>\n<meta name=\"author\" content=\"Erika Briceno\" \/>\n<meta name=\"twitter:card\" content=\"summary_large_image\" \/>\n<meta name=\"twitter:label1\" content=\"Escrito por\" \/>\n\t<meta name=\"twitter:data1\" content=\"Erika Briceno\" \/>\n\t<meta name=\"twitter:label2\" content=\"Tiempo de lectura\" \/>\n\t<meta name=\"twitter:data2\" content=\"5 minutos\" \/>\n<script type=\"application\/ld+json\" class=\"yoast-schema-graph\">{\"@context\":\"https:\\\/\\\/schema.org\",\"@graph\":[{\"@type\":\"Article\",\"@id\":\"https:\\\/\\\/www.feyalegria.org\\\/venezuela\\\/conectados-y-motivados-potenciamos-nuestras-capacidades\\\/#article\",\"isPartOf\":{\"@id\":\"https:\\\/\\\/www.feyalegria.org\\\/venezuela\\\/conectados-y-motivados-potenciamos-nuestras-capacidades\\\/\"},\"author\":{\"name\":\"Erika Briceno\",\"@id\":\"https:\\\/\\\/www.feyalegria.org\\\/venezuela\\\/#\\\/schema\\\/person\\\/fcd504e06f93320841b99f79f3ab0180\"},\"headline\":\"\u00a1Conectados y motivados potenciamos nuestras capacidades!\",\"datePublished\":\"2024-08-08T02:13:29+00:00\",\"mainEntityOfPage\":{\"@id\":\"https:\\\/\\\/www.feyalegria.org\\\/venezuela\\\/conectados-y-motivados-potenciamos-nuestras-capacidades\\\/\"},\"wordCount\":588,\"commentCount\":0,\"image\":{\"@id\":\"https:\\\/\\\/www.feyalegria.org\\\/venezuela\\\/conectados-y-motivados-potenciamos-nuestras-capacidades\\\/#primaryimage\"},\"thumbnailUrl\":\"https:\\\/\\\/d3pugrm67vf9n7.cloudfront.net\\\/wp-content\\\/uploads\\\/sites\\\/4\\\/2024\\\/08\\\/08020401\\\/Capacitacion-19-1.jpg\",\"keywords\":[\"Capacitaci\u00f3n\"],\"articleSection\":[\"Bolet\u00edn Interno\"],\"inLanguage\":\"es\",\"potentialAction\":[{\"@type\":\"CommentAction\",\"name\":\"Comment\",\"target\":[\"https:\\\/\\\/www.feyalegria.org\\\/venezuela\\\/conectados-y-motivados-potenciamos-nuestras-capacidades\\\/#respond\"]}]},{\"@type\":\"WebPage\",\"@id\":\"https:\\\/\\\/www.feyalegria.org\\\/venezuela\\\/conectados-y-motivados-potenciamos-nuestras-capacidades\\\/\",\"url\":\"https:\\\/\\\/www.feyalegria.org\\\/venezuela\\\/conectados-y-motivados-potenciamos-nuestras-capacidades\\\/\",\"name\":\"\u00a1Conectados y motivados potenciamos nuestras capacidades! - Fe y Alegr\u00eda en Venezuela\",\"isPartOf\":{\"@id\":\"https:\\\/\\\/www.feyalegria.org\\\/venezuela\\\/#website\"},\"primaryImageOfPage\":{\"@id\":\"https:\\\/\\\/www.feyalegria.org\\\/venezuela\\\/conectados-y-motivados-potenciamos-nuestras-capacidades\\\/#primaryimage\"},\"image\":{\"@id\":\"https:\\\/\\\/www.feyalegria.org\\\/venezuela\\\/conectados-y-motivados-potenciamos-nuestras-capacidades\\\/#primaryimage\"},\"thumbnailUrl\":\"https:\\\/\\\/d3pugrm67vf9n7.cloudfront.net\\\/wp-content\\\/uploads\\\/sites\\\/4\\\/2024\\\/08\\\/08020401\\\/Capacitacion-19-1.jpg\",\"datePublished\":\"2024-08-08T02:13:29+00:00\",\"author\":{\"@id\":\"https:\\\/\\\/www.feyalegria.org\\\/venezuela\\\/#\\\/schema\\\/person\\\/fcd504e06f93320841b99f79f3ab0180\"},\"description\":\"En Fe y Alegr\u00eda Capacitaci\u00f3n lanzamos \u201cEspacios de Encuentros Virtuales\u201d, una iniciativa innovadora que promovemos desde WhatsApp\",\"inLanguage\":\"es\",\"potentialAction\":[{\"@type\":\"ReadAction\",\"target\":[\"https:\\\/\\\/www.feyalegria.org\\\/venezuela\\\/conectados-y-motivados-potenciamos-nuestras-capacidades\\\/\"]}]},{\"@type\":\"ImageObject\",\"inLanguage\":\"es\",\"@id\":\"https:\\\/\\\/www.feyalegria.org\\\/venezuela\\\/conectados-y-motivados-potenciamos-nuestras-capacidades\\\/#primaryimage\",\"url\":\"https:\\\/\\\/d3pugrm67vf9n7.cloudfront.net\\\/wp-content\\\/uploads\\\/sites\\\/4\\\/2024\\\/08\\\/08020401\\\/Capacitacion-19-1.jpg\",\"contentUrl\":\"https:\\\/\\\/d3pugrm67vf9n7.cloudfront.net\\\/wp-content\\\/uploads\\\/sites\\\/4\\\/2024\\\/08\\\/08020401\\\/Capacitacion-19-1.jpg\",\"width\":800,\"height\":500},{\"@type\":\"WebSite\",\"@id\":\"https:\\\/\\\/www.feyalegria.org\\\/venezuela\\\/#website\",\"url\":\"https:\\\/\\\/www.feyalegria.org\\\/venezuela\\\/\",\"name\":\"Fe y Alegr\u00eda en Venezuela\",\"description\":\"\",\"potentialAction\":[{\"@type\":\"SearchAction\",\"target\":{\"@type\":\"EntryPoint\",\"urlTemplate\":\"https:\\\/\\\/www.feyalegria.org\\\/venezuela\\\/?s={search_term_string}\"},\"query-input\":{\"@type\":\"PropertyValueSpecification\",\"valueRequired\":true,\"valueName\":\"search_term_string\"}}],\"inLanguage\":\"es\"},{\"@type\":\"Person\",\"@id\":\"https:\\\/\\\/www.feyalegria.org\\\/venezuela\\\/#\\\/schema\\\/person\\\/fcd504e06f93320841b99f79f3ab0180\",\"name\":\"Erika Briceno\",\"url\":\"https:\\\/\\\/www.feyalegria.org\\\/venezuela\\\/author\\\/comunfifya\\\/\"}]}<\/script>\n<!-- \/ Yoast SEO plugin. -->","yoast_head_json":{"title":"\u00a1Conectados y motivados potenciamos nuestras capacidades! - Fe y Alegr\u00eda en Venezuela","description":"En Fe y Alegr\u00eda Capacitaci\u00f3n lanzamos \u201cEspacios de Encuentros Virtuales\u201d, una iniciativa innovadora que promovemos desde WhatsApp","robots":{"index":"index","follow":"follow","max-snippet":"max-snippet:-1","max-image-preview":"max-image-preview:large","max-video-preview":"max-video-preview:-1"},"canonical":"https:\/\/www.feyalegria.org\/venezuela\/conectados-y-motivados-potenciamos-nuestras-capacidades\/","og_locale":"es_ES","og_type":"article","og_title":"\u00a1Conectados y motivados potenciamos nuestras capacidades! - Fe y Alegr\u00eda en Venezuela","og_description":"En Fe y Alegr\u00eda Capacitaci\u00f3n lanzamos \u201cEspacios de Encuentros Virtuales\u201d, una iniciativa innovadora que promovemos desde WhatsApp","og_url":"https:\/\/www.feyalegria.org\/venezuela\/conectados-y-motivados-potenciamos-nuestras-capacidades\/","og_site_name":"Fe y Alegr\u00eda en Venezuela","article_published_time":"2024-08-08T02:13:29+00:00","og_image":[{"width":800,"height":500,"url":"https:\/\/d3pugrm67vf9n7.cloudfront.net\/wp-content\/uploads\/sites\/4\/2024\/08\/08020401\/Capacitacion-19-1.jpg","type":"image\/jpeg"}],"author":"Erika Briceno","twitter_card":"summary_large_image","twitter_misc":{"Escrito por":"Erika Briceno","Tiempo de lectura":"5 minutos"},"schema":{"@context":"https:\/\/schema.org","@graph":[{"@type":"Article","@id":"https:\/\/www.feyalegria.org\/venezuela\/conectados-y-motivados-potenciamos-nuestras-capacidades\/#article","isPartOf":{"@id":"https:\/\/www.feyalegria.org\/venezuela\/conectados-y-motivados-potenciamos-nuestras-capacidades\/"},"author":{"name":"Erika Briceno","@id":"https:\/\/www.feyalegria.org\/venezuela\/#\/schema\/person\/fcd504e06f93320841b99f79f3ab0180"},"headline":"\u00a1Conectados y motivados potenciamos nuestras capacidades!","datePublished":"2024-08-08T02:13:29+00:00","mainEntityOfPage":{"@id":"https:\/\/www.feyalegria.org\/venezuela\/conectados-y-motivados-potenciamos-nuestras-capacidades\/"},"wordCount":588,"commentCount":0,"image":{"@id":"https:\/\/www.feyalegria.org\/venezuela\/conectados-y-motivados-potenciamos-nuestras-capacidades\/#primaryimage"},"thumbnailUrl":"https:\/\/d3pugrm67vf9n7.cloudfront.net\/wp-content\/uploads\/sites\/4\/2024\/08\/08020401\/Capacitacion-19-1.jpg","keywords":["Capacitaci\u00f3n"],"articleSection":["Bolet\u00edn Interno"],"inLanguage":"es","potentialAction":[{"@type":"CommentAction","name":"Comment","target":["https:\/\/www.feyalegria.org\/venezuela\/conectados-y-motivados-potenciamos-nuestras-capacidades\/#respond"]}]},{"@type":"WebPage","@id":"https:\/\/www.feyalegria.org\/venezuela\/conectados-y-motivados-potenciamos-nuestras-capacidades\/","url":"https:\/\/www.feyalegria.org\/venezuela\/conectados-y-motivados-potenciamos-nuestras-capacidades\/","name":"\u00a1Conectados y motivados potenciamos nuestras capacidades! - Fe y Alegr\u00eda en Venezuela","isPartOf":{"@id":"https:\/\/www.feyalegria.org\/venezuela\/#website"},"primaryImageOfPage":{"@id":"https:\/\/www.feyalegria.org\/venezuela\/conectados-y-motivados-potenciamos-nuestras-capacidades\/#primaryimage"},"image":{"@id":"https:\/\/www.feyalegria.org\/venezuela\/conectados-y-motivados-potenciamos-nuestras-capacidades\/#primaryimage"},"thumbnailUrl":"https:\/\/d3pugrm67vf9n7.cloudfront.net\/wp-content\/uploads\/sites\/4\/2024\/08\/08020401\/Capacitacion-19-1.jpg","datePublished":"2024-08-08T02:13:29+00:00","author":{"@id":"https:\/\/www.feyalegria.org\/venezuela\/#\/schema\/person\/fcd504e06f93320841b99f79f3ab0180"},"description":"En Fe y Alegr\u00eda Capacitaci\u00f3n lanzamos \u201cEspacios de Encuentros Virtuales\u201d, una iniciativa innovadora que promovemos desde WhatsApp","inLanguage":"es","potentialAction":[{"@type":"ReadAction","target":["https:\/\/www.feyalegria.org\/venezuela\/conectados-y-motivados-potenciamos-nuestras-capacidades\/"]}]},{"@type":"ImageObject","inLanguage":"es","@id":"https:\/\/www.feyalegria.org\/venezuela\/conectados-y-motivados-potenciamos-nuestras-capacidades\/#primaryimage","url":"https:\/\/d3pugrm67vf9n7.cloudfront.net\/wp-content\/uploads\/sites\/4\/2024\/08\/08020401\/Capacitacion-19-1.jpg","contentUrl":"https:\/\/d3pugrm67vf9n7.cloudfront.net\/wp-content\/uploads\/sites\/4\/2024\/08\/08020401\/Capacitacion-19-1.jpg","width":800,"height":500},{"@type":"WebSite","@id":"https:\/\/www.feyalegria.org\/venezuela\/#website","url":"https:\/\/www.feyalegria.org\/venezuela\/","name":"Fe y Alegr\u00eda en Venezuela","description":"","potentialAction":[{"@type":"SearchAction","target":{"@type":"EntryPoint","urlTemplate":"https:\/\/www.feyalegria.org\/venezuela\/?s={search_term_string}"},"query-input":{"@type":"PropertyValueSpecification","valueRequired":true,"valueName":"search_term_string"}}],"inLanguage":"es"},{"@type":"Person","@id":"https:\/\/www.feyalegria.org\/venezuela\/#\/schema\/person\/fcd504e06f93320841b99f79f3ab0180","name":"Erika Briceno","url":"https:\/\/www.feyalegria.org\/venezuela\/author\/comunfifya\/"}]}},"_links":{"self":[{"href":"https:\/\/www.feyalegria.org\/venezuela\/wp-json\/wp\/v2\/posts\/6791","targetHints":{"allow":["GET"]}}],"collection":[{"href":"https:\/\/www.feyalegria.org\/venezuela\/wp-json\/wp\/v2\/posts"}],"about":[{"href":"https:\/\/www.feyalegria.org\/venezuela\/wp-json\/wp\/v2\/types\/post"}],"author":[{"embeddable":true,"href":"https:\/\/www.feyalegria.org\/venezuela\/wp-json\/wp\/v2\/users\/6"}],"replies":[{"embeddable":true,"href":"https:\/\/www.feyalegria.org\/venezuela\/wp-json\/wp\/v2\/comments?post=6791"}],"version-history":[{"count":0,"href":"https:\/\/www.feyalegria.org\/venezuela\/wp-json\/wp\/v2\/posts\/6791\/revisions"}],"wp:featuredmedia":[{"embeddable":true,"href":"https:\/\/www.feyalegria.org\/venezuela\/wp-json\/wp\/v2\/media\/6792"}],"wp:attachment":[{"href":"https:\/\/www.feyalegria.org\/venezuela\/wp-json\/wp\/v2\/media?parent=6791"}],"wp:term":[{"taxonomy":"category","embeddable":true,"href":"https:\/\/www.feyalegria.org\/venezuela\/wp-json\/wp\/v2\/categories?post=6791"},{"taxonomy":"post_tag","embeddable":true,"href":"https:\/\/www.feyalegria.org\/venezuela\/wp-json\/wp\/v2\/tags?post=6791"},{"taxonomy":"post_folder","embeddable":true,"href":"https:\/\/www.feyalegria.org\/venezuela\/wp-json\/wp\/v2\/post_folder?post=6791"}],"curies":[{"name":"wp","href":"https:\/\/api.w.org\/{rel}","templated":true}]}}