{"id":6837,"date":"2024-08-14T13:18:59","date_gmt":"2024-08-14T13:18:59","guid":{"rendered":"https:\/\/www.feyalegria.org\/venezuela\/?p=6837"},"modified":"2024-08-14T13:18:59","modified_gmt":"2024-08-14T13:18:59","slug":"raices-un-proyecto-agroalimentario-para-empoderar-comunidades-rurales","status":"publish","type":"post","link":"https:\/\/www.feyalegria.org\/venezuela\/raices-un-proyecto-agroalimentario-para-empoderar-comunidades-rurales\/","title":{"rendered":"\u201cRa\u00edces\u201d: Un proyecto agroalimentario para empoderar comunidades rurales"},"content":{"rendered":"<div class=\"wpb-content-wrapper\"><p>[vc_row][vc_column][vc_column_text css=\u00bb\u00bb]<\/p>\n<h1><b>\u201cRa\u00edces\u201d: Un proyecto agroalimentario para empoderar comunidades rurales<\/b><\/h1>\n<p>[\/vc_column_text][vc_single_image image=\u00bb6838&#8243; img_size=\u00bbfull\u00bb alignment=\u00bbcenter\u00bb css=\u00bb\u00bb][vc_column_text css=\u00bb\u00bb]<\/p>\n<p style=\"text-align: right;\"><strong>Germ\u00e1n Osorio | <\/strong><em>Referente de Comunicaci\u00f3n de Fe y Alegr\u00eda Capacitaci\u00f3n<\/em><\/p>\n<p style=\"text-align: right;\"><span style=\"font-weight: 400;\"><strong>Francisco Valvuena |<\/strong> Responsable de Fe y Alegr\u00eda Capacitaci\u00f3n en el estado Zulia<\/span><\/p>\n<p>[\/vc_column_text][vc_separator][vc_column_text css=\u00bb\u00bb]<\/p>\n<p style=\"text-align: justify;\">En Fe y Alegr\u00eda Capacitaci\u00f3n y Fe y Alegr\u00eda Servicios, nos unimos para poner en marcha el proyecto \u201cRa\u00edces\u201d, el cual trata de implementar una recuperaci\u00f3n agroalimentaria integral con enfoque sostenible. Dicho proyecto se ejecutar\u00e1 en el centro de capacitaci\u00f3n Padre Jos\u00e9 Maria Velaz de Fe y Alegr\u00eda, ubicado en Bachaquero, ciudad capital del municipio Valmore Rodr\u00edguez del estado Zulia.<\/p>\n<p>&nbsp;<\/p>\n<p style=\"text-align: justify;\">Con el proyecto \u201cRa\u00edces\u201d, se iniciar\u00e1 el sembrad\u00edo de media hect\u00e1rea de caraotas negras y se proporcionar\u00e1 la materia prima y otras herramientas necesarias.<\/p>\n<p>&nbsp;<\/p>\n<p style=\"text-align: justify;\"><img loading=\"lazy\" decoding=\"async\" class=\" wp-image-6840 alignleft\" src=\"https:\/\/d3pugrm67vf9n7.cloudfront.net\/wp-content\/uploads\/sites\/4\/2024\/08\/14130837\/Capacitacion-19-03-300x225.jpg\" alt=\"\" width=\"430\" height=\"323\" srcset=\"https:\/\/d3pugrm67vf9n7.cloudfront.net\/wp-content\/uploads\/sites\/4\/2024\/08\/14130837\/Capacitacion-19-03-300x225.jpg 300w, https:\/\/d3pugrm67vf9n7.cloudfront.net\/wp-content\/uploads\/sites\/4\/2024\/08\/14130837\/Capacitacion-19-03-768x576.jpg 768w, https:\/\/d3pugrm67vf9n7.cloudfront.net\/wp-content\/uploads\/sites\/4\/2024\/08\/14130837\/Capacitacion-19-03.jpg 800w\" sizes=\"auto, (max-width: 430px) 100vw, 430px\" \/>Dicho centro de capacitaci\u00f3n cuenta con un terreno de 4.5 hect\u00e1reas que alberga a 4 ovinos y un vivero de plantas ornamentales y desde all\u00ed se realiza la preparaci\u00f3n de diferentes tipos de compost (material org\u00e1nico que se puede agregar al suelo para ayudar a que las plantas crezcan), los cuales se utilizan como parte de la formaci\u00f3n pr\u00e1ctica de los participantes en los diversos procesos educativos.<\/p>\n<p>&nbsp;<\/p>\n<p style=\"text-align: justify;\">El proyecto busca potenciar la producci\u00f3n de caraotas, pollos de engorde y gallinas ponedoras durante seis meses, desde julio hasta diciembre de 2024. Al mismo tiempo, empoderar a los participantes y contribuir al desarrollo agr\u00edcola sostenible en comunidades vulnerables.<\/p>\n<p>&nbsp;<\/p>\n<p style=\"text-align: justify;\">Este proyecto beneficiar\u00e1 a peque\u00f1os productores de la comunidad adyacente al centro, ofreciendo procesos formativos tanto a j\u00f3venes como a adultos en el \u00e1rea agropecuaria, con el acompa\u00f1amiento del equipo del centro conformado por: Olivia Villanueva, responsable agr\u00edcola; Danelis Silva, encargada agr\u00edcola; Fimber Prince y Marco Leal, ambos ayudantes agr\u00edcolas.<\/p>\n<p>&nbsp;<\/p>\n<p style=\"text-align: justify;\">Prince expres\u00f3 con entusiasmo que est\u00e1 muy contento con la llegada del proyecto Ra\u00edces, el cual considera que \u201c brindar\u00e1 grandes oportunidades a nuestro centro, a los participantes y a los peque\u00f1os productores de la zona\u201d.<\/p>\n<p>&nbsp;<\/p>\n<p style=\"text-align: justify;\">Por su parte, Villanueva nos afirm\u00f3 que est\u00e1 satisfecha y agradecida con Dios por haber resultado seleccionado el centro de capacitaci\u00f3n que dirige. \u201cEsto beneficiar\u00e1 a las tres parroquias del municipio: Rafael Urdaneta, La Victoria y Ra\u00fal Cuenca. Nuestros productos ser\u00e1n sellados directamente al consumidor\u201d, agreg\u00f3.<\/p>\n<p>[\/vc_column_text][vc_column_text css=\u00bb\u00bb]<\/p>\n<p style=\"text-align: justify;\"><strong>Diagn\u00f3stico para optimizar la producci\u00f3n agr\u00edcola<\/strong><\/p>\n<p>&nbsp;<\/p>\n<p style=\"text-align: justify;\"><img loading=\"lazy\" decoding=\"async\" class=\" wp-image-6839 alignright\" src=\"https:\/\/d3pugrm67vf9n7.cloudfront.net\/wp-content\/uploads\/sites\/4\/2024\/08\/14130835\/Capacitacion-19-02-300x225.jpg\" alt=\"\" width=\"431\" height=\"323\" srcset=\"https:\/\/d3pugrm67vf9n7.cloudfront.net\/wp-content\/uploads\/sites\/4\/2024\/08\/14130835\/Capacitacion-19-02-300x225.jpg 300w, https:\/\/d3pugrm67vf9n7.cloudfront.net\/wp-content\/uploads\/sites\/4\/2024\/08\/14130835\/Capacitacion-19-02-768x576.jpg 768w, https:\/\/d3pugrm67vf9n7.cloudfront.net\/wp-content\/uploads\/sites\/4\/2024\/08\/14130835\/Capacitacion-19-02.jpg 800w\" sizes=\"auto, (max-width: 431px) 100vw, 431px\" \/>A trav\u00e9s del proyecto \u201cRa\u00edces\u201d abordaremos las necesidades de capacitaci\u00f3n y asistencia t\u00e9cnica en producci\u00f3n agr\u00edcola. Para ello, llevaremos a cabo un proceso de formaci\u00f3n especializado, dise\u00f1ado para fortalecer las habilidades t\u00e9cnicas en la producci\u00f3n de leguminosas y aves de corral.<\/p>\n<p>&nbsp;<\/p>\n<p style=\"text-align: justify;\">Luego, se realizar\u00e1 un diagn\u00f3stico participativo que permitir\u00e1 identificar las necesidades espec\u00edficas de infraestructura agr\u00edcola en la regi\u00f3n, asegurando que la capacitaci\u00f3n responda adecuadamente a los desaf\u00edos y oportunidades locales.<\/p>\n<p>&nbsp;<\/p>\n<p style=\"text-align: justify;\">De esta manera, nuestro programa Capacitaci\u00f3n se posiciona como un catalizador fundamental en el desarrollo agr\u00edcola sostenible en Venezuela a trav\u00e9s del proyecto \u201cRa\u00edces\u201d. Un esfuerzo que fortalece las bases de la econom\u00eda local al capacitar a j\u00f3venes y adultos en pr\u00e1cticas agropecuarias efectivas, adem\u00e1s de ampliar el acceso a la educaci\u00f3n y la formaci\u00f3n t\u00e9cnica.<\/p>\n<p>&nbsp;<\/p>\n<p style=\"text-align: justify;\">Desde nuestro Movimiento continuamos nuestra misi\u00f3n de fomentar el crecimiento y la autosuficiencia en las comunidades rurales, contribuyendo a que cada participante se convierta en un agente de cambio y desarrollo en su entorno. Este compromiso con la capacitaci\u00f3n integral y sostenible es una clara apuesta por el futuro del pa\u00eds y el bienestar de nuestros habitantes.<\/p>\n<p>[\/vc_column_text][vc_column_text css=\u00bb\u00bb]<\/p>\n<p style=\"text-align: right;\"><strong>Caracas, 14 de agosto de 2024<\/strong><\/p>\n<p>[\/vc_column_text][\/vc_column][\/vc_row]<\/p>\n<\/div>","protected":false},"excerpt":{"rendered":"<div style=\"height: 265px\">En Fe y Alegr\u00eda Capacitaci\u00f3n y Fe y Alegr\u00eda Servicios nos unimos para poner en marcha el proyecto \u201cRa\u00edces\u201d, el cual trata de implementar una recuperaci\u00f3n agroalimentaria integral con enfoque sostenible. <\/div>\n","protected":false},"author":6,"featured_media":6838,"comment_status":"open","ping_status":"open","sticky":false,"template":"","format":"standard","meta":{"_acf_changed":false,"footnotes":""},"categories":[746],"tags":[931,634],"post_folder":[],"class_list":["post-6837","post","type-post","status-publish","format-standard","has-post-thumbnail","hentry","category-boletin-interno","tag-agroalimentario","tag-capacitacion"],"acf":[],"yoast_head":"<!-- This site is optimized with the Yoast SEO plugin v27.5 - https:\/\/yoast.com\/product\/yoast-seo-wordpress\/ -->\n<title>\u201cRa\u00edces\u201d: Un proyecto agroalimentario para empoderar comunidades rurales - Fe y Alegr\u00eda en Venezuela<\/title>\n<meta name=\"description\" content=\"Arranc\u00f3 marcha el proyecto \u201cRa\u00edces\u201d, con el objetivo de implementar una recuperaci\u00f3n agroalimentaria integral con enfoque sostenible.\" \/>\n<meta name=\"robots\" content=\"index, follow, max-snippet:-1, max-image-preview:large, max-video-preview:-1\" \/>\n<link rel=\"canonical\" href=\"https:\/\/www.feyalegria.org\/venezuela\/raices-un-proyecto-agroalimentario-para-empoderar-comunidades-rurales\/\" \/>\n<meta property=\"og:locale\" content=\"es_ES\" \/>\n<meta property=\"og:type\" content=\"article\" \/>\n<meta property=\"og:title\" content=\"\u201cRa\u00edces\u201d: Un proyecto agroalimentario para empoderar comunidades rurales - Fe y Alegr\u00eda en Venezuela\" \/>\n<meta property=\"og:description\" content=\"Arranc\u00f3 marcha el proyecto \u201cRa\u00edces\u201d, con el objetivo de implementar una recuperaci\u00f3n agroalimentaria integral con enfoque sostenible.\" \/>\n<meta property=\"og:url\" content=\"https:\/\/www.feyalegria.org\/venezuela\/raices-un-proyecto-agroalimentario-para-empoderar-comunidades-rurales\/\" \/>\n<meta property=\"og:site_name\" content=\"Fe y Alegr\u00eda en Venezuela\" \/>\n<meta property=\"article:published_time\" content=\"2024-08-14T13:18:59+00:00\" \/>\n<meta property=\"og:image\" content=\"https:\/\/d3pugrm67vf9n7.cloudfront.net\/wp-content\/uploads\/sites\/4\/2024\/08\/14130833\/Capacitacion-19-01.jpg\" \/>\n\t<meta property=\"og:image:width\" content=\"800\" \/>\n\t<meta property=\"og:image:height\" content=\"500\" \/>\n\t<meta property=\"og:image:type\" content=\"image\/jpeg\" \/>\n<meta name=\"author\" content=\"Erika Briceno\" \/>\n<meta name=\"twitter:card\" content=\"summary_large_image\" \/>\n<meta name=\"twitter:label1\" content=\"Escrito por\" \/>\n\t<meta name=\"twitter:data1\" content=\"Erika Briceno\" \/>\n\t<meta name=\"twitter:label2\" content=\"Tiempo de lectura\" \/>\n\t<meta name=\"twitter:data2\" content=\"4 minutos\" \/>\n<script type=\"application\/ld+json\" class=\"yoast-schema-graph\">{\"@context\":\"https:\\\/\\\/schema.org\",\"@graph\":[{\"@type\":\"Article\",\"@id\":\"https:\\\/\\\/www.feyalegria.org\\\/venezuela\\\/raices-un-proyecto-agroalimentario-para-empoderar-comunidades-rurales\\\/#article\",\"isPartOf\":{\"@id\":\"https:\\\/\\\/www.feyalegria.org\\\/venezuela\\\/raices-un-proyecto-agroalimentario-para-empoderar-comunidades-rurales\\\/\"},\"author\":{\"name\":\"Erika Briceno\",\"@id\":\"https:\\\/\\\/www.feyalegria.org\\\/venezuela\\\/#\\\/schema\\\/person\\\/fcd504e06f93320841b99f79f3ab0180\"},\"headline\":\"\u201cRa\u00edces\u201d: Un proyecto agroalimentario para empoderar comunidades rurales\",\"datePublished\":\"2024-08-14T13:18:59+00:00\",\"mainEntityOfPage\":{\"@id\":\"https:\\\/\\\/www.feyalegria.org\\\/venezuela\\\/raices-un-proyecto-agroalimentario-para-empoderar-comunidades-rurales\\\/\"},\"wordCount\":686,\"commentCount\":0,\"image\":{\"@id\":\"https:\\\/\\\/www.feyalegria.org\\\/venezuela\\\/raices-un-proyecto-agroalimentario-para-empoderar-comunidades-rurales\\\/#primaryimage\"},\"thumbnailUrl\":\"https:\\\/\\\/d3pugrm67vf9n7.cloudfront.net\\\/wp-content\\\/uploads\\\/sites\\\/4\\\/2024\\\/08\\\/14130833\\\/Capacitacion-19-01.jpg\",\"keywords\":[\"Agroalimentario\",\"Capacitaci\u00f3n\"],\"articleSection\":[\"Bolet\u00edn Interno\"],\"inLanguage\":\"es\",\"potentialAction\":[{\"@type\":\"CommentAction\",\"name\":\"Comment\",\"target\":[\"https:\\\/\\\/www.feyalegria.org\\\/venezuela\\\/raices-un-proyecto-agroalimentario-para-empoderar-comunidades-rurales\\\/#respond\"]}]},{\"@type\":\"WebPage\",\"@id\":\"https:\\\/\\\/www.feyalegria.org\\\/venezuela\\\/raices-un-proyecto-agroalimentario-para-empoderar-comunidades-rurales\\\/\",\"url\":\"https:\\\/\\\/www.feyalegria.org\\\/venezuela\\\/raices-un-proyecto-agroalimentario-para-empoderar-comunidades-rurales\\\/\",\"name\":\"\u201cRa\u00edces\u201d: Un proyecto agroalimentario para empoderar comunidades rurales - Fe y Alegr\u00eda en Venezuela\",\"isPartOf\":{\"@id\":\"https:\\\/\\\/www.feyalegria.org\\\/venezuela\\\/#website\"},\"primaryImageOfPage\":{\"@id\":\"https:\\\/\\\/www.feyalegria.org\\\/venezuela\\\/raices-un-proyecto-agroalimentario-para-empoderar-comunidades-rurales\\\/#primaryimage\"},\"image\":{\"@id\":\"https:\\\/\\\/www.feyalegria.org\\\/venezuela\\\/raices-un-proyecto-agroalimentario-para-empoderar-comunidades-rurales\\\/#primaryimage\"},\"thumbnailUrl\":\"https:\\\/\\\/d3pugrm67vf9n7.cloudfront.net\\\/wp-content\\\/uploads\\\/sites\\\/4\\\/2024\\\/08\\\/14130833\\\/Capacitacion-19-01.jpg\",\"datePublished\":\"2024-08-14T13:18:59+00:00\",\"author\":{\"@id\":\"https:\\\/\\\/www.feyalegria.org\\\/venezuela\\\/#\\\/schema\\\/person\\\/fcd504e06f93320841b99f79f3ab0180\"},\"description\":\"Arranc\u00f3 marcha el proyecto \u201cRa\u00edces\u201d, con el objetivo de implementar una recuperaci\u00f3n agroalimentaria integral con enfoque sostenible.\",\"inLanguage\":\"es\",\"potentialAction\":[{\"@type\":\"ReadAction\",\"target\":[\"https:\\\/\\\/www.feyalegria.org\\\/venezuela\\\/raices-un-proyecto-agroalimentario-para-empoderar-comunidades-rurales\\\/\"]}]},{\"@type\":\"ImageObject\",\"inLanguage\":\"es\",\"@id\":\"https:\\\/\\\/www.feyalegria.org\\\/venezuela\\\/raices-un-proyecto-agroalimentario-para-empoderar-comunidades-rurales\\\/#primaryimage\",\"url\":\"https:\\\/\\\/d3pugrm67vf9n7.cloudfront.net\\\/wp-content\\\/uploads\\\/sites\\\/4\\\/2024\\\/08\\\/14130833\\\/Capacitacion-19-01.jpg\",\"contentUrl\":\"https:\\\/\\\/d3pugrm67vf9n7.cloudfront.net\\\/wp-content\\\/uploads\\\/sites\\\/4\\\/2024\\\/08\\\/14130833\\\/Capacitacion-19-01.jpg\",\"width\":800,\"height\":500},{\"@type\":\"WebSite\",\"@id\":\"https:\\\/\\\/www.feyalegria.org\\\/venezuela\\\/#website\",\"url\":\"https:\\\/\\\/www.feyalegria.org\\\/venezuela\\\/\",\"name\":\"Fe y Alegr\u00eda en Venezuela\",\"description\":\"\",\"potentialAction\":[{\"@type\":\"SearchAction\",\"target\":{\"@type\":\"EntryPoint\",\"urlTemplate\":\"https:\\\/\\\/www.feyalegria.org\\\/venezuela\\\/?s={search_term_string}\"},\"query-input\":{\"@type\":\"PropertyValueSpecification\",\"valueRequired\":true,\"valueName\":\"search_term_string\"}}],\"inLanguage\":\"es\"},{\"@type\":\"Person\",\"@id\":\"https:\\\/\\\/www.feyalegria.org\\\/venezuela\\\/#\\\/schema\\\/person\\\/fcd504e06f93320841b99f79f3ab0180\",\"name\":\"Erika Briceno\",\"url\":\"https:\\\/\\\/www.feyalegria.org\\\/venezuela\\\/author\\\/comunfifya\\\/\"}]}<\/script>\n<!-- \/ Yoast SEO plugin. -->","yoast_head_json":{"title":"\u201cRa\u00edces\u201d: Un proyecto agroalimentario para empoderar comunidades rurales - Fe y Alegr\u00eda en Venezuela","description":"Arranc\u00f3 marcha el proyecto \u201cRa\u00edces\u201d, con el objetivo de implementar una recuperaci\u00f3n agroalimentaria integral con enfoque sostenible.","robots":{"index":"index","follow":"follow","max-snippet":"max-snippet:-1","max-image-preview":"max-image-preview:large","max-video-preview":"max-video-preview:-1"},"canonical":"https:\/\/www.feyalegria.org\/venezuela\/raices-un-proyecto-agroalimentario-para-empoderar-comunidades-rurales\/","og_locale":"es_ES","og_type":"article","og_title":"\u201cRa\u00edces\u201d: Un proyecto agroalimentario para empoderar comunidades rurales - Fe y Alegr\u00eda en Venezuela","og_description":"Arranc\u00f3 marcha el proyecto \u201cRa\u00edces\u201d, con el objetivo de implementar una recuperaci\u00f3n agroalimentaria integral con enfoque sostenible.","og_url":"https:\/\/www.feyalegria.org\/venezuela\/raices-un-proyecto-agroalimentario-para-empoderar-comunidades-rurales\/","og_site_name":"Fe y Alegr\u00eda en Venezuela","article_published_time":"2024-08-14T13:18:59+00:00","og_image":[{"width":800,"height":500,"url":"https:\/\/d3pugrm67vf9n7.cloudfront.net\/wp-content\/uploads\/sites\/4\/2024\/08\/14130833\/Capacitacion-19-01.jpg","type":"image\/jpeg"}],"author":"Erika Briceno","twitter_card":"summary_large_image","twitter_misc":{"Escrito por":"Erika Briceno","Tiempo de lectura":"4 minutos"},"schema":{"@context":"https:\/\/schema.org","@graph":[{"@type":"Article","@id":"https:\/\/www.feyalegria.org\/venezuela\/raices-un-proyecto-agroalimentario-para-empoderar-comunidades-rurales\/#article","isPartOf":{"@id":"https:\/\/www.feyalegria.org\/venezuela\/raices-un-proyecto-agroalimentario-para-empoderar-comunidades-rurales\/"},"author":{"name":"Erika Briceno","@id":"https:\/\/www.feyalegria.org\/venezuela\/#\/schema\/person\/fcd504e06f93320841b99f79f3ab0180"},"headline":"\u201cRa\u00edces\u201d: Un proyecto agroalimentario para empoderar comunidades rurales","datePublished":"2024-08-14T13:18:59+00:00","mainEntityOfPage":{"@id":"https:\/\/www.feyalegria.org\/venezuela\/raices-un-proyecto-agroalimentario-para-empoderar-comunidades-rurales\/"},"wordCount":686,"commentCount":0,"image":{"@id":"https:\/\/www.feyalegria.org\/venezuela\/raices-un-proyecto-agroalimentario-para-empoderar-comunidades-rurales\/#primaryimage"},"thumbnailUrl":"https:\/\/d3pugrm67vf9n7.cloudfront.net\/wp-content\/uploads\/sites\/4\/2024\/08\/14130833\/Capacitacion-19-01.jpg","keywords":["Agroalimentario","Capacitaci\u00f3n"],"articleSection":["Bolet\u00edn Interno"],"inLanguage":"es","potentialAction":[{"@type":"CommentAction","name":"Comment","target":["https:\/\/www.feyalegria.org\/venezuela\/raices-un-proyecto-agroalimentario-para-empoderar-comunidades-rurales\/#respond"]}]},{"@type":"WebPage","@id":"https:\/\/www.feyalegria.org\/venezuela\/raices-un-proyecto-agroalimentario-para-empoderar-comunidades-rurales\/","url":"https:\/\/www.feyalegria.org\/venezuela\/raices-un-proyecto-agroalimentario-para-empoderar-comunidades-rurales\/","name":"\u201cRa\u00edces\u201d: Un proyecto agroalimentario para empoderar comunidades rurales - Fe y Alegr\u00eda en Venezuela","isPartOf":{"@id":"https:\/\/www.feyalegria.org\/venezuela\/#website"},"primaryImageOfPage":{"@id":"https:\/\/www.feyalegria.org\/venezuela\/raices-un-proyecto-agroalimentario-para-empoderar-comunidades-rurales\/#primaryimage"},"image":{"@id":"https:\/\/www.feyalegria.org\/venezuela\/raices-un-proyecto-agroalimentario-para-empoderar-comunidades-rurales\/#primaryimage"},"thumbnailUrl":"https:\/\/d3pugrm67vf9n7.cloudfront.net\/wp-content\/uploads\/sites\/4\/2024\/08\/14130833\/Capacitacion-19-01.jpg","datePublished":"2024-08-14T13:18:59+00:00","author":{"@id":"https:\/\/www.feyalegria.org\/venezuela\/#\/schema\/person\/fcd504e06f93320841b99f79f3ab0180"},"description":"Arranc\u00f3 marcha el proyecto \u201cRa\u00edces\u201d, con el objetivo de implementar una recuperaci\u00f3n agroalimentaria integral con enfoque sostenible.","inLanguage":"es","potentialAction":[{"@type":"ReadAction","target":["https:\/\/www.feyalegria.org\/venezuela\/raices-un-proyecto-agroalimentario-para-empoderar-comunidades-rurales\/"]}]},{"@type":"ImageObject","inLanguage":"es","@id":"https:\/\/www.feyalegria.org\/venezuela\/raices-un-proyecto-agroalimentario-para-empoderar-comunidades-rurales\/#primaryimage","url":"https:\/\/d3pugrm67vf9n7.cloudfront.net\/wp-content\/uploads\/sites\/4\/2024\/08\/14130833\/Capacitacion-19-01.jpg","contentUrl":"https:\/\/d3pugrm67vf9n7.cloudfront.net\/wp-content\/uploads\/sites\/4\/2024\/08\/14130833\/Capacitacion-19-01.jpg","width":800,"height":500},{"@type":"WebSite","@id":"https:\/\/www.feyalegria.org\/venezuela\/#website","url":"https:\/\/www.feyalegria.org\/venezuela\/","name":"Fe y Alegr\u00eda en Venezuela","description":"","potentialAction":[{"@type":"SearchAction","target":{"@type":"EntryPoint","urlTemplate":"https:\/\/www.feyalegria.org\/venezuela\/?s={search_term_string}"},"query-input":{"@type":"PropertyValueSpecification","valueRequired":true,"valueName":"search_term_string"}}],"inLanguage":"es"},{"@type":"Person","@id":"https:\/\/www.feyalegria.org\/venezuela\/#\/schema\/person\/fcd504e06f93320841b99f79f3ab0180","name":"Erika Briceno","url":"https:\/\/www.feyalegria.org\/venezuela\/author\/comunfifya\/"}]}},"_links":{"self":[{"href":"https:\/\/www.feyalegria.org\/venezuela\/wp-json\/wp\/v2\/posts\/6837","targetHints":{"allow":["GET"]}}],"collection":[{"href":"https:\/\/www.feyalegria.org\/venezuela\/wp-json\/wp\/v2\/posts"}],"about":[{"href":"https:\/\/www.feyalegria.org\/venezuela\/wp-json\/wp\/v2\/types\/post"}],"author":[{"embeddable":true,"href":"https:\/\/www.feyalegria.org\/venezuela\/wp-json\/wp\/v2\/users\/6"}],"replies":[{"embeddable":true,"href":"https:\/\/www.feyalegria.org\/venezuela\/wp-json\/wp\/v2\/comments?post=6837"}],"version-history":[{"count":0,"href":"https:\/\/www.feyalegria.org\/venezuela\/wp-json\/wp\/v2\/posts\/6837\/revisions"}],"wp:featuredmedia":[{"embeddable":true,"href":"https:\/\/www.feyalegria.org\/venezuela\/wp-json\/wp\/v2\/media\/6838"}],"wp:attachment":[{"href":"https:\/\/www.feyalegria.org\/venezuela\/wp-json\/wp\/v2\/media?parent=6837"}],"wp:term":[{"taxonomy":"category","embeddable":true,"href":"https:\/\/www.feyalegria.org\/venezuela\/wp-json\/wp\/v2\/categories?post=6837"},{"taxonomy":"post_tag","embeddable":true,"href":"https:\/\/www.feyalegria.org\/venezuela\/wp-json\/wp\/v2\/tags?post=6837"},{"taxonomy":"post_folder","embeddable":true,"href":"https:\/\/www.feyalegria.org\/venezuela\/wp-json\/wp\/v2\/post_folder?post=6837"}],"curies":[{"name":"wp","href":"https:\/\/api.w.org\/{rel}","templated":true}]}}