{"id":6850,"date":"2024-08-14T14:38:01","date_gmt":"2024-08-14T14:38:01","guid":{"rendered":"https:\/\/www.feyalegria.org\/venezuela\/?p=6850"},"modified":"2024-08-14T21:28:15","modified_gmt":"2024-08-14T21:28:15","slug":"exploramos-los-desafios-y-oportunidades-de-nuestra-juventud-en-el-siglo-xxi","status":"publish","type":"post","link":"https:\/\/www.feyalegria.org\/venezuela\/exploramos-los-desafios-y-oportunidades-de-nuestra-juventud-en-el-siglo-xxi\/","title":{"rendered":"Exploramos los desaf\u00edos y oportunidades de nuestra juventud en el siglo XXI"},"content":{"rendered":"<div class=\"wpb-content-wrapper\"><p>[vc_row][vc_column][vc_column_text css=\u00bb\u00bb]<\/p>\n<h1><b>Exploramos los desaf\u00edos y oportunidades de nuestra juventud en el siglo XXI<\/b><\/h1>\n<p>[\/vc_column_text][vc_single_image image=\u00bb6851&#8243; img_size=\u00bbFull\u00bb alignment=\u00bbcenter\u00bb css=\u00bb\u00bb][vc_column_text css=\u00bb\u00bb]<\/p>\n<p style=\"text-align: right;\"><b>Ver\u00f3nica Cubill\u00e1n |<\/b>\u00a0<em>Referente de Comunicaci\u00f3n del Centro de Formaci\u00f3n e Investigaci\u00f3n Padre Joaqu\u00edn<\/em><\/p>\n<p style=\"text-align: right;\"><span style=\"font-weight: 400;\"><strong>Keily Caldera |<\/strong> <em>Asistente de Publicaciones del Centro de Formaci\u00f3n e Investigaci\u00f3n Padre Joaqu\u00edn<\/em><\/span><\/p>\n<p>[\/vc_column_text][vc_separator][vc_column_text css=\u00bb\u00bb]<\/p>\n<p style=\"text-align: justify;\">En el marco del D\u00eda Internacional de la Juventud, desde el Centro de Formaci\u00f3n e Investigaci\u00f3n Padre Joaqu\u00edn, extendemos una invitaci\u00f3n especial para todos los docentes de Fe y Alegr\u00eda. En esta oportunidad, les presentamos la edici\u00f3n N\u00b048 de nuestra revista Movimiento Pedag\u00f3gico, una publicaci\u00f3n que se mantiene vigente y se dedica a explorar los desaf\u00edos y oportunidades que enfrentan las nuevas generaciones.<\/p>\n<p>&nbsp;<\/p>\n<p style=\"text-align: justify;\">Bajo el t\u00edtulo El dilema de ser joven, esta edici\u00f3n propone a docentes, estudiantes y a la comunidad en general una reflexi\u00f3n sobre la compleja realidad de ser joven en el siglo XXI. Aborda una serie de temas que sumergen al lector en una di\u00e1logo profundo consigo mismo, con otros y con la realidad. Interrogantes como: \u00bfes m\u00e1s f\u00e1cil o m\u00e1s dif\u00edcil ser joven hoy en d\u00eda?, surgen con fuerza, desafiando nuestras percepciones y anim\u00e1ndonos a considerar los retos que debe enfrentar la juventud contempor\u00e1nea.<\/p>\n<p>&nbsp;<\/p>\n<p style=\"text-align: justify;\"><strong>\u00bfQu\u00e9 encontrar\u00e1s en esta edici\u00f3n?<\/strong><\/p>\n<p>&nbsp;<\/p>\n<p>&#8211; Dos Dossieres con an\u00e1lisis profundo: Dedicado a explorar los mitos, matices y dificultades de ser j\u00f3ven hoy en d\u00eda.<\/p>\n<p>&#8211; Art\u00edculos para la reflexi\u00f3n: Propuestas para construir un futuro m\u00e1s justo y equitativo para las nuevas generaciones.<\/p>\n<p>&#8211; Pr\u00e1cticas educativas inspiradoras: Experiencias de docentes que han transformando su pr\u00e1ctica educativa con j\u00f3venes.<\/p>\n<p>&#8211; Herramientas educativas: Estrategias pedag\u00f3gicas innovadoras para trabajar con j\u00f3venes en el aula.<\/p>\n<p>&nbsp;<\/p>\n<p style=\"text-align: justify;\"><strong>Empoderamiento juvenil para la construcci\u00f3n del futuro<\/strong><\/p>\n<p>&nbsp;<\/p>\n<p style=\"text-align: justify;\">La publicaci\u00f3n no se limita a describir las dificultades que deben superar los j\u00f3venes, sino que tambi\u00e9n ofrece herramientas y estrategias para ayudarles a construir un futuro m\u00e1s prometedor. Al plantear la pregunta \u00ab\u00bfDe qui\u00e9n es el futuro?\u00bb, la revista reafirma la importancia de que los j\u00f3venes sean protagonistas activos en la construcci\u00f3n de una sociedad m\u00e1s justa y equitativa.<\/p>\n<p>&nbsp;<\/p>\n<p style=\"text-align: justify;\">Los contenidos de esta edici\u00f3n se conectan con la realidad cotidiana de los j\u00f3venes. Art\u00edculos como \u00abHagamos las paces siempre por v\u00edas pac\u00edficas\u00bb y \u00abRadio novela: una estrategia para educar en valores\u00bb ofrecen ejemplos concretos de c\u00f3mo la educaci\u00f3n puede ser un motor de cambio social y promover el desarrollo de competencias claves para el siglo XXI.<\/p>\n<p>&nbsp;<\/p>\n<p style=\"text-align: justify;\"><strong>Cumplimos con el llamado a la acci\u00f3n<\/strong><\/p>\n<p>&nbsp;<\/p>\n<p style=\"text-align: justify;\">Desde el Centro de Formaci\u00f3n e Investigaci\u00f3n Padre Joaqu\u00edn, tenemos el compromiso de apoyar a docentes, padres, madres y comunidad en general para cultivar el potencial de la juventud. Nuestra misi\u00f3n es divulgar materiales que permitan orientar a los j\u00f3venes en su camino hacia el \u00e9xito, que brinden herramientas para enfrentar los retos del presente y construir un ma\u00f1ana mejor.<\/p>\n<p>&nbsp;<\/p>\n<p style=\"text-align: justify;\">Los invitamos a explorar esta edici\u00f3n con mente abierta y esp\u00edritu cr\u00edtico, porque cada p\u00e1gina est\u00e1 dise\u00f1ada para resonar con sus inquietudes y aspiraciones. Juntos podemos construir un di\u00e1logo enriquecedor que impulse a nuestra juventud hacia un futuro brillante y lleno de posibilidades.<\/p>\n<p>[\/vc_column_text][vc_row_inner css=\u00bb.vc_custom_1723645370809{background-color: rgba(228,228,228,0.5) !important;*background-color: rgb(228,228,228) !important;border-radius: 5px !important;}\u00bb][vc_column_inner width=\u00bb1\/2&#8243;][vc_single_image image=\u00bb6852&#8243; img_size=\u00bbfull\u00bb alignment=\u00bbcenter\u00bb css=\u00bb.vc_custom_1723646237658{margin-left: 20px !important;padding-right: 20px !important;}\u00bb][\/vc_column_inner][vc_column_inner width=\u00bb1\/2&#8243; css=\u00bb.vc_custom_1723645292795{margin-right: 20px !important;}\u00bb][vc_column_text css=\u00bb.vc_custom_1723646227767{padding-right: 20px !important;}\u00bb]<\/p>\n<p style=\"text-align: justify;\"><span style=\"font-weight: 400;\">Para adquirir un ejemplar en f\u00edsico cont\u00e1ctanos a trav\u00e9s del correo electr\u00f3nico publicaciones@centrodeformacion.com.ve o nuestras redes sociales: @cfipj y @centrodeformacionpj.<\/span><\/p>\n<p>&nbsp;<\/p>\n<p style=\"text-align: justify;\"><span style=\"font-weight: 400;\">Tu aporte nos permitir\u00e1 seguir elaborando una valiosa fuente de recursos para desarrollar experiencias de aprendizaje significativas y relevantes para todos los j\u00f3venes.\u00a0<\/span><\/p>\n<p>[\/vc_column_text][\/vc_column_inner][\/vc_row_inner][vc_row_inner][vc_column_inner][vc_column_text css=\u00bb\u00bb]<\/p>\n<p style=\"text-align: right;\"><strong>Caracas, 14 de agosto de 2024<\/strong><\/p>\n<p>[\/vc_column_text][\/vc_column_inner][\/vc_row_inner][\/vc_column][\/vc_row]<\/p>\n<\/div>","protected":false},"excerpt":{"rendered":"<div style=\"height: 265px\">A trav\u00e9s de libros, colecciones y cuentos inspirados en relatos ind\u00edgenas, buscamos fomentar el reconocimiento y valor de esta rica herencia cultural, un ejemplo de este trabajo es nuestro libro Mar y Tierra.<\/div>\n","protected":false},"author":6,"featured_media":6851,"comment_status":"open","ping_status":"open","sticky":false,"template":"","format":"standard","meta":{"_acf_changed":false,"footnotes":""},"categories":[746],"tags":[430,925],"post_folder":[],"class_list":["post-6850","post","type-post","status-publish","format-standard","has-post-thumbnail","hentry","category-boletin-interno","tag-cfipj","tag-cuentos-indigenas"],"acf":[],"yoast_head":"<!-- This site is optimized with the Yoast SEO plugin v27.5 - https:\/\/yoast.com\/product\/yoast-seo-wordpress\/ -->\n<title>Exploramos los desaf\u00edos y oportunidades de nuestra juventud en el siglo XXI - Fe y Alegr\u00eda en Venezuela<\/title>\n<meta name=\"description\" content=\"A trav\u00e9s de libros, colecciones y cuentos inspirados en relatos ind\u00edgenas, buscamos fomentar el reconocimiento y valor de la herencia cultural\" \/>\n<meta name=\"robots\" content=\"index, follow, max-snippet:-1, max-image-preview:large, max-video-preview:-1\" \/>\n<link rel=\"canonical\" href=\"https:\/\/www.feyalegria.org\/venezuela\/exploramos-los-desafios-y-oportunidades-de-nuestra-juventud-en-el-siglo-xxi\/\" \/>\n<meta property=\"og:locale\" content=\"es_ES\" \/>\n<meta property=\"og:type\" content=\"article\" \/>\n<meta property=\"og:title\" content=\"Exploramos los desaf\u00edos y oportunidades de nuestra juventud en el siglo XXI - Fe y Alegr\u00eda en Venezuela\" \/>\n<meta property=\"og:description\" content=\"A trav\u00e9s de libros, colecciones y cuentos inspirados en relatos ind\u00edgenas, buscamos fomentar el reconocimiento y valor de la herencia cultural\" \/>\n<meta property=\"og:url\" content=\"https:\/\/www.feyalegria.org\/venezuela\/exploramos-los-desafios-y-oportunidades-de-nuestra-juventud-en-el-siglo-xxi\/\" \/>\n<meta property=\"og:site_name\" content=\"Fe y Alegr\u00eda en Venezuela\" \/>\n<meta property=\"article:published_time\" content=\"2024-08-14T14:38:01+00:00\" \/>\n<meta property=\"article:modified_time\" content=\"2024-08-14T21:28:15+00:00\" \/>\n<meta property=\"og:image\" content=\"https:\/\/d3pugrm67vf9n7.cloudfront.net\/wp-content\/uploads\/sites\/4\/2024\/08\/14140755\/CFIPJ-20-02.jpg\" \/>\n\t<meta property=\"og:image:width\" content=\"800\" \/>\n\t<meta property=\"og:image:height\" content=\"500\" \/>\n\t<meta property=\"og:image:type\" content=\"image\/jpeg\" \/>\n<meta name=\"author\" content=\"Erika Briceno\" \/>\n<meta name=\"twitter:card\" content=\"summary_large_image\" \/>\n<meta name=\"twitter:label1\" content=\"Escrito por\" \/>\n\t<meta name=\"twitter:data1\" content=\"Erika Briceno\" \/>\n\t<meta name=\"twitter:label2\" content=\"Tiempo de lectura\" \/>\n\t<meta name=\"twitter:data2\" content=\"4 minutos\" \/>\n<script type=\"application\/ld+json\" class=\"yoast-schema-graph\">{\"@context\":\"https:\\\/\\\/schema.org\",\"@graph\":[{\"@type\":\"Article\",\"@id\":\"https:\\\/\\\/www.feyalegria.org\\\/venezuela\\\/exploramos-los-desafios-y-oportunidades-de-nuestra-juventud-en-el-siglo-xxi\\\/#article\",\"isPartOf\":{\"@id\":\"https:\\\/\\\/www.feyalegria.org\\\/venezuela\\\/exploramos-los-desafios-y-oportunidades-de-nuestra-juventud-en-el-siglo-xxi\\\/\"},\"author\":{\"name\":\"Erika Briceno\",\"@id\":\"https:\\\/\\\/www.feyalegria.org\\\/venezuela\\\/#\\\/schema\\\/person\\\/fcd504e06f93320841b99f79f3ab0180\"},\"headline\":\"Exploramos los desaf\u00edos y oportunidades de nuestra juventud en el siglo XXI\",\"datePublished\":\"2024-08-14T14:38:01+00:00\",\"dateModified\":\"2024-08-14T21:28:15+00:00\",\"mainEntityOfPage\":{\"@id\":\"https:\\\/\\\/www.feyalegria.org\\\/venezuela\\\/exploramos-los-desafios-y-oportunidades-de-nuestra-juventud-en-el-siglo-xxi\\\/\"},\"wordCount\":770,\"commentCount\":0,\"image\":{\"@id\":\"https:\\\/\\\/www.feyalegria.org\\\/venezuela\\\/exploramos-los-desafios-y-oportunidades-de-nuestra-juventud-en-el-siglo-xxi\\\/#primaryimage\"},\"thumbnailUrl\":\"https:\\\/\\\/d3pugrm67vf9n7.cloudfront.net\\\/wp-content\\\/uploads\\\/sites\\\/4\\\/2024\\\/08\\\/14140755\\\/CFIPJ-20-02.jpg\",\"keywords\":[\"CFIPJ\",\"cuentos ind\u00edgenas\"],\"articleSection\":[\"Bolet\u00edn Interno\"],\"inLanguage\":\"es\",\"potentialAction\":[{\"@type\":\"CommentAction\",\"name\":\"Comment\",\"target\":[\"https:\\\/\\\/www.feyalegria.org\\\/venezuela\\\/exploramos-los-desafios-y-oportunidades-de-nuestra-juventud-en-el-siglo-xxi\\\/#respond\"]}]},{\"@type\":\"WebPage\",\"@id\":\"https:\\\/\\\/www.feyalegria.org\\\/venezuela\\\/exploramos-los-desafios-y-oportunidades-de-nuestra-juventud-en-el-siglo-xxi\\\/\",\"url\":\"https:\\\/\\\/www.feyalegria.org\\\/venezuela\\\/exploramos-los-desafios-y-oportunidades-de-nuestra-juventud-en-el-siglo-xxi\\\/\",\"name\":\"Exploramos los desaf\u00edos y oportunidades de nuestra juventud en el siglo XXI - Fe y Alegr\u00eda en Venezuela\",\"isPartOf\":{\"@id\":\"https:\\\/\\\/www.feyalegria.org\\\/venezuela\\\/#website\"},\"primaryImageOfPage\":{\"@id\":\"https:\\\/\\\/www.feyalegria.org\\\/venezuela\\\/exploramos-los-desafios-y-oportunidades-de-nuestra-juventud-en-el-siglo-xxi\\\/#primaryimage\"},\"image\":{\"@id\":\"https:\\\/\\\/www.feyalegria.org\\\/venezuela\\\/exploramos-los-desafios-y-oportunidades-de-nuestra-juventud-en-el-siglo-xxi\\\/#primaryimage\"},\"thumbnailUrl\":\"https:\\\/\\\/d3pugrm67vf9n7.cloudfront.net\\\/wp-content\\\/uploads\\\/sites\\\/4\\\/2024\\\/08\\\/14140755\\\/CFIPJ-20-02.jpg\",\"datePublished\":\"2024-08-14T14:38:01+00:00\",\"dateModified\":\"2024-08-14T21:28:15+00:00\",\"author\":{\"@id\":\"https:\\\/\\\/www.feyalegria.org\\\/venezuela\\\/#\\\/schema\\\/person\\\/fcd504e06f93320841b99f79f3ab0180\"},\"description\":\"A trav\u00e9s de libros, colecciones y cuentos inspirados en relatos ind\u00edgenas, buscamos fomentar el reconocimiento y valor de la herencia cultural\",\"inLanguage\":\"es\",\"potentialAction\":[{\"@type\":\"ReadAction\",\"target\":[\"https:\\\/\\\/www.feyalegria.org\\\/venezuela\\\/exploramos-los-desafios-y-oportunidades-de-nuestra-juventud-en-el-siglo-xxi\\\/\"]}]},{\"@type\":\"ImageObject\",\"inLanguage\":\"es\",\"@id\":\"https:\\\/\\\/www.feyalegria.org\\\/venezuela\\\/exploramos-los-desafios-y-oportunidades-de-nuestra-juventud-en-el-siglo-xxi\\\/#primaryimage\",\"url\":\"https:\\\/\\\/d3pugrm67vf9n7.cloudfront.net\\\/wp-content\\\/uploads\\\/sites\\\/4\\\/2024\\\/08\\\/14140755\\\/CFIPJ-20-02.jpg\",\"contentUrl\":\"https:\\\/\\\/d3pugrm67vf9n7.cloudfront.net\\\/wp-content\\\/uploads\\\/sites\\\/4\\\/2024\\\/08\\\/14140755\\\/CFIPJ-20-02.jpg\",\"width\":800,\"height\":500},{\"@type\":\"WebSite\",\"@id\":\"https:\\\/\\\/www.feyalegria.org\\\/venezuela\\\/#website\",\"url\":\"https:\\\/\\\/www.feyalegria.org\\\/venezuela\\\/\",\"name\":\"Fe y Alegr\u00eda en Venezuela\",\"description\":\"\",\"potentialAction\":[{\"@type\":\"SearchAction\",\"target\":{\"@type\":\"EntryPoint\",\"urlTemplate\":\"https:\\\/\\\/www.feyalegria.org\\\/venezuela\\\/?s={search_term_string}\"},\"query-input\":{\"@type\":\"PropertyValueSpecification\",\"valueRequired\":true,\"valueName\":\"search_term_string\"}}],\"inLanguage\":\"es\"},{\"@type\":\"Person\",\"@id\":\"https:\\\/\\\/www.feyalegria.org\\\/venezuela\\\/#\\\/schema\\\/person\\\/fcd504e06f93320841b99f79f3ab0180\",\"name\":\"Erika Briceno\",\"url\":\"https:\\\/\\\/www.feyalegria.org\\\/venezuela\\\/author\\\/comunfifya\\\/\"}]}<\/script>\n<!-- \/ Yoast SEO plugin. -->","yoast_head_json":{"title":"Exploramos los desaf\u00edos y oportunidades de nuestra juventud en el siglo XXI - Fe y Alegr\u00eda en Venezuela","description":"A trav\u00e9s de libros, colecciones y cuentos inspirados en relatos ind\u00edgenas, buscamos fomentar el reconocimiento y valor de la herencia cultural","robots":{"index":"index","follow":"follow","max-snippet":"max-snippet:-1","max-image-preview":"max-image-preview:large","max-video-preview":"max-video-preview:-1"},"canonical":"https:\/\/www.feyalegria.org\/venezuela\/exploramos-los-desafios-y-oportunidades-de-nuestra-juventud-en-el-siglo-xxi\/","og_locale":"es_ES","og_type":"article","og_title":"Exploramos los desaf\u00edos y oportunidades de nuestra juventud en el siglo XXI - Fe y Alegr\u00eda en Venezuela","og_description":"A trav\u00e9s de libros, colecciones y cuentos inspirados en relatos ind\u00edgenas, buscamos fomentar el reconocimiento y valor de la herencia cultural","og_url":"https:\/\/www.feyalegria.org\/venezuela\/exploramos-los-desafios-y-oportunidades-de-nuestra-juventud-en-el-siglo-xxi\/","og_site_name":"Fe y Alegr\u00eda en Venezuela","article_published_time":"2024-08-14T14:38:01+00:00","article_modified_time":"2024-08-14T21:28:15+00:00","og_image":[{"width":800,"height":500,"url":"https:\/\/d3pugrm67vf9n7.cloudfront.net\/wp-content\/uploads\/sites\/4\/2024\/08\/14140755\/CFIPJ-20-02.jpg","type":"image\/jpeg"}],"author":"Erika Briceno","twitter_card":"summary_large_image","twitter_misc":{"Escrito por":"Erika Briceno","Tiempo de lectura":"4 minutos"},"schema":{"@context":"https:\/\/schema.org","@graph":[{"@type":"Article","@id":"https:\/\/www.feyalegria.org\/venezuela\/exploramos-los-desafios-y-oportunidades-de-nuestra-juventud-en-el-siglo-xxi\/#article","isPartOf":{"@id":"https:\/\/www.feyalegria.org\/venezuela\/exploramos-los-desafios-y-oportunidades-de-nuestra-juventud-en-el-siglo-xxi\/"},"author":{"name":"Erika Briceno","@id":"https:\/\/www.feyalegria.org\/venezuela\/#\/schema\/person\/fcd504e06f93320841b99f79f3ab0180"},"headline":"Exploramos los desaf\u00edos y oportunidades de nuestra juventud en el siglo XXI","datePublished":"2024-08-14T14:38:01+00:00","dateModified":"2024-08-14T21:28:15+00:00","mainEntityOfPage":{"@id":"https:\/\/www.feyalegria.org\/venezuela\/exploramos-los-desafios-y-oportunidades-de-nuestra-juventud-en-el-siglo-xxi\/"},"wordCount":770,"commentCount":0,"image":{"@id":"https:\/\/www.feyalegria.org\/venezuela\/exploramos-los-desafios-y-oportunidades-de-nuestra-juventud-en-el-siglo-xxi\/#primaryimage"},"thumbnailUrl":"https:\/\/d3pugrm67vf9n7.cloudfront.net\/wp-content\/uploads\/sites\/4\/2024\/08\/14140755\/CFIPJ-20-02.jpg","keywords":["CFIPJ","cuentos ind\u00edgenas"],"articleSection":["Bolet\u00edn Interno"],"inLanguage":"es","potentialAction":[{"@type":"CommentAction","name":"Comment","target":["https:\/\/www.feyalegria.org\/venezuela\/exploramos-los-desafios-y-oportunidades-de-nuestra-juventud-en-el-siglo-xxi\/#respond"]}]},{"@type":"WebPage","@id":"https:\/\/www.feyalegria.org\/venezuela\/exploramos-los-desafios-y-oportunidades-de-nuestra-juventud-en-el-siglo-xxi\/","url":"https:\/\/www.feyalegria.org\/venezuela\/exploramos-los-desafios-y-oportunidades-de-nuestra-juventud-en-el-siglo-xxi\/","name":"Exploramos los desaf\u00edos y oportunidades de nuestra juventud en el siglo XXI - Fe y Alegr\u00eda en Venezuela","isPartOf":{"@id":"https:\/\/www.feyalegria.org\/venezuela\/#website"},"primaryImageOfPage":{"@id":"https:\/\/www.feyalegria.org\/venezuela\/exploramos-los-desafios-y-oportunidades-de-nuestra-juventud-en-el-siglo-xxi\/#primaryimage"},"image":{"@id":"https:\/\/www.feyalegria.org\/venezuela\/exploramos-los-desafios-y-oportunidades-de-nuestra-juventud-en-el-siglo-xxi\/#primaryimage"},"thumbnailUrl":"https:\/\/d3pugrm67vf9n7.cloudfront.net\/wp-content\/uploads\/sites\/4\/2024\/08\/14140755\/CFIPJ-20-02.jpg","datePublished":"2024-08-14T14:38:01+00:00","dateModified":"2024-08-14T21:28:15+00:00","author":{"@id":"https:\/\/www.feyalegria.org\/venezuela\/#\/schema\/person\/fcd504e06f93320841b99f79f3ab0180"},"description":"A trav\u00e9s de libros, colecciones y cuentos inspirados en relatos ind\u00edgenas, buscamos fomentar el reconocimiento y valor de la herencia cultural","inLanguage":"es","potentialAction":[{"@type":"ReadAction","target":["https:\/\/www.feyalegria.org\/venezuela\/exploramos-los-desafios-y-oportunidades-de-nuestra-juventud-en-el-siglo-xxi\/"]}]},{"@type":"ImageObject","inLanguage":"es","@id":"https:\/\/www.feyalegria.org\/venezuela\/exploramos-los-desafios-y-oportunidades-de-nuestra-juventud-en-el-siglo-xxi\/#primaryimage","url":"https:\/\/d3pugrm67vf9n7.cloudfront.net\/wp-content\/uploads\/sites\/4\/2024\/08\/14140755\/CFIPJ-20-02.jpg","contentUrl":"https:\/\/d3pugrm67vf9n7.cloudfront.net\/wp-content\/uploads\/sites\/4\/2024\/08\/14140755\/CFIPJ-20-02.jpg","width":800,"height":500},{"@type":"WebSite","@id":"https:\/\/www.feyalegria.org\/venezuela\/#website","url":"https:\/\/www.feyalegria.org\/venezuela\/","name":"Fe y Alegr\u00eda en Venezuela","description":"","potentialAction":[{"@type":"SearchAction","target":{"@type":"EntryPoint","urlTemplate":"https:\/\/www.feyalegria.org\/venezuela\/?s={search_term_string}"},"query-input":{"@type":"PropertyValueSpecification","valueRequired":true,"valueName":"search_term_string"}}],"inLanguage":"es"},{"@type":"Person","@id":"https:\/\/www.feyalegria.org\/venezuela\/#\/schema\/person\/fcd504e06f93320841b99f79f3ab0180","name":"Erika Briceno","url":"https:\/\/www.feyalegria.org\/venezuela\/author\/comunfifya\/"}]}},"_links":{"self":[{"href":"https:\/\/www.feyalegria.org\/venezuela\/wp-json\/wp\/v2\/posts\/6850","targetHints":{"allow":["GET"]}}],"collection":[{"href":"https:\/\/www.feyalegria.org\/venezuela\/wp-json\/wp\/v2\/posts"}],"about":[{"href":"https:\/\/www.feyalegria.org\/venezuela\/wp-json\/wp\/v2\/types\/post"}],"author":[{"embeddable":true,"href":"https:\/\/www.feyalegria.org\/venezuela\/wp-json\/wp\/v2\/users\/6"}],"replies":[{"embeddable":true,"href":"https:\/\/www.feyalegria.org\/venezuela\/wp-json\/wp\/v2\/comments?post=6850"}],"version-history":[{"count":0,"href":"https:\/\/www.feyalegria.org\/venezuela\/wp-json\/wp\/v2\/posts\/6850\/revisions"}],"wp:featuredmedia":[{"embeddable":true,"href":"https:\/\/www.feyalegria.org\/venezuela\/wp-json\/wp\/v2\/media\/6851"}],"wp:attachment":[{"href":"https:\/\/www.feyalegria.org\/venezuela\/wp-json\/wp\/v2\/media?parent=6850"}],"wp:term":[{"taxonomy":"category","embeddable":true,"href":"https:\/\/www.feyalegria.org\/venezuela\/wp-json\/wp\/v2\/categories?post=6850"},{"taxonomy":"post_tag","embeddable":true,"href":"https:\/\/www.feyalegria.org\/venezuela\/wp-json\/wp\/v2\/tags?post=6850"},{"taxonomy":"post_folder","embeddable":true,"href":"https:\/\/www.feyalegria.org\/venezuela\/wp-json\/wp\/v2\/post_folder?post=6850"}],"curies":[{"name":"wp","href":"https:\/\/api.w.org\/{rel}","templated":true}]}}