{"id":6894,"date":"2024-08-15T02:52:17","date_gmt":"2024-08-15T02:52:17","guid":{"rendered":"https:\/\/www.feyalegria.org\/venezuela\/?p=6894"},"modified":"2024-08-15T02:52:17","modified_gmt":"2024-08-15T02:52:17","slug":"mi-camino-a-japon-una-historia-que-inspira-y-que-apoya-la-labor-educativa-de-fe-y-alegria-venezuela","status":"publish","type":"post","link":"https:\/\/www.feyalegria.org\/venezuela\/mi-camino-a-japon-una-historia-que-inspira-y-que-apoya-la-labor-educativa-de-fe-y-alegria-venezuela\/","title":{"rendered":"\u201cMi camino a Jap\u00f3n\u201d: una historia que inspira y que apoya la labor educativa de Fe y Alegr\u00eda Venezuela"},"content":{"rendered":"<div class=\"wpb-content-wrapper\"><p>[vc_row][vc_column][vc_column_text css=\u00bb\u00bb]<\/p>\n<h1><b>\u201cMi camino a Jap\u00f3n\u201d: una historia que inspira y que apoya la labor educativa de Fe y Alegr\u00eda Venezuela<\/b><\/h1>\n<p>[\/vc_column_text][vc_single_image image=\u00bb6896&#8243; img_size=\u00bbFull\u00bb alignment=\u00bbcenter\u00bb css=\u00bb\u00bb][vc_column_text css=\u00bb\u00bb]<\/p>\n<p style=\"text-align: right;\"><strong>Lenys Carolina Mart\u00ednez<\/strong><\/p>\n<p style=\"text-align: right;\"><em>Periodista Digital | Red Nacional de Radio Fe y Alegr\u00eda<\/em><\/p>\n<p>[\/vc_column_text][vc_separator][vc_column_text css=\u00bb\u00bb]<\/p>\n<p style=\"text-align: justify;\">\u201cMi camino a Jap\u00f3n\u201d narra la historia de un hombre venezolano, Alvaro P\u00e9rez, quien a sus 17 a\u00f1os de edad decidi\u00f3 tomar las riendas de su vida para convertirse en un hombre de bien porque el contexto donde naci\u00f3 lo empujaba a ser parte del mundo delictivo.<\/p>\n<p>&nbsp;<\/p>\n<p style=\"text-align: justify;\">Mucha gente le dec\u00eda que no iba a servir para nada, pero \u00e9l estaba convencido que, con determinaci\u00f3n y esfuerzo, ser\u00eda ese hombre de bien que quiso ser, ejemplar, responsable.<\/p>\n<p>&nbsp;<\/p>\n<p style=\"text-align: justify;\">Cuando a\u00fan era un adolescente sali\u00f3 del barrio San Blas, en Valencia, con un primer destino: Italia. De ese pa\u00eds no solo aprendi\u00f3 su idioma (tambi\u00e9n domina el ingl\u00e9s, japon\u00e9s y espa\u00f1ol), sino tambi\u00e9n comenz\u00f3 a dar sus primeros pasos en el mundo de los restaurantes hasta llegar a ser el exitoso empresario que es actualmente y que ha recorrido el mundo entero.<\/p>\n<p>&nbsp;<\/p>\n<p style=\"text-align: justify;\">Hace dos meses hizo una gira en algunas instituciones de Venezuela, entre esas, estuvo en <strong><a href=\"https:\/\/www.radiofeyalegrianoticias.com\/alvaro-perez-miranda-inspira-a-estudiantes-de-fe-y-alegria\/\"><u>nuestro colegio Eugenio Andr\u00e9s Mendoza<\/u><\/a><\/strong> en Caracas y comparti\u00f3 con los estudiantes su experiencia de vida, su camino profesional de \u00e9xitos y tropiezos, de atinos y desatinos pero, sobre todo: mucho aprendizaje.<\/p>\n<p>&nbsp;<\/p>\n<p style=\"text-align: justify;\">Durante ese encuentro le expres\u00f3 a los estudiantes lo importante que es aprender, superarse, \u201cpero tambi\u00e9n deben hacer las cosas bien porque siempre hay alguien que los est\u00e1 viendo. La educaci\u00f3n y preparaci\u00f3n es fundamental\u201d, dijo.<\/p>\n<p>&nbsp;<\/p>\n<p style=\"text-align: justify;\">A los muchachos les dej\u00f3 claro que la clave de su \u00e9xito es ser venezolano, y \u00bfc\u00f3mo logr\u00f3 todo ese camino de triunfos?<\/p>\n<p>&nbsp;<\/p>\n<p style=\"text-align: justify;\"><img loading=\"lazy\" decoding=\"async\" class=\" wp-image-6895 alignleft\" src=\"https:\/\/d3pugrm67vf9n7.cloudfront.net\/wp-content\/uploads\/sites\/4\/2024\/08\/15024151\/Direccion-general-14-08-24-01-250x300.jpg\" alt=\"\" width=\"360\" height=\"432\" srcset=\"https:\/\/d3pugrm67vf9n7.cloudfront.net\/wp-content\/uploads\/sites\/4\/2024\/08\/15024151\/Direccion-general-14-08-24-01-250x300.jpg 250w, https:\/\/d3pugrm67vf9n7.cloudfront.net\/wp-content\/uploads\/sites\/4\/2024\/08\/15024151\/Direccion-general-14-08-24-01.jpg 500w\" sizes=\"auto, (max-width: 360px) 100vw, 360px\" \/>Todo esto y m\u00e1s lo cuenta \u00c1lvaro P\u00e9rez Miranda en su libro \u201cMi camino a Jap\u00f3n\u201d, la historia de un venezolano que revolucion\u00f3 el mundo de los restaurantes y que puedes adquirir en las librer\u00edas:<\/p>\n<p>&nbsp;<\/p>\n<p style=\"text-align: justify;\">&#8211; Libreria Alejandr\u00eda (Centro Comercial L\u00edder, nivel Entretenimiento)<\/p>\n<p style=\"text-align: justify;\">&#8211; Librer\u00eda El Busc\u00f3n (Centro Comercial Paseo Las Mercedes, nivel Trasnocho).<\/p>\n<p style=\"text-align: justify;\"><strong>Editora<\/strong>: Mar\u00eda Elena Lavaud<br \/>\n<strong>Agencia editorial<\/strong>: Mel Projects<\/p>\n<p>&nbsp;<\/p>\n<p style=\"text-align: justify;\">Con tu compra del libro, no solo te inspirar\u00e1s con la historia de este ejemplar venezolano, sino que tambi\u00e9n contribuir\u00e1s a la educaci\u00f3n de los ni\u00f1os y ni\u00f1as de Fe y Alegr\u00eda Venezuela.<\/p>\n<p>&nbsp;<\/p>\n<p style=\"text-align: left;\">\u00a1Ap\u00fantate y mil gracias por tu colaboraci\u00f3n!<\/p>\n<p>[\/vc_column_text][vc_column_text css=\u00bb\u00bb]<\/p>\n<p style=\"text-align: right;\"><strong>Caracas, 14 de agosto de 2024<\/strong><\/p>\n<p>[\/vc_column_text][\/vc_column][\/vc_row]<\/p>\n<\/div>","protected":false},"excerpt":{"rendered":"<div style=\"height: 265px\">\n\u201cMi camino a Jap\u00f3n\u201d narra la historia de un hombre venezolano, Alvaro P\u00e9rez, quien a sus 17 a\u00f1os de edad decidi\u00f3 tomar las riendas de su vida para convertirse en un hombre de bien, a pesar del contexto que le redeaba.<\/div>\n","protected":false},"author":6,"featured_media":6895,"comment_status":"open","ping_status":"open","sticky":false,"template":"","format":"standard","meta":{"_acf_changed":false,"footnotes":""},"categories":[183],"tags":[937],"post_folder":[],"class_list":["post-6894","post","type-post","status-publish","format-standard","has-post-thumbnail","hentry","category-noticias","tag-historia-de-vida"],"acf":[],"yoast_head":"<!-- This site is optimized with the Yoast SEO plugin v27.5 - https:\/\/yoast.com\/product\/yoast-seo-wordpress\/ -->\n<title>\u201cMi camino a Jap\u00f3n\u201d: una historia que inspira y que apoya la labor educativa de Fe y Alegr\u00eda Venezuela - Fe y Alegr\u00eda en Venezuela<\/title>\n<meta name=\"description\" content=\"\u201cMi camino a Jap\u00f3n\u201d narra la historia de un hombre venezolano, Alvaro P\u00e9rez, quien a sus 17 a\u00f1os de edad decidi\u00f3 tomar las riendas de su vida\" \/>\n<meta name=\"robots\" content=\"index, follow, max-snippet:-1, max-image-preview:large, max-video-preview:-1\" \/>\n<link rel=\"canonical\" href=\"https:\/\/www.feyalegria.org\/venezuela\/mi-camino-a-japon-una-historia-que-inspira-y-que-apoya-la-labor-educativa-de-fe-y-alegria-venezuela\/\" \/>\n<meta property=\"og:locale\" content=\"es_ES\" \/>\n<meta property=\"og:type\" content=\"article\" \/>\n<meta property=\"og:title\" content=\"\u201cMi camino a Jap\u00f3n\u201d: una historia que inspira y que apoya la labor educativa de Fe y Alegr\u00eda Venezuela - Fe y Alegr\u00eda en Venezuela\" \/>\n<meta property=\"og:description\" content=\"\u201cMi camino a Jap\u00f3n\u201d narra la historia de un hombre venezolano, Alvaro P\u00e9rez, quien a sus 17 a\u00f1os de edad decidi\u00f3 tomar las riendas de su vida\" \/>\n<meta property=\"og:url\" content=\"https:\/\/www.feyalegria.org\/venezuela\/mi-camino-a-japon-una-historia-que-inspira-y-que-apoya-la-labor-educativa-de-fe-y-alegria-venezuela\/\" \/>\n<meta property=\"og:site_name\" content=\"Fe y Alegr\u00eda en Venezuela\" \/>\n<meta property=\"article:published_time\" content=\"2024-08-15T02:52:17+00:00\" \/>\n<meta property=\"og:image\" content=\"https:\/\/d3pugrm67vf9n7.cloudfront.net\/wp-content\/uploads\/sites\/4\/2024\/08\/15024151\/Direccion-general-14-08-24-01.jpg\" \/>\n\t<meta property=\"og:image:width\" content=\"500\" \/>\n\t<meta property=\"og:image:height\" content=\"600\" \/>\n\t<meta property=\"og:image:type\" content=\"image\/jpeg\" \/>\n<meta name=\"author\" content=\"Erika Briceno\" \/>\n<meta name=\"twitter:card\" content=\"summary_large_image\" \/>\n<meta name=\"twitter:label1\" content=\"Escrito por\" \/>\n\t<meta name=\"twitter:data1\" content=\"Erika Briceno\" \/>\n\t<meta name=\"twitter:label2\" content=\"Tiempo de lectura\" \/>\n\t<meta name=\"twitter:data2\" content=\"3 minutos\" \/>\n<script type=\"application\/ld+json\" class=\"yoast-schema-graph\">{\"@context\":\"https:\\\/\\\/schema.org\",\"@graph\":[{\"@type\":\"Article\",\"@id\":\"https:\\\/\\\/www.feyalegria.org\\\/venezuela\\\/mi-camino-a-japon-una-historia-que-inspira-y-que-apoya-la-labor-educativa-de-fe-y-alegria-venezuela\\\/#article\",\"isPartOf\":{\"@id\":\"https:\\\/\\\/www.feyalegria.org\\\/venezuela\\\/mi-camino-a-japon-una-historia-que-inspira-y-que-apoya-la-labor-educativa-de-fe-y-alegria-venezuela\\\/\"},\"author\":{\"name\":\"Erika Briceno\",\"@id\":\"https:\\\/\\\/www.feyalegria.org\\\/venezuela\\\/#\\\/schema\\\/person\\\/fcd504e06f93320841b99f79f3ab0180\"},\"headline\":\"\u201cMi camino a Jap\u00f3n\u201d: una historia que inspira y que apoya la labor educativa de Fe y Alegr\u00eda Venezuela\",\"datePublished\":\"2024-08-15T02:52:17+00:00\",\"mainEntityOfPage\":{\"@id\":\"https:\\\/\\\/www.feyalegria.org\\\/venezuela\\\/mi-camino-a-japon-una-historia-que-inspira-y-que-apoya-la-labor-educativa-de-fe-y-alegria-venezuela\\\/\"},\"wordCount\":500,\"commentCount\":0,\"image\":{\"@id\":\"https:\\\/\\\/www.feyalegria.org\\\/venezuela\\\/mi-camino-a-japon-una-historia-que-inspira-y-que-apoya-la-labor-educativa-de-fe-y-alegria-venezuela\\\/#primaryimage\"},\"thumbnailUrl\":\"https:\\\/\\\/d3pugrm67vf9n7.cloudfront.net\\\/wp-content\\\/uploads\\\/sites\\\/4\\\/2024\\\/08\\\/15024151\\\/Direccion-general-14-08-24-01.jpg\",\"keywords\":[\"Historia de vida\"],\"articleSection\":[\"Noticias\"],\"inLanguage\":\"es\",\"potentialAction\":[{\"@type\":\"CommentAction\",\"name\":\"Comment\",\"target\":[\"https:\\\/\\\/www.feyalegria.org\\\/venezuela\\\/mi-camino-a-japon-una-historia-que-inspira-y-que-apoya-la-labor-educativa-de-fe-y-alegria-venezuela\\\/#respond\"]}]},{\"@type\":\"WebPage\",\"@id\":\"https:\\\/\\\/www.feyalegria.org\\\/venezuela\\\/mi-camino-a-japon-una-historia-que-inspira-y-que-apoya-la-labor-educativa-de-fe-y-alegria-venezuela\\\/\",\"url\":\"https:\\\/\\\/www.feyalegria.org\\\/venezuela\\\/mi-camino-a-japon-una-historia-que-inspira-y-que-apoya-la-labor-educativa-de-fe-y-alegria-venezuela\\\/\",\"name\":\"\u201cMi camino a Jap\u00f3n\u201d: una historia que inspira y que apoya la labor educativa de Fe y Alegr\u00eda Venezuela - Fe y Alegr\u00eda en Venezuela\",\"isPartOf\":{\"@id\":\"https:\\\/\\\/www.feyalegria.org\\\/venezuela\\\/#website\"},\"primaryImageOfPage\":{\"@id\":\"https:\\\/\\\/www.feyalegria.org\\\/venezuela\\\/mi-camino-a-japon-una-historia-que-inspira-y-que-apoya-la-labor-educativa-de-fe-y-alegria-venezuela\\\/#primaryimage\"},\"image\":{\"@id\":\"https:\\\/\\\/www.feyalegria.org\\\/venezuela\\\/mi-camino-a-japon-una-historia-que-inspira-y-que-apoya-la-labor-educativa-de-fe-y-alegria-venezuela\\\/#primaryimage\"},\"thumbnailUrl\":\"https:\\\/\\\/d3pugrm67vf9n7.cloudfront.net\\\/wp-content\\\/uploads\\\/sites\\\/4\\\/2024\\\/08\\\/15024151\\\/Direccion-general-14-08-24-01.jpg\",\"datePublished\":\"2024-08-15T02:52:17+00:00\",\"author\":{\"@id\":\"https:\\\/\\\/www.feyalegria.org\\\/venezuela\\\/#\\\/schema\\\/person\\\/fcd504e06f93320841b99f79f3ab0180\"},\"description\":\"\u201cMi camino a Jap\u00f3n\u201d narra la historia de un hombre venezolano, Alvaro P\u00e9rez, quien a sus 17 a\u00f1os de edad decidi\u00f3 tomar las riendas de su vida\",\"inLanguage\":\"es\",\"potentialAction\":[{\"@type\":\"ReadAction\",\"target\":[\"https:\\\/\\\/www.feyalegria.org\\\/venezuela\\\/mi-camino-a-japon-una-historia-que-inspira-y-que-apoya-la-labor-educativa-de-fe-y-alegria-venezuela\\\/\"]}]},{\"@type\":\"ImageObject\",\"inLanguage\":\"es\",\"@id\":\"https:\\\/\\\/www.feyalegria.org\\\/venezuela\\\/mi-camino-a-japon-una-historia-que-inspira-y-que-apoya-la-labor-educativa-de-fe-y-alegria-venezuela\\\/#primaryimage\",\"url\":\"https:\\\/\\\/d3pugrm67vf9n7.cloudfront.net\\\/wp-content\\\/uploads\\\/sites\\\/4\\\/2024\\\/08\\\/15024151\\\/Direccion-general-14-08-24-01.jpg\",\"contentUrl\":\"https:\\\/\\\/d3pugrm67vf9n7.cloudfront.net\\\/wp-content\\\/uploads\\\/sites\\\/4\\\/2024\\\/08\\\/15024151\\\/Direccion-general-14-08-24-01.jpg\",\"width\":500,\"height\":600},{\"@type\":\"WebSite\",\"@id\":\"https:\\\/\\\/www.feyalegria.org\\\/venezuela\\\/#website\",\"url\":\"https:\\\/\\\/www.feyalegria.org\\\/venezuela\\\/\",\"name\":\"Fe y Alegr\u00eda en Venezuela\",\"description\":\"\",\"potentialAction\":[{\"@type\":\"SearchAction\",\"target\":{\"@type\":\"EntryPoint\",\"urlTemplate\":\"https:\\\/\\\/www.feyalegria.org\\\/venezuela\\\/?s={search_term_string}\"},\"query-input\":{\"@type\":\"PropertyValueSpecification\",\"valueRequired\":true,\"valueName\":\"search_term_string\"}}],\"inLanguage\":\"es\"},{\"@type\":\"Person\",\"@id\":\"https:\\\/\\\/www.feyalegria.org\\\/venezuela\\\/#\\\/schema\\\/person\\\/fcd504e06f93320841b99f79f3ab0180\",\"name\":\"Erika Briceno\",\"url\":\"https:\\\/\\\/www.feyalegria.org\\\/venezuela\\\/author\\\/comunfifya\\\/\"}]}<\/script>\n<!-- \/ Yoast SEO plugin. -->","yoast_head_json":{"title":"\u201cMi camino a Jap\u00f3n\u201d: una historia que inspira y que apoya la labor educativa de Fe y Alegr\u00eda Venezuela - Fe y Alegr\u00eda en Venezuela","description":"\u201cMi camino a Jap\u00f3n\u201d narra la historia de un hombre venezolano, Alvaro P\u00e9rez, quien a sus 17 a\u00f1os de edad decidi\u00f3 tomar las riendas de su vida","robots":{"index":"index","follow":"follow","max-snippet":"max-snippet:-1","max-image-preview":"max-image-preview:large","max-video-preview":"max-video-preview:-1"},"canonical":"https:\/\/www.feyalegria.org\/venezuela\/mi-camino-a-japon-una-historia-que-inspira-y-que-apoya-la-labor-educativa-de-fe-y-alegria-venezuela\/","og_locale":"es_ES","og_type":"article","og_title":"\u201cMi camino a Jap\u00f3n\u201d: una historia que inspira y que apoya la labor educativa de Fe y Alegr\u00eda Venezuela - Fe y Alegr\u00eda en Venezuela","og_description":"\u201cMi camino a Jap\u00f3n\u201d narra la historia de un hombre venezolano, Alvaro P\u00e9rez, quien a sus 17 a\u00f1os de edad decidi\u00f3 tomar las riendas de su vida","og_url":"https:\/\/www.feyalegria.org\/venezuela\/mi-camino-a-japon-una-historia-que-inspira-y-que-apoya-la-labor-educativa-de-fe-y-alegria-venezuela\/","og_site_name":"Fe y Alegr\u00eda en Venezuela","article_published_time":"2024-08-15T02:52:17+00:00","og_image":[{"width":500,"height":600,"url":"https:\/\/d3pugrm67vf9n7.cloudfront.net\/wp-content\/uploads\/sites\/4\/2024\/08\/15024151\/Direccion-general-14-08-24-01.jpg","type":"image\/jpeg"}],"author":"Erika Briceno","twitter_card":"summary_large_image","twitter_misc":{"Escrito por":"Erika Briceno","Tiempo de lectura":"3 minutos"},"schema":{"@context":"https:\/\/schema.org","@graph":[{"@type":"Article","@id":"https:\/\/www.feyalegria.org\/venezuela\/mi-camino-a-japon-una-historia-que-inspira-y-que-apoya-la-labor-educativa-de-fe-y-alegria-venezuela\/#article","isPartOf":{"@id":"https:\/\/www.feyalegria.org\/venezuela\/mi-camino-a-japon-una-historia-que-inspira-y-que-apoya-la-labor-educativa-de-fe-y-alegria-venezuela\/"},"author":{"name":"Erika Briceno","@id":"https:\/\/www.feyalegria.org\/venezuela\/#\/schema\/person\/fcd504e06f93320841b99f79f3ab0180"},"headline":"\u201cMi camino a Jap\u00f3n\u201d: una historia que inspira y que apoya la labor educativa de Fe y Alegr\u00eda Venezuela","datePublished":"2024-08-15T02:52:17+00:00","mainEntityOfPage":{"@id":"https:\/\/www.feyalegria.org\/venezuela\/mi-camino-a-japon-una-historia-que-inspira-y-que-apoya-la-labor-educativa-de-fe-y-alegria-venezuela\/"},"wordCount":500,"commentCount":0,"image":{"@id":"https:\/\/www.feyalegria.org\/venezuela\/mi-camino-a-japon-una-historia-que-inspira-y-que-apoya-la-labor-educativa-de-fe-y-alegria-venezuela\/#primaryimage"},"thumbnailUrl":"https:\/\/d3pugrm67vf9n7.cloudfront.net\/wp-content\/uploads\/sites\/4\/2024\/08\/15024151\/Direccion-general-14-08-24-01.jpg","keywords":["Historia de vida"],"articleSection":["Noticias"],"inLanguage":"es","potentialAction":[{"@type":"CommentAction","name":"Comment","target":["https:\/\/www.feyalegria.org\/venezuela\/mi-camino-a-japon-una-historia-que-inspira-y-que-apoya-la-labor-educativa-de-fe-y-alegria-venezuela\/#respond"]}]},{"@type":"WebPage","@id":"https:\/\/www.feyalegria.org\/venezuela\/mi-camino-a-japon-una-historia-que-inspira-y-que-apoya-la-labor-educativa-de-fe-y-alegria-venezuela\/","url":"https:\/\/www.feyalegria.org\/venezuela\/mi-camino-a-japon-una-historia-que-inspira-y-que-apoya-la-labor-educativa-de-fe-y-alegria-venezuela\/","name":"\u201cMi camino a Jap\u00f3n\u201d: una historia que inspira y que apoya la labor educativa de Fe y Alegr\u00eda Venezuela - Fe y Alegr\u00eda en Venezuela","isPartOf":{"@id":"https:\/\/www.feyalegria.org\/venezuela\/#website"},"primaryImageOfPage":{"@id":"https:\/\/www.feyalegria.org\/venezuela\/mi-camino-a-japon-una-historia-que-inspira-y-que-apoya-la-labor-educativa-de-fe-y-alegria-venezuela\/#primaryimage"},"image":{"@id":"https:\/\/www.feyalegria.org\/venezuela\/mi-camino-a-japon-una-historia-que-inspira-y-que-apoya-la-labor-educativa-de-fe-y-alegria-venezuela\/#primaryimage"},"thumbnailUrl":"https:\/\/d3pugrm67vf9n7.cloudfront.net\/wp-content\/uploads\/sites\/4\/2024\/08\/15024151\/Direccion-general-14-08-24-01.jpg","datePublished":"2024-08-15T02:52:17+00:00","author":{"@id":"https:\/\/www.feyalegria.org\/venezuela\/#\/schema\/person\/fcd504e06f93320841b99f79f3ab0180"},"description":"\u201cMi camino a Jap\u00f3n\u201d narra la historia de un hombre venezolano, Alvaro P\u00e9rez, quien a sus 17 a\u00f1os de edad decidi\u00f3 tomar las riendas de su vida","inLanguage":"es","potentialAction":[{"@type":"ReadAction","target":["https:\/\/www.feyalegria.org\/venezuela\/mi-camino-a-japon-una-historia-que-inspira-y-que-apoya-la-labor-educativa-de-fe-y-alegria-venezuela\/"]}]},{"@type":"ImageObject","inLanguage":"es","@id":"https:\/\/www.feyalegria.org\/venezuela\/mi-camino-a-japon-una-historia-que-inspira-y-que-apoya-la-labor-educativa-de-fe-y-alegria-venezuela\/#primaryimage","url":"https:\/\/d3pugrm67vf9n7.cloudfront.net\/wp-content\/uploads\/sites\/4\/2024\/08\/15024151\/Direccion-general-14-08-24-01.jpg","contentUrl":"https:\/\/d3pugrm67vf9n7.cloudfront.net\/wp-content\/uploads\/sites\/4\/2024\/08\/15024151\/Direccion-general-14-08-24-01.jpg","width":500,"height":600},{"@type":"WebSite","@id":"https:\/\/www.feyalegria.org\/venezuela\/#website","url":"https:\/\/www.feyalegria.org\/venezuela\/","name":"Fe y Alegr\u00eda en Venezuela","description":"","potentialAction":[{"@type":"SearchAction","target":{"@type":"EntryPoint","urlTemplate":"https:\/\/www.feyalegria.org\/venezuela\/?s={search_term_string}"},"query-input":{"@type":"PropertyValueSpecification","valueRequired":true,"valueName":"search_term_string"}}],"inLanguage":"es"},{"@type":"Person","@id":"https:\/\/www.feyalegria.org\/venezuela\/#\/schema\/person\/fcd504e06f93320841b99f79f3ab0180","name":"Erika Briceno","url":"https:\/\/www.feyalegria.org\/venezuela\/author\/comunfifya\/"}]}},"_links":{"self":[{"href":"https:\/\/www.feyalegria.org\/venezuela\/wp-json\/wp\/v2\/posts\/6894","targetHints":{"allow":["GET"]}}],"collection":[{"href":"https:\/\/www.feyalegria.org\/venezuela\/wp-json\/wp\/v2\/posts"}],"about":[{"href":"https:\/\/www.feyalegria.org\/venezuela\/wp-json\/wp\/v2\/types\/post"}],"author":[{"embeddable":true,"href":"https:\/\/www.feyalegria.org\/venezuela\/wp-json\/wp\/v2\/users\/6"}],"replies":[{"embeddable":true,"href":"https:\/\/www.feyalegria.org\/venezuela\/wp-json\/wp\/v2\/comments?post=6894"}],"version-history":[{"count":0,"href":"https:\/\/www.feyalegria.org\/venezuela\/wp-json\/wp\/v2\/posts\/6894\/revisions"}],"wp:featuredmedia":[{"embeddable":true,"href":"https:\/\/www.feyalegria.org\/venezuela\/wp-json\/wp\/v2\/media\/6895"}],"wp:attachment":[{"href":"https:\/\/www.feyalegria.org\/venezuela\/wp-json\/wp\/v2\/media?parent=6894"}],"wp:term":[{"taxonomy":"category","embeddable":true,"href":"https:\/\/www.feyalegria.org\/venezuela\/wp-json\/wp\/v2\/categories?post=6894"},{"taxonomy":"post_tag","embeddable":true,"href":"https:\/\/www.feyalegria.org\/venezuela\/wp-json\/wp\/v2\/tags?post=6894"},{"taxonomy":"post_folder","embeddable":true,"href":"https:\/\/www.feyalegria.org\/venezuela\/wp-json\/wp\/v2\/post_folder?post=6894"}],"curies":[{"name":"wp","href":"https:\/\/api.w.org\/{rel}","templated":true}]}}