 {"id":7026,"date":"2024-08-29T02:56:34","date_gmt":"2024-08-29T02:56:34","guid":{"rendered":"https:\/\/www.feyalegria.org\/venezuela\/?p=7026"},"modified":"2024-08-29T02:56:34","modified_gmt":"2024-08-29T02:56:34","slug":"en-apure-capacitamos-en-oficios-para-promover-el-emprendimiento-productivo","status":"publish","type":"post","link":"https:\/\/www.feyalegria.org\/venezuela\/en-apure-capacitamos-en-oficios-para-promover-el-emprendimiento-productivo\/","title":{"rendered":"En Apure capacitamos en oficios para promover el emprendimiento productivo"},"content":{"rendered":"<div class=\"wpb-content-wrapper\"><p>[vc_row][vc_column][vc_column_text css=\u00bb\u00bb]<\/p>\n<h1><b>En Apure capacitamos en oficios para promover el emprendimiento productivo\u00a0\u00a0<\/b><\/h1>\n<p>[\/vc_column_text][vc_single_image image=\u00bb7028&#8243; img_size=\u00bbfull\u00bb alignment=\u00bbcenter\u00bb css=\u00bb\u00bb][vc_column_text css=\u00bb\u00bb]<\/p>\n<p style=\"text-align: right;\"><strong>Germ\u00e1n Osorio | <\/strong><em>Referente de Comunicaci\u00f3n de Fe y Alegr\u00eda Capacitaci\u00f3n<\/em><\/p>\n<p style=\"text-align: right;\"><span style=\"font-weight: 400;\"><strong><b>Yulis Orasmas <\/b> |<\/strong> Responsable de Fe y Alegr\u00eda Capacitaci\u00f3n en el estado Apure<\/span><\/p>\n<p>[\/vc_column_text][vc_separator][vc_column_text css=\u00bb\u00bb]<\/p>\n<p style=\"text-align: justify;\">Un grupo de 65 personas en situaci\u00f3n de retorno, movilidad o refugio, residentes del estado Apure, se beneficia actualmente de un programa de capacitaci\u00f3n en oficios como peluquer\u00eda y corte y confecci\u00f3n. Esta iniciativa, denominada \u00abMedios de Vida\u00bb, es ejecutada por el centro de Capacitaci\u00f3n Jos\u00e9 Pastor, en alianza con Fe y Alegr\u00eda EduComunicaci\u00f3n y con el apoyo de ACNUR.<\/p>\n<p>&nbsp;<\/p>\n<p style=\"text-align: justify;\">El proyecto abarca a habitantes de las parroquias de Guasdualito, San Camilo y Urdaneta del municipio P\u00e1ez, as\u00ed como de la comunidad Puerto P\u00e1ez, ubicada en la parroquia Codazzi del municipio Pedro Camejo.<\/p>\n<p>&nbsp;<\/p>\n<p style=\"text-align: justify;\">El objetivo principal es apoyar a los participantes, dot\u00e1ndolos de las habilidades t\u00e9cnicas, recursos y herramientas necesarias para crear sus propios emprendimientos productivos. De esta manera, se busca mejorar significativamente su calidad de vida y la de sus familias, fomentando as\u00ed un desarrollo sostenible en la comunidad.<\/p>\n<p>&nbsp;<\/p>\n<p style=\"text-align: justify;\">En Fe y Alegr\u00eda Capacitaci\u00f3n desempe\u00f1amos un papel crucial en la implementaci\u00f3n del proyecto \u00abMedios de Vida\u00bb, demostrando nuestro compromiso con la formaci\u00f3n y el empoderamiento de las comunidades m\u00e1s vulnerables. A trav\u00e9s de un enfoque integral, ofrecemos un acompa\u00f1amiento continuo, proporcionando los recursos y herramientas indispensables para el \u00e9xito de los emprendimientos.<\/p>\n<p>[\/vc_column_text][vc_row_inner][vc_column_inner width=\u00bb1\/2&#8243;][vc_single_image image=\u00bb7029&#8243; img_size=\u00bbFull\u00bb alignment=\u00bbcenter\u00bb onclick=\u00bblink_image\u00bb css=\u00bb\u00bb][\/vc_column_inner][vc_column_inner width=\u00bb1\/2&#8243;][vc_single_image image=\u00bb7027&#8243; img_size=\u00bbFull\u00bb alignment=\u00bbcenter\u00bb onclick=\u00bblink_image\u00bb css=\u00bb\u00bb][\/vc_column_inner][\/vc_row_inner][vc_column_text css=\u00bb\u00bb]<\/p>\n<p style=\"text-align: right;\"><strong>Caracas, 28 de agosto de 2024<\/strong><\/p>\n<p>[\/vc_column_text][\/vc_column][\/vc_row]<\/p>\n<\/div>","protected":false},"excerpt":{"rendered":"<div style=\"height: 265px\">Un grupo de 65 personas en situaci\u00f3n de retorno, movilidad o refugio, residentes del estado Apure, se beneficia actualmente de un programa de capacitaci\u00f3n en oficios como peluquer\u00eda y corte y confecci\u00f3n.<\/div>\n","protected":false},"author":6,"featured_media":7028,"comment_status":"open","ping_status":"open","sticky":false,"template":"","format":"standard","meta":{"_acf_changed":false,"footnotes":""},"categories":[746],"tags":[634,774],"post_folder":[],"class_list":["post-7026","post","type-post","status-publish","format-standard","has-post-thumbnail","hentry","category-boletin-interno","tag-capacitacion","tag-emprendimiento"],"acf":[],"yoast_head":"<!-- This site is optimized with the Yoast SEO plugin v27.4 - https:\/\/yoast.com\/product\/yoast-seo-wordpress\/ -->\n<title>En Apure capacitamos en oficios para promover el emprendimiento productivo - Fe y Alegr\u00eda en Venezuela<\/title>\n<meta name=\"description\" content=\"65 personas en situaci\u00f3n de retorno, movilidad o refugio, residentes del estado Apure se capacitaron en peluquer\u00eda y corte y confecci\u00f3n\" \/>\n<meta name=\"robots\" content=\"index, follow, max-snippet:-1, max-image-preview:large, max-video-preview:-1\" \/>\n<link rel=\"canonical\" href=\"https:\/\/www.feyalegria.org\/venezuela\/en-apure-capacitamos-en-oficios-para-promover-el-emprendimiento-productivo\/\" \/>\n<meta property=\"og:locale\" content=\"es_ES\" \/>\n<meta property=\"og:type\" content=\"article\" \/>\n<meta property=\"og:title\" content=\"En Apure capacitamos en oficios para promover el emprendimiento productivo - Fe y Alegr\u00eda en Venezuela\" \/>\n<meta property=\"og:description\" content=\"65 personas en situaci\u00f3n de retorno, movilidad o refugio, residentes del estado Apure se capacitaron en peluquer\u00eda y corte y confecci\u00f3n\" \/>\n<meta property=\"og:url\" content=\"https:\/\/www.feyalegria.org\/venezuela\/en-apure-capacitamos-en-oficios-para-promover-el-emprendimiento-productivo\/\" \/>\n<meta property=\"og:site_name\" content=\"Fe y Alegr\u00eda en Venezuela\" \/>\n<meta property=\"article:published_time\" content=\"2024-08-29T02:56:34+00:00\" \/>\n<meta property=\"og:image\" content=\"https:\/\/d3pugrm67vf9n7.cloudfront.net\/wp-content\/uploads\/sites\/4\/2024\/08\/29025121\/Capacitacion-22-2.jpg\" \/>\n\t<meta property=\"og:image:width\" content=\"1080\" \/>\n\t<meta property=\"og:image:height\" content=\"607\" \/>\n\t<meta property=\"og:image:type\" content=\"image\/jpeg\" \/>\n<meta name=\"author\" content=\"Erika Briceno\" \/>\n<meta name=\"twitter:card\" content=\"summary_large_image\" \/>\n<meta name=\"twitter:label1\" content=\"Escrito por\" \/>\n\t<meta name=\"twitter:data1\" content=\"Erika Briceno\" \/>\n\t<meta name=\"twitter:label2\" content=\"Tiempo de lectura\" \/>\n\t<meta name=\"twitter:data2\" content=\"2 minutos\" \/>\n<script type=\"application\/ld+json\" class=\"yoast-schema-graph\">{\"@context\":\"https:\\\/\\\/schema.org\",\"@graph\":[{\"@type\":\"Article\",\"@id\":\"https:\\\/\\\/www.feyalegria.org\\\/venezuela\\\/en-apure-capacitamos-en-oficios-para-promover-el-emprendimiento-productivo\\\/#article\",\"isPartOf\":{\"@id\":\"https:\\\/\\\/www.feyalegria.org\\\/venezuela\\\/en-apure-capacitamos-en-oficios-para-promover-el-emprendimiento-productivo\\\/\"},\"author\":{\"name\":\"Erika Briceno\",\"@id\":\"https:\\\/\\\/www.feyalegria.org\\\/venezuela\\\/#\\\/schema\\\/person\\\/fcd504e06f93320841b99f79f3ab0180\"},\"headline\":\"En Apure capacitamos en oficios para promover el emprendimiento productivo\",\"datePublished\":\"2024-08-29T02:56:34+00:00\",\"mainEntityOfPage\":{\"@id\":\"https:\\\/\\\/www.feyalegria.org\\\/venezuela\\\/en-apure-capacitamos-en-oficios-para-promover-el-emprendimiento-productivo\\\/\"},\"wordCount\":360,\"commentCount\":0,\"image\":{\"@id\":\"https:\\\/\\\/www.feyalegria.org\\\/venezuela\\\/en-apure-capacitamos-en-oficios-para-promover-el-emprendimiento-productivo\\\/#primaryimage\"},\"thumbnailUrl\":\"https:\\\/\\\/d3pugrm67vf9n7.cloudfront.net\\\/wp-content\\\/uploads\\\/sites\\\/4\\\/2024\\\/08\\\/29025121\\\/Capacitacion-22-2.jpg\",\"keywords\":[\"Capacitaci\u00f3n\",\"emprendimiento\"],\"articleSection\":[\"Bolet\u00edn Interno\"],\"inLanguage\":\"es\",\"potentialAction\":[{\"@type\":\"CommentAction\",\"name\":\"Comment\",\"target\":[\"https:\\\/\\\/www.feyalegria.org\\\/venezuela\\\/en-apure-capacitamos-en-oficios-para-promover-el-emprendimiento-productivo\\\/#respond\"]}]},{\"@type\":\"WebPage\",\"@id\":\"https:\\\/\\\/www.feyalegria.org\\\/venezuela\\\/en-apure-capacitamos-en-oficios-para-promover-el-emprendimiento-productivo\\\/\",\"url\":\"https:\\\/\\\/www.feyalegria.org\\\/venezuela\\\/en-apure-capacitamos-en-oficios-para-promover-el-emprendimiento-productivo\\\/\",\"name\":\"En Apure capacitamos en oficios para promover el emprendimiento productivo - Fe y Alegr\u00eda en Venezuela\",\"isPartOf\":{\"@id\":\"https:\\\/\\\/www.feyalegria.org\\\/venezuela\\\/#website\"},\"primaryImageOfPage\":{\"@id\":\"https:\\\/\\\/www.feyalegria.org\\\/venezuela\\\/en-apure-capacitamos-en-oficios-para-promover-el-emprendimiento-productivo\\\/#primaryimage\"},\"image\":{\"@id\":\"https:\\\/\\\/www.feyalegria.org\\\/venezuela\\\/en-apure-capacitamos-en-oficios-para-promover-el-emprendimiento-productivo\\\/#primaryimage\"},\"thumbnailUrl\":\"https:\\\/\\\/d3pugrm67vf9n7.cloudfront.net\\\/wp-content\\\/uploads\\\/sites\\\/4\\\/2024\\\/08\\\/29025121\\\/Capacitacion-22-2.jpg\",\"datePublished\":\"2024-08-29T02:56:34+00:00\",\"author\":{\"@id\":\"https:\\\/\\\/www.feyalegria.org\\\/venezuela\\\/#\\\/schema\\\/person\\\/fcd504e06f93320841b99f79f3ab0180\"},\"description\":\"65 personas en situaci\u00f3n de retorno, movilidad o refugio, residentes del estado Apure se capacitaron en peluquer\u00eda y corte y confecci\u00f3n\",\"inLanguage\":\"es\",\"potentialAction\":[{\"@type\":\"ReadAction\",\"target\":[\"https:\\\/\\\/www.feyalegria.org\\\/venezuela\\\/en-apure-capacitamos-en-oficios-para-promover-el-emprendimiento-productivo\\\/\"]}]},{\"@type\":\"ImageObject\",\"inLanguage\":\"es\",\"@id\":\"https:\\\/\\\/www.feyalegria.org\\\/venezuela\\\/en-apure-capacitamos-en-oficios-para-promover-el-emprendimiento-productivo\\\/#primaryimage\",\"url\":\"https:\\\/\\\/d3pugrm67vf9n7.cloudfront.net\\\/wp-content\\\/uploads\\\/sites\\\/4\\\/2024\\\/08\\\/29025121\\\/Capacitacion-22-2.jpg\",\"contentUrl\":\"https:\\\/\\\/d3pugrm67vf9n7.cloudfront.net\\\/wp-content\\\/uploads\\\/sites\\\/4\\\/2024\\\/08\\\/29025121\\\/Capacitacion-22-2.jpg\",\"width\":1080,\"height\":607},{\"@type\":\"WebSite\",\"@id\":\"https:\\\/\\\/www.feyalegria.org\\\/venezuela\\\/#website\",\"url\":\"https:\\\/\\\/www.feyalegria.org\\\/venezuela\\\/\",\"name\":\"Fe y Alegr\u00eda en Venezuela\",\"description\":\"\",\"potentialAction\":[{\"@type\":\"SearchAction\",\"target\":{\"@type\":\"EntryPoint\",\"urlTemplate\":\"https:\\\/\\\/www.feyalegria.org\\\/venezuela\\\/?s={search_term_string}\"},\"query-input\":{\"@type\":\"PropertyValueSpecification\",\"valueRequired\":true,\"valueName\":\"search_term_string\"}}],\"inLanguage\":\"es\"},{\"@type\":\"Person\",\"@id\":\"https:\\\/\\\/www.feyalegria.org\\\/venezuela\\\/#\\\/schema\\\/person\\\/fcd504e06f93320841b99f79f3ab0180\",\"name\":\"Erika Briceno\",\"url\":\"https:\\\/\\\/www.feyalegria.org\\\/venezuela\\\/author\\\/comunfifya\\\/\"}]}<\/script>\n<!-- \/ Yoast SEO plugin. -->","yoast_head_json":{"title":"En Apure capacitamos en oficios para promover el emprendimiento productivo - Fe y Alegr\u00eda en Venezuela","description":"65 personas en situaci\u00f3n de retorno, movilidad o refugio, residentes del estado Apure se capacitaron en peluquer\u00eda y corte y confecci\u00f3n","robots":{"index":"index","follow":"follow","max-snippet":"max-snippet:-1","max-image-preview":"max-image-preview:large","max-video-preview":"max-video-preview:-1"},"canonical":"https:\/\/www.feyalegria.org\/venezuela\/en-apure-capacitamos-en-oficios-para-promover-el-emprendimiento-productivo\/","og_locale":"es_ES","og_type":"article","og_title":"En Apure capacitamos en oficios para promover el emprendimiento productivo - Fe y Alegr\u00eda en Venezuela","og_description":"65 personas en situaci\u00f3n de retorno, movilidad o refugio, residentes del estado Apure se capacitaron en peluquer\u00eda y corte y confecci\u00f3n","og_url":"https:\/\/www.feyalegria.org\/venezuela\/en-apure-capacitamos-en-oficios-para-promover-el-emprendimiento-productivo\/","og_site_name":"Fe y Alegr\u00eda en Venezuela","article_published_time":"2024-08-29T02:56:34+00:00","og_image":[{"width":1080,"height":607,"url":"https:\/\/d3pugrm67vf9n7.cloudfront.net\/wp-content\/uploads\/sites\/4\/2024\/08\/29025121\/Capacitacion-22-2.jpg","type":"image\/jpeg"}],"author":"Erika Briceno","twitter_card":"summary_large_image","twitter_misc":{"Escrito por":"Erika Briceno","Tiempo de lectura":"2 minutos"},"schema":{"@context":"https:\/\/schema.org","@graph":[{"@type":"Article","@id":"https:\/\/www.feyalegria.org\/venezuela\/en-apure-capacitamos-en-oficios-para-promover-el-emprendimiento-productivo\/#article","isPartOf":{"@id":"https:\/\/www.feyalegria.org\/venezuela\/en-apure-capacitamos-en-oficios-para-promover-el-emprendimiento-productivo\/"},"author":{"name":"Erika Briceno","@id":"https:\/\/www.feyalegria.org\/venezuela\/#\/schema\/person\/fcd504e06f93320841b99f79f3ab0180"},"headline":"En Apure capacitamos en oficios para promover el emprendimiento productivo","datePublished":"2024-08-29T02:56:34+00:00","mainEntityOfPage":{"@id":"https:\/\/www.feyalegria.org\/venezuela\/en-apure-capacitamos-en-oficios-para-promover-el-emprendimiento-productivo\/"},"wordCount":360,"commentCount":0,"image":{"@id":"https:\/\/www.feyalegria.org\/venezuela\/en-apure-capacitamos-en-oficios-para-promover-el-emprendimiento-productivo\/#primaryimage"},"thumbnailUrl":"https:\/\/d3pugrm67vf9n7.cloudfront.net\/wp-content\/uploads\/sites\/4\/2024\/08\/29025121\/Capacitacion-22-2.jpg","keywords":["Capacitaci\u00f3n","emprendimiento"],"articleSection":["Bolet\u00edn Interno"],"inLanguage":"es","potentialAction":[{"@type":"CommentAction","name":"Comment","target":["https:\/\/www.feyalegria.org\/venezuela\/en-apure-capacitamos-en-oficios-para-promover-el-emprendimiento-productivo\/#respond"]}]},{"@type":"WebPage","@id":"https:\/\/www.feyalegria.org\/venezuela\/en-apure-capacitamos-en-oficios-para-promover-el-emprendimiento-productivo\/","url":"https:\/\/www.feyalegria.org\/venezuela\/en-apure-capacitamos-en-oficios-para-promover-el-emprendimiento-productivo\/","name":"En Apure capacitamos en oficios para promover el emprendimiento productivo - Fe y Alegr\u00eda en Venezuela","isPartOf":{"@id":"https:\/\/www.feyalegria.org\/venezuela\/#website"},"primaryImageOfPage":{"@id":"https:\/\/www.feyalegria.org\/venezuela\/en-apure-capacitamos-en-oficios-para-promover-el-emprendimiento-productivo\/#primaryimage"},"image":{"@id":"https:\/\/www.feyalegria.org\/venezuela\/en-apure-capacitamos-en-oficios-para-promover-el-emprendimiento-productivo\/#primaryimage"},"thumbnailUrl":"https:\/\/d3pugrm67vf9n7.cloudfront.net\/wp-content\/uploads\/sites\/4\/2024\/08\/29025121\/Capacitacion-22-2.jpg","datePublished":"2024-08-29T02:56:34+00:00","author":{"@id":"https:\/\/www.feyalegria.org\/venezuela\/#\/schema\/person\/fcd504e06f93320841b99f79f3ab0180"},"description":"65 personas en situaci\u00f3n de retorno, movilidad o refugio, residentes del estado Apure se capacitaron en peluquer\u00eda y corte y confecci\u00f3n","inLanguage":"es","potentialAction":[{"@type":"ReadAction","target":["https:\/\/www.feyalegria.org\/venezuela\/en-apure-capacitamos-en-oficios-para-promover-el-emprendimiento-productivo\/"]}]},{"@type":"ImageObject","inLanguage":"es","@id":"https:\/\/www.feyalegria.org\/venezuela\/en-apure-capacitamos-en-oficios-para-promover-el-emprendimiento-productivo\/#primaryimage","url":"https:\/\/d3pugrm67vf9n7.cloudfront.net\/wp-content\/uploads\/sites\/4\/2024\/08\/29025121\/Capacitacion-22-2.jpg","contentUrl":"https:\/\/d3pugrm67vf9n7.cloudfront.net\/wp-content\/uploads\/sites\/4\/2024\/08\/29025121\/Capacitacion-22-2.jpg","width":1080,"height":607},{"@type":"WebSite","@id":"https:\/\/www.feyalegria.org\/venezuela\/#website","url":"https:\/\/www.feyalegria.org\/venezuela\/","name":"Fe y Alegr\u00eda en Venezuela","description":"","potentialAction":[{"@type":"SearchAction","target":{"@type":"EntryPoint","urlTemplate":"https:\/\/www.feyalegria.org\/venezuela\/?s={search_term_string}"},"query-input":{"@type":"PropertyValueSpecification","valueRequired":true,"valueName":"search_term_string"}}],"inLanguage":"es"},{"@type":"Person","@id":"https:\/\/www.feyalegria.org\/venezuela\/#\/schema\/person\/fcd504e06f93320841b99f79f3ab0180","name":"Erika Briceno","url":"https:\/\/www.feyalegria.org\/venezuela\/author\/comunfifya\/"}]}},"_links":{"self":[{"href":"https:\/\/www.feyalegria.org\/venezuela\/wp-json\/wp\/v2\/posts\/7026","targetHints":{"allow":["GET"]}}],"collection":[{"href":"https:\/\/www.feyalegria.org\/venezuela\/wp-json\/wp\/v2\/posts"}],"about":[{"href":"https:\/\/www.feyalegria.org\/venezuela\/wp-json\/wp\/v2\/types\/post"}],"author":[{"embeddable":true,"href":"https:\/\/www.feyalegria.org\/venezuela\/wp-json\/wp\/v2\/users\/6"}],"replies":[{"embeddable":true,"href":"https:\/\/www.feyalegria.org\/venezuela\/wp-json\/wp\/v2\/comments?post=7026"}],"version-history":[{"count":0,"href":"https:\/\/www.feyalegria.org\/venezuela\/wp-json\/wp\/v2\/posts\/7026\/revisions"}],"wp:featuredmedia":[{"embeddable":true,"href":"https:\/\/www.feyalegria.org\/venezuela\/wp-json\/wp\/v2\/media\/7028"}],"wp:attachment":[{"href":"https:\/\/www.feyalegria.org\/venezuela\/wp-json\/wp\/v2\/media?parent=7026"}],"wp:term":[{"taxonomy":"category","embeddable":true,"href":"https:\/\/www.feyalegria.org\/venezuela\/wp-json\/wp\/v2\/categories?post=7026"},{"taxonomy":"post_tag","embeddable":true,"href":"https:\/\/www.feyalegria.org\/venezuela\/wp-json\/wp\/v2\/tags?post=7026"},{"taxonomy":"post_folder","embeddable":true,"href":"https:\/\/www.feyalegria.org\/venezuela\/wp-json\/wp\/v2\/post_folder?post=7026"}],"curies":[{"name":"wp","href":"https:\/\/api.w.org\/{rel}","templated":true}]}}