 {"id":7090,"date":"2024-09-04T22:34:24","date_gmt":"2024-09-04T22:34:24","guid":{"rendered":"https:\/\/www.feyalegria.org\/venezuela\/?p=7090"},"modified":"2024-09-04T22:34:24","modified_gmt":"2024-09-04T22:34:24","slug":"capacitamos-a-48-personas-en-las-ultimas-tendencias-digitales","status":"publish","type":"post","link":"https:\/\/www.feyalegria.org\/venezuela\/capacitamos-a-48-personas-en-las-ultimas-tendencias-digitales\/","title":{"rendered":"\u00a1Capacitamos a 48 personas en las \u00faltimas tendencias digitales!"},"content":{"rendered":"<div class=\"wpb-content-wrapper\"><p>[vc_row][vc_column][vc_column_text css=\u00bb\u00bb]<\/p>\n<h1><b>\u00a1Capacitamos a 48 personas en las \u00faltimas tendencias digitales!\u00a0<\/b><\/h1>\n<p>[\/vc_column_text][vc_single_image image=\u00bb7091&#8243; img_size=\u00bbfull\u00bb alignment=\u00bbcenter\u00bb css=\u00bb\u00bb][vc_column_text css=\u00bb\u00bb]<\/p>\n<p style=\"text-align: right;\"><strong>Germ\u00e1n Osorio | <\/strong><em>Referente de Comunicaci\u00f3n de Fe y Alegr\u00eda Capacitaci\u00f3n<\/em><\/p>\n<p>[\/vc_column_text][vc_separator][vc_column_text css=\u00bb\u00bb]<\/p>\n<p style=\"text-align: justify;\">En Fe y Alegr\u00eda Capacitaci\u00f3n realizamos, entre el 20 y el 29 de agosto, un taller sobre Inteligencia Artificial (IA) y otro sobre marketing digital. Ambos talleres contaron con una participaci\u00f3n total de 48 personas a trav\u00e9s de las plataformas WhatsApp y Google Meet, una metodolog\u00eda que, seg\u00fan los participantes, result\u00f3 ser muy efectiva.<\/p>\n<p>&nbsp;<\/p>\n<p style=\"text-align: justify;\">Los participantes adquirieron conocimientos te\u00f3ricos y los aplicaron a trav\u00e9s de ejercicios pr\u00e1cticos y discusiones grupales. El taller de Inteligencia Artificial, facilitado por el profesor Germ\u00e1n Osorio, abord\u00f3 los fundamentos y las aplicaciones pr\u00e1cticas de esta tecnolog\u00eda.<\/p>\n<p>&nbsp;<\/p>\n<p style=\"text-align: justify;\"><img loading=\"lazy\" decoding=\"async\" class=\" wp-image-7095 alignleft\" src=\"https:\/\/d3pugrm67vf9n7.cloudfront.net\/wp-content\/uploads\/sites\/4\/2024\/09\/04222921\/NOTA_MC-300x200.jpg\" alt=\"\" width=\"371\" height=\"247\" srcset=\"https:\/\/d3pugrm67vf9n7.cloudfront.net\/wp-content\/uploads\/sites\/4\/2024\/09\/04222921\/NOTA_MC-300x200.jpg 300w, https:\/\/d3pugrm67vf9n7.cloudfront.net\/wp-content\/uploads\/sites\/4\/2024\/09\/04222921\/NOTA_MC-1024x683.jpg 1024w, https:\/\/d3pugrm67vf9n7.cloudfront.net\/wp-content\/uploads\/sites\/4\/2024\/09\/04222921\/NOTA_MC-768x512.jpg 768w, https:\/\/d3pugrm67vf9n7.cloudfront.net\/wp-content\/uploads\/sites\/4\/2024\/09\/04222921\/NOTA_MC.jpg 1200w\" sizes=\"auto, (max-width: 371px) 100vw, 371px\" \/>Los asistentes exploraron c\u00f3mo la inteligencia artificial se integra en diversos \u00e1mbitos, desde la educaci\u00f3n hasta la industria, y c\u00f3mo puede ser una herramienta poderosa para el cambio social. Adem\u00e1s, adquirieron competencias para utilizar diversas herramientas de IA, como Copilot, Claude3, WolframAlpha, Cymath, Replika, Sider ChatGPT, ChatGPT, Merlin y el Chatbot de Telegram, entre otras.<\/p>\n<p>&nbsp;<\/p>\n<p style=\"text-align: justify;\">Por su parte, el taller de Marketing Digital, dirigido por el profesor Erwin Rinc\u00f3n, analiz\u00f3 las estrategias m\u00e1s efectivas en el \u00e1mbito del marketing digital. Los asistentes aprendieron la importancia de mantener una presencia en l\u00ednea s\u00f3lida, utilizar las redes sociales para la promoci\u00f3n y aplicar las mejores pr\u00e1cticas para atraer y retener a una audiencia digital.<\/p>\n<p>&nbsp;<\/p>\n<p style=\"text-align: justify;\">Martha Quiroga, participante del taller de IA, expres\u00f3 su satisfacci\u00f3n por la formaci\u00f3n recibida, afirmando que conoci\u00f3 nuevas aplicaciones e interactu\u00f3 con robots de di\u00e1logo y texto. \u201cMi reto es conocer tendencias actuales en tecnolog\u00eda. Me agrad\u00f3 el sistema de ense\u00f1anza, bien explicativo. Es evidente que cada d\u00eda aprendemos m\u00e1s. Gracias Fe y Alegr\u00eda por enriquecer mis conocimientos\u201d, agreg\u00f3.<\/p>\n<p>&nbsp;<\/p>\n<p style=\"text-align: justify;\">Alicia Sivira, otra participante, destac\u00f3 la manera did\u00e1ctica en la que recibi\u00f3 la formaci\u00f3n, calific\u00e1ndola como una experiencia que la invita a seguir aprendiendo sobre esta herramienta digital. \u201cGracias Fe y Alegr\u00eda Capacitaci\u00f3n por esta experiencia enriquecedora de saberes\u201d, dijo.<\/p>\n<p>&nbsp;<\/p>\n<p style=\"text-align: justify;\"><img loading=\"lazy\" decoding=\"async\" class=\" wp-image-7093 alignright\" src=\"https:\/\/d3pugrm67vf9n7.cloudfront.net\/wp-content\/uploads\/sites\/4\/2024\/09\/04222916\/FOTO_APOYO3-300x213.jpg\" alt=\"\" width=\"382\" height=\"271\" srcset=\"https:\/\/d3pugrm67vf9n7.cloudfront.net\/wp-content\/uploads\/sites\/4\/2024\/09\/04222916\/FOTO_APOYO3-300x213.jpg 300w, https:\/\/d3pugrm67vf9n7.cloudfront.net\/wp-content\/uploads\/sites\/4\/2024\/09\/04222916\/FOTO_APOYO3-1024x725.jpg 1024w, https:\/\/d3pugrm67vf9n7.cloudfront.net\/wp-content\/uploads\/sites\/4\/2024\/09\/04222916\/FOTO_APOYO3-768x544.jpg 768w, https:\/\/d3pugrm67vf9n7.cloudfront.net\/wp-content\/uploads\/sites\/4\/2024\/09\/04222916\/FOTO_APOYO3.jpg 1200w\" sizes=\"auto, (max-width: 382px) 100vw, 382px\" \/>Erwin Rinc\u00f3n, adem\u00e1s de ser el facilitador del taller de Marketing Digital, es referente de Comunicaciones en la zona occidente del programa Escuela. \u00c9l asegur\u00f3 que fue una experiencia inolvidable debido a la participaci\u00f3n activa de los asistentes, lo que convirti\u00f3 cada sesi\u00f3n en un momento din\u00e1mico y enriquecedor.<\/p>\n<p>&nbsp;<\/p>\n<p style=\"text-align: justify;\">\u201cDesde el inicio, establecimos un ambiente amigable y colaborativo. La interacci\u00f3n fue fluida; los participantes compartieron sus ideas y preguntas, creando un verdadero sentido de comunidad. Al final del taller, no solo los participantes se llevaron valiosos conocimientos, sino que yo tambi\u00e9n ampli\u00e9 mi perspectiva sobre campos laborales y propuestas que previamente desconoc\u00eda\u201d, detall\u00f3 Rinc\u00f3n.<\/p>\n<p>&nbsp;<\/p>\n<p style=\"text-align: justify;\">Desde Fe y Alegr\u00eda Capacitaci\u00f3n, nos proponemos implementar acciones que busquen generar diversas ofertas formativas orientadas al desarrollo de las capacidades de nuestros participantes. Nuestro objetivo es facilitar su inserci\u00f3n laboral y empoderarlos para que se conviertan en agentes de transformaci\u00f3n y cambio en sus comunidades.<\/p>\n<p>&nbsp;<\/p>\n<p>&nbsp;<\/p>\n<p>La buena recepci\u00f3n de estos talleres nos motiva a seguir innovando y a ofrecer iniciativas formativas que se alineen con las necesidades de nuestra comunidad. En Fe y Alegr\u00eda Capacitaci\u00f3n, nos enorgullece liderar el camino en la capacitaci\u00f3n de vanguardia, como lo demuestran nuestros talleres de Inteligencia Artificial y Marketing Digital.[\/vc_column_text][vc_column_text css=\u00bb\u00bb]<\/p>\n<p style=\"text-align: right;\"><strong>Caracas, 4 de septiembre de 2024<\/strong><\/p>\n<p>[\/vc_column_text][\/vc_column][\/vc_row]<\/p>\n<\/div>","protected":false},"excerpt":{"rendered":"<div style=\"height: 265px\">En Fe y Alegr\u00eda Capacitaci\u00f3n realizamos un taller sobre Inteligencia Artificial (IA) y otro sobre marketing digital. Ambos talleres contaron con una participaci\u00f3n total de 48 personas a trav\u00e9s de las plataformas WhatsApp y Google Meet<\/div>\n","protected":false},"author":6,"featured_media":7091,"comment_status":"open","ping_status":"open","sticky":false,"template":"","format":"standard","meta":{"_acf_changed":false,"footnotes":""},"categories":[746],"tags":[634,766],"post_folder":[],"class_list":["post-7090","post","type-post","status-publish","format-standard","has-post-thumbnail","hentry","category-boletin-interno","tag-capacitacion","tag-cursos"],"acf":[],"yoast_head":"<!-- This site is optimized with the Yoast SEO plugin v27.4 - https:\/\/yoast.com\/product\/yoast-seo-wordpress\/ -->\n<title>\u00a1Capacitamos a 48 personas en las \u00faltimas tendencias digitales! - Fe y Alegr\u00eda en Venezuela<\/title>\n<meta name=\"description\" content=\"En Fe y Alegr\u00eda Capacitaci\u00f3n realizamos, un taller sobre Inteligencia Artificial (IA) y otro sobre marketing digital.\" \/>\n<meta name=\"robots\" content=\"index, follow, max-snippet:-1, max-image-preview:large, max-video-preview:-1\" \/>\n<link rel=\"canonical\" href=\"https:\/\/www.feyalegria.org\/venezuela\/capacitamos-a-48-personas-en-las-ultimas-tendencias-digitales\/\" \/>\n<meta property=\"og:locale\" content=\"es_ES\" \/>\n<meta property=\"og:type\" content=\"article\" \/>\n<meta property=\"og:title\" content=\"\u00a1Capacitamos a 48 personas en las \u00faltimas tendencias digitales! - Fe y Alegr\u00eda en Venezuela\" \/>\n<meta property=\"og:description\" content=\"En Fe y Alegr\u00eda Capacitaci\u00f3n realizamos, un taller sobre Inteligencia Artificial (IA) y otro sobre marketing digital.\" \/>\n<meta property=\"og:url\" content=\"https:\/\/www.feyalegria.org\/venezuela\/capacitamos-a-48-personas-en-las-ultimas-tendencias-digitales\/\" \/>\n<meta property=\"og:site_name\" content=\"Fe y Alegr\u00eda en Venezuela\" \/>\n<meta property=\"article:published_time\" content=\"2024-09-04T22:34:24+00:00\" \/>\n<meta property=\"og:image\" content=\"https:\/\/d3pugrm67vf9n7.cloudfront.net\/wp-content\/uploads\/sites\/4\/2024\/09\/04222616\/FOTO_WEB-IA.jpg\" \/>\n\t<meta property=\"og:image:width\" content=\"1920\" \/>\n\t<meta property=\"og:image:height\" content=\"1440\" \/>\n\t<meta property=\"og:image:type\" content=\"image\/jpeg\" \/>\n<meta name=\"author\" content=\"Erika Briceno\" \/>\n<meta name=\"twitter:card\" content=\"summary_large_image\" \/>\n<meta name=\"twitter:label1\" content=\"Escrito por\" \/>\n\t<meta name=\"twitter:data1\" content=\"Erika Briceno\" \/>\n\t<meta name=\"twitter:label2\" content=\"Tiempo de lectura\" \/>\n\t<meta name=\"twitter:data2\" content=\"4 minutos\" \/>\n<script type=\"application\/ld+json\" class=\"yoast-schema-graph\">{\"@context\":\"https:\\\/\\\/schema.org\",\"@graph\":[{\"@type\":\"Article\",\"@id\":\"https:\\\/\\\/www.feyalegria.org\\\/venezuela\\\/capacitamos-a-48-personas-en-las-ultimas-tendencias-digitales\\\/#article\",\"isPartOf\":{\"@id\":\"https:\\\/\\\/www.feyalegria.org\\\/venezuela\\\/capacitamos-a-48-personas-en-las-ultimas-tendencias-digitales\\\/\"},\"author\":{\"name\":\"Erika Briceno\",\"@id\":\"https:\\\/\\\/www.feyalegria.org\\\/venezuela\\\/#\\\/schema\\\/person\\\/fcd504e06f93320841b99f79f3ab0180\"},\"headline\":\"\u00a1Capacitamos a 48 personas en las \u00faltimas tendencias digitales!\",\"datePublished\":\"2024-09-04T22:34:24+00:00\",\"mainEntityOfPage\":{\"@id\":\"https:\\\/\\\/www.feyalegria.org\\\/venezuela\\\/capacitamos-a-48-personas-en-las-ultimas-tendencias-digitales\\\/\"},\"wordCount\":644,\"commentCount\":0,\"image\":{\"@id\":\"https:\\\/\\\/www.feyalegria.org\\\/venezuela\\\/capacitamos-a-48-personas-en-las-ultimas-tendencias-digitales\\\/#primaryimage\"},\"thumbnailUrl\":\"https:\\\/\\\/d3pugrm67vf9n7.cloudfront.net\\\/wp-content\\\/uploads\\\/sites\\\/4\\\/2024\\\/09\\\/04222616\\\/FOTO_WEB-IA.jpg\",\"keywords\":[\"Capacitaci\u00f3n\",\"Cursos\"],\"articleSection\":[\"Bolet\u00edn Interno\"],\"inLanguage\":\"es\",\"potentialAction\":[{\"@type\":\"CommentAction\",\"name\":\"Comment\",\"target\":[\"https:\\\/\\\/www.feyalegria.org\\\/venezuela\\\/capacitamos-a-48-personas-en-las-ultimas-tendencias-digitales\\\/#respond\"]}]},{\"@type\":\"WebPage\",\"@id\":\"https:\\\/\\\/www.feyalegria.org\\\/venezuela\\\/capacitamos-a-48-personas-en-las-ultimas-tendencias-digitales\\\/\",\"url\":\"https:\\\/\\\/www.feyalegria.org\\\/venezuela\\\/capacitamos-a-48-personas-en-las-ultimas-tendencias-digitales\\\/\",\"name\":\"\u00a1Capacitamos a 48 personas en las \u00faltimas tendencias digitales! - Fe y Alegr\u00eda en Venezuela\",\"isPartOf\":{\"@id\":\"https:\\\/\\\/www.feyalegria.org\\\/venezuela\\\/#website\"},\"primaryImageOfPage\":{\"@id\":\"https:\\\/\\\/www.feyalegria.org\\\/venezuela\\\/capacitamos-a-48-personas-en-las-ultimas-tendencias-digitales\\\/#primaryimage\"},\"image\":{\"@id\":\"https:\\\/\\\/www.feyalegria.org\\\/venezuela\\\/capacitamos-a-48-personas-en-las-ultimas-tendencias-digitales\\\/#primaryimage\"},\"thumbnailUrl\":\"https:\\\/\\\/d3pugrm67vf9n7.cloudfront.net\\\/wp-content\\\/uploads\\\/sites\\\/4\\\/2024\\\/09\\\/04222616\\\/FOTO_WEB-IA.jpg\",\"datePublished\":\"2024-09-04T22:34:24+00:00\",\"author\":{\"@id\":\"https:\\\/\\\/www.feyalegria.org\\\/venezuela\\\/#\\\/schema\\\/person\\\/fcd504e06f93320841b99f79f3ab0180\"},\"description\":\"En Fe y Alegr\u00eda Capacitaci\u00f3n realizamos, un taller sobre Inteligencia Artificial (IA) y otro sobre marketing digital.\",\"inLanguage\":\"es\",\"potentialAction\":[{\"@type\":\"ReadAction\",\"target\":[\"https:\\\/\\\/www.feyalegria.org\\\/venezuela\\\/capacitamos-a-48-personas-en-las-ultimas-tendencias-digitales\\\/\"]}]},{\"@type\":\"ImageObject\",\"inLanguage\":\"es\",\"@id\":\"https:\\\/\\\/www.feyalegria.org\\\/venezuela\\\/capacitamos-a-48-personas-en-las-ultimas-tendencias-digitales\\\/#primaryimage\",\"url\":\"https:\\\/\\\/d3pugrm67vf9n7.cloudfront.net\\\/wp-content\\\/uploads\\\/sites\\\/4\\\/2024\\\/09\\\/04222616\\\/FOTO_WEB-IA.jpg\",\"contentUrl\":\"https:\\\/\\\/d3pugrm67vf9n7.cloudfront.net\\\/wp-content\\\/uploads\\\/sites\\\/4\\\/2024\\\/09\\\/04222616\\\/FOTO_WEB-IA.jpg\",\"width\":1920,\"height\":1440},{\"@type\":\"WebSite\",\"@id\":\"https:\\\/\\\/www.feyalegria.org\\\/venezuela\\\/#website\",\"url\":\"https:\\\/\\\/www.feyalegria.org\\\/venezuela\\\/\",\"name\":\"Fe y Alegr\u00eda en Venezuela\",\"description\":\"\",\"potentialAction\":[{\"@type\":\"SearchAction\",\"target\":{\"@type\":\"EntryPoint\",\"urlTemplate\":\"https:\\\/\\\/www.feyalegria.org\\\/venezuela\\\/?s={search_term_string}\"},\"query-input\":{\"@type\":\"PropertyValueSpecification\",\"valueRequired\":true,\"valueName\":\"search_term_string\"}}],\"inLanguage\":\"es\"},{\"@type\":\"Person\",\"@id\":\"https:\\\/\\\/www.feyalegria.org\\\/venezuela\\\/#\\\/schema\\\/person\\\/fcd504e06f93320841b99f79f3ab0180\",\"name\":\"Erika Briceno\",\"url\":\"https:\\\/\\\/www.feyalegria.org\\\/venezuela\\\/author\\\/comunfifya\\\/\"}]}<\/script>\n<!-- \/ Yoast SEO plugin. -->","yoast_head_json":{"title":"\u00a1Capacitamos a 48 personas en las \u00faltimas tendencias digitales! - Fe y Alegr\u00eda en Venezuela","description":"En Fe y Alegr\u00eda Capacitaci\u00f3n realizamos, un taller sobre Inteligencia Artificial (IA) y otro sobre marketing digital.","robots":{"index":"index","follow":"follow","max-snippet":"max-snippet:-1","max-image-preview":"max-image-preview:large","max-video-preview":"max-video-preview:-1"},"canonical":"https:\/\/www.feyalegria.org\/venezuela\/capacitamos-a-48-personas-en-las-ultimas-tendencias-digitales\/","og_locale":"es_ES","og_type":"article","og_title":"\u00a1Capacitamos a 48 personas en las \u00faltimas tendencias digitales! - Fe y Alegr\u00eda en Venezuela","og_description":"En Fe y Alegr\u00eda Capacitaci\u00f3n realizamos, un taller sobre Inteligencia Artificial (IA) y otro sobre marketing digital.","og_url":"https:\/\/www.feyalegria.org\/venezuela\/capacitamos-a-48-personas-en-las-ultimas-tendencias-digitales\/","og_site_name":"Fe y Alegr\u00eda en Venezuela","article_published_time":"2024-09-04T22:34:24+00:00","og_image":[{"width":1920,"height":1440,"url":"https:\/\/d3pugrm67vf9n7.cloudfront.net\/wp-content\/uploads\/sites\/4\/2024\/09\/04222616\/FOTO_WEB-IA.jpg","type":"image\/jpeg"}],"author":"Erika Briceno","twitter_card":"summary_large_image","twitter_misc":{"Escrito por":"Erika Briceno","Tiempo de lectura":"4 minutos"},"schema":{"@context":"https:\/\/schema.org","@graph":[{"@type":"Article","@id":"https:\/\/www.feyalegria.org\/venezuela\/capacitamos-a-48-personas-en-las-ultimas-tendencias-digitales\/#article","isPartOf":{"@id":"https:\/\/www.feyalegria.org\/venezuela\/capacitamos-a-48-personas-en-las-ultimas-tendencias-digitales\/"},"author":{"name":"Erika Briceno","@id":"https:\/\/www.feyalegria.org\/venezuela\/#\/schema\/person\/fcd504e06f93320841b99f79f3ab0180"},"headline":"\u00a1Capacitamos a 48 personas en las \u00faltimas tendencias digitales!","datePublished":"2024-09-04T22:34:24+00:00","mainEntityOfPage":{"@id":"https:\/\/www.feyalegria.org\/venezuela\/capacitamos-a-48-personas-en-las-ultimas-tendencias-digitales\/"},"wordCount":644,"commentCount":0,"image":{"@id":"https:\/\/www.feyalegria.org\/venezuela\/capacitamos-a-48-personas-en-las-ultimas-tendencias-digitales\/#primaryimage"},"thumbnailUrl":"https:\/\/d3pugrm67vf9n7.cloudfront.net\/wp-content\/uploads\/sites\/4\/2024\/09\/04222616\/FOTO_WEB-IA.jpg","keywords":["Capacitaci\u00f3n","Cursos"],"articleSection":["Bolet\u00edn Interno"],"inLanguage":"es","potentialAction":[{"@type":"CommentAction","name":"Comment","target":["https:\/\/www.feyalegria.org\/venezuela\/capacitamos-a-48-personas-en-las-ultimas-tendencias-digitales\/#respond"]}]},{"@type":"WebPage","@id":"https:\/\/www.feyalegria.org\/venezuela\/capacitamos-a-48-personas-en-las-ultimas-tendencias-digitales\/","url":"https:\/\/www.feyalegria.org\/venezuela\/capacitamos-a-48-personas-en-las-ultimas-tendencias-digitales\/","name":"\u00a1Capacitamos a 48 personas en las \u00faltimas tendencias digitales! - Fe y Alegr\u00eda en Venezuela","isPartOf":{"@id":"https:\/\/www.feyalegria.org\/venezuela\/#website"},"primaryImageOfPage":{"@id":"https:\/\/www.feyalegria.org\/venezuela\/capacitamos-a-48-personas-en-las-ultimas-tendencias-digitales\/#primaryimage"},"image":{"@id":"https:\/\/www.feyalegria.org\/venezuela\/capacitamos-a-48-personas-en-las-ultimas-tendencias-digitales\/#primaryimage"},"thumbnailUrl":"https:\/\/d3pugrm67vf9n7.cloudfront.net\/wp-content\/uploads\/sites\/4\/2024\/09\/04222616\/FOTO_WEB-IA.jpg","datePublished":"2024-09-04T22:34:24+00:00","author":{"@id":"https:\/\/www.feyalegria.org\/venezuela\/#\/schema\/person\/fcd504e06f93320841b99f79f3ab0180"},"description":"En Fe y Alegr\u00eda Capacitaci\u00f3n realizamos, un taller sobre Inteligencia Artificial (IA) y otro sobre marketing digital.","inLanguage":"es","potentialAction":[{"@type":"ReadAction","target":["https:\/\/www.feyalegria.org\/venezuela\/capacitamos-a-48-personas-en-las-ultimas-tendencias-digitales\/"]}]},{"@type":"ImageObject","inLanguage":"es","@id":"https:\/\/www.feyalegria.org\/venezuela\/capacitamos-a-48-personas-en-las-ultimas-tendencias-digitales\/#primaryimage","url":"https:\/\/d3pugrm67vf9n7.cloudfront.net\/wp-content\/uploads\/sites\/4\/2024\/09\/04222616\/FOTO_WEB-IA.jpg","contentUrl":"https:\/\/d3pugrm67vf9n7.cloudfront.net\/wp-content\/uploads\/sites\/4\/2024\/09\/04222616\/FOTO_WEB-IA.jpg","width":1920,"height":1440},{"@type":"WebSite","@id":"https:\/\/www.feyalegria.org\/venezuela\/#website","url":"https:\/\/www.feyalegria.org\/venezuela\/","name":"Fe y Alegr\u00eda en Venezuela","description":"","potentialAction":[{"@type":"SearchAction","target":{"@type":"EntryPoint","urlTemplate":"https:\/\/www.feyalegria.org\/venezuela\/?s={search_term_string}"},"query-input":{"@type":"PropertyValueSpecification","valueRequired":true,"valueName":"search_term_string"}}],"inLanguage":"es"},{"@type":"Person","@id":"https:\/\/www.feyalegria.org\/venezuela\/#\/schema\/person\/fcd504e06f93320841b99f79f3ab0180","name":"Erika Briceno","url":"https:\/\/www.feyalegria.org\/venezuela\/author\/comunfifya\/"}]}},"_links":{"self":[{"href":"https:\/\/www.feyalegria.org\/venezuela\/wp-json\/wp\/v2\/posts\/7090","targetHints":{"allow":["GET"]}}],"collection":[{"href":"https:\/\/www.feyalegria.org\/venezuela\/wp-json\/wp\/v2\/posts"}],"about":[{"href":"https:\/\/www.feyalegria.org\/venezuela\/wp-json\/wp\/v2\/types\/post"}],"author":[{"embeddable":true,"href":"https:\/\/www.feyalegria.org\/venezuela\/wp-json\/wp\/v2\/users\/6"}],"replies":[{"embeddable":true,"href":"https:\/\/www.feyalegria.org\/venezuela\/wp-json\/wp\/v2\/comments?post=7090"}],"version-history":[{"count":0,"href":"https:\/\/www.feyalegria.org\/venezuela\/wp-json\/wp\/v2\/posts\/7090\/revisions"}],"wp:featuredmedia":[{"embeddable":true,"href":"https:\/\/www.feyalegria.org\/venezuela\/wp-json\/wp\/v2\/media\/7091"}],"wp:attachment":[{"href":"https:\/\/www.feyalegria.org\/venezuela\/wp-json\/wp\/v2\/media?parent=7090"}],"wp:term":[{"taxonomy":"category","embeddable":true,"href":"https:\/\/www.feyalegria.org\/venezuela\/wp-json\/wp\/v2\/categories?post=7090"},{"taxonomy":"post_tag","embeddable":true,"href":"https:\/\/www.feyalegria.org\/venezuela\/wp-json\/wp\/v2\/tags?post=7090"},{"taxonomy":"post_folder","embeddable":true,"href":"https:\/\/www.feyalegria.org\/venezuela\/wp-json\/wp\/v2\/post_folder?post=7090"}],"curies":[{"name":"wp","href":"https:\/\/api.w.org\/{rel}","templated":true}]}}