 {"id":7207,"date":"2024-09-11T23:49:11","date_gmt":"2024-09-11T23:49:11","guid":{"rendered":"https:\/\/www.feyalegria.org\/venezuela\/?p=7207"},"modified":"2024-09-11T23:49:11","modified_gmt":"2024-09-11T23:49:11","slug":"impulsamos-la-empleabilidad-en-tachira-nuevos-cursos-en-el-centro-ruben-dario-mora","status":"publish","type":"post","link":"https:\/\/www.feyalegria.org\/venezuela\/impulsamos-la-empleabilidad-en-tachira-nuevos-cursos-en-el-centro-ruben-dario-mora\/","title":{"rendered":"Impulsamos la empleabilidad en T\u00e1chira: Nuevos cursos en el Centro Rub\u00e9n Dar\u00edo Mora"},"content":{"rendered":"<div class=\"wpb-content-wrapper\"><p>[vc_row][vc_column][vc_column_text css=\u00bb\u00bb]<\/p>\n<h1><b>Impulsamos la empleabilidad en T\u00e1chira: Nuevos cursos en el Centro Rub\u00e9n Dar\u00edo Mora<\/b><\/h1>\n<p>[\/vc_column_text][vc_single_image image=\u00bb7208&#8243; img_size=\u00bbfull\u00bb alignment=\u00bbcenter\u00bb css=\u00bb\u00bb][vc_column_text css=\u00bb\u00bb]<\/p>\n<p style=\"text-align: right;\"><strong>Germ\u00e1n Osorio | <\/strong><em>Referente de Comunicaci\u00f3n de Fe y Alegr\u00eda Capacitaci\u00f3n<\/em><\/p>\n<p>[\/vc_column_text][vc_separator][vc_column_text css=\u00bb\u00bb]<\/p>\n<p style=\"text-align: justify;\">En el Centro de Capacitaci\u00f3n Rub\u00e9n Dar\u00edo Mora, ubicado en el estado T\u00e1chira, ofreceremos cursos en log\u00edstica de almac\u00e9n, supervisi\u00f3n de caja y asistencia de farmacia, con el objetivo de impulsar la empleabilidad de los participantes. Esto ha sido posible gracias a una alianza con la Fundaci\u00f3n Primo Pellizzari, que facilitar\u00e1 sus instalaciones, las cuales est\u00e1n \u00f3ptimamente acondicionadas para facilitar el aprendizaje efectivo de nuestros participantes.<\/p>\n<p>&nbsp;<\/p>\n<p style=\"text-align: justify;\"><img loading=\"lazy\" decoding=\"async\" class=\"wp-image-7211 alignleft\" src=\"https:\/\/d3pugrm67vf9n7.cloudfront.net\/wp-content\/uploads\/sites\/4\/2024\/09\/11234134\/Capacitacion-24-4-300x225.jpg\" alt=\"\" width=\"479\" height=\"359\" srcset=\"https:\/\/d3pugrm67vf9n7.cloudfront.net\/wp-content\/uploads\/sites\/4\/2024\/09\/11234134\/Capacitacion-24-4-300x225.jpg 300w, https:\/\/d3pugrm67vf9n7.cloudfront.net\/wp-content\/uploads\/sites\/4\/2024\/09\/11234134\/Capacitacion-24-4-1024x768.jpg 1024w, https:\/\/d3pugrm67vf9n7.cloudfront.net\/wp-content\/uploads\/sites\/4\/2024\/09\/11234134\/Capacitacion-24-4-768x576.jpg 768w, https:\/\/d3pugrm67vf9n7.cloudfront.net\/wp-content\/uploads\/sites\/4\/2024\/09\/11234134\/Capacitacion-24-4.jpg 1200w\" sizes=\"auto, (max-width: 479px) 100vw, 479px\" \/>En el caso espec\u00edfico del curso de log\u00edstica de almac\u00e9n, gracias a la alianza con la Fundaci\u00f3n Primo Pellizzari, los participantes tendr\u00e1n acceso a montacargas, garantizando as\u00ed una formaci\u00f3n pr\u00e1ctica y adaptada a las exigencias del mercado laboral actual.<\/p>\n<p>&nbsp;<\/p>\n<p style=\"text-align: justify;\">Los responsables de esta iniciativa son Daniel Torres, responsable de Fe y Alegr\u00eda en el estado T\u00e1chira; Alix Chac\u00f3n, responsable del Centro de Capacitaci\u00f3n Rub\u00e9n Dar\u00edo Mora; y Francisco Guti\u00e9rrez, gerente de recursos humanos de la Fundaci\u00f3n Primo Pellizzari. Los tres se asegurar\u00e1n de que los cursos cumplan con los m\u00e1s altos est\u00e1ndares de calidad y relevancia.<\/p>\n<p>&nbsp;<\/p>\n<p style=\"text-align: justify;\">Torres destac\u00f3 que esta alianza refuerza la labor del programa Fe y Alegr\u00eda Capacitaci\u00f3n en cuanto a promover la empleabilidad a nivel regional. \u00abEstamos estableciendo conexiones valiosas, como pasant\u00edas con cadenas de supermercados, con el objetivo de rescatar y potenciar las oportunidades laborales en el estado\u00bb, afirm\u00f3.<\/p>\n<p>&nbsp;<\/p>\n<p style=\"text-align: justify;\">Los cursos estar\u00e1n en promoci\u00f3n hasta finales de septiembre. De esta manera, continuamos promoviendo de forma activa el desarrollo de la empleabilidad en las comunidades, empoderando a los ciudadanos con las herramientas necesarias para enfrentar los desaf\u00edos del mercado laboral.<\/p>\n<p>[\/vc_column_text][vc_row_inner][vc_column_inner width=\u00bb1\/2&#8243;][vc_single_image image=\u00bb7210&#8243; img_size=\u00bbfull\u00bb alignment=\u00bbcenter\u00bb onclick=\u00bblink_image\u00bb css=\u00bb\u00bb][\/vc_column_inner][vc_column_inner width=\u00bb1\/2&#8243;][vc_single_image image=\u00bb7209&#8243; img_size=\u00bbfull\u00bb alignment=\u00bbcenter\u00bb onclick=\u00bblink_image\u00bb css=\u00bb\u00bb][\/vc_column_inner][\/vc_row_inner][vc_column_text css=\u00bb\u00bb]<\/p>\n<p style=\"text-align: right;\"><strong>Caracas, 11 de septiembre de 2024<\/strong><\/p>\n<p>[\/vc_column_text][\/vc_column][\/vc_row]<\/p>\n<\/div>","protected":false},"excerpt":{"rendered":"<div style=\"height: 265px\">En el Centro de Capacitaci\u00f3n Rub\u00e9n Dar\u00edo Mora, ubicado en el estado T\u00e1chira, ofreceremos cursos en log\u00edstica de almac\u00e9n, supervisi\u00f3n de caja y asistencia de farmacia, con el objetivo de impulsar la empleabilidad de los participantes.<\/div>\n","protected":false},"author":6,"featured_media":7208,"comment_status":"open","ping_status":"open","sticky":false,"template":"","format":"standard","meta":{"_acf_changed":false,"footnotes":""},"categories":[746],"tags":[634,766],"post_folder":[],"class_list":["post-7207","post","type-post","status-publish","format-standard","has-post-thumbnail","hentry","category-boletin-interno","tag-capacitacion","tag-cursos"],"acf":[],"yoast_head":"<!-- This site is optimized with the Yoast SEO plugin v27.4 - https:\/\/yoast.com\/product\/yoast-seo-wordpress\/ -->\n<title>Impulsamos la empleabilidad en T\u00e1chira: Nuevos cursos en el Centro Rub\u00e9n Dar\u00edo Mora - Fe y Alegr\u00eda en Venezuela<\/title>\n<meta name=\"description\" content=\"En el Centro Rub\u00e9n Dar\u00edo Mora, en T\u00e1chira, ofreceremos cursos en log\u00edstica de almac\u00e9n, supervisi\u00f3n de caja y asistencia de farmacia\" \/>\n<meta name=\"robots\" content=\"index, follow, max-snippet:-1, max-image-preview:large, max-video-preview:-1\" \/>\n<link rel=\"canonical\" href=\"https:\/\/www.feyalegria.org\/venezuela\/impulsamos-la-empleabilidad-en-tachira-nuevos-cursos-en-el-centro-ruben-dario-mora\/\" \/>\n<meta property=\"og:locale\" content=\"es_ES\" \/>\n<meta property=\"og:type\" content=\"article\" \/>\n<meta property=\"og:title\" content=\"Impulsamos la empleabilidad en T\u00e1chira: Nuevos cursos en el Centro Rub\u00e9n Dar\u00edo Mora - Fe y Alegr\u00eda en Venezuela\" \/>\n<meta property=\"og:description\" content=\"En el Centro Rub\u00e9n Dar\u00edo Mora, en T\u00e1chira, ofreceremos cursos en log\u00edstica de almac\u00e9n, supervisi\u00f3n de caja y asistencia de farmacia\" \/>\n<meta property=\"og:url\" content=\"https:\/\/www.feyalegria.org\/venezuela\/impulsamos-la-empleabilidad-en-tachira-nuevos-cursos-en-el-centro-ruben-dario-mora\/\" \/>\n<meta property=\"og:site_name\" content=\"Fe y Alegr\u00eda en Venezuela\" \/>\n<meta property=\"article:published_time\" content=\"2024-09-11T23:49:11+00:00\" \/>\n<meta property=\"og:image\" content=\"https:\/\/d3pugrm67vf9n7.cloudfront.net\/wp-content\/uploads\/sites\/4\/2024\/09\/11234126\/Capacitacion-24-1.jpg\" \/>\n\t<meta property=\"og:image:width\" content=\"1200\" \/>\n\t<meta property=\"og:image:height\" content=\"900\" \/>\n\t<meta property=\"og:image:type\" content=\"image\/jpeg\" \/>\n<meta name=\"author\" content=\"Erika Briceno\" \/>\n<meta name=\"twitter:card\" content=\"summary_large_image\" \/>\n<meta name=\"twitter:label1\" content=\"Escrito por\" \/>\n\t<meta name=\"twitter:data1\" content=\"Erika Briceno\" \/>\n\t<meta name=\"twitter:label2\" content=\"Tiempo de lectura\" \/>\n\t<meta name=\"twitter:data2\" content=\"3 minutos\" \/>\n<script type=\"application\/ld+json\" class=\"yoast-schema-graph\">{\"@context\":\"https:\\\/\\\/schema.org\",\"@graph\":[{\"@type\":\"Article\",\"@id\":\"https:\\\/\\\/www.feyalegria.org\\\/venezuela\\\/impulsamos-la-empleabilidad-en-tachira-nuevos-cursos-en-el-centro-ruben-dario-mora\\\/#article\",\"isPartOf\":{\"@id\":\"https:\\\/\\\/www.feyalegria.org\\\/venezuela\\\/impulsamos-la-empleabilidad-en-tachira-nuevos-cursos-en-el-centro-ruben-dario-mora\\\/\"},\"author\":{\"name\":\"Erika Briceno\",\"@id\":\"https:\\\/\\\/www.feyalegria.org\\\/venezuela\\\/#\\\/schema\\\/person\\\/fcd504e06f93320841b99f79f3ab0180\"},\"headline\":\"Impulsamos la empleabilidad en T\u00e1chira: Nuevos cursos en el Centro Rub\u00e9n Dar\u00edo Mora\",\"datePublished\":\"2024-09-11T23:49:11+00:00\",\"mainEntityOfPage\":{\"@id\":\"https:\\\/\\\/www.feyalegria.org\\\/venezuela\\\/impulsamos-la-empleabilidad-en-tachira-nuevos-cursos-en-el-centro-ruben-dario-mora\\\/\"},\"wordCount\":430,\"commentCount\":0,\"image\":{\"@id\":\"https:\\\/\\\/www.feyalegria.org\\\/venezuela\\\/impulsamos-la-empleabilidad-en-tachira-nuevos-cursos-en-el-centro-ruben-dario-mora\\\/#primaryimage\"},\"thumbnailUrl\":\"https:\\\/\\\/d3pugrm67vf9n7.cloudfront.net\\\/wp-content\\\/uploads\\\/sites\\\/4\\\/2024\\\/09\\\/11234126\\\/Capacitacion-24-1.jpg\",\"keywords\":[\"Capacitaci\u00f3n\",\"Cursos\"],\"articleSection\":[\"Bolet\u00edn Interno\"],\"inLanguage\":\"es\",\"potentialAction\":[{\"@type\":\"CommentAction\",\"name\":\"Comment\",\"target\":[\"https:\\\/\\\/www.feyalegria.org\\\/venezuela\\\/impulsamos-la-empleabilidad-en-tachira-nuevos-cursos-en-el-centro-ruben-dario-mora\\\/#respond\"]}]},{\"@type\":\"WebPage\",\"@id\":\"https:\\\/\\\/www.feyalegria.org\\\/venezuela\\\/impulsamos-la-empleabilidad-en-tachira-nuevos-cursos-en-el-centro-ruben-dario-mora\\\/\",\"url\":\"https:\\\/\\\/www.feyalegria.org\\\/venezuela\\\/impulsamos-la-empleabilidad-en-tachira-nuevos-cursos-en-el-centro-ruben-dario-mora\\\/\",\"name\":\"Impulsamos la empleabilidad en T\u00e1chira: Nuevos cursos en el Centro Rub\u00e9n Dar\u00edo Mora - Fe y Alegr\u00eda en Venezuela\",\"isPartOf\":{\"@id\":\"https:\\\/\\\/www.feyalegria.org\\\/venezuela\\\/#website\"},\"primaryImageOfPage\":{\"@id\":\"https:\\\/\\\/www.feyalegria.org\\\/venezuela\\\/impulsamos-la-empleabilidad-en-tachira-nuevos-cursos-en-el-centro-ruben-dario-mora\\\/#primaryimage\"},\"image\":{\"@id\":\"https:\\\/\\\/www.feyalegria.org\\\/venezuela\\\/impulsamos-la-empleabilidad-en-tachira-nuevos-cursos-en-el-centro-ruben-dario-mora\\\/#primaryimage\"},\"thumbnailUrl\":\"https:\\\/\\\/d3pugrm67vf9n7.cloudfront.net\\\/wp-content\\\/uploads\\\/sites\\\/4\\\/2024\\\/09\\\/11234126\\\/Capacitacion-24-1.jpg\",\"datePublished\":\"2024-09-11T23:49:11+00:00\",\"author\":{\"@id\":\"https:\\\/\\\/www.feyalegria.org\\\/venezuela\\\/#\\\/schema\\\/person\\\/fcd504e06f93320841b99f79f3ab0180\"},\"description\":\"En el Centro Rub\u00e9n Dar\u00edo Mora, en T\u00e1chira, ofreceremos cursos en log\u00edstica de almac\u00e9n, supervisi\u00f3n de caja y asistencia de farmacia\",\"inLanguage\":\"es\",\"potentialAction\":[{\"@type\":\"ReadAction\",\"target\":[\"https:\\\/\\\/www.feyalegria.org\\\/venezuela\\\/impulsamos-la-empleabilidad-en-tachira-nuevos-cursos-en-el-centro-ruben-dario-mora\\\/\"]}]},{\"@type\":\"ImageObject\",\"inLanguage\":\"es\",\"@id\":\"https:\\\/\\\/www.feyalegria.org\\\/venezuela\\\/impulsamos-la-empleabilidad-en-tachira-nuevos-cursos-en-el-centro-ruben-dario-mora\\\/#primaryimage\",\"url\":\"https:\\\/\\\/d3pugrm67vf9n7.cloudfront.net\\\/wp-content\\\/uploads\\\/sites\\\/4\\\/2024\\\/09\\\/11234126\\\/Capacitacion-24-1.jpg\",\"contentUrl\":\"https:\\\/\\\/d3pugrm67vf9n7.cloudfront.net\\\/wp-content\\\/uploads\\\/sites\\\/4\\\/2024\\\/09\\\/11234126\\\/Capacitacion-24-1.jpg\",\"width\":1200,\"height\":900},{\"@type\":\"WebSite\",\"@id\":\"https:\\\/\\\/www.feyalegria.org\\\/venezuela\\\/#website\",\"url\":\"https:\\\/\\\/www.feyalegria.org\\\/venezuela\\\/\",\"name\":\"Fe y Alegr\u00eda en Venezuela\",\"description\":\"\",\"potentialAction\":[{\"@type\":\"SearchAction\",\"target\":{\"@type\":\"EntryPoint\",\"urlTemplate\":\"https:\\\/\\\/www.feyalegria.org\\\/venezuela\\\/?s={search_term_string}\"},\"query-input\":{\"@type\":\"PropertyValueSpecification\",\"valueRequired\":true,\"valueName\":\"search_term_string\"}}],\"inLanguage\":\"es\"},{\"@type\":\"Person\",\"@id\":\"https:\\\/\\\/www.feyalegria.org\\\/venezuela\\\/#\\\/schema\\\/person\\\/fcd504e06f93320841b99f79f3ab0180\",\"name\":\"Erika Briceno\",\"url\":\"https:\\\/\\\/www.feyalegria.org\\\/venezuela\\\/author\\\/comunfifya\\\/\"}]}<\/script>\n<!-- \/ Yoast SEO plugin. -->","yoast_head_json":{"title":"Impulsamos la empleabilidad en T\u00e1chira: Nuevos cursos en el Centro Rub\u00e9n Dar\u00edo Mora - Fe y Alegr\u00eda en Venezuela","description":"En el Centro Rub\u00e9n Dar\u00edo Mora, en T\u00e1chira, ofreceremos cursos en log\u00edstica de almac\u00e9n, supervisi\u00f3n de caja y asistencia de farmacia","robots":{"index":"index","follow":"follow","max-snippet":"max-snippet:-1","max-image-preview":"max-image-preview:large","max-video-preview":"max-video-preview:-1"},"canonical":"https:\/\/www.feyalegria.org\/venezuela\/impulsamos-la-empleabilidad-en-tachira-nuevos-cursos-en-el-centro-ruben-dario-mora\/","og_locale":"es_ES","og_type":"article","og_title":"Impulsamos la empleabilidad en T\u00e1chira: Nuevos cursos en el Centro Rub\u00e9n Dar\u00edo Mora - Fe y Alegr\u00eda en Venezuela","og_description":"En el Centro Rub\u00e9n Dar\u00edo Mora, en T\u00e1chira, ofreceremos cursos en log\u00edstica de almac\u00e9n, supervisi\u00f3n de caja y asistencia de farmacia","og_url":"https:\/\/www.feyalegria.org\/venezuela\/impulsamos-la-empleabilidad-en-tachira-nuevos-cursos-en-el-centro-ruben-dario-mora\/","og_site_name":"Fe y Alegr\u00eda en Venezuela","article_published_time":"2024-09-11T23:49:11+00:00","og_image":[{"width":1200,"height":900,"url":"https:\/\/d3pugrm67vf9n7.cloudfront.net\/wp-content\/uploads\/sites\/4\/2024\/09\/11234126\/Capacitacion-24-1.jpg","type":"image\/jpeg"}],"author":"Erika Briceno","twitter_card":"summary_large_image","twitter_misc":{"Escrito por":"Erika Briceno","Tiempo de lectura":"3 minutos"},"schema":{"@context":"https:\/\/schema.org","@graph":[{"@type":"Article","@id":"https:\/\/www.feyalegria.org\/venezuela\/impulsamos-la-empleabilidad-en-tachira-nuevos-cursos-en-el-centro-ruben-dario-mora\/#article","isPartOf":{"@id":"https:\/\/www.feyalegria.org\/venezuela\/impulsamos-la-empleabilidad-en-tachira-nuevos-cursos-en-el-centro-ruben-dario-mora\/"},"author":{"name":"Erika Briceno","@id":"https:\/\/www.feyalegria.org\/venezuela\/#\/schema\/person\/fcd504e06f93320841b99f79f3ab0180"},"headline":"Impulsamos la empleabilidad en T\u00e1chira: Nuevos cursos en el Centro Rub\u00e9n Dar\u00edo Mora","datePublished":"2024-09-11T23:49:11+00:00","mainEntityOfPage":{"@id":"https:\/\/www.feyalegria.org\/venezuela\/impulsamos-la-empleabilidad-en-tachira-nuevos-cursos-en-el-centro-ruben-dario-mora\/"},"wordCount":430,"commentCount":0,"image":{"@id":"https:\/\/www.feyalegria.org\/venezuela\/impulsamos-la-empleabilidad-en-tachira-nuevos-cursos-en-el-centro-ruben-dario-mora\/#primaryimage"},"thumbnailUrl":"https:\/\/d3pugrm67vf9n7.cloudfront.net\/wp-content\/uploads\/sites\/4\/2024\/09\/11234126\/Capacitacion-24-1.jpg","keywords":["Capacitaci\u00f3n","Cursos"],"articleSection":["Bolet\u00edn Interno"],"inLanguage":"es","potentialAction":[{"@type":"CommentAction","name":"Comment","target":["https:\/\/www.feyalegria.org\/venezuela\/impulsamos-la-empleabilidad-en-tachira-nuevos-cursos-en-el-centro-ruben-dario-mora\/#respond"]}]},{"@type":"WebPage","@id":"https:\/\/www.feyalegria.org\/venezuela\/impulsamos-la-empleabilidad-en-tachira-nuevos-cursos-en-el-centro-ruben-dario-mora\/","url":"https:\/\/www.feyalegria.org\/venezuela\/impulsamos-la-empleabilidad-en-tachira-nuevos-cursos-en-el-centro-ruben-dario-mora\/","name":"Impulsamos la empleabilidad en T\u00e1chira: Nuevos cursos en el Centro Rub\u00e9n Dar\u00edo Mora - Fe y Alegr\u00eda en Venezuela","isPartOf":{"@id":"https:\/\/www.feyalegria.org\/venezuela\/#website"},"primaryImageOfPage":{"@id":"https:\/\/www.feyalegria.org\/venezuela\/impulsamos-la-empleabilidad-en-tachira-nuevos-cursos-en-el-centro-ruben-dario-mora\/#primaryimage"},"image":{"@id":"https:\/\/www.feyalegria.org\/venezuela\/impulsamos-la-empleabilidad-en-tachira-nuevos-cursos-en-el-centro-ruben-dario-mora\/#primaryimage"},"thumbnailUrl":"https:\/\/d3pugrm67vf9n7.cloudfront.net\/wp-content\/uploads\/sites\/4\/2024\/09\/11234126\/Capacitacion-24-1.jpg","datePublished":"2024-09-11T23:49:11+00:00","author":{"@id":"https:\/\/www.feyalegria.org\/venezuela\/#\/schema\/person\/fcd504e06f93320841b99f79f3ab0180"},"description":"En el Centro Rub\u00e9n Dar\u00edo Mora, en T\u00e1chira, ofreceremos cursos en log\u00edstica de almac\u00e9n, supervisi\u00f3n de caja y asistencia de farmacia","inLanguage":"es","potentialAction":[{"@type":"ReadAction","target":["https:\/\/www.feyalegria.org\/venezuela\/impulsamos-la-empleabilidad-en-tachira-nuevos-cursos-en-el-centro-ruben-dario-mora\/"]}]},{"@type":"ImageObject","inLanguage":"es","@id":"https:\/\/www.feyalegria.org\/venezuela\/impulsamos-la-empleabilidad-en-tachira-nuevos-cursos-en-el-centro-ruben-dario-mora\/#primaryimage","url":"https:\/\/d3pugrm67vf9n7.cloudfront.net\/wp-content\/uploads\/sites\/4\/2024\/09\/11234126\/Capacitacion-24-1.jpg","contentUrl":"https:\/\/d3pugrm67vf9n7.cloudfront.net\/wp-content\/uploads\/sites\/4\/2024\/09\/11234126\/Capacitacion-24-1.jpg","width":1200,"height":900},{"@type":"WebSite","@id":"https:\/\/www.feyalegria.org\/venezuela\/#website","url":"https:\/\/www.feyalegria.org\/venezuela\/","name":"Fe y Alegr\u00eda en Venezuela","description":"","potentialAction":[{"@type":"SearchAction","target":{"@type":"EntryPoint","urlTemplate":"https:\/\/www.feyalegria.org\/venezuela\/?s={search_term_string}"},"query-input":{"@type":"PropertyValueSpecification","valueRequired":true,"valueName":"search_term_string"}}],"inLanguage":"es"},{"@type":"Person","@id":"https:\/\/www.feyalegria.org\/venezuela\/#\/schema\/person\/fcd504e06f93320841b99f79f3ab0180","name":"Erika Briceno","url":"https:\/\/www.feyalegria.org\/venezuela\/author\/comunfifya\/"}]}},"_links":{"self":[{"href":"https:\/\/www.feyalegria.org\/venezuela\/wp-json\/wp\/v2\/posts\/7207","targetHints":{"allow":["GET"]}}],"collection":[{"href":"https:\/\/www.feyalegria.org\/venezuela\/wp-json\/wp\/v2\/posts"}],"about":[{"href":"https:\/\/www.feyalegria.org\/venezuela\/wp-json\/wp\/v2\/types\/post"}],"author":[{"embeddable":true,"href":"https:\/\/www.feyalegria.org\/venezuela\/wp-json\/wp\/v2\/users\/6"}],"replies":[{"embeddable":true,"href":"https:\/\/www.feyalegria.org\/venezuela\/wp-json\/wp\/v2\/comments?post=7207"}],"version-history":[{"count":0,"href":"https:\/\/www.feyalegria.org\/venezuela\/wp-json\/wp\/v2\/posts\/7207\/revisions"}],"wp:featuredmedia":[{"embeddable":true,"href":"https:\/\/www.feyalegria.org\/venezuela\/wp-json\/wp\/v2\/media\/7208"}],"wp:attachment":[{"href":"https:\/\/www.feyalegria.org\/venezuela\/wp-json\/wp\/v2\/media?parent=7207"}],"wp:term":[{"taxonomy":"category","embeddable":true,"href":"https:\/\/www.feyalegria.org\/venezuela\/wp-json\/wp\/v2\/categories?post=7207"},{"taxonomy":"post_tag","embeddable":true,"href":"https:\/\/www.feyalegria.org\/venezuela\/wp-json\/wp\/v2\/tags?post=7207"},{"taxonomy":"post_folder","embeddable":true,"href":"https:\/\/www.feyalegria.org\/venezuela\/wp-json\/wp\/v2\/post_folder?post=7207"}],"curies":[{"name":"wp","href":"https:\/\/api.w.org\/{rel}","templated":true}]}}