{"id":7215,"date":"2024-09-12T00:10:01","date_gmt":"2024-09-12T00:10:01","guid":{"rendered":"https:\/\/www.feyalegria.org\/venezuela\/?p=7215"},"modified":"2024-09-12T00:11:02","modified_gmt":"2024-09-12T00:11:02","slug":"un-reconocimiento-a-la-excelencia-cfipj-y-su-impacto-en-la-comunidad","status":"publish","type":"post","link":"https:\/\/www.feyalegria.org\/venezuela\/un-reconocimiento-a-la-excelencia-cfipj-y-su-impacto-en-la-comunidad\/","title":{"rendered":"Un reconocimiento a la excelencia: CFIPJ y su impacto en la comunidad"},"content":{"rendered":"<div class=\"wpb-content-wrapper\"><p>[vc_row][vc_column][vc_column_text css=\u00bb\u00bb]<\/p>\n<h1><b>Un reconocimiento a la excelencia: CFIPJ y su impacto en la comunidad<\/b><\/h1>\n<p>[\/vc_column_text][vc_single_image image=\u00bb7217&#8243; img_size=\u00bbFull\u00bb add_caption=\u00bbyes\u00bb alignment=\u00bbcenter\u00bb css=\u00bb\u00bb][vc_column_text css=\u00bb\u00bb]<\/p>\n<p style=\"text-align: right;\"><b>Ver\u00f3nica Cubill\u00e1n |<\/b>\u00a0<em>Referente de Comunicaci\u00f3n del Centro de Formaci\u00f3n e Investigaci\u00f3n Padre Joaqu\u00edn<\/em><\/p>\n<p>[\/vc_column_text][vc_separator][vc_column_text css=\u00bb\u00bb]<\/p>\n<p style=\"text-align: justify;\">Maracaibo celebr\u00f3 el pasado domingo 495 a\u00f1os de fundaci\u00f3n y lo festej\u00f3 en un acto solemne donde 13 personalidades e instituciones recibieron la \u201cOrden al M\u00e9rito Civil 8 de Septiembre\u201d, entre ellas el Centro de Formaci\u00f3n e Investigaci\u00f3n Padre Joaqu\u00edn (CFIPJ) Fe y Alegr\u00eda.<\/p>\n<p>&nbsp;<\/p>\n<div id=\"attachment_7216\" style=\"width: 384px\" class=\"wp-caption alignleft\"><img loading=\"lazy\" decoding=\"async\" aria-describedby=\"caption-attachment-7216\" class=\" wp-image-7216\" src=\"https:\/\/d3pugrm67vf9n7.cloudfront.net\/wp-content\/uploads\/sites\/4\/2024\/09\/11235716\/CFIPJ-24-01-200x300.jpg\" alt=\"\" width=\"374\" height=\"562\" srcset=\"https:\/\/d3pugrm67vf9n7.cloudfront.net\/wp-content\/uploads\/sites\/4\/2024\/09\/11235716\/CFIPJ-24-01-200x300.jpg 200w, https:\/\/d3pugrm67vf9n7.cloudfront.net\/wp-content\/uploads\/sites\/4\/2024\/09\/11235716\/CFIPJ-24-01.jpg 600w\" sizes=\"auto, (max-width: 374px) 100vw, 374px\" \/><p id=\"caption-attachment-7216\" class=\"wp-caption-text\">Luz Bettina Fuenmayor, directora del Centro de Formaci\u00f3n e Investigaci\u00f3n Padre Joaqu\u00edn<\/p><\/div>\n<p style=\"text-align: justify;\">En el marco de la conmemoraci\u00f3n de los 495 a\u00f1os de fundaci\u00f3n de Maracaibo, el Centro de Formaci\u00f3n e Investigaci\u00f3n Padre Joaqu\u00edn (CFIPJ) Fe y Alegr\u00eda fue distinguido con la Orden \u201cHonor al M\u00e9rito Civil 08 de Septiembre\u201d, en su primera clase. Este reconocimiento, el m\u00e1ximo galard\u00f3n que otorga la Alcald\u00eda de Maracaibo, destaca la invaluable contribuci\u00f3n de la instituci\u00f3n al desarrollo social y cultural de la ciudad.<\/p>\n<p>&nbsp;<\/p>\n<p style=\"text-align: justify;\">El galard\u00f3n fue entregado a la Dra. Luz Bettina Fuenmayor, directora del CFIPJ, y la M.Sc. Nuraima Ram\u00edrez, coordinadora del Centro Cultural Comunitario Padre Joaqu\u00edn, quienes recibieron con profunda gratitud esta distinci\u00f3n en nombre del CFIPJ y Fe y Alegr\u00eda. Fuenmayor expres\u00f3 que este reconocimiento es un impulso para continuar trabajando arduamente y servir a la comunidad con dedicaci\u00f3n y pasi\u00f3n.<\/p>\n<p>&nbsp;<\/p>\n<p>&nbsp;<\/p>\n<p>&nbsp;<\/p>\n<p>&nbsp;<\/p>\n<h3 style=\"text-align: justify;\">Un compromiso con la comunidad<\/h3>\n<p>&nbsp;<\/p>\n<p style=\"text-align: justify;\">Este reconocimiento fue otorgado gracias al trabajo que realiza el Centro de Formaci\u00f3n e Investigaci\u00f3n Padre Joaqu\u00edn (CFIPJ) a trav\u00e9s del Centro Cultural Comunitario Padre Joaqu\u00edn con la comunidad.<\/p>\n<p>&nbsp;<\/p>\n<p style=\"text-align: justify;\">El Centro Cultural Comunitario Padre Joaqu\u00edn es un espacio de encuentro y aprendizaje para ni\u00f1os, ni\u00f1as, adolescentes, docentes e investigadores. A trav\u00e9s de una amplia gama de actividades formativas y recreativas, promueve la educaci\u00f3n de calidad y el desarrollo integral de las personas.<\/p>\n<p>&nbsp;<\/p>\n<p style=\"text-align: justify;\">Mediante una amplia gama de actividades culturales, recreativas y formativas, este espacio cultural busca:<\/p>\n<p>&nbsp;<\/p>\n<p style=\"text-align: justify;\">&#8211; <strong>Fortalecimiento comunitario<\/strong>: Fomentar la participaci\u00f3n activa de los ciudadanos en los procesos de transformaci\u00f3n social.<\/p>\n<p>&nbsp;<\/p>\n<p style=\"text-align: justify;\">&#8211; <strong>Desarrollo integral<\/strong>: Promover el crecimiento personal, espiritual y social de los individuos.<\/p>\n<p>&nbsp;<\/p>\n<p style=\"text-align: justify;\">&#8211; <strong>Educaci\u00f3n de calidad<\/strong>: Ofrecer oportunidades de aprendizaje continuo y de mejora de la calidad de vida.<\/p>\n<p>&nbsp;<\/p>\n<p style=\"text-align: justify;\">&#8211; <strong>Divulgaci\u00f3n del pensamiento de Fe y Alegr\u00eda<\/strong>: Difundir los valores de justicia, participaci\u00f3n y solidaridad que caracterizan al Movimiento.<\/p>\n<p>&nbsp;<\/p>\n<p style=\"text-align: justify;\">Con este reconocimiento, la Alcald\u00eda de Maracaibo resalta el compromiso de Fe y Alegr\u00eda con la ciudad y reafirma su papel como un actor fundamental en la construcci\u00f3n de un futuro m\u00e1s justo y equitativo.<\/p>\n<p>[\/vc_column_text][vc_column_text css=\u00bb\u00bb]<\/p>\n<p style=\"text-align: right;\"><strong>Caracas, 11 de septiembre de 2024<\/strong><\/p>\n<p>[\/vc_column_text][\/vc_column][\/vc_row]<\/p>\n<\/div>","protected":false},"excerpt":{"rendered":"<div style=\"height: 265px\">En el marco de la conmemoraci\u00f3n de los 495 a\u00f1os de fundaci\u00f3n de Maracaibo, el Centro de Formaci\u00f3n e Investigaci\u00f3n Padre Joaqu\u00edn (CFIPJ) Fe y Alegr\u00eda fue distinguido con la Orden \u201cHonor al M\u00e9rito Civil 08 de Septiembre\u201d<\/div>\n","protected":false},"author":6,"featured_media":7217,"comment_status":"open","ping_status":"open","sticky":false,"template":"","format":"standard","meta":{"_acf_changed":false,"footnotes":""},"categories":[746],"tags":[430,947],"post_folder":[],"class_list":["post-7215","post","type-post","status-publish","format-standard","has-post-thumbnail","hentry","category-boletin-interno","tag-cfipj","tag-whatsapp"],"acf":[],"yoast_head":"<!-- This site is optimized with the Yoast SEO plugin v27.5 - https:\/\/yoast.com\/product\/yoast-seo-wordpress\/ -->\n<title>Un reconocimiento a la excelencia: CFIPJ y su impacto en la comunidad - Fe y Alegr\u00eda en Venezuela<\/title>\n<meta name=\"description\" content=\"En la conmemoraci\u00f3n de los 495 a\u00f1os de fundaci\u00f3n de Maracaibo, el Centro de Formaci\u00f3n e Investigaci\u00f3n Padre Joaqu\u00edn recibi\u00f3 un reconocimiento\" \/>\n<meta name=\"robots\" content=\"index, follow, max-snippet:-1, max-image-preview:large, max-video-preview:-1\" \/>\n<link rel=\"canonical\" href=\"https:\/\/www.feyalegria.org\/venezuela\/un-reconocimiento-a-la-excelencia-cfipj-y-su-impacto-en-la-comunidad\/\" \/>\n<meta property=\"og:locale\" content=\"es_ES\" \/>\n<meta property=\"og:type\" content=\"article\" \/>\n<meta property=\"og:title\" content=\"Un reconocimiento a la excelencia: CFIPJ y su impacto en la comunidad - Fe y Alegr\u00eda en Venezuela\" \/>\n<meta property=\"og:description\" content=\"En la conmemoraci\u00f3n de los 495 a\u00f1os de fundaci\u00f3n de Maracaibo, el Centro de Formaci\u00f3n e Investigaci\u00f3n Padre Joaqu\u00edn recibi\u00f3 un reconocimiento\" \/>\n<meta property=\"og:url\" content=\"https:\/\/www.feyalegria.org\/venezuela\/un-reconocimiento-a-la-excelencia-cfipj-y-su-impacto-en-la-comunidad\/\" \/>\n<meta property=\"og:site_name\" content=\"Fe y Alegr\u00eda en Venezuela\" \/>\n<meta property=\"article:published_time\" content=\"2024-09-12T00:10:01+00:00\" \/>\n<meta property=\"article:modified_time\" content=\"2024-09-12T00:11:02+00:00\" \/>\n<meta property=\"og:image\" content=\"https:\/\/d3pugrm67vf9n7.cloudfront.net\/wp-content\/uploads\/sites\/4\/2024\/09\/11235718\/CFIPJ-24-1.jpg\" \/>\n\t<meta property=\"og:image:width\" content=\"1200\" \/>\n\t<meta property=\"og:image:height\" content=\"750\" \/>\n\t<meta property=\"og:image:type\" content=\"image\/jpeg\" \/>\n<meta name=\"author\" content=\"Erika Briceno\" \/>\n<meta name=\"twitter:card\" content=\"summary_large_image\" \/>\n<meta name=\"twitter:label1\" content=\"Escrito por\" \/>\n\t<meta name=\"twitter:data1\" content=\"Erika Briceno\" \/>\n\t<meta name=\"twitter:label2\" content=\"Tiempo de lectura\" \/>\n\t<meta name=\"twitter:data2\" content=\"3 minutos\" \/>\n<script type=\"application\/ld+json\" class=\"yoast-schema-graph\">{\"@context\":\"https:\\\/\\\/schema.org\",\"@graph\":[{\"@type\":\"Article\",\"@id\":\"https:\\\/\\\/www.feyalegria.org\\\/venezuela\\\/un-reconocimiento-a-la-excelencia-cfipj-y-su-impacto-en-la-comunidad\\\/#article\",\"isPartOf\":{\"@id\":\"https:\\\/\\\/www.feyalegria.org\\\/venezuela\\\/un-reconocimiento-a-la-excelencia-cfipj-y-su-impacto-en-la-comunidad\\\/\"},\"author\":{\"name\":\"Erika Briceno\",\"@id\":\"https:\\\/\\\/www.feyalegria.org\\\/venezuela\\\/#\\\/schema\\\/person\\\/fcd504e06f93320841b99f79f3ab0180\"},\"headline\":\"Un reconocimiento a la excelencia: CFIPJ y su impacto en la comunidad\",\"datePublished\":\"2024-09-12T00:10:01+00:00\",\"dateModified\":\"2024-09-12T00:11:02+00:00\",\"mainEntityOfPage\":{\"@id\":\"https:\\\/\\\/www.feyalegria.org\\\/venezuela\\\/un-reconocimiento-a-la-excelencia-cfipj-y-su-impacto-en-la-comunidad\\\/\"},\"wordCount\":542,\"commentCount\":0,\"image\":{\"@id\":\"https:\\\/\\\/www.feyalegria.org\\\/venezuela\\\/un-reconocimiento-a-la-excelencia-cfipj-y-su-impacto-en-la-comunidad\\\/#primaryimage\"},\"thumbnailUrl\":\"https:\\\/\\\/d3pugrm67vf9n7.cloudfront.net\\\/wp-content\\\/uploads\\\/sites\\\/4\\\/2024\\\/09\\\/11235718\\\/CFIPJ-24-1.jpg\",\"keywords\":[\"CFIPJ\",\"WhatsApp\"],\"articleSection\":[\"Bolet\u00edn Interno\"],\"inLanguage\":\"es\",\"potentialAction\":[{\"@type\":\"CommentAction\",\"name\":\"Comment\",\"target\":[\"https:\\\/\\\/www.feyalegria.org\\\/venezuela\\\/un-reconocimiento-a-la-excelencia-cfipj-y-su-impacto-en-la-comunidad\\\/#respond\"]}]},{\"@type\":\"WebPage\",\"@id\":\"https:\\\/\\\/www.feyalegria.org\\\/venezuela\\\/un-reconocimiento-a-la-excelencia-cfipj-y-su-impacto-en-la-comunidad\\\/\",\"url\":\"https:\\\/\\\/www.feyalegria.org\\\/venezuela\\\/un-reconocimiento-a-la-excelencia-cfipj-y-su-impacto-en-la-comunidad\\\/\",\"name\":\"Un reconocimiento a la excelencia: CFIPJ y su impacto en la comunidad - Fe y Alegr\u00eda en Venezuela\",\"isPartOf\":{\"@id\":\"https:\\\/\\\/www.feyalegria.org\\\/venezuela\\\/#website\"},\"primaryImageOfPage\":{\"@id\":\"https:\\\/\\\/www.feyalegria.org\\\/venezuela\\\/un-reconocimiento-a-la-excelencia-cfipj-y-su-impacto-en-la-comunidad\\\/#primaryimage\"},\"image\":{\"@id\":\"https:\\\/\\\/www.feyalegria.org\\\/venezuela\\\/un-reconocimiento-a-la-excelencia-cfipj-y-su-impacto-en-la-comunidad\\\/#primaryimage\"},\"thumbnailUrl\":\"https:\\\/\\\/d3pugrm67vf9n7.cloudfront.net\\\/wp-content\\\/uploads\\\/sites\\\/4\\\/2024\\\/09\\\/11235718\\\/CFIPJ-24-1.jpg\",\"datePublished\":\"2024-09-12T00:10:01+00:00\",\"dateModified\":\"2024-09-12T00:11:02+00:00\",\"author\":{\"@id\":\"https:\\\/\\\/www.feyalegria.org\\\/venezuela\\\/#\\\/schema\\\/person\\\/fcd504e06f93320841b99f79f3ab0180\"},\"description\":\"En la conmemoraci\u00f3n de los 495 a\u00f1os de fundaci\u00f3n de Maracaibo, el Centro de Formaci\u00f3n e Investigaci\u00f3n Padre Joaqu\u00edn recibi\u00f3 un reconocimiento\",\"inLanguage\":\"es\",\"potentialAction\":[{\"@type\":\"ReadAction\",\"target\":[\"https:\\\/\\\/www.feyalegria.org\\\/venezuela\\\/un-reconocimiento-a-la-excelencia-cfipj-y-su-impacto-en-la-comunidad\\\/\"]}]},{\"@type\":\"ImageObject\",\"inLanguage\":\"es\",\"@id\":\"https:\\\/\\\/www.feyalegria.org\\\/venezuela\\\/un-reconocimiento-a-la-excelencia-cfipj-y-su-impacto-en-la-comunidad\\\/#primaryimage\",\"url\":\"https:\\\/\\\/d3pugrm67vf9n7.cloudfront.net\\\/wp-content\\\/uploads\\\/sites\\\/4\\\/2024\\\/09\\\/11235718\\\/CFIPJ-24-1.jpg\",\"contentUrl\":\"https:\\\/\\\/d3pugrm67vf9n7.cloudfront.net\\\/wp-content\\\/uploads\\\/sites\\\/4\\\/2024\\\/09\\\/11235718\\\/CFIPJ-24-1.jpg\",\"width\":1200,\"height\":750,\"caption\":\"De izquierda a derecha Yngrit Fuenmayor, directora del Instituto Universitario San Francisco (IUSF) Luz Bettina Fuenmayor, directora del Centro de Formaci\u00f3n e Investigaci\u00f3n Padre Joaqu\u00edn Francisco Valbuena, responsable de Fe y Alegr\u00eda Capacitaci\u00f3n por el estado Zulia Nuraima Rodr\u00edguez, coordinadora del Centro Cultural Comunitario Padre Joaqu\u00edn\"},{\"@type\":\"WebSite\",\"@id\":\"https:\\\/\\\/www.feyalegria.org\\\/venezuela\\\/#website\",\"url\":\"https:\\\/\\\/www.feyalegria.org\\\/venezuela\\\/\",\"name\":\"Fe y Alegr\u00eda en Venezuela\",\"description\":\"\",\"potentialAction\":[{\"@type\":\"SearchAction\",\"target\":{\"@type\":\"EntryPoint\",\"urlTemplate\":\"https:\\\/\\\/www.feyalegria.org\\\/venezuela\\\/?s={search_term_string}\"},\"query-input\":{\"@type\":\"PropertyValueSpecification\",\"valueRequired\":true,\"valueName\":\"search_term_string\"}}],\"inLanguage\":\"es\"},{\"@type\":\"Person\",\"@id\":\"https:\\\/\\\/www.feyalegria.org\\\/venezuela\\\/#\\\/schema\\\/person\\\/fcd504e06f93320841b99f79f3ab0180\",\"name\":\"Erika Briceno\",\"url\":\"https:\\\/\\\/www.feyalegria.org\\\/venezuela\\\/author\\\/comunfifya\\\/\"}]}<\/script>\n<!-- \/ Yoast SEO plugin. -->","yoast_head_json":{"title":"Un reconocimiento a la excelencia: CFIPJ y su impacto en la comunidad - Fe y Alegr\u00eda en Venezuela","description":"En la conmemoraci\u00f3n de los 495 a\u00f1os de fundaci\u00f3n de Maracaibo, el Centro de Formaci\u00f3n e Investigaci\u00f3n Padre Joaqu\u00edn recibi\u00f3 un reconocimiento","robots":{"index":"index","follow":"follow","max-snippet":"max-snippet:-1","max-image-preview":"max-image-preview:large","max-video-preview":"max-video-preview:-1"},"canonical":"https:\/\/www.feyalegria.org\/venezuela\/un-reconocimiento-a-la-excelencia-cfipj-y-su-impacto-en-la-comunidad\/","og_locale":"es_ES","og_type":"article","og_title":"Un reconocimiento a la excelencia: CFIPJ y su impacto en la comunidad - Fe y Alegr\u00eda en Venezuela","og_description":"En la conmemoraci\u00f3n de los 495 a\u00f1os de fundaci\u00f3n de Maracaibo, el Centro de Formaci\u00f3n e Investigaci\u00f3n Padre Joaqu\u00edn recibi\u00f3 un reconocimiento","og_url":"https:\/\/www.feyalegria.org\/venezuela\/un-reconocimiento-a-la-excelencia-cfipj-y-su-impacto-en-la-comunidad\/","og_site_name":"Fe y Alegr\u00eda en Venezuela","article_published_time":"2024-09-12T00:10:01+00:00","article_modified_time":"2024-09-12T00:11:02+00:00","og_image":[{"width":1200,"height":750,"url":"https:\/\/d3pugrm67vf9n7.cloudfront.net\/wp-content\/uploads\/sites\/4\/2024\/09\/11235718\/CFIPJ-24-1.jpg","type":"image\/jpeg"}],"author":"Erika Briceno","twitter_card":"summary_large_image","twitter_misc":{"Escrito por":"Erika Briceno","Tiempo de lectura":"3 minutos"},"schema":{"@context":"https:\/\/schema.org","@graph":[{"@type":"Article","@id":"https:\/\/www.feyalegria.org\/venezuela\/un-reconocimiento-a-la-excelencia-cfipj-y-su-impacto-en-la-comunidad\/#article","isPartOf":{"@id":"https:\/\/www.feyalegria.org\/venezuela\/un-reconocimiento-a-la-excelencia-cfipj-y-su-impacto-en-la-comunidad\/"},"author":{"name":"Erika Briceno","@id":"https:\/\/www.feyalegria.org\/venezuela\/#\/schema\/person\/fcd504e06f93320841b99f79f3ab0180"},"headline":"Un reconocimiento a la excelencia: CFIPJ y su impacto en la comunidad","datePublished":"2024-09-12T00:10:01+00:00","dateModified":"2024-09-12T00:11:02+00:00","mainEntityOfPage":{"@id":"https:\/\/www.feyalegria.org\/venezuela\/un-reconocimiento-a-la-excelencia-cfipj-y-su-impacto-en-la-comunidad\/"},"wordCount":542,"commentCount":0,"image":{"@id":"https:\/\/www.feyalegria.org\/venezuela\/un-reconocimiento-a-la-excelencia-cfipj-y-su-impacto-en-la-comunidad\/#primaryimage"},"thumbnailUrl":"https:\/\/d3pugrm67vf9n7.cloudfront.net\/wp-content\/uploads\/sites\/4\/2024\/09\/11235718\/CFIPJ-24-1.jpg","keywords":["CFIPJ","WhatsApp"],"articleSection":["Bolet\u00edn Interno"],"inLanguage":"es","potentialAction":[{"@type":"CommentAction","name":"Comment","target":["https:\/\/www.feyalegria.org\/venezuela\/un-reconocimiento-a-la-excelencia-cfipj-y-su-impacto-en-la-comunidad\/#respond"]}]},{"@type":"WebPage","@id":"https:\/\/www.feyalegria.org\/venezuela\/un-reconocimiento-a-la-excelencia-cfipj-y-su-impacto-en-la-comunidad\/","url":"https:\/\/www.feyalegria.org\/venezuela\/un-reconocimiento-a-la-excelencia-cfipj-y-su-impacto-en-la-comunidad\/","name":"Un reconocimiento a la excelencia: CFIPJ y su impacto en la comunidad - Fe y Alegr\u00eda en Venezuela","isPartOf":{"@id":"https:\/\/www.feyalegria.org\/venezuela\/#website"},"primaryImageOfPage":{"@id":"https:\/\/www.feyalegria.org\/venezuela\/un-reconocimiento-a-la-excelencia-cfipj-y-su-impacto-en-la-comunidad\/#primaryimage"},"image":{"@id":"https:\/\/www.feyalegria.org\/venezuela\/un-reconocimiento-a-la-excelencia-cfipj-y-su-impacto-en-la-comunidad\/#primaryimage"},"thumbnailUrl":"https:\/\/d3pugrm67vf9n7.cloudfront.net\/wp-content\/uploads\/sites\/4\/2024\/09\/11235718\/CFIPJ-24-1.jpg","datePublished":"2024-09-12T00:10:01+00:00","dateModified":"2024-09-12T00:11:02+00:00","author":{"@id":"https:\/\/www.feyalegria.org\/venezuela\/#\/schema\/person\/fcd504e06f93320841b99f79f3ab0180"},"description":"En la conmemoraci\u00f3n de los 495 a\u00f1os de fundaci\u00f3n de Maracaibo, el Centro de Formaci\u00f3n e Investigaci\u00f3n Padre Joaqu\u00edn recibi\u00f3 un reconocimiento","inLanguage":"es","potentialAction":[{"@type":"ReadAction","target":["https:\/\/www.feyalegria.org\/venezuela\/un-reconocimiento-a-la-excelencia-cfipj-y-su-impacto-en-la-comunidad\/"]}]},{"@type":"ImageObject","inLanguage":"es","@id":"https:\/\/www.feyalegria.org\/venezuela\/un-reconocimiento-a-la-excelencia-cfipj-y-su-impacto-en-la-comunidad\/#primaryimage","url":"https:\/\/d3pugrm67vf9n7.cloudfront.net\/wp-content\/uploads\/sites\/4\/2024\/09\/11235718\/CFIPJ-24-1.jpg","contentUrl":"https:\/\/d3pugrm67vf9n7.cloudfront.net\/wp-content\/uploads\/sites\/4\/2024\/09\/11235718\/CFIPJ-24-1.jpg","width":1200,"height":750,"caption":"De izquierda a derecha Yngrit Fuenmayor, directora del Instituto Universitario San Francisco (IUSF) Luz Bettina Fuenmayor, directora del Centro de Formaci\u00f3n e Investigaci\u00f3n Padre Joaqu\u00edn Francisco Valbuena, responsable de Fe y Alegr\u00eda Capacitaci\u00f3n por el estado Zulia Nuraima Rodr\u00edguez, coordinadora del Centro Cultural Comunitario Padre Joaqu\u00edn"},{"@type":"WebSite","@id":"https:\/\/www.feyalegria.org\/venezuela\/#website","url":"https:\/\/www.feyalegria.org\/venezuela\/","name":"Fe y Alegr\u00eda en Venezuela","description":"","potentialAction":[{"@type":"SearchAction","target":{"@type":"EntryPoint","urlTemplate":"https:\/\/www.feyalegria.org\/venezuela\/?s={search_term_string}"},"query-input":{"@type":"PropertyValueSpecification","valueRequired":true,"valueName":"search_term_string"}}],"inLanguage":"es"},{"@type":"Person","@id":"https:\/\/www.feyalegria.org\/venezuela\/#\/schema\/person\/fcd504e06f93320841b99f79f3ab0180","name":"Erika Briceno","url":"https:\/\/www.feyalegria.org\/venezuela\/author\/comunfifya\/"}]}},"_links":{"self":[{"href":"https:\/\/www.feyalegria.org\/venezuela\/wp-json\/wp\/v2\/posts\/7215","targetHints":{"allow":["GET"]}}],"collection":[{"href":"https:\/\/www.feyalegria.org\/venezuela\/wp-json\/wp\/v2\/posts"}],"about":[{"href":"https:\/\/www.feyalegria.org\/venezuela\/wp-json\/wp\/v2\/types\/post"}],"author":[{"embeddable":true,"href":"https:\/\/www.feyalegria.org\/venezuela\/wp-json\/wp\/v2\/users\/6"}],"replies":[{"embeddable":true,"href":"https:\/\/www.feyalegria.org\/venezuela\/wp-json\/wp\/v2\/comments?post=7215"}],"version-history":[{"count":0,"href":"https:\/\/www.feyalegria.org\/venezuela\/wp-json\/wp\/v2\/posts\/7215\/revisions"}],"wp:featuredmedia":[{"embeddable":true,"href":"https:\/\/www.feyalegria.org\/venezuela\/wp-json\/wp\/v2\/media\/7217"}],"wp:attachment":[{"href":"https:\/\/www.feyalegria.org\/venezuela\/wp-json\/wp\/v2\/media?parent=7215"}],"wp:term":[{"taxonomy":"category","embeddable":true,"href":"https:\/\/www.feyalegria.org\/venezuela\/wp-json\/wp\/v2\/categories?post=7215"},{"taxonomy":"post_tag","embeddable":true,"href":"https:\/\/www.feyalegria.org\/venezuela\/wp-json\/wp\/v2\/tags?post=7215"},{"taxonomy":"post_folder","embeddable":true,"href":"https:\/\/www.feyalegria.org\/venezuela\/wp-json\/wp\/v2\/post_folder?post=7215"}],"curies":[{"name":"wp","href":"https:\/\/api.w.org\/{rel}","templated":true}]}}